{"id":3364,"date":"2026-09-04T14:31:54","date_gmt":"2026-09-04T17:31:54","guid":{"rendered":"https:\/\/semanariolaprensa.com\/avantpremiere\/?p=3364"},"modified":"2026-09-04T14:47:04","modified_gmt":"2026-09-04T17:47:04","slug":"nuevo-artista-confirmado-para-la-53a-semana-de-lavalleja","status":"publish","type":"post","link":"https:\/\/semanariolaprensa.com\/avantpremiere\/nuevo-artista-confirmado-para-la-53a-semana-de-lavalleja\/","title":{"rendered":"Nuevo artista confirmado para la 53\u00aa Semana de Lavalleja"},"content":{"rendered":"\n<p class=\"wp-block-paragraph\">A la espera de que la Intendencia de Lavalleja d\u00e9 a conocer la grilla oficial de espect\u00e1culos, se confirm\u00f3 una nueva presencia sobre el escenario para la 53\u00aa edici\u00f3n de la Semana de Lavalleja: The La Planta se presentar\u00e1 el s\u00e1bado 10 de octubre en la ciudad de Minas.<\/p>\n\n\n\n<p class=\"wp-block-paragraph\">La confirmaci\u00f3n lleg\u00f3 a trav\u00e9s de la cuenta oficial de Instagram del artista, donde dio a conocer el calendario de presentaciones de su gira 2026-2027 por Uruguay, Argentina y Chile. En el cronograma correspondiente al mes de octubre, el cantante detall\u00f3 su actuaci\u00f3n en el marco de la Semana de Lavalleja durante la jornada del s\u00e1bado 10.<\/p>\n\n\n\n<p class=\"wp-block-paragraph\">De acuerdo con la planificaci\u00f3n general del evento, las primeras jornadas de espect\u00e1culos se desarrollar\u00e1n en el Parque Rod\u00f3 de Minas entre el mi\u00e9rcoles 7 y el domingo 11 de octubre, coincidiendo la fecha anunciada por el m\u00fasico con el pen\u00faltimo d\u00eda de actividades en ese predio.<\/p>\n\n\n\n<p class=\"wp-block-paragraph\">Esta confirmaci\u00f3n se suma a la de la cantautora folcl\u00f3rica <a href=\"https:\/\/semanariolaprensa.com\/avantpremiere\/la-53a-semana-de-lavalleja-ya-tiene-su-primera-artista-confirmada-catherine-vergnes-estara-en-la-noche-de-los-fogones\/\">Catherine Vergnes, quien ayer anunci\u00f3 su actuaci\u00f3n para el s\u00e1bado 17 de octubre<\/a> en el Cerro Artigas durante la tradicional Noche de los Fogones tras conocerse las fechas del evento. De este modo, los propios artistas comienzan a anticipar una programaci\u00f3n que promete una gran convocatoria y que el gobierno departamental terminar\u00e1 de oficializar en las pr\u00f3ximas semanas.<\/p>\n\n\n\n<p class=\"wp-block-paragraph\">La <a href=\"https:\/\/semanariolaprensa.com\/avantpremiere\/la-semana-de-lavalleja-ya-tiene-fecha-confirmada-para-su-53a-edicion\/\">53\u00aa Semana de Lavalleja tendr\u00e1 lugar del 7 al 18 de octubre<\/a> bajo la consigna \u00abLa fiesta de nuestros pueblos\u00bb, combinando los recitales en el Parque Rod\u00f3, propuestas culturales en distintas localidades del departamento y el cierre tradicional en el Cerro Artigas.<\/p>\n\n\n\n<figure class=\"wp-block-image alignwide size-full\"><img data-recalc-dims=\"1\" fetchpriority=\"high\" decoding=\"async\" width=\"567\" height=\"1000\" src=\"https:\/\/i0.wp.com\/semanariolaprensa.com\/avantpremiere\/wp-content\/uploads\/2026\/09\/image.png?resize=567%2C1000&#038;ssl=1\" alt=\"\" class=\"wp-image-3365\" srcset=\"https:\/\/i0.wp.com\/semanariolaprensa.com\/avantpremiere\/wp-content\/uploads\/2026\/09\/image.png?w=567&amp;ssl=1 567w, https:\/\/i0.wp.com\/semanariolaprensa.com\/avantpremiere\/wp-content\/uploads\/2026\/09\/image.png?resize=170%2C300&amp;ssl=1 170w\" sizes=\"(max-width: 567px) 100vw, 567px\" \/><\/figure>\n","protected":false},"excerpt":{"rendered":"<p>A la espera de que la Intendencia de Lavalleja d\u00e9 a conocer la grilla oficial de espect\u00e1culos, se confirm\u00f3 una nueva presencia sobre el escenario para la 53\u00aa edici\u00f3n de la Semana de Lavalleja: The La Planta se presentar\u00e1 el s\u00e1bado 10 de octubre en la ciudad de Minas. La confirmaci\u00f3n lleg\u00f3 a trav\u00e9s de [&hellip;]<\/p>\n","protected":false},"author":1,"featured_media":3366,"comment_status":"open","ping_status":"open","sticky":false,"template":"","format":"standard","meta":{"om_disable_all_campaigns":false,"_monsterinsights_skip_tracking":false,"_jetpack_newsletter_access":"","_jetpack_dont_email_post_to_subs":false,"_jetpack_newsletter_tier_id":0,"_jetpack_memberships_contains_paywalled_content":false,"_jetpack_feature_clip_id":0,"_jetpack_memberships_contains_paid_content":false,"jnews-multi-image_gallery":[],"jnews_single_post":{"format":"standard"},"jnews_primary_category":[],"jnews_override_bookmark_settings":[],"jnews_social_meta":[],"jnews_review":[],"enable_review":"","type":"","name":"","summary":"","brand":"","sku":"","good":[],"bad":[],"score_override":"","override_value":"","rating":[],"price":[],"jnews_override_counter":[],"footnotes":"","jetpack_post_was_ever_published":false},"categories":[96,379,97,82],"tags":[3601,3603,3607,3596,3609,3614,3599,3615,3613,3616],"class_list":["post-3364","post","type-post","status-publish","format-standard","has-post-thumbnail","hentry","category-cartelera","category-conciertos","category-festivales","category-primer-plano","tag-53-semana-de-lavalleja","tag-artistas-confirmados-semana-de-lavalleja","tag-grilla-semana-de-lavalleja","tag-intendencia-de-lavalleja","tag-minas-lavalleja","tag-parque-rodo-minas","tag-semana-de-lavalleja","tag-semana-de-lavalleja-2026","tag-the-la-planta","tag-the-la-planta-semana-de-lavalleja"],"aioseo_notices":[],"aioseo_head":"\n\t\t<!-- All in One SEO 5.0.1.1 - aioseo.com -->\n\t<meta name=\"description\" content=\"A la espera de que la Intendencia de Lavalleja d\u00e9 a conocer la grilla oficial de espect\u00e1culos, se confirm\u00f3 una nueva presencia sobre el escenario para la 53\u00aa edici\u00f3n de la Semana de Lavalleja: The La Planta se presentar\u00e1 el s\u00e1bado 10 de octubre en la ciudad de Minas. La confirmaci\u00f3n lleg\u00f3 a trav\u00e9s de\" \/>\n\t<meta name=\"robots\" content=\"max-image-preview:large\" \/>\n\t<meta name=\"author\" content=\"Avant Premi\u00e8re\"\/>\n\t<link rel=\"canonical\" href=\"https:\/\/semanariolaprensa.com\/avantpremiere\/nuevo-artista-confirmado-para-la-53a-semana-de-lavalleja\/\" \/>\n\t<meta name=\"generator\" content=\"All in One SEO (AIOSEO) 5.0.1.1\" \/>\n\t\t<meta property=\"og:locale\" content=\"es_ES\" \/>\n\t\t<meta property=\"og:site_name\" content=\"Avant-Premi\u00e8re - La primera fila del entretenimiento\" \/>\n\t\t<meta property=\"og:type\" content=\"article\" \/>\n\t\t<meta property=\"og:title\" content=\"Nuevo artista confirmado para la 53\u00aa Semana de Lavalleja - Avant-Premi\u00e8re\" \/>\n\t\t<meta property=\"og:description\" content=\"A la espera de que la Intendencia de Lavalleja d\u00e9 a conocer la grilla oficial de espect\u00e1culos, se confirm\u00f3 una nueva presencia sobre el escenario para la 53\u00aa edici\u00f3n de la Semana de Lavalleja: The La Planta se presentar\u00e1 el s\u00e1bado 10 de octubre en la ciudad de Minas. La confirmaci\u00f3n lleg\u00f3 a trav\u00e9s de\" \/>\n\t\t<meta property=\"og:url\" content=\"https:\/\/semanariolaprensa.com\/avantpremiere\/nuevo-artista-confirmado-para-la-53a-semana-de-lavalleja\/\" \/>\n\t\t<meta property=\"article:published_time\" content=\"2026-09-04T17:31:54+00:00\" \/>\n\t\t<meta property=\"article:modified_time\" content=\"2026-09-04T17:47:04+00:00\" \/>\n\t\t<meta name=\"twitter:card\" content=\"summary_large_image\" \/>\n\t\t<meta name=\"twitter:title\" content=\"Nuevo artista confirmado para la 53\u00aa Semana de Lavalleja - Avant-Premi\u00e8re\" \/>\n\t\t<meta name=\"twitter:description\" content=\"A la espera de que la Intendencia de Lavalleja d\u00e9 a conocer la grilla oficial de espect\u00e1culos, se confirm\u00f3 una nueva presencia sobre el escenario para la 53\u00aa edici\u00f3n de la Semana de Lavalleja: The La Planta se presentar\u00e1 el s\u00e1bado 10 de octubre en la ciudad de Minas. La confirmaci\u00f3n lleg\u00f3 a trav\u00e9s de\" \/>\n\t\t<script type=\"application\/ld+json\" class=\"aioseo-schema\">\n\t\t\t{\"@context\":\"https:\\\/\\\/schema.org\",\"@graph\":[{\"@type\":\"BlogPosting\",\"@id\":\"https:\\\/\\\/semanariolaprensa.com\\\/avantpremiere\\\/nuevo-artista-confirmado-para-la-53a-semana-de-lavalleja\\\/#blogposting\",\"name\":\"Nuevo artista confirmado para la 53\\u00aa Semana de Lavalleja - Avant-Premi\\u00e8re\",\"headline\":\"Nuevo artista confirmado para la 53\\u00aa Semana de Lavalleja\",\"author\":{\"@id\":\"https:\\\/\\\/semanariolaprensa.com\\\/avantpremiere\\\/author\\\/debaaureapremiere\\\/#author\"},\"publisher\":{\"@id\":\"https:\\\/\\\/semanariolaprensa.com\\\/avantpremiere\\\/#organization\"},\"image\":{\"@type\":\"ImageObject\",\"url\":\"https:\\\/\\\/i0.wp.com\\\/semanariolaprensa.com\\\/avantpremiere\\\/wp-content\\\/uploads\\\/2026\\\/09\\\/thelaplanta.jpg?fit=1170%2C658&ssl=1\",\"width\":1170,\"height\":658},\"datePublished\":\"2026-09-04T14:31:54-03:00\",\"dateModified\":\"2026-09-04T14:47:04-03:00\",\"inLanguage\":\"es-ES\",\"mainEntityOfPage\":{\"@id\":\"https:\\\/\\\/semanariolaprensa.com\\\/avantpremiere\\\/nuevo-artista-confirmado-para-la-53a-semana-de-lavalleja\\\/#webpage\"},\"isPartOf\":{\"@id\":\"https:\\\/\\\/semanariolaprensa.com\\\/avantpremiere\\\/nuevo-artista-confirmado-para-la-53a-semana-de-lavalleja\\\/#webpage\"},\"articleSection\":\"Cartelera, Conciertos, Festivales, Primer Plano, 53 Semana de Lavalleja, Artistas confirmados Semana de Lavalleja, Grilla Semana de Lavalleja, Intendencia de Lavalleja, Minas Lavalleja, Parque Rod\\u00f3 Minas, Semana de Lavalleja, Semana de Lavalleja 2026, The La Planta, The La Planta Semana de Lavalleja\"},{\"@type\":\"BreadcrumbList\",\"@id\":\"https:\\\/\\\/semanariolaprensa.com\\\/avantpremiere\\\/nuevo-artista-confirmado-para-la-53a-semana-de-lavalleja\\\/#breadcrumblist\",\"itemListElement\":[{\"@type\":\"ListItem\",\"@id\":\"https:\\\/\\\/semanariolaprensa.com\\\/avantpremiere#listItem\",\"position\":1,\"name\":\"Home\",\"item\":\"https:\\\/\\\/semanariolaprensa.com\\\/avantpremiere\",\"nextItem\":{\"@type\":\"ListItem\",\"@id\":\"https:\\\/\\\/semanariolaprensa.com\\\/avantpremiere\\\/category\\\/musica\\\/#listItem\",\"name\":\"M\\u00fasica\"}},{\"@type\":\"ListItem\",\"@id\":\"https:\\\/\\\/semanariolaprensa.com\\\/avantpremiere\\\/category\\\/musica\\\/#listItem\",\"position\":2,\"name\":\"M\\u00fasica\",\"item\":\"https:\\\/\\\/semanariolaprensa.com\\\/avantpremiere\\\/category\\\/musica\\\/\",\"nextItem\":{\"@type\":\"ListItem\",\"@id\":\"https:\\\/\\\/semanariolaprensa.com\\\/avantpremiere\\\/category\\\/musica\\\/conciertos\\\/#listItem\",\"name\":\"Conciertos\"},\"previousItem\":{\"@type\":\"ListItem\",\"@id\":\"https:\\\/\\\/semanariolaprensa.com\\\/avantpremiere#listItem\",\"name\":\"Home\"}},{\"@type\":\"ListItem\",\"@id\":\"https:\\\/\\\/semanariolaprensa.com\\\/avantpremiere\\\/category\\\/musica\\\/conciertos\\\/#listItem\",\"position\":3,\"name\":\"Conciertos\",\"item\":\"https:\\\/\\\/semanariolaprensa.com\\\/avantpremiere\\\/category\\\/musica\\\/conciertos\\\/\",\"nextItem\":{\"@type\":\"ListItem\",\"@id\":\"https:\\\/\\\/semanariolaprensa.com\\\/avantpremiere\\\/nuevo-artista-confirmado-para-la-53a-semana-de-lavalleja\\\/#listItem\",\"name\":\"Nuevo artista confirmado para la 53\\u00aa Semana de Lavalleja\"},\"previousItem\":{\"@type\":\"ListItem\",\"@id\":\"https:\\\/\\\/semanariolaprensa.com\\\/avantpremiere\\\/category\\\/musica\\\/#listItem\",\"name\":\"M\\u00fasica\"}},{\"@type\":\"ListItem\",\"@id\":\"https:\\\/\\\/semanariolaprensa.com\\\/avantpremiere\\\/nuevo-artista-confirmado-para-la-53a-semana-de-lavalleja\\\/#listItem\",\"position\":4,\"name\":\"Nuevo artista confirmado para la 53\\u00aa Semana de Lavalleja\",\"previousItem\":{\"@type\":\"ListItem\",\"@id\":\"https:\\\/\\\/semanariolaprensa.com\\\/avantpremiere\\\/category\\\/musica\\\/conciertos\\\/#listItem\",\"name\":\"Conciertos\"}}]},{\"@type\":\"Organization\",\"@id\":\"https:\\\/\\\/semanariolaprensa.com\\\/avantpremiere\\\/#organization\",\"name\":\"Avant-Premi\\u00e8re\",\"description\":\"La primera fila del entretenimiento\",\"url\":\"https:\\\/\\\/semanariolaprensa.com\\\/avantpremiere\\\/\",\"logo\":{\"@type\":\"ImageObject\",\"url\":\"https:\\\/\\\/i0.wp.com\\\/semanariolaprensa.com\\\/avantpremiere\\\/wp-content\\\/uploads\\\/2026\\\/01\\\/cropped-iconoaureapremiere-1.png?fit=512%2C512&ssl=1\",\"@id\":\"https:\\\/\\\/semanariolaprensa.com\\\/avantpremiere\\\/nuevo-artista-confirmado-para-la-53a-semana-de-lavalleja\\\/#organizationLogo\",\"width\":512,\"height\":512},\"image\":{\"@id\":\"https:\\\/\\\/semanariolaprensa.com\\\/avantpremiere\\\/nuevo-artista-confirmado-para-la-53a-semana-de-lavalleja\\\/#organizationLogo\"}},{\"@type\":\"Person\",\"@id\":\"https:\\\/\\\/semanariolaprensa.com\\\/avantpremiere\\\/author\\\/debaaureapremiere\\\/#author\",\"url\":\"https:\\\/\\\/semanariolaprensa.com\\\/avantpremiere\\\/author\\\/debaaureapremiere\\\/\",\"name\":\"Avant Premi\\u00e8re\",\"image\":{\"@type\":\"ImageObject\",\"@id\":\"https:\\\/\\\/semanariolaprensa.com\\\/avantpremiere\\\/nuevo-artista-confirmado-para-la-53a-semana-de-lavalleja\\\/#authorImage\",\"url\":\"https:\\\/\\\/secure.gravatar.com\\\/avatar\\\/25bd2526a0e92945ea41f6e68d1a9ff9a0293e6dffd0f172fc718d13a924f236?s=96&d=mm&r=g\",\"width\":96,\"height\":96,\"caption\":\"Avant Premi\\u00e8re\"}},{\"@type\":\"WebPage\",\"@id\":\"https:\\\/\\\/semanariolaprensa.com\\\/avantpremiere\\\/nuevo-artista-confirmado-para-la-53a-semana-de-lavalleja\\\/#webpage\",\"url\":\"https:\\\/\\\/semanariolaprensa.com\\\/avantpremiere\\\/nuevo-artista-confirmado-para-la-53a-semana-de-lavalleja\\\/\",\"name\":\"Nuevo artista confirmado para la 53\\u00aa Semana de Lavalleja - Avant-Premi\\u00e8re\",\"description\":\"A la espera de que la Intendencia de Lavalleja d\\u00e9 a conocer la grilla oficial de espect\\u00e1culos, se confirm\\u00f3 una nueva presencia sobre el escenario para la 53\\u00aa edici\\u00f3n de la Semana de Lavalleja: The La Planta se presentar\\u00e1 el s\\u00e1bado 10 de octubre en la ciudad de Minas. La confirmaci\\u00f3n lleg\\u00f3 a trav\\u00e9s de\",\"inLanguage\":\"es-ES\",\"isPartOf\":{\"@id\":\"https:\\\/\\\/semanariolaprensa.com\\\/avantpremiere\\\/#website\"},\"breadcrumb\":{\"@id\":\"https:\\\/\\\/semanariolaprensa.com\\\/avantpremiere\\\/nuevo-artista-confirmado-para-la-53a-semana-de-lavalleja\\\/#breadcrumblist\"},\"author\":{\"@id\":\"https:\\\/\\\/semanariolaprensa.com\\\/avantpremiere\\\/author\\\/debaaureapremiere\\\/#author\"},\"creator\":{\"@id\":\"https:\\\/\\\/semanariolaprensa.com\\\/avantpremiere\\\/author\\\/debaaureapremiere\\\/#author\"},\"image\":{\"@type\":\"ImageObject\",\"url\":\"https:\\\/\\\/i0.wp.com\\\/semanariolaprensa.com\\\/avantpremiere\\\/wp-content\\\/uploads\\\/2026\\\/09\\\/thelaplanta.jpg?fit=1170%2C658&ssl=1\",\"@id\":\"https:\\\/\\\/semanariolaprensa.com\\\/avantpremiere\\\/nuevo-artista-confirmado-para-la-53a-semana-de-lavalleja\\\/#mainImage\",\"width\":1170,\"height\":658},\"primaryImageOfPage\":{\"@id\":\"https:\\\/\\\/semanariolaprensa.com\\\/avantpremiere\\\/nuevo-artista-confirmado-para-la-53a-semana-de-lavalleja\\\/#mainImage\"},\"datePublished\":\"2026-09-04T14:31:54-03:00\",\"dateModified\":\"2026-09-04T14:47:04-03:00\"},{\"@type\":\"WebSite\",\"@id\":\"https:\\\/\\\/semanariolaprensa.com\\\/avantpremiere\\\/#website\",\"url\":\"https:\\\/\\\/semanariolaprensa.com\\\/avantpremiere\\\/\",\"name\":\"Avant-Premi\\u00e8re\",\"description\":\"La primera fila del entretenimiento\",\"inLanguage\":\"es-ES\",\"publisher\":{\"@id\":\"https:\\\/\\\/semanariolaprensa.com\\\/avantpremiere\\\/#organization\"}}]}\n\t\t<\/script>\n\t\t<!-- All in One SEO -->\n\n","aioseo_head_json":{"title":"Nuevo artista confirmado para la 53\u00aa Semana de Lavalleja - Avant-Premi\u00e8re","description":"A la espera de que la Intendencia de Lavalleja d\u00e9 a conocer la grilla oficial de espect\u00e1culos, se confirm\u00f3 una nueva presencia sobre el escenario para la 53\u00aa edici\u00f3n de la Semana de Lavalleja: The La Planta se presentar\u00e1 el s\u00e1bado 10 de octubre en la ciudad de Minas. La confirmaci\u00f3n lleg\u00f3 a trav\u00e9s de","canonical_url":"https:\/\/semanariolaprensa.com\/avantpremiere\/nuevo-artista-confirmado-para-la-53a-semana-de-lavalleja\/","robots":"max-image-preview:large","keywords":"","webmasterTools":{"miscellaneous":""},"schema":{"@context":"https:\/\/schema.org","@graph":[{"@type":"BlogPosting","@id":"https:\/\/semanariolaprensa.com\/avantpremiere\/nuevo-artista-confirmado-para-la-53a-semana-de-lavalleja\/#blogposting","name":"Nuevo artista confirmado para la 53\u00aa Semana de Lavalleja - Avant-Premi\u00e8re","headline":"Nuevo artista confirmado para la 53\u00aa Semana de Lavalleja","author":{"@id":"https:\/\/semanariolaprensa.com\/avantpremiere\/author\/debaaureapremiere\/#author"},"publisher":{"@id":"https:\/\/semanariolaprensa.com\/avantpremiere\/#organization"},"image":{"@type":"ImageObject","url":"https:\/\/i0.wp.com\/semanariolaprensa.com\/avantpremiere\/wp-content\/uploads\/2026\/09\/thelaplanta.jpg?fit=1170%2C658&ssl=1","width":1170,"height":658},"datePublished":"2026-09-04T14:31:54-03:00","dateModified":"2026-09-04T14:47:04-03:00","inLanguage":"es-ES","mainEntityOfPage":{"@id":"https:\/\/semanariolaprensa.com\/avantpremiere\/nuevo-artista-confirmado-para-la-53a-semana-de-lavalleja\/#webpage"},"isPartOf":{"@id":"https:\/\/semanariolaprensa.com\/avantpremiere\/nuevo-artista-confirmado-para-la-53a-semana-de-lavalleja\/#webpage"},"articleSection":"Cartelera, Conciertos, Festivales, Primer Plano, 53 Semana de Lavalleja, Artistas confirmados Semana de Lavalleja, Grilla Semana de Lavalleja, Intendencia de Lavalleja, Minas Lavalleja, Parque Rod\u00f3 Minas, Semana de Lavalleja, Semana de Lavalleja 2026, The La Planta, The La Planta Semana de Lavalleja"},{"@type":"BreadcrumbList","@id":"https:\/\/semanariolaprensa.com\/avantpremiere\/nuevo-artista-confirmado-para-la-53a-semana-de-lavalleja\/#breadcrumblist","itemListElement":[{"@type":"ListItem","@id":"https:\/\/semanariolaprensa.com\/avantpremiere#listItem","position":1,"name":"Home","item":"https:\/\/semanariolaprensa.com\/avantpremiere","nextItem":{"@type":"ListItem","@id":"https:\/\/semanariolaprensa.com\/avantpremiere\/category\/musica\/#listItem","name":"M\u00fasica"}},{"@type":"ListItem","@id":"https:\/\/semanariolaprensa.com\/avantpremiere\/category\/musica\/#listItem","position":2,"name":"M\u00fasica","item":"https:\/\/semanariolaprensa.com\/avantpremiere\/category\/musica\/","nextItem":{"@type":"ListItem","@id":"https:\/\/semanariolaprensa.com\/avantpremiere\/category\/musica\/conciertos\/#listItem","name":"Conciertos"},"previousItem":{"@type":"ListItem","@id":"https:\/\/semanariolaprensa.com\/avantpremiere#listItem","name":"Home"}},{"@type":"ListItem","@id":"https:\/\/semanariolaprensa.com\/avantpremiere\/category\/musica\/conciertos\/#listItem","position":3,"name":"Conciertos","item":"https:\/\/semanariolaprensa.com\/avantpremiere\/category\/musica\/conciertos\/","nextItem":{"@type":"ListItem","@id":"https:\/\/semanariolaprensa.com\/avantpremiere\/nuevo-artista-confirmado-para-la-53a-semana-de-lavalleja\/#listItem","name":"Nuevo artista confirmado para la 53\u00aa Semana de Lavalleja"},"previousItem":{"@type":"ListItem","@id":"https:\/\/semanariolaprensa.com\/avantpremiere\/category\/musica\/#listItem","name":"M\u00fasica"}},{"@type":"ListItem","@id":"https:\/\/semanariolaprensa.com\/avantpremiere\/nuevo-artista-confirmado-para-la-53a-semana-de-lavalleja\/#listItem","position":4,"name":"Nuevo artista confirmado para la 53\u00aa Semana de Lavalleja","previousItem":{"@type":"ListItem","@id":"https:\/\/semanariolaprensa.com\/avantpremiere\/category\/musica\/conciertos\/#listItem","name":"Conciertos"}}]},{"@type":"Organization","@id":"https:\/\/semanariolaprensa.com\/avantpremiere\/#organization","name":"Avant-Premi\u00e8re","description":"La primera fila del entretenimiento","url":"https:\/\/semanariolaprensa.com\/avantpremiere\/","logo":{"@type":"ImageObject","url":"https:\/\/i0.wp.com\/semanariolaprensa.com\/avantpremiere\/wp-content\/uploads\/2026\/01\/cropped-iconoaureapremiere-1.png?fit=512%2C512&ssl=1","@id":"https:\/\/semanariolaprensa.com\/avantpremiere\/nuevo-artista-confirmado-para-la-53a-semana-de-lavalleja\/#organizationLogo","width":512,"height":512},"image":{"@id":"https:\/\/semanariolaprensa.com\/avantpremiere\/nuevo-artista-confirmado-para-la-53a-semana-de-lavalleja\/#organizationLogo"}},{"@type":"Person","@id":"https:\/\/semanariolaprensa.com\/avantpremiere\/author\/debaaureapremiere\/#author","url":"https:\/\/semanariolaprensa.com\/avantpremiere\/author\/debaaureapremiere\/","name":"Avant Premi\u00e8re","image":{"@type":"ImageObject","@id":"https:\/\/semanariolaprensa.com\/avantpremiere\/nuevo-artista-confirmado-para-la-53a-semana-de-lavalleja\/#authorImage","url":"https:\/\/secure.gravatar.com\/avatar\/25bd2526a0e92945ea41f6e68d1a9ff9a0293e6dffd0f172fc718d13a924f236?s=96&d=mm&r=g","width":96,"height":96,"caption":"Avant Premi\u00e8re"}},{"@type":"WebPage","@id":"https:\/\/semanariolaprensa.com\/avantpremiere\/nuevo-artista-confirmado-para-la-53a-semana-de-lavalleja\/#webpage","url":"https:\/\/semanariolaprensa.com\/avantpremiere\/nuevo-artista-confirmado-para-la-53a-semana-de-lavalleja\/","name":"Nuevo artista confirmado para la 53\u00aa Semana de Lavalleja - Avant-Premi\u00e8re","description":"A la espera de que la Intendencia de Lavalleja d\u00e9 a conocer la grilla oficial de espect\u00e1culos, se confirm\u00f3 una nueva presencia sobre el escenario para la 53\u00aa edici\u00f3n de la Semana de Lavalleja: The La Planta se presentar\u00e1 el s\u00e1bado 10 de octubre en la ciudad de Minas. La confirmaci\u00f3n lleg\u00f3 a trav\u00e9s de","inLanguage":"es-ES","isPartOf":{"@id":"https:\/\/semanariolaprensa.com\/avantpremiere\/#website"},"breadcrumb":{"@id":"https:\/\/semanariolaprensa.com\/avantpremiere\/nuevo-artista-confirmado-para-la-53a-semana-de-lavalleja\/#breadcrumblist"},"author":{"@id":"https:\/\/semanariolaprensa.com\/avantpremiere\/author\/debaaureapremiere\/#author"},"creator":{"@id":"https:\/\/semanariolaprensa.com\/avantpremiere\/author\/debaaureapremiere\/#author"},"image":{"@type":"ImageObject","url":"https:\/\/i0.wp.com\/semanariolaprensa.com\/avantpremiere\/wp-content\/uploads\/2026\/09\/thelaplanta.jpg?fit=1170%2C658&ssl=1","@id":"https:\/\/semanariolaprensa.com\/avantpremiere\/nuevo-artista-confirmado-para-la-53a-semana-de-lavalleja\/#mainImage","width":1170,"height":658},"primaryImageOfPage":{"@id":"https:\/\/semanariolaprensa.com\/avantpremiere\/nuevo-artista-confirmado-para-la-53a-semana-de-lavalleja\/#mainImage"},"datePublished":"2026-09-04T14:31:54-03:00","dateModified":"2026-09-04T14:47:04-03:00"},{"@type":"WebSite","@id":"https:\/\/semanariolaprensa.com\/avantpremiere\/#website","url":"https:\/\/semanariolaprensa.com\/avantpremiere\/","name":"Avant-Premi\u00e8re","description":"La primera fila del entretenimiento","inLanguage":"es-ES","publisher":{"@id":"https:\/\/semanariolaprensa.com\/avantpremiere\/#organization"}}]},"og:locale":"es_ES","og:site_name":"Avant-Premi\u00e8re - La primera fila del entretenimiento","og:type":"article","og:title":"Nuevo artista confirmado para la 53\u00aa Semana de Lavalleja - Avant-Premi\u00e8re","og:description":"A la espera de que la Intendencia de Lavalleja d\u00e9 a conocer la grilla oficial de espect\u00e1culos, se confirm\u00f3 una nueva presencia sobre el escenario para la 53\u00aa edici\u00f3n de la Semana de Lavalleja: The La Planta se presentar\u00e1 el s\u00e1bado 10 de octubre en la ciudad de Minas. La confirmaci\u00f3n lleg\u00f3 a trav\u00e9s de","og:url":"https:\/\/semanariolaprensa.com\/avantpremiere\/nuevo-artista-confirmado-para-la-53a-semana-de-lavalleja\/","article:published_time":"2026-09-04T17:31:54+00:00","article:modified_time":"2026-09-04T17:47:04+00:00","twitter:card":"summary_large_image","twitter:title":"Nuevo artista confirmado para la 53\u00aa Semana de Lavalleja - Avant-Premi\u00e8re","twitter:description":"A la espera de que la Intendencia de Lavalleja d\u00e9 a conocer la grilla oficial de espect\u00e1culos, se confirm\u00f3 una nueva presencia sobre el escenario para la 53\u00aa edici\u00f3n de la Semana de Lavalleja: The La Planta se presentar\u00e1 el s\u00e1bado 10 de octubre en la ciudad de Minas. La confirmaci\u00f3n lleg\u00f3 a trav\u00e9s de"},"aioseo_meta_data":{"post_id":"3364","title":null,"description":null,"keywords":null,"keyphrases":{"focus":{"keyphrase":"","score":0,"analysis":{"keyphraseInTitle":{"score":0,"maxScore":9,"error":1}}},"additional":[]},"primary_term":null,"canonical_url":null,"og_title":null,"og_description":null,"og_object_type":"default","og_image_type":"default","og_image_url":null,"og_image_width":null,"og_image_height":null,"og_image_custom_url":null,"og_image_custom_fields":null,"og_video":"","og_custom_url":null,"og_article_section":null,"og_article_tags":null,"twitter_use_og":false,"twitter_card":"default","twitter_image_type":"default","twitter_image_url":null,"twitter_image_custom_url":null,"twitter_image_custom_fields":null,"twitter_title":null,"twitter_description":null,"schema":{"blockGraphs":[],"customGraphs":[],"default":{"data":{"Article":[],"Course":[],"Dataset":[],"FAQPage":[],"Movie":[],"Person":[],"Product":[],"ProductReview":[],"Car":[],"Recipe":[],"Service":[],"SoftwareApplication":[],"WebPage":[]},"graphName":"BlogPosting","isEnabled":true},"graphs":[]},"schema_type":"default","schema_type_options":null,"pillar_content":false,"robots_default":true,"robots_noindex":false,"robots_noarchive":false,"robots_nosnippet":false,"robots_nofollow":false,"robots_noimageindex":false,"robots_noodp":false,"robots_notranslate":false,"robots_max_snippet":"-1","robots_max_videopreview":"-1","robots_max_imagepreview":"large","priority":null,"frequency":"default","local_seo":null,"breadcrumb_settings":null,"limit_modified_date":false,"ai":{"faqs":[],"keyPoints":[],"schemas":[],"titles":[],"descriptions":[],"socialPosts":{"email":{"subject":"","preview":"","content":""},"linkedin":[],"twitter":[],"facebook":[],"instagram":[]}},"created":"2026-09-04 17:31:56","updated":"2026-09-04 17:55:43","seo_analyzer_scan_date":null,"focus_keyword":null,"additional_keywords":null,"truseo_locale":null},"aioseo_breadcrumb":"<div class=\"aioseo-breadcrumbs\"><span class=\"aioseo-breadcrumb\">\n\t\t\t<a href=\"https:\/\/semanariolaprensa.com\/avantpremiere\" title=\"Home\">Home<\/a>\n\t\t<\/span><span class=\"aioseo-breadcrumb-separator\">&raquo;<\/span><span class=\"aioseo-breadcrumb\">\n\t\t\t<a href=\"https:\/\/semanariolaprensa.com\/avantpremiere\/category\/musica\/\" title=\"M\u00fasica\">M\u00fasica<\/a>\n\t\t<\/span><span class=\"aioseo-breadcrumb-separator\">&raquo;<\/span><span class=\"aioseo-breadcrumb\">\n\t\t\t<a href=\"https:\/\/semanariolaprensa.com\/avantpremiere\/category\/musica\/conciertos\/\" title=\"Conciertos\">Conciertos<\/a>\n\t\t<\/span><span class=\"aioseo-breadcrumb-separator\">&raquo;<\/span><span class=\"aioseo-breadcrumb\">\n\t\t\tNuevo artista confirmado para la 53\u00aa Semana de Lavalleja\n\t\t<\/span><\/div>","aioseo_breadcrumb_json":[{"label":"Home","link":"https:\/\/semanariolaprensa.com\/avantpremiere"},{"label":"M\u00fasica","link":"https:\/\/semanariolaprensa.com\/avantpremiere\/category\/musica\/"},{"label":"Conciertos","link":"https:\/\/semanariolaprensa.com\/avantpremiere\/category\/musica\/conciertos\/"},{"label":"Nuevo artista confirmado para la 53\u00aa Semana de Lavalleja","link":"https:\/\/semanariolaprensa.com\/avantpremiere\/nuevo-artista-confirmado-para-la-53a-semana-de-lavalleja\/"}],"jetpack_sharing_enabled":true,"jetpack_featured_media_url":"https:\/\/i0.wp.com\/semanariolaprensa.com\/avantpremiere\/wp-content\/uploads\/2026\/09\/thelaplanta.jpg?fit=1170%2C658&ssl=1","_links":{"self":[{"href":"https:\/\/semanariolaprensa.com\/avantpremiere\/wp-json\/wp\/v2\/posts\/3364","targetHints":{"allow":["GET"]}}],"collection":[{"href":"https:\/\/semanariolaprensa.com\/avantpremiere\/wp-json\/wp\/v2\/posts"}],"about":[{"href":"https:\/\/semanariolaprensa.com\/avantpremiere\/wp-json\/wp\/v2\/types\/post"}],"author":[{"embeddable":true,"href":"https:\/\/semanariolaprensa.com\/avantpremiere\/wp-json\/wp\/v2\/users\/1"}],"replies":[{"embeddable":true,"href":"https:\/\/semanariolaprensa.com\/avantpremiere\/wp-json\/wp\/v2\/comments?post=3364"}],"version-history":[{"count":6,"href":"https:\/\/semanariolaprensa.com\/avantpremiere\/wp-json\/wp\/v2\/posts\/3364\/revisions"}],"predecessor-version":[{"id":3373,"href":"https:\/\/semanariolaprensa.com\/avantpremiere\/wp-json\/wp\/v2\/posts\/3364\/revisions\/3373"}],"wp:featuredmedia":[{"embeddable":true,"href":"https:\/\/semanariolaprensa.com\/avantpremiere\/wp-json\/wp\/v2\/media\/3366"}],"wp:attachment":[{"href":"https:\/\/semanariolaprensa.com\/avantpremiere\/wp-json\/wp\/v2\/media?parent=3364"}],"wp:term":[{"taxonomy":"category","embeddable":true,"href":"https:\/\/semanariolaprensa.com\/avantpremiere\/wp-json\/wp\/v2\/categories?post=3364"},{"taxonomy":"post_tag","embeddable":true,"href":"https:\/\/semanariolaprensa.com\/avantpremiere\/wp-json\/wp\/v2\/tags?post=3364"}],"curies":[{"name":"wp","href":"https:\/\/api.w.org\/{rel}","templated":true}]}}