{"id":3352,"date":"2026-09-03T21:15:15","date_gmt":"2026-09-04T00:15:15","guid":{"rendered":"https:\/\/semanariolaprensa.com\/avantpremiere\/?p=3352"},"modified":"2026-09-03T21:29:19","modified_gmt":"2026-09-04T00:29:19","slug":"la-53a-semana-de-lavalleja-ya-tiene-su-primera-artista-confirmada-catherine-vergnes-estara-en-la-noche-de-los-fogones","status":"publish","type":"post","link":"https:\/\/semanariolaprensa.com\/avantpremiere\/la-53a-semana-de-lavalleja-ya-tiene-su-primera-artista-confirmada-catherine-vergnes-estara-en-la-noche-de-los-fogones\/","title":{"rendered":"La 53\u00aa Semana de Lavalleja ya tiene su primera artista confirmada: Catherine Vergnes estar\u00e1 en la Noche de los Fogones"},"content":{"rendered":"\n<p class=\"wp-block-paragraph\">La cantautora folcl\u00f3rica public\u00f3 el itinerario de su pr\u00f3xima gira e incluy\u00f3 su actuaci\u00f3n para el s\u00e1bado 17 de octubre, convirti\u00e9ndose en el primer n\u00famero ratificado para la fiesta serrana.<\/p>\n\n\n\n<p class=\"wp-block-paragraph\">Luego de que la Intendencia de Lavalleja presentara el <a href=\"https:\/\/semanariolaprensa.com\/avantpremiere\/la-semana-de-lavalleja-ya-tiene-fecha-confirmada-para-su-53a-edicion\/\">calendario oficial para la 53\u00aa edici\u00f3n de la Semana de Lavalleja<\/a>, se conoci\u00f3 el primer nombre del cartel de espect\u00e1culos: Catherine Vergnes actuar\u00e1 en la tradicional Noche de los Fogones.<\/p>\n\n\n\n<p class=\"wp-block-paragraph\">La confirmaci\u00f3n la brind\u00f3 la propia artista a trav\u00e9s de su cuenta de Instagram, donde difundi\u00f3 las fechas de su pr\u00f3xima gira regional por Uruguay, Argentina y Brasil. Dentro del cronograma para el mes de octubre, la folclorista anunci\u00f3 su presentaci\u00f3n en el escenario del Cerro Artigas en Minas para el s\u00e1bado 17 de octubre.<\/p>\n\n\n\n<p class=\"wp-block-paragraph\">De esta manera, Vergnes se convierte en la primera artista de una grilla de espect\u00e1culos que se ir\u00e1 confirmando con el correr de los d\u00edas, mientras la comuna vecina termina de coordinar los n\u00fameros musicales que formar\u00e1n parte de una de las jornadas de mayor concurrencia del departamento.<\/p>\n\n\n\n<p class=\"wp-block-paragraph\">La 53\u00aa edici\u00f3n de la fiesta departamental se desarrollar\u00e1 del 7 al 18 de octubre bajo la consigna \u00abLa fiesta de nuestros pueblos\u00bb, con toques musicales en el Parque Rod\u00f3 de Minas, actividades en distintas localidades de Lavalleja y las dos jornadas de cierre con la Noche de los Fogones.<\/p>\n\n\n\n<figure class=\"wp-block-image alignwide size-full\"><img data-recalc-dims=\"1\" fetchpriority=\"high\" decoding=\"async\" width=\"960\" height=\"1200\" src=\"https:\/\/i0.wp.com\/semanariolaprensa.com\/avantpremiere\/wp-content\/uploads\/2026\/09\/catherinevergnesagenda.jpg?resize=960%2C1200&#038;ssl=1\" alt=\"\" class=\"wp-image-3353\" srcset=\"https:\/\/i0.wp.com\/semanariolaprensa.com\/avantpremiere\/wp-content\/uploads\/2026\/09\/catherinevergnesagenda.jpg?w=960&amp;ssl=1 960w, https:\/\/i0.wp.com\/semanariolaprensa.com\/avantpremiere\/wp-content\/uploads\/2026\/09\/catherinevergnesagenda.jpg?resize=240%2C300&amp;ssl=1 240w, https:\/\/i0.wp.com\/semanariolaprensa.com\/avantpremiere\/wp-content\/uploads\/2026\/09\/catherinevergnesagenda.jpg?resize=768%2C960&amp;ssl=1 768w, https:\/\/i0.wp.com\/semanariolaprensa.com\/avantpremiere\/wp-content\/uploads\/2026\/09\/catherinevergnesagenda.jpg?resize=819%2C1024&amp;ssl=1 819w, https:\/\/i0.wp.com\/semanariolaprensa.com\/avantpremiere\/wp-content\/uploads\/2026\/09\/catherinevergnesagenda.jpg?resize=750%2C937&amp;ssl=1 750w\" sizes=\"(max-width: 960px) 100vw, 960px\" \/><\/figure>\n","protected":false},"excerpt":{"rendered":"<p>La cantautora folcl\u00f3rica public\u00f3 el itinerario de su pr\u00f3xima gira e incluy\u00f3 su actuaci\u00f3n para el s\u00e1bado 17 de octubre, convirti\u00e9ndose en el primer n\u00famero ratificado para la fiesta serrana. Luego de que la Intendencia de Lavalleja presentara el calendario oficial para la 53\u00aa edici\u00f3n de la Semana de Lavalleja, se conoci\u00f3 el primer nombre [&hellip;]<\/p>\n","protected":false},"author":1,"featured_media":3354,"comment_status":"open","ping_status":"open","sticky":false,"template":"","format":"standard","meta":{"om_disable_all_campaigns":false,"_monsterinsights_skip_tracking":false,"_jetpack_newsletter_access":"","_jetpack_dont_email_post_to_subs":false,"_jetpack_newsletter_tier_id":0,"_jetpack_memberships_contains_paywalled_content":false,"_jetpack_feature_clip_id":0,"_jetpack_memberships_contains_paid_content":false,"jnews-multi-image_gallery":[],"jnews_single_post":{"format":"standard"},"jnews_primary_category":[],"jnews_override_bookmark_settings":[],"jnews_social_meta":[],"jnews_review":[],"enable_review":"","type":"","name":"","summary":"","brand":"","sku":"","good":[],"bad":[],"score_override":"","override_value":"","rating":[],"price":[],"jnews_override_counter":[],"footnotes":"","jetpack_post_was_ever_published":false},"categories":[96,379,97,326,82],"tags":[3601,3603,501,3606,3604,3608,3612,3611,3607,3596,3609,3595,3602,3610,3599,3600,3605],"class_list":["post-3352","post","type-post","status-publish","format-standard","has-post-thumbnail","hentry","category-cartelera","category-conciertos","category-festivales","category-musica","category-primer-plano","tag-53-semana-de-lavalleja","tag-artistas-confirmados-semana-de-lavalleja","tag-catherine-vergnes","tag-catherine-vergnes-noche-de-los-fogones","tag-catherine-vergnes-semana-de-lavalleja","tag-cerro-artigas-minas","tag-festivales-uruguay-octubre","tag-fiestas-tradicionales-uruguay","tag-grilla-semana-de-lavalleja","tag-intendencia-de-lavalleja","tag-minas-lavalleja","tag-noche-de-los-fogones","tag-noche-de-los-fogones-artistas","tag-noche-de-los-fogones-grilla","tag-semana-de-lavalleja","tag-semana-de-lavalleja-artistas","tag-semana-de-lavalleja-grilla"],"aioseo_notices":[],"aioseo_head":"\n\t\t<!-- All in One SEO 5.0.1 - aioseo.com -->\n\t<meta name=\"description\" content=\"La cantautora folcl\u00f3rica public\u00f3 el itinerario de su pr\u00f3xima gira e incluy\u00f3 su actuaci\u00f3n para el s\u00e1bado 17 de octubre, convirti\u00e9ndose en el primer n\u00famero ratificado para la fiesta serrana. Luego de que la Intendencia de Lavalleja presentara el calendario oficial para la 53\u00aa edici\u00f3n de la Semana de Lavalleja, se conoci\u00f3 el primer nombre\" \/>\n\t<meta name=\"robots\" content=\"max-image-preview:large\" \/>\n\t<meta name=\"author\" content=\"Avant Premi\u00e8re\"\/>\n\t<link rel=\"canonical\" href=\"https:\/\/semanariolaprensa.com\/avantpremiere\/la-53a-semana-de-lavalleja-ya-tiene-su-primera-artista-confirmada-catherine-vergnes-estara-en-la-noche-de-los-fogones\/\" \/>\n\t<meta name=\"generator\" content=\"All in One SEO (AIOSEO) 5.0.1\" \/>\n\t\t<meta property=\"og:locale\" content=\"es_ES\" \/>\n\t\t<meta property=\"og:site_name\" content=\"Avant-Premi\u00e8re - La primera fila del entretenimiento\" \/>\n\t\t<meta property=\"og:type\" content=\"article\" \/>\n\t\t<meta property=\"og:title\" content=\"La 53\u00aa Semana de Lavalleja ya tiene su primera artista confirmada: Catherine Vergnes estar\u00e1 en la Noche de los Fogones - Avant-Premi\u00e8re\" \/>\n\t\t<meta property=\"og:description\" content=\"La cantautora folcl\u00f3rica public\u00f3 el itinerario de su pr\u00f3xima gira e incluy\u00f3 su actuaci\u00f3n para el s\u00e1bado 17 de octubre, convirti\u00e9ndose en el primer n\u00famero ratificado para la fiesta serrana. Luego de que la Intendencia de Lavalleja presentara el calendario oficial para la 53\u00aa edici\u00f3n de la Semana de Lavalleja, se conoci\u00f3 el primer nombre\" \/>\n\t\t<meta property=\"og:url\" content=\"https:\/\/semanariolaprensa.com\/avantpremiere\/la-53a-semana-de-lavalleja-ya-tiene-su-primera-artista-confirmada-catherine-vergnes-estara-en-la-noche-de-los-fogones\/\" \/>\n\t\t<meta property=\"article:published_time\" content=\"2026-09-04T00:15:15+00:00\" \/>\n\t\t<meta property=\"article:modified_time\" content=\"2026-09-04T00:29:19+00:00\" \/>\n\t\t<meta name=\"twitter:card\" content=\"summary_large_image\" \/>\n\t\t<meta name=\"twitter:title\" content=\"La 53\u00aa Semana de Lavalleja ya tiene su primera artista confirmada: Catherine Vergnes estar\u00e1 en la Noche de los Fogones - Avant-Premi\u00e8re\" \/>\n\t\t<meta name=\"twitter:description\" content=\"La cantautora folcl\u00f3rica public\u00f3 el itinerario de su pr\u00f3xima gira e incluy\u00f3 su actuaci\u00f3n para el s\u00e1bado 17 de octubre, convirti\u00e9ndose en el primer n\u00famero ratificado para la fiesta serrana. Luego de que la Intendencia de Lavalleja presentara el calendario oficial para la 53\u00aa edici\u00f3n de la Semana de Lavalleja, se conoci\u00f3 el primer nombre\" \/>\n\t\t<script type=\"application\/ld+json\" class=\"aioseo-schema\">\n\t\t\t{\"@context\":\"https:\\\/\\\/schema.org\",\"@graph\":[{\"@type\":\"BlogPosting\",\"@id\":\"https:\\\/\\\/semanariolaprensa.com\\\/avantpremiere\\\/la-53a-semana-de-lavalleja-ya-tiene-su-primera-artista-confirmada-catherine-vergnes-estara-en-la-noche-de-los-fogones\\\/#blogposting\",\"name\":\"La 53\\u00aa Semana de Lavalleja ya tiene su primera artista confirmada: Catherine Vergnes estar\\u00e1 en la Noche de los Fogones - Avant-Premi\\u00e8re\",\"headline\":\"La 53\\u00aa Semana de Lavalleja ya tiene su primera artista confirmada: Catherine Vergnes estar\\u00e1 en la Noche de los Fogones\",\"author\":{\"@id\":\"https:\\\/\\\/semanariolaprensa.com\\\/avantpremiere\\\/author\\\/debaaureapremiere\\\/#author\"},\"publisher\":{\"@id\":\"https:\\\/\\\/semanariolaprensa.com\\\/avantpremiere\\\/#organization\"},\"image\":{\"@type\":\"ImageObject\",\"url\":\"https:\\\/\\\/i0.wp.com\\\/semanariolaprensa.com\\\/avantpremiere\\\/wp-content\\\/uploads\\\/2026\\\/09\\\/catherinevergnes2.jpg?fit=1200%2C870&ssl=1\",\"width\":1200,\"height\":870},\"datePublished\":\"2026-09-03T21:15:15-03:00\",\"dateModified\":\"2026-09-03T21:29:19-03:00\",\"inLanguage\":\"es-ES\",\"mainEntityOfPage\":{\"@id\":\"https:\\\/\\\/semanariolaprensa.com\\\/avantpremiere\\\/la-53a-semana-de-lavalleja-ya-tiene-su-primera-artista-confirmada-catherine-vergnes-estara-en-la-noche-de-los-fogones\\\/#webpage\"},\"isPartOf\":{\"@id\":\"https:\\\/\\\/semanariolaprensa.com\\\/avantpremiere\\\/la-53a-semana-de-lavalleja-ya-tiene-su-primera-artista-confirmada-catherine-vergnes-estara-en-la-noche-de-los-fogones\\\/#webpage\"},\"articleSection\":\"Cartelera, Conciertos, Festivales, M\\u00fasica, Primer Plano, 53 Semana de Lavalleja, Artistas confirmados Semana de Lavalleja, Catherine Vergnes, Catherine Vergnes Noche de los Fogones, Catherine Vergnes Semana de Lavalleja, Cerro Artigas Minas, Festivales Uruguay octubre, Fiestas tradicionales Uruguay, Grilla Semana de Lavalleja, Intendencia de Lavalleja, Minas Lavalleja, Noche de los Fogones, Noche de los Fogones artistas, Noche de los Fogones grilla, Semana de Lavalleja, Semana de Lavalleja artistas, Semana de Lavalleja grilla\"},{\"@type\":\"BreadcrumbList\",\"@id\":\"https:\\\/\\\/semanariolaprensa.com\\\/avantpremiere\\\/la-53a-semana-de-lavalleja-ya-tiene-su-primera-artista-confirmada-catherine-vergnes-estara-en-la-noche-de-los-fogones\\\/#breadcrumblist\",\"itemListElement\":[{\"@type\":\"ListItem\",\"@id\":\"https:\\\/\\\/semanariolaprensa.com\\\/avantpremiere#listItem\",\"position\":1,\"name\":\"Home\",\"item\":\"https:\\\/\\\/semanariolaprensa.com\\\/avantpremiere\",\"nextItem\":{\"@type\":\"ListItem\",\"@id\":\"https:\\\/\\\/semanariolaprensa.com\\\/avantpremiere\\\/category\\\/musica\\\/#listItem\",\"name\":\"M\\u00fasica\"}},{\"@type\":\"ListItem\",\"@id\":\"https:\\\/\\\/semanariolaprensa.com\\\/avantpremiere\\\/category\\\/musica\\\/#listItem\",\"position\":2,\"name\":\"M\\u00fasica\",\"item\":\"https:\\\/\\\/semanariolaprensa.com\\\/avantpremiere\\\/category\\\/musica\\\/\",\"nextItem\":{\"@type\":\"ListItem\",\"@id\":\"https:\\\/\\\/semanariolaprensa.com\\\/avantpremiere\\\/category\\\/musica\\\/conciertos\\\/#listItem\",\"name\":\"Conciertos\"},\"previousItem\":{\"@type\":\"ListItem\",\"@id\":\"https:\\\/\\\/semanariolaprensa.com\\\/avantpremiere#listItem\",\"name\":\"Home\"}},{\"@type\":\"ListItem\",\"@id\":\"https:\\\/\\\/semanariolaprensa.com\\\/avantpremiere\\\/category\\\/musica\\\/conciertos\\\/#listItem\",\"position\":3,\"name\":\"Conciertos\",\"item\":\"https:\\\/\\\/semanariolaprensa.com\\\/avantpremiere\\\/category\\\/musica\\\/conciertos\\\/\",\"nextItem\":{\"@type\":\"ListItem\",\"@id\":\"https:\\\/\\\/semanariolaprensa.com\\\/avantpremiere\\\/la-53a-semana-de-lavalleja-ya-tiene-su-primera-artista-confirmada-catherine-vergnes-estara-en-la-noche-de-los-fogones\\\/#listItem\",\"name\":\"La 53\\u00aa Semana de Lavalleja ya tiene su primera artista confirmada: Catherine Vergnes estar\\u00e1 en la Noche de los Fogones\"},\"previousItem\":{\"@type\":\"ListItem\",\"@id\":\"https:\\\/\\\/semanariolaprensa.com\\\/avantpremiere\\\/category\\\/musica\\\/#listItem\",\"name\":\"M\\u00fasica\"}},{\"@type\":\"ListItem\",\"@id\":\"https:\\\/\\\/semanariolaprensa.com\\\/avantpremiere\\\/la-53a-semana-de-lavalleja-ya-tiene-su-primera-artista-confirmada-catherine-vergnes-estara-en-la-noche-de-los-fogones\\\/#listItem\",\"position\":4,\"name\":\"La 53\\u00aa Semana de Lavalleja ya tiene su primera artista confirmada: Catherine Vergnes estar\\u00e1 en la Noche de los Fogones\",\"previousItem\":{\"@type\":\"ListItem\",\"@id\":\"https:\\\/\\\/semanariolaprensa.com\\\/avantpremiere\\\/category\\\/musica\\\/conciertos\\\/#listItem\",\"name\":\"Conciertos\"}}]},{\"@type\":\"Organization\",\"@id\":\"https:\\\/\\\/semanariolaprensa.com\\\/avantpremiere\\\/#organization\",\"name\":\"Avant-Premi\\u00e8re\",\"description\":\"La primera fila del entretenimiento\",\"url\":\"https:\\\/\\\/semanariolaprensa.com\\\/avantpremiere\\\/\",\"logo\":{\"@type\":\"ImageObject\",\"url\":\"https:\\\/\\\/i0.wp.com\\\/semanariolaprensa.com\\\/avantpremiere\\\/wp-content\\\/uploads\\\/2026\\\/01\\\/cropped-iconoaureapremiere-1.png?fit=512%2C512&ssl=1\",\"@id\":\"https:\\\/\\\/semanariolaprensa.com\\\/avantpremiere\\\/la-53a-semana-de-lavalleja-ya-tiene-su-primera-artista-confirmada-catherine-vergnes-estara-en-la-noche-de-los-fogones\\\/#organizationLogo\",\"width\":512,\"height\":512},\"image\":{\"@id\":\"https:\\\/\\\/semanariolaprensa.com\\\/avantpremiere\\\/la-53a-semana-de-lavalleja-ya-tiene-su-primera-artista-confirmada-catherine-vergnes-estara-en-la-noche-de-los-fogones\\\/#organizationLogo\"}},{\"@type\":\"Person\",\"@id\":\"https:\\\/\\\/semanariolaprensa.com\\\/avantpremiere\\\/author\\\/debaaureapremiere\\\/#author\",\"url\":\"https:\\\/\\\/semanariolaprensa.com\\\/avantpremiere\\\/author\\\/debaaureapremiere\\\/\",\"name\":\"Avant Premi\\u00e8re\",\"image\":{\"@type\":\"ImageObject\",\"@id\":\"https:\\\/\\\/semanariolaprensa.com\\\/avantpremiere\\\/la-53a-semana-de-lavalleja-ya-tiene-su-primera-artista-confirmada-catherine-vergnes-estara-en-la-noche-de-los-fogones\\\/#authorImage\",\"url\":\"https:\\\/\\\/secure.gravatar.com\\\/avatar\\\/25bd2526a0e92945ea41f6e68d1a9ff9a0293e6dffd0f172fc718d13a924f236?s=96&d=mm&r=g\",\"width\":96,\"height\":96,\"caption\":\"Avant Premi\\u00e8re\"}},{\"@type\":\"WebPage\",\"@id\":\"https:\\\/\\\/semanariolaprensa.com\\\/avantpremiere\\\/la-53a-semana-de-lavalleja-ya-tiene-su-primera-artista-confirmada-catherine-vergnes-estara-en-la-noche-de-los-fogones\\\/#webpage\",\"url\":\"https:\\\/\\\/semanariolaprensa.com\\\/avantpremiere\\\/la-53a-semana-de-lavalleja-ya-tiene-su-primera-artista-confirmada-catherine-vergnes-estara-en-la-noche-de-los-fogones\\\/\",\"name\":\"La 53\\u00aa Semana de Lavalleja ya tiene su primera artista confirmada: Catherine Vergnes estar\\u00e1 en la Noche de los Fogones - Avant-Premi\\u00e8re\",\"description\":\"La cantautora folcl\\u00f3rica public\\u00f3 el itinerario de su pr\\u00f3xima gira e incluy\\u00f3 su actuaci\\u00f3n para el s\\u00e1bado 17 de octubre, convirti\\u00e9ndose en el primer n\\u00famero ratificado para la fiesta serrana. Luego de que la Intendencia de Lavalleja presentara el calendario oficial para la 53\\u00aa edici\\u00f3n de la Semana de Lavalleja, se conoci\\u00f3 el primer nombre\",\"inLanguage\":\"es-ES\",\"isPartOf\":{\"@id\":\"https:\\\/\\\/semanariolaprensa.com\\\/avantpremiere\\\/#website\"},\"breadcrumb\":{\"@id\":\"https:\\\/\\\/semanariolaprensa.com\\\/avantpremiere\\\/la-53a-semana-de-lavalleja-ya-tiene-su-primera-artista-confirmada-catherine-vergnes-estara-en-la-noche-de-los-fogones\\\/#breadcrumblist\"},\"author\":{\"@id\":\"https:\\\/\\\/semanariolaprensa.com\\\/avantpremiere\\\/author\\\/debaaureapremiere\\\/#author\"},\"creator\":{\"@id\":\"https:\\\/\\\/semanariolaprensa.com\\\/avantpremiere\\\/author\\\/debaaureapremiere\\\/#author\"},\"image\":{\"@type\":\"ImageObject\",\"url\":\"https:\\\/\\\/i0.wp.com\\\/semanariolaprensa.com\\\/avantpremiere\\\/wp-content\\\/uploads\\\/2026\\\/09\\\/catherinevergnes2.jpg?fit=1200%2C870&ssl=1\",\"@id\":\"https:\\\/\\\/semanariolaprensa.com\\\/avantpremiere\\\/la-53a-semana-de-lavalleja-ya-tiene-su-primera-artista-confirmada-catherine-vergnes-estara-en-la-noche-de-los-fogones\\\/#mainImage\",\"width\":1200,\"height\":870},\"primaryImageOfPage\":{\"@id\":\"https:\\\/\\\/semanariolaprensa.com\\\/avantpremiere\\\/la-53a-semana-de-lavalleja-ya-tiene-su-primera-artista-confirmada-catherine-vergnes-estara-en-la-noche-de-los-fogones\\\/#mainImage\"},\"datePublished\":\"2026-09-03T21:15:15-03:00\",\"dateModified\":\"2026-09-03T21:29:19-03:00\"},{\"@type\":\"WebSite\",\"@id\":\"https:\\\/\\\/semanariolaprensa.com\\\/avantpremiere\\\/#website\",\"url\":\"https:\\\/\\\/semanariolaprensa.com\\\/avantpremiere\\\/\",\"name\":\"Avant-Premi\\u00e8re\",\"description\":\"La primera fila del entretenimiento\",\"inLanguage\":\"es-ES\",\"publisher\":{\"@id\":\"https:\\\/\\\/semanariolaprensa.com\\\/avantpremiere\\\/#organization\"}}]}\n\t\t<\/script>\n\t\t<!-- All in One SEO -->\n\n","aioseo_head_json":{"title":"La 53\u00aa Semana de Lavalleja ya tiene su primera artista confirmada: Catherine Vergnes estar\u00e1 en la Noche de los Fogones - Avant-Premi\u00e8re","description":"La cantautora folcl\u00f3rica public\u00f3 el itinerario de su pr\u00f3xima gira e incluy\u00f3 su actuaci\u00f3n para el s\u00e1bado 17 de octubre, convirti\u00e9ndose en el primer n\u00famero ratificado para la fiesta serrana. Luego de que la Intendencia de Lavalleja presentara el calendario oficial para la 53\u00aa edici\u00f3n de la Semana de Lavalleja, se conoci\u00f3 el primer nombre","canonical_url":"https:\/\/semanariolaprensa.com\/avantpremiere\/la-53a-semana-de-lavalleja-ya-tiene-su-primera-artista-confirmada-catherine-vergnes-estara-en-la-noche-de-los-fogones\/","robots":"max-image-preview:large","keywords":"","webmasterTools":{"miscellaneous":""},"schema":{"@context":"https:\/\/schema.org","@graph":[{"@type":"BlogPosting","@id":"https:\/\/semanariolaprensa.com\/avantpremiere\/la-53a-semana-de-lavalleja-ya-tiene-su-primera-artista-confirmada-catherine-vergnes-estara-en-la-noche-de-los-fogones\/#blogposting","name":"La 53\u00aa Semana de Lavalleja ya tiene su primera artista confirmada: Catherine Vergnes estar\u00e1 en la Noche de los Fogones - Avant-Premi\u00e8re","headline":"La 53\u00aa Semana de Lavalleja ya tiene su primera artista confirmada: Catherine Vergnes estar\u00e1 en la Noche de los Fogones","author":{"@id":"https:\/\/semanariolaprensa.com\/avantpremiere\/author\/debaaureapremiere\/#author"},"publisher":{"@id":"https:\/\/semanariolaprensa.com\/avantpremiere\/#organization"},"image":{"@type":"ImageObject","url":"https:\/\/i0.wp.com\/semanariolaprensa.com\/avantpremiere\/wp-content\/uploads\/2026\/09\/catherinevergnes2.jpg?fit=1200%2C870&ssl=1","width":1200,"height":870},"datePublished":"2026-09-03T21:15:15-03:00","dateModified":"2026-09-03T21:29:19-03:00","inLanguage":"es-ES","mainEntityOfPage":{"@id":"https:\/\/semanariolaprensa.com\/avantpremiere\/la-53a-semana-de-lavalleja-ya-tiene-su-primera-artista-confirmada-catherine-vergnes-estara-en-la-noche-de-los-fogones\/#webpage"},"isPartOf":{"@id":"https:\/\/semanariolaprensa.com\/avantpremiere\/la-53a-semana-de-lavalleja-ya-tiene-su-primera-artista-confirmada-catherine-vergnes-estara-en-la-noche-de-los-fogones\/#webpage"},"articleSection":"Cartelera, Conciertos, Festivales, M\u00fasica, Primer Plano, 53 Semana de Lavalleja, Artistas confirmados Semana de Lavalleja, Catherine Vergnes, Catherine Vergnes Noche de los Fogones, Catherine Vergnes Semana de Lavalleja, Cerro Artigas Minas, Festivales Uruguay octubre, Fiestas tradicionales Uruguay, Grilla Semana de Lavalleja, Intendencia de Lavalleja, Minas Lavalleja, Noche de los Fogones, Noche de los Fogones artistas, Noche de los Fogones grilla, Semana de Lavalleja, Semana de Lavalleja artistas, Semana de Lavalleja grilla"},{"@type":"BreadcrumbList","@id":"https:\/\/semanariolaprensa.com\/avantpremiere\/la-53a-semana-de-lavalleja-ya-tiene-su-primera-artista-confirmada-catherine-vergnes-estara-en-la-noche-de-los-fogones\/#breadcrumblist","itemListElement":[{"@type":"ListItem","@id":"https:\/\/semanariolaprensa.com\/avantpremiere#listItem","position":1,"name":"Home","item":"https:\/\/semanariolaprensa.com\/avantpremiere","nextItem":{"@type":"ListItem","@id":"https:\/\/semanariolaprensa.com\/avantpremiere\/category\/musica\/#listItem","name":"M\u00fasica"}},{"@type":"ListItem","@id":"https:\/\/semanariolaprensa.com\/avantpremiere\/category\/musica\/#listItem","position":2,"name":"M\u00fasica","item":"https:\/\/semanariolaprensa.com\/avantpremiere\/category\/musica\/","nextItem":{"@type":"ListItem","@id":"https:\/\/semanariolaprensa.com\/avantpremiere\/category\/musica\/conciertos\/#listItem","name":"Conciertos"},"previousItem":{"@type":"ListItem","@id":"https:\/\/semanariolaprensa.com\/avantpremiere#listItem","name":"Home"}},{"@type":"ListItem","@id":"https:\/\/semanariolaprensa.com\/avantpremiere\/category\/musica\/conciertos\/#listItem","position":3,"name":"Conciertos","item":"https:\/\/semanariolaprensa.com\/avantpremiere\/category\/musica\/conciertos\/","nextItem":{"@type":"ListItem","@id":"https:\/\/semanariolaprensa.com\/avantpremiere\/la-53a-semana-de-lavalleja-ya-tiene-su-primera-artista-confirmada-catherine-vergnes-estara-en-la-noche-de-los-fogones\/#listItem","name":"La 53\u00aa Semana de Lavalleja ya tiene su primera artista confirmada: Catherine Vergnes estar\u00e1 en la Noche de los Fogones"},"previousItem":{"@type":"ListItem","@id":"https:\/\/semanariolaprensa.com\/avantpremiere\/category\/musica\/#listItem","name":"M\u00fasica"}},{"@type":"ListItem","@id":"https:\/\/semanariolaprensa.com\/avantpremiere\/la-53a-semana-de-lavalleja-ya-tiene-su-primera-artista-confirmada-catherine-vergnes-estara-en-la-noche-de-los-fogones\/#listItem","position":4,"name":"La 53\u00aa Semana de Lavalleja ya tiene su primera artista confirmada: Catherine Vergnes estar\u00e1 en la Noche de los Fogones","previousItem":{"@type":"ListItem","@id":"https:\/\/semanariolaprensa.com\/avantpremiere\/category\/musica\/conciertos\/#listItem","name":"Conciertos"}}]},{"@type":"Organization","@id":"https:\/\/semanariolaprensa.com\/avantpremiere\/#organization","name":"Avant-Premi\u00e8re","description":"La primera fila del entretenimiento","url":"https:\/\/semanariolaprensa.com\/avantpremiere\/","logo":{"@type":"ImageObject","url":"https:\/\/i0.wp.com\/semanariolaprensa.com\/avantpremiere\/wp-content\/uploads\/2026\/01\/cropped-iconoaureapremiere-1.png?fit=512%2C512&ssl=1","@id":"https:\/\/semanariolaprensa.com\/avantpremiere\/la-53a-semana-de-lavalleja-ya-tiene-su-primera-artista-confirmada-catherine-vergnes-estara-en-la-noche-de-los-fogones\/#organizationLogo","width":512,"height":512},"image":{"@id":"https:\/\/semanariolaprensa.com\/avantpremiere\/la-53a-semana-de-lavalleja-ya-tiene-su-primera-artista-confirmada-catherine-vergnes-estara-en-la-noche-de-los-fogones\/#organizationLogo"}},{"@type":"Person","@id":"https:\/\/semanariolaprensa.com\/avantpremiere\/author\/debaaureapremiere\/#author","url":"https:\/\/semanariolaprensa.com\/avantpremiere\/author\/debaaureapremiere\/","name":"Avant Premi\u00e8re","image":{"@type":"ImageObject","@id":"https:\/\/semanariolaprensa.com\/avantpremiere\/la-53a-semana-de-lavalleja-ya-tiene-su-primera-artista-confirmada-catherine-vergnes-estara-en-la-noche-de-los-fogones\/#authorImage","url":"https:\/\/secure.gravatar.com\/avatar\/25bd2526a0e92945ea41f6e68d1a9ff9a0293e6dffd0f172fc718d13a924f236?s=96&d=mm&r=g","width":96,"height":96,"caption":"Avant Premi\u00e8re"}},{"@type":"WebPage","@id":"https:\/\/semanariolaprensa.com\/avantpremiere\/la-53a-semana-de-lavalleja-ya-tiene-su-primera-artista-confirmada-catherine-vergnes-estara-en-la-noche-de-los-fogones\/#webpage","url":"https:\/\/semanariolaprensa.com\/avantpremiere\/la-53a-semana-de-lavalleja-ya-tiene-su-primera-artista-confirmada-catherine-vergnes-estara-en-la-noche-de-los-fogones\/","name":"La 53\u00aa Semana de Lavalleja ya tiene su primera artista confirmada: Catherine Vergnes estar\u00e1 en la Noche de los Fogones - Avant-Premi\u00e8re","description":"La cantautora folcl\u00f3rica public\u00f3 el itinerario de su pr\u00f3xima gira e incluy\u00f3 su actuaci\u00f3n para el s\u00e1bado 17 de octubre, convirti\u00e9ndose en el primer n\u00famero ratificado para la fiesta serrana. Luego de que la Intendencia de Lavalleja presentara el calendario oficial para la 53\u00aa edici\u00f3n de la Semana de Lavalleja, se conoci\u00f3 el primer nombre","inLanguage":"es-ES","isPartOf":{"@id":"https:\/\/semanariolaprensa.com\/avantpremiere\/#website"},"breadcrumb":{"@id":"https:\/\/semanariolaprensa.com\/avantpremiere\/la-53a-semana-de-lavalleja-ya-tiene-su-primera-artista-confirmada-catherine-vergnes-estara-en-la-noche-de-los-fogones\/#breadcrumblist"},"author":{"@id":"https:\/\/semanariolaprensa.com\/avantpremiere\/author\/debaaureapremiere\/#author"},"creator":{"@id":"https:\/\/semanariolaprensa.com\/avantpremiere\/author\/debaaureapremiere\/#author"},"image":{"@type":"ImageObject","url":"https:\/\/i0.wp.com\/semanariolaprensa.com\/avantpremiere\/wp-content\/uploads\/2026\/09\/catherinevergnes2.jpg?fit=1200%2C870&ssl=1","@id":"https:\/\/semanariolaprensa.com\/avantpremiere\/la-53a-semana-de-lavalleja-ya-tiene-su-primera-artista-confirmada-catherine-vergnes-estara-en-la-noche-de-los-fogones\/#mainImage","width":1200,"height":870},"primaryImageOfPage":{"@id":"https:\/\/semanariolaprensa.com\/avantpremiere\/la-53a-semana-de-lavalleja-ya-tiene-su-primera-artista-confirmada-catherine-vergnes-estara-en-la-noche-de-los-fogones\/#mainImage"},"datePublished":"2026-09-03T21:15:15-03:00","dateModified":"2026-09-03T21:29:19-03:00"},{"@type":"WebSite","@id":"https:\/\/semanariolaprensa.com\/avantpremiere\/#website","url":"https:\/\/semanariolaprensa.com\/avantpremiere\/","name":"Avant-Premi\u00e8re","description":"La primera fila del entretenimiento","inLanguage":"es-ES","publisher":{"@id":"https:\/\/semanariolaprensa.com\/avantpremiere\/#organization"}}]},"og:locale":"es_ES","og:site_name":"Avant-Premi\u00e8re - La primera fila del entretenimiento","og:type":"article","og:title":"La 53\u00aa Semana de Lavalleja ya tiene su primera artista confirmada: Catherine Vergnes estar\u00e1 en la Noche de los Fogones - Avant-Premi\u00e8re","og:description":"La cantautora folcl\u00f3rica public\u00f3 el itinerario de su pr\u00f3xima gira e incluy\u00f3 su actuaci\u00f3n para el s\u00e1bado 17 de octubre, convirti\u00e9ndose en el primer n\u00famero ratificado para la fiesta serrana. Luego de que la Intendencia de Lavalleja presentara el calendario oficial para la 53\u00aa edici\u00f3n de la Semana de Lavalleja, se conoci\u00f3 el primer nombre","og:url":"https:\/\/semanariolaprensa.com\/avantpremiere\/la-53a-semana-de-lavalleja-ya-tiene-su-primera-artista-confirmada-catherine-vergnes-estara-en-la-noche-de-los-fogones\/","article:published_time":"2026-09-04T00:15:15+00:00","article:modified_time":"2026-09-04T00:29:19+00:00","twitter:card":"summary_large_image","twitter:title":"La 53\u00aa Semana de Lavalleja ya tiene su primera artista confirmada: Catherine Vergnes estar\u00e1 en la Noche de los Fogones - Avant-Premi\u00e8re","twitter:description":"La cantautora folcl\u00f3rica public\u00f3 el itinerario de su pr\u00f3xima gira e incluy\u00f3 su actuaci\u00f3n para el s\u00e1bado 17 de octubre, convirti\u00e9ndose en el primer n\u00famero ratificado para la fiesta serrana. Luego de que la Intendencia de Lavalleja presentara el calendario oficial para la 53\u00aa edici\u00f3n de la Semana de Lavalleja, se conoci\u00f3 el primer nombre"},"aioseo_meta_data":{"post_id":"3352","title":null,"description":null,"keywords":null,"keyphrases":{"focus":{"keyphrase":"","score":0,"analysis":{"keyphraseInTitle":{"score":0,"maxScore":9,"error":1}}},"additional":[]},"primary_term":null,"canonical_url":null,"og_title":null,"og_description":null,"og_object_type":"default","og_image_type":"default","og_image_url":null,"og_image_width":null,"og_image_height":null,"og_image_custom_url":null,"og_image_custom_fields":null,"og_video":"","og_custom_url":null,"og_article_section":null,"og_article_tags":null,"twitter_use_og":false,"twitter_card":"default","twitter_image_type":"default","twitter_image_url":null,"twitter_image_custom_url":null,"twitter_image_custom_fields":null,"twitter_title":null,"twitter_description":null,"schema":{"blockGraphs":[],"customGraphs":[],"default":{"data":{"Article":[],"Course":[],"Dataset":[],"FAQPage":[],"Movie":[],"Person":[],"Product":[],"ProductReview":[],"Car":[],"Recipe":[],"Service":[],"SoftwareApplication":[],"WebPage":[]},"graphName":"BlogPosting","isEnabled":true},"graphs":[]},"schema_type":"default","schema_type_options":null,"pillar_content":false,"robots_default":true,"robots_noindex":false,"robots_noarchive":false,"robots_nosnippet":false,"robots_nofollow":false,"robots_noimageindex":false,"robots_noodp":false,"robots_notranslate":false,"robots_max_snippet":"-1","robots_max_videopreview":"-1","robots_max_imagepreview":"large","priority":null,"frequency":"default","local_seo":null,"breadcrumb_settings":null,"limit_modified_date":false,"ai":{"faqs":[],"keyPoints":[],"schemas":[],"titles":[],"descriptions":[],"socialPosts":{"email":{"subject":"","preview":"","content":""},"linkedin":[],"twitter":[],"facebook":[],"instagram":[]}},"created":"2026-09-04 00:15:17","updated":"2026-09-04 00:44:54","seo_analyzer_scan_date":null,"focus_keyword":null,"additional_keywords":null,"truseo_locale":null},"aioseo_breadcrumb":"<div class=\"aioseo-breadcrumbs\"><span class=\"aioseo-breadcrumb\">\n\t\t\t<a href=\"https:\/\/semanariolaprensa.com\/avantpremiere\" title=\"Home\">Home<\/a>\n\t\t<\/span><span class=\"aioseo-breadcrumb-separator\">&raquo;<\/span><span class=\"aioseo-breadcrumb\">\n\t\t\t<a href=\"https:\/\/semanariolaprensa.com\/avantpremiere\/category\/musica\/\" title=\"M\u00fasica\">M\u00fasica<\/a>\n\t\t<\/span><span class=\"aioseo-breadcrumb-separator\">&raquo;<\/span><span class=\"aioseo-breadcrumb\">\n\t\t\t<a href=\"https:\/\/semanariolaprensa.com\/avantpremiere\/category\/musica\/conciertos\/\" title=\"Conciertos\">Conciertos<\/a>\n\t\t<\/span><span class=\"aioseo-breadcrumb-separator\">&raquo;<\/span><span class=\"aioseo-breadcrumb\">\n\t\t\tLa 53\u00aa Semana de Lavalleja ya tiene su primera artista confirmada: Catherine Vergnes estar\u00e1 en la Noche de los Fogones\n\t\t<\/span><\/div>","aioseo_breadcrumb_json":[{"label":"Home","link":"https:\/\/semanariolaprensa.com\/avantpremiere"},{"label":"M\u00fasica","link":"https:\/\/semanariolaprensa.com\/avantpremiere\/category\/musica\/"},{"label":"Conciertos","link":"https:\/\/semanariolaprensa.com\/avantpremiere\/category\/musica\/conciertos\/"},{"label":"La 53\u00aa Semana de Lavalleja ya tiene su primera artista confirmada: Catherine Vergnes estar\u00e1 en la Noche de los Fogones","link":"https:\/\/semanariolaprensa.com\/avantpremiere\/la-53a-semana-de-lavalleja-ya-tiene-su-primera-artista-confirmada-catherine-vergnes-estara-en-la-noche-de-los-fogones\/"}],"jetpack_sharing_enabled":true,"jetpack_featured_media_url":"https:\/\/i0.wp.com\/semanariolaprensa.com\/avantpremiere\/wp-content\/uploads\/2026\/09\/catherinevergnes2.jpg?fit=1200%2C870&ssl=1","_links":{"self":[{"href":"https:\/\/semanariolaprensa.com\/avantpremiere\/wp-json\/wp\/v2\/posts\/3352","targetHints":{"allow":["GET"]}}],"collection":[{"href":"https:\/\/semanariolaprensa.com\/avantpremiere\/wp-json\/wp\/v2\/posts"}],"about":[{"href":"https:\/\/semanariolaprensa.com\/avantpremiere\/wp-json\/wp\/v2\/types\/post"}],"author":[{"embeddable":true,"href":"https:\/\/semanariolaprensa.com\/avantpremiere\/wp-json\/wp\/v2\/users\/1"}],"replies":[{"embeddable":true,"href":"https:\/\/semanariolaprensa.com\/avantpremiere\/wp-json\/wp\/v2\/comments?post=3352"}],"version-history":[{"count":5,"href":"https:\/\/semanariolaprensa.com\/avantpremiere\/wp-json\/wp\/v2\/posts\/3352\/revisions"}],"predecessor-version":[{"id":3360,"href":"https:\/\/semanariolaprensa.com\/avantpremiere\/wp-json\/wp\/v2\/posts\/3352\/revisions\/3360"}],"wp:featuredmedia":[{"embeddable":true,"href":"https:\/\/semanariolaprensa.com\/avantpremiere\/wp-json\/wp\/v2\/media\/3354"}],"wp:attachment":[{"href":"https:\/\/semanariolaprensa.com\/avantpremiere\/wp-json\/wp\/v2\/media?parent=3352"}],"wp:term":[{"taxonomy":"category","embeddable":true,"href":"https:\/\/semanariolaprensa.com\/avantpremiere\/wp-json\/wp\/v2\/categories?post=3352"},{"taxonomy":"post_tag","embeddable":true,"href":"https:\/\/semanariolaprensa.com\/avantpremiere\/wp-json\/wp\/v2\/tags?post=3352"}],"curies":[{"name":"wp","href":"https:\/\/api.w.org\/{rel}","templated":true}]}}