{"id":3344,"date":"2026-09-03T19:14:55","date_gmt":"2026-09-03T22:14:55","guid":{"rendered":"https:\/\/semanariolaprensa.com\/avantpremiere\/?p=3344"},"modified":"2026-09-03T22:13:19","modified_gmt":"2026-09-04T01:13:19","slug":"la-semana-de-lavalleja-ya-tiene-fecha-confirmada-para-su-53a-edicion","status":"publish","type":"post","link":"https:\/\/semanariolaprensa.com\/avantpremiere\/la-semana-de-lavalleja-ya-tiene-fecha-confirmada-para-su-53a-edicion\/","title":{"rendered":"La Semana de Lavalleja ya tiene fecha confirmada para su 53\u00aa edici\u00f3n"},"content":{"rendered":"\n<p class=\"wp-block-paragraph\">La tradicional celebraci\u00f3n del departamento serrano ofrecer\u00e1 espect\u00e1culos en el Parque Rod\u00f3, propuestas culturales en distintas localidades y la cl\u00e1sica Noche de los Fogones en el Cerro Artigas.<\/p>\n\n\n\n<p class=\"wp-block-paragraph\">La Intendencia de Lavalleja present\u00f3 las fechas oficiales para la 53\u00aa edici\u00f3n de la Semana de Lavalleja, el tradicional evento del departamento serrano que este a\u00f1o se llevar\u00e1 a cabo entre el mi\u00e9rcoles 7 y el domingo 18 de octubre bajo la consigna \u00abLa fiesta de nuestros pueblos\u00bb.<\/p>\n\n\n\n<p class=\"wp-block-paragraph\">De acuerdo con el cronograma preliminar difundido por la comuna vecina, los espect\u00e1culos musicales en el Parque Rod\u00f3 de Minas se desarrollar\u00e1n desde el mi\u00e9rcoles 7 hasta el domingo 11 de octubre con los cl\u00e1sicos toques en vivo.<\/p>\n\n\n\n<p class=\"wp-block-paragraph\">Asimismo, la propuesta incluir\u00e1 actividades festivas y culturales descentralizadas en distintas localidades de Lavalleja, mediante la realizaci\u00f3n de los denominados \u00ab<strong>D\u00edas de los Pueblos<\/strong>\u00bb.<\/p>\n\n\n\n<p class=\"wp-block-paragraph\">El tramo final del evento estar\u00e1 marcado por la tradicional \u00ab<strong>Noche de los Fogones<\/strong>\u00bb, programada para el s\u00e1bado 17 y domingo 18 de octubre en el predio del Cerro Artigas.<\/p>\n\n\n\n<p class=\"wp-block-paragraph\">Desde el gobierno departamental de Lavalleja indicaron que en las pr\u00f3ximas semanas se dar\u00e1n a conocer los detalles de la grilla art\u00edstica completa y las actividades complementarias que conformar\u00e1n esta 53\u00aa edici\u00f3n.<\/p>\n\n\n\n<h2 class=\"wp-block-heading\">Te puede interesar: <a href=\"https:\/\/semanariolaprensa.com\/avantpremiere\/la-53a-semana-de-lavalleja-ya-tiene-su-primera-artista-confirmada-catherine-vergnes-estara-en-la-noche-de-los-fogones\/\">La 53\u00aa Semana de Lavalleja ya tiene su primera artista confirmada<\/a><\/h2>\n\n\n\n<figure class=\"wp-block-image alignwide size-full\"><img data-recalc-dims=\"1\" fetchpriority=\"high\" decoding=\"async\" width=\"913\" height=\"1200\" src=\"https:\/\/i0.wp.com\/semanariolaprensa.com\/avantpremiere\/wp-content\/uploads\/2026\/09\/semanalavalleja.jpg?resize=913%2C1200&#038;ssl=1\" alt=\"\" class=\"wp-image-3345\" srcset=\"https:\/\/i0.wp.com\/semanariolaprensa.com\/avantpremiere\/wp-content\/uploads\/2026\/09\/semanalavalleja.jpg?w=913&amp;ssl=1 913w, https:\/\/i0.wp.com\/semanariolaprensa.com\/avantpremiere\/wp-content\/uploads\/2026\/09\/semanalavalleja.jpg?resize=229%2C300&amp;ssl=1 229w, https:\/\/i0.wp.com\/semanariolaprensa.com\/avantpremiere\/wp-content\/uploads\/2026\/09\/semanalavalleja.jpg?resize=767%2C1008&amp;ssl=1 767w, https:\/\/i0.wp.com\/semanariolaprensa.com\/avantpremiere\/wp-content\/uploads\/2026\/09\/semanalavalleja.jpg?resize=779%2C1024&amp;ssl=1 779w, https:\/\/i0.wp.com\/semanariolaprensa.com\/avantpremiere\/wp-content\/uploads\/2026\/09\/semanalavalleja.jpg?resize=750%2C985&amp;ssl=1 750w\" sizes=\"(max-width: 913px) 100vw, 913px\" \/><\/figure>\n","protected":false},"excerpt":{"rendered":"<p>La tradicional celebraci\u00f3n del departamento serrano ofrecer\u00e1 espect\u00e1culos en el Parque Rod\u00f3, propuestas culturales en distintas localidades y la cl\u00e1sica Noche de los Fogones en el Cerro Artigas. La Intendencia de Lavalleja present\u00f3 las fechas oficiales para la 53\u00aa edici\u00f3n de la Semana de Lavalleja, el tradicional evento del departamento serrano que este a\u00f1o se [&hellip;]<\/p>\n","protected":false},"author":1,"featured_media":3350,"comment_status":"open","ping_status":"open","sticky":false,"template":"","format":"standard","meta":{"om_disable_all_campaigns":false,"_monsterinsights_skip_tracking":false,"_jetpack_newsletter_access":"","_jetpack_dont_email_post_to_subs":false,"_jetpack_newsletter_tier_id":0,"_jetpack_memberships_contains_paywalled_content":false,"_jetpack_feature_clip_id":0,"_jetpack_memberships_contains_paid_content":false,"jnews-multi-image_gallery":[],"jnews_single_post":{"format":"standard"},"jnews_primary_category":[],"jnews_override_bookmark_settings":[],"jnews_social_meta":[],"jnews_review":[],"enable_review":"","type":"","name":"","summary":"","brand":"","sku":"","good":[],"bad":[],"score_override":"","override_value":"","rating":[],"price":[],"jnews_override_counter":[],"footnotes":"","jetpack_post_was_ever_published":false},"categories":[415,97,416],"tags":[3593,3597,3596,3594,3595,3592,3599],"class_list":["post-3344","post","type-post","status-publish","format-standard","has-post-thumbnail","hentry","category-cultura","category-festivales","category-locales","tag-cerro-artigas","tag-fiestas-tradicionales","tag-intendencia-de-lavalleja","tag-minas","tag-noche-de-los-fogones","tag-parque-rodo-de-minas","tag-semana-de-lavalleja"],"aioseo_notices":[],"aioseo_head":"\n\t\t<!-- All in One SEO 5.0.1 - aioseo.com -->\n\t<meta name=\"description\" content=\"La tradicional celebraci\u00f3n del departamento serrano ofrecer\u00e1 espect\u00e1culos en el Parque Rod\u00f3, propuestas culturales en distintas localidades y la cl\u00e1sica Noche de los Fogones en el Cerro Artigas. La Intendencia de Lavalleja present\u00f3 las fechas oficiales para la 53\u00aa edici\u00f3n de la Semana de Lavalleja, el tradicional evento del departamento serrano que este a\u00f1o se\" \/>\n\t<meta name=\"robots\" content=\"max-image-preview:large\" \/>\n\t<meta name=\"author\" content=\"Avant Premi\u00e8re\"\/>\n\t<link rel=\"canonical\" href=\"https:\/\/semanariolaprensa.com\/avantpremiere\/la-semana-de-lavalleja-ya-tiene-fecha-confirmada-para-su-53a-edicion\/\" \/>\n\t<meta name=\"generator\" content=\"All in One SEO (AIOSEO) 5.0.1\" \/>\n\t\t<meta property=\"og:locale\" content=\"es_ES\" \/>\n\t\t<meta property=\"og:site_name\" content=\"Avant-Premi\u00e8re - La primera fila del entretenimiento\" \/>\n\t\t<meta property=\"og:type\" content=\"article\" \/>\n\t\t<meta property=\"og:title\" content=\"La Semana de Lavalleja ya tiene fecha confirmada para su 53\u00aa edici\u00f3n - Avant-Premi\u00e8re\" \/>\n\t\t<meta property=\"og:description\" content=\"La tradicional celebraci\u00f3n del departamento serrano ofrecer\u00e1 espect\u00e1culos en el Parque Rod\u00f3, propuestas culturales en distintas localidades y la cl\u00e1sica Noche de los Fogones en el Cerro Artigas. La Intendencia de Lavalleja present\u00f3 las fechas oficiales para la 53\u00aa edici\u00f3n de la Semana de Lavalleja, el tradicional evento del departamento serrano que este a\u00f1o se\" \/>\n\t\t<meta property=\"og:url\" content=\"https:\/\/semanariolaprensa.com\/avantpremiere\/la-semana-de-lavalleja-ya-tiene-fecha-confirmada-para-su-53a-edicion\/\" \/>\n\t\t<meta property=\"article:published_time\" content=\"2026-09-03T22:14:55+00:00\" \/>\n\t\t<meta property=\"article:modified_time\" content=\"2026-09-04T01:13:19+00:00\" \/>\n\t\t<meta name=\"twitter:card\" content=\"summary_large_image\" \/>\n\t\t<meta name=\"twitter:title\" content=\"La Semana de Lavalleja ya tiene fecha confirmada para su 53\u00aa edici\u00f3n - Avant-Premi\u00e8re\" \/>\n\t\t<meta name=\"twitter:description\" content=\"La tradicional celebraci\u00f3n del departamento serrano ofrecer\u00e1 espect\u00e1culos en el Parque Rod\u00f3, propuestas culturales en distintas localidades y la cl\u00e1sica Noche de los Fogones en el Cerro Artigas. La Intendencia de Lavalleja present\u00f3 las fechas oficiales para la 53\u00aa edici\u00f3n de la Semana de Lavalleja, el tradicional evento del departamento serrano que este a\u00f1o se\" \/>\n\t\t<script type=\"application\/ld+json\" class=\"aioseo-schema\">\n\t\t\t{\"@context\":\"https:\\\/\\\/schema.org\",\"@graph\":[{\"@type\":\"BlogPosting\",\"@id\":\"https:\\\/\\\/semanariolaprensa.com\\\/avantpremiere\\\/la-semana-de-lavalleja-ya-tiene-fecha-confirmada-para-su-53a-edicion\\\/#blogposting\",\"name\":\"La Semana de Lavalleja ya tiene fecha confirmada para su 53\\u00aa edici\\u00f3n - Avant-Premi\\u00e8re\",\"headline\":\"La Semana de Lavalleja ya tiene fecha confirmada para su 53\\u00aa edici\\u00f3n\",\"author\":{\"@id\":\"https:\\\/\\\/semanariolaprensa.com\\\/avantpremiere\\\/author\\\/debaaureapremiere\\\/#author\"},\"publisher\":{\"@id\":\"https:\\\/\\\/semanariolaprensa.com\\\/avantpremiere\\\/#organization\"},\"image\":{\"@type\":\"ImageObject\",\"url\":\"https:\\\/\\\/i0.wp.com\\\/semanariolaprensa.com\\\/avantpremiere\\\/wp-content\\\/uploads\\\/2026\\\/09\\\/semanalavalleja2025.png?fit=945%2C709&ssl=1\",\"width\":945,\"height\":709},\"datePublished\":\"2026-09-03T19:14:55-03:00\",\"dateModified\":\"2026-09-03T22:13:19-03:00\",\"inLanguage\":\"es-ES\",\"mainEntityOfPage\":{\"@id\":\"https:\\\/\\\/semanariolaprensa.com\\\/avantpremiere\\\/la-semana-de-lavalleja-ya-tiene-fecha-confirmada-para-su-53a-edicion\\\/#webpage\"},\"isPartOf\":{\"@id\":\"https:\\\/\\\/semanariolaprensa.com\\\/avantpremiere\\\/la-semana-de-lavalleja-ya-tiene-fecha-confirmada-para-su-53a-edicion\\\/#webpage\"},\"articleSection\":\"Cultura, Festivales, Locales, Cerro Artigas, fiestas tradicionales, Intendencia de Lavalleja, Minas, Noche de los Fogones, Parque Rod\\u00f3 de Minas, Semana de Lavalleja\"},{\"@type\":\"BreadcrumbList\",\"@id\":\"https:\\\/\\\/semanariolaprensa.com\\\/avantpremiere\\\/la-semana-de-lavalleja-ya-tiene-fecha-confirmada-para-su-53a-edicion\\\/#breadcrumblist\",\"itemListElement\":[{\"@type\":\"ListItem\",\"@id\":\"https:\\\/\\\/semanariolaprensa.com\\\/avantpremiere#listItem\",\"position\":1,\"name\":\"Home\",\"item\":\"https:\\\/\\\/semanariolaprensa.com\\\/avantpremiere\",\"nextItem\":{\"@type\":\"ListItem\",\"@id\":\"https:\\\/\\\/semanariolaprensa.com\\\/avantpremiere\\\/category\\\/festivales\\\/#listItem\",\"name\":\"Festivales\"}},{\"@type\":\"ListItem\",\"@id\":\"https:\\\/\\\/semanariolaprensa.com\\\/avantpremiere\\\/category\\\/festivales\\\/#listItem\",\"position\":2,\"name\":\"Festivales\",\"item\":\"https:\\\/\\\/semanariolaprensa.com\\\/avantpremiere\\\/category\\\/festivales\\\/\",\"nextItem\":{\"@type\":\"ListItem\",\"@id\":\"https:\\\/\\\/semanariolaprensa.com\\\/avantpremiere\\\/la-semana-de-lavalleja-ya-tiene-fecha-confirmada-para-su-53a-edicion\\\/#listItem\",\"name\":\"La Semana de Lavalleja ya tiene fecha confirmada para su 53\\u00aa edici\\u00f3n\"},\"previousItem\":{\"@type\":\"ListItem\",\"@id\":\"https:\\\/\\\/semanariolaprensa.com\\\/avantpremiere#listItem\",\"name\":\"Home\"}},{\"@type\":\"ListItem\",\"@id\":\"https:\\\/\\\/semanariolaprensa.com\\\/avantpremiere\\\/la-semana-de-lavalleja-ya-tiene-fecha-confirmada-para-su-53a-edicion\\\/#listItem\",\"position\":3,\"name\":\"La Semana de Lavalleja ya tiene fecha confirmada para su 53\\u00aa edici\\u00f3n\",\"previousItem\":{\"@type\":\"ListItem\",\"@id\":\"https:\\\/\\\/semanariolaprensa.com\\\/avantpremiere\\\/category\\\/festivales\\\/#listItem\",\"name\":\"Festivales\"}}]},{\"@type\":\"Organization\",\"@id\":\"https:\\\/\\\/semanariolaprensa.com\\\/avantpremiere\\\/#organization\",\"name\":\"Avant-Premi\\u00e8re\",\"description\":\"La primera fila del entretenimiento\",\"url\":\"https:\\\/\\\/semanariolaprensa.com\\\/avantpremiere\\\/\",\"logo\":{\"@type\":\"ImageObject\",\"url\":\"https:\\\/\\\/i0.wp.com\\\/semanariolaprensa.com\\\/avantpremiere\\\/wp-content\\\/uploads\\\/2026\\\/01\\\/cropped-iconoaureapremiere-1.png?fit=512%2C512&ssl=1\",\"@id\":\"https:\\\/\\\/semanariolaprensa.com\\\/avantpremiere\\\/la-semana-de-lavalleja-ya-tiene-fecha-confirmada-para-su-53a-edicion\\\/#organizationLogo\",\"width\":512,\"height\":512},\"image\":{\"@id\":\"https:\\\/\\\/semanariolaprensa.com\\\/avantpremiere\\\/la-semana-de-lavalleja-ya-tiene-fecha-confirmada-para-su-53a-edicion\\\/#organizationLogo\"}},{\"@type\":\"Person\",\"@id\":\"https:\\\/\\\/semanariolaprensa.com\\\/avantpremiere\\\/author\\\/debaaureapremiere\\\/#author\",\"url\":\"https:\\\/\\\/semanariolaprensa.com\\\/avantpremiere\\\/author\\\/debaaureapremiere\\\/\",\"name\":\"Avant Premi\\u00e8re\",\"image\":{\"@type\":\"ImageObject\",\"@id\":\"https:\\\/\\\/semanariolaprensa.com\\\/avantpremiere\\\/la-semana-de-lavalleja-ya-tiene-fecha-confirmada-para-su-53a-edicion\\\/#authorImage\",\"url\":\"https:\\\/\\\/secure.gravatar.com\\\/avatar\\\/25bd2526a0e92945ea41f6e68d1a9ff9a0293e6dffd0f172fc718d13a924f236?s=96&d=mm&r=g\",\"width\":96,\"height\":96,\"caption\":\"Avant Premi\\u00e8re\"}},{\"@type\":\"WebPage\",\"@id\":\"https:\\\/\\\/semanariolaprensa.com\\\/avantpremiere\\\/la-semana-de-lavalleja-ya-tiene-fecha-confirmada-para-su-53a-edicion\\\/#webpage\",\"url\":\"https:\\\/\\\/semanariolaprensa.com\\\/avantpremiere\\\/la-semana-de-lavalleja-ya-tiene-fecha-confirmada-para-su-53a-edicion\\\/\",\"name\":\"La Semana de Lavalleja ya tiene fecha confirmada para su 53\\u00aa edici\\u00f3n - Avant-Premi\\u00e8re\",\"description\":\"La tradicional celebraci\\u00f3n del departamento serrano ofrecer\\u00e1 espect\\u00e1culos en el Parque Rod\\u00f3, propuestas culturales en distintas localidades y la cl\\u00e1sica Noche de los Fogones en el Cerro Artigas. La Intendencia de Lavalleja present\\u00f3 las fechas oficiales para la 53\\u00aa edici\\u00f3n de la Semana de Lavalleja, el tradicional evento del departamento serrano que este a\\u00f1o se\",\"inLanguage\":\"es-ES\",\"isPartOf\":{\"@id\":\"https:\\\/\\\/semanariolaprensa.com\\\/avantpremiere\\\/#website\"},\"breadcrumb\":{\"@id\":\"https:\\\/\\\/semanariolaprensa.com\\\/avantpremiere\\\/la-semana-de-lavalleja-ya-tiene-fecha-confirmada-para-su-53a-edicion\\\/#breadcrumblist\"},\"author\":{\"@id\":\"https:\\\/\\\/semanariolaprensa.com\\\/avantpremiere\\\/author\\\/debaaureapremiere\\\/#author\"},\"creator\":{\"@id\":\"https:\\\/\\\/semanariolaprensa.com\\\/avantpremiere\\\/author\\\/debaaureapremiere\\\/#author\"},\"image\":{\"@type\":\"ImageObject\",\"url\":\"https:\\\/\\\/i0.wp.com\\\/semanariolaprensa.com\\\/avantpremiere\\\/wp-content\\\/uploads\\\/2026\\\/09\\\/semanalavalleja2025.png?fit=945%2C709&ssl=1\",\"@id\":\"https:\\\/\\\/semanariolaprensa.com\\\/avantpremiere\\\/la-semana-de-lavalleja-ya-tiene-fecha-confirmada-para-su-53a-edicion\\\/#mainImage\",\"width\":945,\"height\":709},\"primaryImageOfPage\":{\"@id\":\"https:\\\/\\\/semanariolaprensa.com\\\/avantpremiere\\\/la-semana-de-lavalleja-ya-tiene-fecha-confirmada-para-su-53a-edicion\\\/#mainImage\"},\"datePublished\":\"2026-09-03T19:14:55-03:00\",\"dateModified\":\"2026-09-03T22:13:19-03:00\"},{\"@type\":\"WebSite\",\"@id\":\"https:\\\/\\\/semanariolaprensa.com\\\/avantpremiere\\\/#website\",\"url\":\"https:\\\/\\\/semanariolaprensa.com\\\/avantpremiere\\\/\",\"name\":\"Avant-Premi\\u00e8re\",\"description\":\"La primera fila del entretenimiento\",\"inLanguage\":\"es-ES\",\"publisher\":{\"@id\":\"https:\\\/\\\/semanariolaprensa.com\\\/avantpremiere\\\/#organization\"}}]}\n\t\t<\/script>\n\t\t<!-- All in One SEO -->\n\n","aioseo_head_json":{"title":"La Semana de Lavalleja ya tiene fecha confirmada para su 53\u00aa edici\u00f3n - Avant-Premi\u00e8re","description":"La tradicional celebraci\u00f3n del departamento serrano ofrecer\u00e1 espect\u00e1culos en el Parque Rod\u00f3, propuestas culturales en distintas localidades y la cl\u00e1sica Noche de los Fogones en el Cerro Artigas. La Intendencia de Lavalleja present\u00f3 las fechas oficiales para la 53\u00aa edici\u00f3n de la Semana de Lavalleja, el tradicional evento del departamento serrano que este a\u00f1o se","canonical_url":"https:\/\/semanariolaprensa.com\/avantpremiere\/la-semana-de-lavalleja-ya-tiene-fecha-confirmada-para-su-53a-edicion\/","robots":"max-image-preview:large","keywords":"","webmasterTools":{"miscellaneous":""},"schema":{"@context":"https:\/\/schema.org","@graph":[{"@type":"BlogPosting","@id":"https:\/\/semanariolaprensa.com\/avantpremiere\/la-semana-de-lavalleja-ya-tiene-fecha-confirmada-para-su-53a-edicion\/#blogposting","name":"La Semana de Lavalleja ya tiene fecha confirmada para su 53\u00aa edici\u00f3n - Avant-Premi\u00e8re","headline":"La Semana de Lavalleja ya tiene fecha confirmada para su 53\u00aa edici\u00f3n","author":{"@id":"https:\/\/semanariolaprensa.com\/avantpremiere\/author\/debaaureapremiere\/#author"},"publisher":{"@id":"https:\/\/semanariolaprensa.com\/avantpremiere\/#organization"},"image":{"@type":"ImageObject","url":"https:\/\/i0.wp.com\/semanariolaprensa.com\/avantpremiere\/wp-content\/uploads\/2026\/09\/semanalavalleja2025.png?fit=945%2C709&ssl=1","width":945,"height":709},"datePublished":"2026-09-03T19:14:55-03:00","dateModified":"2026-09-03T22:13:19-03:00","inLanguage":"es-ES","mainEntityOfPage":{"@id":"https:\/\/semanariolaprensa.com\/avantpremiere\/la-semana-de-lavalleja-ya-tiene-fecha-confirmada-para-su-53a-edicion\/#webpage"},"isPartOf":{"@id":"https:\/\/semanariolaprensa.com\/avantpremiere\/la-semana-de-lavalleja-ya-tiene-fecha-confirmada-para-su-53a-edicion\/#webpage"},"articleSection":"Cultura, Festivales, Locales, Cerro Artigas, fiestas tradicionales, Intendencia de Lavalleja, Minas, Noche de los Fogones, Parque Rod\u00f3 de Minas, Semana de Lavalleja"},{"@type":"BreadcrumbList","@id":"https:\/\/semanariolaprensa.com\/avantpremiere\/la-semana-de-lavalleja-ya-tiene-fecha-confirmada-para-su-53a-edicion\/#breadcrumblist","itemListElement":[{"@type":"ListItem","@id":"https:\/\/semanariolaprensa.com\/avantpremiere#listItem","position":1,"name":"Home","item":"https:\/\/semanariolaprensa.com\/avantpremiere","nextItem":{"@type":"ListItem","@id":"https:\/\/semanariolaprensa.com\/avantpremiere\/category\/festivales\/#listItem","name":"Festivales"}},{"@type":"ListItem","@id":"https:\/\/semanariolaprensa.com\/avantpremiere\/category\/festivales\/#listItem","position":2,"name":"Festivales","item":"https:\/\/semanariolaprensa.com\/avantpremiere\/category\/festivales\/","nextItem":{"@type":"ListItem","@id":"https:\/\/semanariolaprensa.com\/avantpremiere\/la-semana-de-lavalleja-ya-tiene-fecha-confirmada-para-su-53a-edicion\/#listItem","name":"La Semana de Lavalleja ya tiene fecha confirmada para su 53\u00aa edici\u00f3n"},"previousItem":{"@type":"ListItem","@id":"https:\/\/semanariolaprensa.com\/avantpremiere#listItem","name":"Home"}},{"@type":"ListItem","@id":"https:\/\/semanariolaprensa.com\/avantpremiere\/la-semana-de-lavalleja-ya-tiene-fecha-confirmada-para-su-53a-edicion\/#listItem","position":3,"name":"La Semana de Lavalleja ya tiene fecha confirmada para su 53\u00aa edici\u00f3n","previousItem":{"@type":"ListItem","@id":"https:\/\/semanariolaprensa.com\/avantpremiere\/category\/festivales\/#listItem","name":"Festivales"}}]},{"@type":"Organization","@id":"https:\/\/semanariolaprensa.com\/avantpremiere\/#organization","name":"Avant-Premi\u00e8re","description":"La primera fila del entretenimiento","url":"https:\/\/semanariolaprensa.com\/avantpremiere\/","logo":{"@type":"ImageObject","url":"https:\/\/i0.wp.com\/semanariolaprensa.com\/avantpremiere\/wp-content\/uploads\/2026\/01\/cropped-iconoaureapremiere-1.png?fit=512%2C512&ssl=1","@id":"https:\/\/semanariolaprensa.com\/avantpremiere\/la-semana-de-lavalleja-ya-tiene-fecha-confirmada-para-su-53a-edicion\/#organizationLogo","width":512,"height":512},"image":{"@id":"https:\/\/semanariolaprensa.com\/avantpremiere\/la-semana-de-lavalleja-ya-tiene-fecha-confirmada-para-su-53a-edicion\/#organizationLogo"}},{"@type":"Person","@id":"https:\/\/semanariolaprensa.com\/avantpremiere\/author\/debaaureapremiere\/#author","url":"https:\/\/semanariolaprensa.com\/avantpremiere\/author\/debaaureapremiere\/","name":"Avant Premi\u00e8re","image":{"@type":"ImageObject","@id":"https:\/\/semanariolaprensa.com\/avantpremiere\/la-semana-de-lavalleja-ya-tiene-fecha-confirmada-para-su-53a-edicion\/#authorImage","url":"https:\/\/secure.gravatar.com\/avatar\/25bd2526a0e92945ea41f6e68d1a9ff9a0293e6dffd0f172fc718d13a924f236?s=96&d=mm&r=g","width":96,"height":96,"caption":"Avant Premi\u00e8re"}},{"@type":"WebPage","@id":"https:\/\/semanariolaprensa.com\/avantpremiere\/la-semana-de-lavalleja-ya-tiene-fecha-confirmada-para-su-53a-edicion\/#webpage","url":"https:\/\/semanariolaprensa.com\/avantpremiere\/la-semana-de-lavalleja-ya-tiene-fecha-confirmada-para-su-53a-edicion\/","name":"La Semana de Lavalleja ya tiene fecha confirmada para su 53\u00aa edici\u00f3n - Avant-Premi\u00e8re","description":"La tradicional celebraci\u00f3n del departamento serrano ofrecer\u00e1 espect\u00e1culos en el Parque Rod\u00f3, propuestas culturales en distintas localidades y la cl\u00e1sica Noche de los Fogones en el Cerro Artigas. La Intendencia de Lavalleja present\u00f3 las fechas oficiales para la 53\u00aa edici\u00f3n de la Semana de Lavalleja, el tradicional evento del departamento serrano que este a\u00f1o se","inLanguage":"es-ES","isPartOf":{"@id":"https:\/\/semanariolaprensa.com\/avantpremiere\/#website"},"breadcrumb":{"@id":"https:\/\/semanariolaprensa.com\/avantpremiere\/la-semana-de-lavalleja-ya-tiene-fecha-confirmada-para-su-53a-edicion\/#breadcrumblist"},"author":{"@id":"https:\/\/semanariolaprensa.com\/avantpremiere\/author\/debaaureapremiere\/#author"},"creator":{"@id":"https:\/\/semanariolaprensa.com\/avantpremiere\/author\/debaaureapremiere\/#author"},"image":{"@type":"ImageObject","url":"https:\/\/i0.wp.com\/semanariolaprensa.com\/avantpremiere\/wp-content\/uploads\/2026\/09\/semanalavalleja2025.png?fit=945%2C709&ssl=1","@id":"https:\/\/semanariolaprensa.com\/avantpremiere\/la-semana-de-lavalleja-ya-tiene-fecha-confirmada-para-su-53a-edicion\/#mainImage","width":945,"height":709},"primaryImageOfPage":{"@id":"https:\/\/semanariolaprensa.com\/avantpremiere\/la-semana-de-lavalleja-ya-tiene-fecha-confirmada-para-su-53a-edicion\/#mainImage"},"datePublished":"2026-09-03T19:14:55-03:00","dateModified":"2026-09-03T22:13:19-03:00"},{"@type":"WebSite","@id":"https:\/\/semanariolaprensa.com\/avantpremiere\/#website","url":"https:\/\/semanariolaprensa.com\/avantpremiere\/","name":"Avant-Premi\u00e8re","description":"La primera fila del entretenimiento","inLanguage":"es-ES","publisher":{"@id":"https:\/\/semanariolaprensa.com\/avantpremiere\/#organization"}}]},"og:locale":"es_ES","og:site_name":"Avant-Premi\u00e8re - La primera fila del entretenimiento","og:type":"article","og:title":"La Semana de Lavalleja ya tiene fecha confirmada para su 53\u00aa edici\u00f3n - Avant-Premi\u00e8re","og:description":"La tradicional celebraci\u00f3n del departamento serrano ofrecer\u00e1 espect\u00e1culos en el Parque Rod\u00f3, propuestas culturales en distintas localidades y la cl\u00e1sica Noche de los Fogones en el Cerro Artigas. La Intendencia de Lavalleja present\u00f3 las fechas oficiales para la 53\u00aa edici\u00f3n de la Semana de Lavalleja, el tradicional evento del departamento serrano que este a\u00f1o se","og:url":"https:\/\/semanariolaprensa.com\/avantpremiere\/la-semana-de-lavalleja-ya-tiene-fecha-confirmada-para-su-53a-edicion\/","article:published_time":"2026-09-03T22:14:55+00:00","article:modified_time":"2026-09-04T01:13:19+00:00","twitter:card":"summary_large_image","twitter:title":"La Semana de Lavalleja ya tiene fecha confirmada para su 53\u00aa edici\u00f3n - Avant-Premi\u00e8re","twitter:description":"La tradicional celebraci\u00f3n del departamento serrano ofrecer\u00e1 espect\u00e1culos en el Parque Rod\u00f3, propuestas culturales en distintas localidades y la cl\u00e1sica Noche de los Fogones en el Cerro Artigas. La Intendencia de Lavalleja present\u00f3 las fechas oficiales para la 53\u00aa edici\u00f3n de la Semana de Lavalleja, el tradicional evento del departamento serrano que este a\u00f1o se"},"aioseo_meta_data":{"post_id":"3344","title":null,"description":null,"keywords":null,"keyphrases":{"focus":{"keyphrase":"","score":0,"analysis":{"keyphraseInTitle":{"score":0,"maxScore":9,"error":1}}},"additional":[]},"primary_term":null,"canonical_url":null,"og_title":null,"og_description":null,"og_object_type":"default","og_image_type":"default","og_image_url":null,"og_image_width":null,"og_image_height":null,"og_image_custom_url":null,"og_image_custom_fields":null,"og_video":"","og_custom_url":null,"og_article_section":null,"og_article_tags":null,"twitter_use_og":false,"twitter_card":"default","twitter_image_type":"default","twitter_image_url":null,"twitter_image_custom_url":null,"twitter_image_custom_fields":null,"twitter_title":null,"twitter_description":null,"schema":{"blockGraphs":[],"customGraphs":[],"default":{"data":{"Article":[],"Course":[],"Dataset":[],"FAQPage":[],"Movie":[],"Person":[],"Product":[],"ProductReview":[],"Car":[],"Recipe":[],"Service":[],"SoftwareApplication":[],"WebPage":[]},"graphName":"BlogPosting","isEnabled":true},"graphs":[]},"schema_type":"default","schema_type_options":null,"pillar_content":false,"robots_default":true,"robots_noindex":false,"robots_noarchive":false,"robots_nosnippet":false,"robots_nofollow":false,"robots_noimageindex":false,"robots_noodp":false,"robots_notranslate":false,"robots_max_snippet":"-1","robots_max_videopreview":"-1","robots_max_imagepreview":"large","priority":null,"frequency":"default","local_seo":null,"breadcrumb_settings":null,"limit_modified_date":false,"ai":{"faqs":[],"keyPoints":[],"schemas":[],"titles":[],"descriptions":[],"socialPosts":{"email":{"subject":"","preview":"","content":""},"linkedin":[],"twitter":[],"facebook":[],"instagram":[]}},"created":"2026-09-03 22:10:41","updated":"2026-09-04 02:39:45","seo_analyzer_scan_date":null,"focus_keyword":null,"additional_keywords":null,"truseo_locale":null},"aioseo_breadcrumb":"<div class=\"aioseo-breadcrumbs\"><span class=\"aioseo-breadcrumb\">\n\t\t\t<a href=\"https:\/\/semanariolaprensa.com\/avantpremiere\" title=\"Home\">Home<\/a>\n\t\t<\/span><span class=\"aioseo-breadcrumb-separator\">&raquo;<\/span><span class=\"aioseo-breadcrumb\">\n\t\t\t<a href=\"https:\/\/semanariolaprensa.com\/avantpremiere\/category\/festivales\/\" title=\"Festivales\">Festivales<\/a>\n\t\t<\/span><span class=\"aioseo-breadcrumb-separator\">&raquo;<\/span><span class=\"aioseo-breadcrumb\">\n\t\t\tLa Semana de Lavalleja ya tiene fecha confirmada para su 53\u00aa edici\u00f3n\n\t\t<\/span><\/div>","aioseo_breadcrumb_json":[{"label":"Home","link":"https:\/\/semanariolaprensa.com\/avantpremiere"},{"label":"Festivales","link":"https:\/\/semanariolaprensa.com\/avantpremiere\/category\/festivales\/"},{"label":"La Semana de Lavalleja ya tiene fecha confirmada para su 53\u00aa edici\u00f3n","link":"https:\/\/semanariolaprensa.com\/avantpremiere\/la-semana-de-lavalleja-ya-tiene-fecha-confirmada-para-su-53a-edicion\/"}],"jetpack_sharing_enabled":true,"jetpack_featured_media_url":"https:\/\/i0.wp.com\/semanariolaprensa.com\/avantpremiere\/wp-content\/uploads\/2026\/09\/semanalavalleja2025.png?fit=945%2C709&ssl=1","_links":{"self":[{"href":"https:\/\/semanariolaprensa.com\/avantpremiere\/wp-json\/wp\/v2\/posts\/3344","targetHints":{"allow":["GET"]}}],"collection":[{"href":"https:\/\/semanariolaprensa.com\/avantpremiere\/wp-json\/wp\/v2\/posts"}],"about":[{"href":"https:\/\/semanariolaprensa.com\/avantpremiere\/wp-json\/wp\/v2\/types\/post"}],"author":[{"embeddable":true,"href":"https:\/\/semanariolaprensa.com\/avantpremiere\/wp-json\/wp\/v2\/users\/1"}],"replies":[{"embeddable":true,"href":"https:\/\/semanariolaprensa.com\/avantpremiere\/wp-json\/wp\/v2\/comments?post=3344"}],"version-history":[{"count":2,"href":"https:\/\/semanariolaprensa.com\/avantpremiere\/wp-json\/wp\/v2\/posts\/3344\/revisions"}],"predecessor-version":[{"id":3361,"href":"https:\/\/semanariolaprensa.com\/avantpremiere\/wp-json\/wp\/v2\/posts\/3344\/revisions\/3361"}],"wp:featuredmedia":[{"embeddable":true,"href":"https:\/\/semanariolaprensa.com\/avantpremiere\/wp-json\/wp\/v2\/media\/3350"}],"wp:attachment":[{"href":"https:\/\/semanariolaprensa.com\/avantpremiere\/wp-json\/wp\/v2\/media?parent=3344"}],"wp:term":[{"taxonomy":"category","embeddable":true,"href":"https:\/\/semanariolaprensa.com\/avantpremiere\/wp-json\/wp\/v2\/categories?post=3344"},{"taxonomy":"post_tag","embeddable":true,"href":"https:\/\/semanariolaprensa.com\/avantpremiere\/wp-json\/wp\/v2\/tags?post=3344"}],"curies":[{"name":"wp","href":"https:\/\/api.w.org\/{rel}","templated":true}]}}