{"id":3330,"date":"2026-09-03T13:33:22","date_gmt":"2026-09-03T16:33:22","guid":{"rendered":"https:\/\/semanariolaprensa.com\/avantpremiere\/?p=3330"},"modified":"2026-09-03T13:33:25","modified_gmt":"2026-09-03T16:33:25","slug":"direccion-de-cultura-de-maldonado-proyecta-llevar-el-festival-de-cine-y-la-feria-del-libro-a-mas-localidades","status":"publish","type":"post","link":"https:\/\/semanariolaprensa.com\/avantpremiere\/direccion-de-cultura-de-maldonado-proyecta-llevar-el-festival-de-cine-y-la-feria-del-libro-a-mas-localidades\/","title":{"rendered":"Direcci\u00f3n de Cultura de Maldonado proyecta llevar el Festival de Cine y la Feria del Libro a m\u00e1s localidades"},"content":{"rendered":"\n<p class=\"wp-block-paragraph\">El director general del \u00e1rea, Andr\u00e9s Rapetti, detall\u00f3 ante la Junta Departamental el funcionamiento de la mesa de cultura, los fondos concursables y la concurrencia de 5.000 alumnos a las escuelas de arte.<\/p>\n\n\n\n<p class=\"wp-block-paragraph\">La Direcci\u00f3n General de Cultura de la Intendencia de Maldonado apunta a profundizar la descentralizaci\u00f3n de sus actividades y eventos en distintos barrios y localidades del departamento. El planteo fue realizado por el director general del \u00e1rea, Andr\u00e9s Rapetti, al comparecer este mi\u00e9rcoles ante la Junta Departamental en el marco del tratamiento de la modificaci\u00f3n presupuestal.<\/p>\n\n\n\n<p class=\"wp-block-paragraph\">Durante su exposici\u00f3n, el jerarca inform\u00f3 sobre la creaci\u00f3n de una mesa departamental de cultura orientada a articular acciones con las comunidades locales. Entre las l\u00edneas de trabajo destacadas, mencion\u00f3 la realizaci\u00f3n de concursos de canto dirigidos a artistas emergentes y la recuperaci\u00f3n del Fondo de Incentivo Audiovisual para realizadores y productores del departamento.<\/p>\n\n\n\n<p class=\"wp-block-paragraph\">En relaci\u00f3n con los servicios formativos, Rapetti subray\u00f3 la actividad de las escuelas de arte de Maldonado, que actualmente registran una matr\u00edcula cercana a los 5.000 usuarios en todo el territorio departamental. Asimismo, adelant\u00f3 que eventos tradicionales del calendario, como el Festival Internacional de Cine y la Feria del Libro, extender\u00e1n su programaci\u00f3n hacia m\u00e1s localidades del interior de Maldonado.<\/p>\n","protected":false},"excerpt":{"rendered":"<p>El director general del \u00e1rea, Andr\u00e9s Rapetti, detall\u00f3 ante la Junta Departamental el funcionamiento de la mesa de cultura, los fondos concursables y la concurrencia de 5.000 alumnos a las escuelas de arte. La Direcci\u00f3n General de Cultura de la Intendencia de Maldonado apunta a profundizar la descentralizaci\u00f3n de sus actividades y eventos en distintos [&hellip;]<\/p>\n","protected":false},"author":1,"featured_media":3331,"comment_status":"open","ping_status":"open","sticky":false,"template":"","format":"standard","meta":{"om_disable_all_campaigns":false,"_monsterinsights_skip_tracking":false,"_jetpack_newsletter_access":"","_jetpack_dont_email_post_to_subs":false,"_jetpack_newsletter_tier_id":0,"_jetpack_memberships_contains_paywalled_content":false,"_jetpack_feature_clip_id":0,"_jetpack_memberships_contains_paid_content":false,"jnews-multi-image_gallery":[],"jnews_single_post":{"format":"standard"},"jnews_primary_category":[],"jnews_override_bookmark_settings":[],"jnews_social_meta":[],"jnews_review":[],"enable_review":"","type":"","name":"","summary":"","brand":"","sku":"","good":[],"bad":[],"score_override":"","override_value":"","rating":[],"price":[],"jnews_override_counter":[],"footnotes":"","jetpack_post_was_ever_published":false},"categories":[415,416,82],"tags":[3567,918,3577,3576,3579,631,3578],"class_list":["post-3330","post","type-post","status-publish","format-standard","has-post-thumbnail","hentry","category-cultura","category-locales","category-primer-plano","tag-andres-rapetti","tag-cultura-maldonado","tag-escuelas-de-arte-maldonado","tag-feria-del-libro-maldonado","tag-festival-de-cine-maldonado","tag-intendencia-de-maldonado","tag-presupuesto-maldonado"],"aioseo_notices":[],"aioseo_head":"\n\t\t<!-- All in One SEO 5.0.1 - aioseo.com -->\n\t<meta name=\"description\" content=\"El director general del \u00e1rea, Andr\u00e9s Rapetti, detall\u00f3 ante la Junta Departamental el funcionamiento de la mesa de cultura, los fondos concursables y la concurrencia de 5.000 alumnos a las escuelas de arte. La Direcci\u00f3n General de Cultura de la Intendencia de Maldonado apunta a profundizar la descentralizaci\u00f3n de sus actividades y eventos en distintos\" \/>\n\t<meta name=\"robots\" content=\"max-image-preview:large\" \/>\n\t<meta name=\"author\" content=\"Avant Premi\u00e8re\"\/>\n\t<link rel=\"canonical\" href=\"https:\/\/semanariolaprensa.com\/avantpremiere\/direccion-de-cultura-de-maldonado-proyecta-llevar-el-festival-de-cine-y-la-feria-del-libro-a-mas-localidades\/\" \/>\n\t<meta name=\"generator\" content=\"All in One SEO (AIOSEO) 5.0.1\" \/>\n\t\t<meta property=\"og:locale\" content=\"es_ES\" \/>\n\t\t<meta property=\"og:site_name\" content=\"Avant-Premi\u00e8re - La primera fila del entretenimiento\" \/>\n\t\t<meta property=\"og:type\" content=\"article\" \/>\n\t\t<meta property=\"og:title\" content=\"Direcci\u00f3n de Cultura de Maldonado proyecta llevar el Festival de Cine y la Feria del Libro a m\u00e1s localidades - Avant-Premi\u00e8re\" \/>\n\t\t<meta property=\"og:description\" content=\"El director general del \u00e1rea, Andr\u00e9s Rapetti, detall\u00f3 ante la Junta Departamental el funcionamiento de la mesa de cultura, los fondos concursables y la concurrencia de 5.000 alumnos a las escuelas de arte. La Direcci\u00f3n General de Cultura de la Intendencia de Maldonado apunta a profundizar la descentralizaci\u00f3n de sus actividades y eventos en distintos\" \/>\n\t\t<meta property=\"og:url\" content=\"https:\/\/semanariolaprensa.com\/avantpremiere\/direccion-de-cultura-de-maldonado-proyecta-llevar-el-festival-de-cine-y-la-feria-del-libro-a-mas-localidades\/\" \/>\n\t\t<meta property=\"article:published_time\" content=\"2026-09-03T16:33:22+00:00\" \/>\n\t\t<meta property=\"article:modified_time\" content=\"2026-09-03T16:33:25+00:00\" \/>\n\t\t<meta name=\"twitter:card\" content=\"summary_large_image\" \/>\n\t\t<meta name=\"twitter:title\" content=\"Direcci\u00f3n de Cultura de Maldonado proyecta llevar el Festival de Cine y la Feria del Libro a m\u00e1s localidades - Avant-Premi\u00e8re\" \/>\n\t\t<meta name=\"twitter:description\" content=\"El director general del \u00e1rea, Andr\u00e9s Rapetti, detall\u00f3 ante la Junta Departamental el funcionamiento de la mesa de cultura, los fondos concursables y la concurrencia de 5.000 alumnos a las escuelas de arte. La Direcci\u00f3n General de Cultura de la Intendencia de Maldonado apunta a profundizar la descentralizaci\u00f3n de sus actividades y eventos en distintos\" \/>\n\t\t<script type=\"application\/ld+json\" class=\"aioseo-schema\">\n\t\t\t{\"@context\":\"https:\\\/\\\/schema.org\",\"@graph\":[{\"@type\":\"BlogPosting\",\"@id\":\"https:\\\/\\\/semanariolaprensa.com\\\/avantpremiere\\\/direccion-de-cultura-de-maldonado-proyecta-llevar-el-festival-de-cine-y-la-feria-del-libro-a-mas-localidades\\\/#blogposting\",\"name\":\"Direcci\\u00f3n de Cultura de Maldonado proyecta llevar el Festival de Cine y la Feria del Libro a m\\u00e1s localidades - Avant-Premi\\u00e8re\",\"headline\":\"Direcci\\u00f3n de Cultura de Maldonado proyecta llevar el Festival de Cine y la Feria del Libro a m\\u00e1s localidades\",\"author\":{\"@id\":\"https:\\\/\\\/semanariolaprensa.com\\\/avantpremiere\\\/author\\\/debaaureapremiere\\\/#author\"},\"publisher\":{\"@id\":\"https:\\\/\\\/semanariolaprensa.com\\\/avantpremiere\\\/#organization\"},\"image\":{\"@type\":\"ImageObject\",\"url\":\"https:\\\/\\\/i0.wp.com\\\/semanariolaprensa.com\\\/avantpremiere\\\/wp-content\\\/uploads\\\/2026\\\/09\\\/culturaidm.jpeg?fit=1200%2C900&ssl=1\",\"width\":1200,\"height\":900},\"datePublished\":\"2026-09-03T13:33:22-03:00\",\"dateModified\":\"2026-09-03T13:33:25-03:00\",\"inLanguage\":\"es-ES\",\"mainEntityOfPage\":{\"@id\":\"https:\\\/\\\/semanariolaprensa.com\\\/avantpremiere\\\/direccion-de-cultura-de-maldonado-proyecta-llevar-el-festival-de-cine-y-la-feria-del-libro-a-mas-localidades\\\/#webpage\"},\"isPartOf\":{\"@id\":\"https:\\\/\\\/semanariolaprensa.com\\\/avantpremiere\\\/direccion-de-cultura-de-maldonado-proyecta-llevar-el-festival-de-cine-y-la-feria-del-libro-a-mas-localidades\\\/#webpage\"},\"articleSection\":\"Cultura, Locales, Primer Plano, Andr\\u00e9s Rapetti, Cultura Maldonado, Escuelas de Arte Maldonado, Feria del Libro Maldonado, Festival de Cine Maldonado, Intendencia de Maldonado, Presupuesto Maldonado\"},{\"@type\":\"BreadcrumbList\",\"@id\":\"https:\\\/\\\/semanariolaprensa.com\\\/avantpremiere\\\/direccion-de-cultura-de-maldonado-proyecta-llevar-el-festival-de-cine-y-la-feria-del-libro-a-mas-localidades\\\/#breadcrumblist\",\"itemListElement\":[{\"@type\":\"ListItem\",\"@id\":\"https:\\\/\\\/semanariolaprensa.com\\\/avantpremiere#listItem\",\"position\":1,\"name\":\"Home\",\"item\":\"https:\\\/\\\/semanariolaprensa.com\\\/avantpremiere\",\"nextItem\":{\"@type\":\"ListItem\",\"@id\":\"https:\\\/\\\/semanariolaprensa.com\\\/avantpremiere\\\/category\\\/primer-plano\\\/#listItem\",\"name\":\"Primer Plano\"}},{\"@type\":\"ListItem\",\"@id\":\"https:\\\/\\\/semanariolaprensa.com\\\/avantpremiere\\\/category\\\/primer-plano\\\/#listItem\",\"position\":2,\"name\":\"Primer Plano\",\"item\":\"https:\\\/\\\/semanariolaprensa.com\\\/avantpremiere\\\/category\\\/primer-plano\\\/\",\"nextItem\":{\"@type\":\"ListItem\",\"@id\":\"https:\\\/\\\/semanariolaprensa.com\\\/avantpremiere\\\/direccion-de-cultura-de-maldonado-proyecta-llevar-el-festival-de-cine-y-la-feria-del-libro-a-mas-localidades\\\/#listItem\",\"name\":\"Direcci\\u00f3n de Cultura de Maldonado proyecta llevar el Festival de Cine y la Feria del Libro a m\\u00e1s localidades\"},\"previousItem\":{\"@type\":\"ListItem\",\"@id\":\"https:\\\/\\\/semanariolaprensa.com\\\/avantpremiere#listItem\",\"name\":\"Home\"}},{\"@type\":\"ListItem\",\"@id\":\"https:\\\/\\\/semanariolaprensa.com\\\/avantpremiere\\\/direccion-de-cultura-de-maldonado-proyecta-llevar-el-festival-de-cine-y-la-feria-del-libro-a-mas-localidades\\\/#listItem\",\"position\":3,\"name\":\"Direcci\\u00f3n de Cultura de Maldonado proyecta llevar el Festival de Cine y la Feria del Libro a m\\u00e1s localidades\",\"previousItem\":{\"@type\":\"ListItem\",\"@id\":\"https:\\\/\\\/semanariolaprensa.com\\\/avantpremiere\\\/category\\\/primer-plano\\\/#listItem\",\"name\":\"Primer Plano\"}}]},{\"@type\":\"Organization\",\"@id\":\"https:\\\/\\\/semanariolaprensa.com\\\/avantpremiere\\\/#organization\",\"name\":\"Avant-Premi\\u00e8re\",\"description\":\"La primera fila del entretenimiento\",\"url\":\"https:\\\/\\\/semanariolaprensa.com\\\/avantpremiere\\\/\",\"logo\":{\"@type\":\"ImageObject\",\"url\":\"https:\\\/\\\/i0.wp.com\\\/semanariolaprensa.com\\\/avantpremiere\\\/wp-content\\\/uploads\\\/2026\\\/01\\\/cropped-iconoaureapremiere-1.png?fit=512%2C512&ssl=1\",\"@id\":\"https:\\\/\\\/semanariolaprensa.com\\\/avantpremiere\\\/direccion-de-cultura-de-maldonado-proyecta-llevar-el-festival-de-cine-y-la-feria-del-libro-a-mas-localidades\\\/#organizationLogo\",\"width\":512,\"height\":512},\"image\":{\"@id\":\"https:\\\/\\\/semanariolaprensa.com\\\/avantpremiere\\\/direccion-de-cultura-de-maldonado-proyecta-llevar-el-festival-de-cine-y-la-feria-del-libro-a-mas-localidades\\\/#organizationLogo\"}},{\"@type\":\"Person\",\"@id\":\"https:\\\/\\\/semanariolaprensa.com\\\/avantpremiere\\\/author\\\/debaaureapremiere\\\/#author\",\"url\":\"https:\\\/\\\/semanariolaprensa.com\\\/avantpremiere\\\/author\\\/debaaureapremiere\\\/\",\"name\":\"Avant Premi\\u00e8re\",\"image\":{\"@type\":\"ImageObject\",\"@id\":\"https:\\\/\\\/semanariolaprensa.com\\\/avantpremiere\\\/direccion-de-cultura-de-maldonado-proyecta-llevar-el-festival-de-cine-y-la-feria-del-libro-a-mas-localidades\\\/#authorImage\",\"url\":\"https:\\\/\\\/secure.gravatar.com\\\/avatar\\\/25bd2526a0e92945ea41f6e68d1a9ff9a0293e6dffd0f172fc718d13a924f236?s=96&d=mm&r=g\",\"width\":96,\"height\":96,\"caption\":\"Avant Premi\\u00e8re\"}},{\"@type\":\"WebPage\",\"@id\":\"https:\\\/\\\/semanariolaprensa.com\\\/avantpremiere\\\/direccion-de-cultura-de-maldonado-proyecta-llevar-el-festival-de-cine-y-la-feria-del-libro-a-mas-localidades\\\/#webpage\",\"url\":\"https:\\\/\\\/semanariolaprensa.com\\\/avantpremiere\\\/direccion-de-cultura-de-maldonado-proyecta-llevar-el-festival-de-cine-y-la-feria-del-libro-a-mas-localidades\\\/\",\"name\":\"Direcci\\u00f3n de Cultura de Maldonado proyecta llevar el Festival de Cine y la Feria del Libro a m\\u00e1s localidades - Avant-Premi\\u00e8re\",\"description\":\"El director general del \\u00e1rea, Andr\\u00e9s Rapetti, detall\\u00f3 ante la Junta Departamental el funcionamiento de la mesa de cultura, los fondos concursables y la concurrencia de 5.000 alumnos a las escuelas de arte. La Direcci\\u00f3n General de Cultura de la Intendencia de Maldonado apunta a profundizar la descentralizaci\\u00f3n de sus actividades y eventos en distintos\",\"inLanguage\":\"es-ES\",\"isPartOf\":{\"@id\":\"https:\\\/\\\/semanariolaprensa.com\\\/avantpremiere\\\/#website\"},\"breadcrumb\":{\"@id\":\"https:\\\/\\\/semanariolaprensa.com\\\/avantpremiere\\\/direccion-de-cultura-de-maldonado-proyecta-llevar-el-festival-de-cine-y-la-feria-del-libro-a-mas-localidades\\\/#breadcrumblist\"},\"author\":{\"@id\":\"https:\\\/\\\/semanariolaprensa.com\\\/avantpremiere\\\/author\\\/debaaureapremiere\\\/#author\"},\"creator\":{\"@id\":\"https:\\\/\\\/semanariolaprensa.com\\\/avantpremiere\\\/author\\\/debaaureapremiere\\\/#author\"},\"image\":{\"@type\":\"ImageObject\",\"url\":\"https:\\\/\\\/i0.wp.com\\\/semanariolaprensa.com\\\/avantpremiere\\\/wp-content\\\/uploads\\\/2026\\\/09\\\/culturaidm.jpeg?fit=1200%2C900&ssl=1\",\"@id\":\"https:\\\/\\\/semanariolaprensa.com\\\/avantpremiere\\\/direccion-de-cultura-de-maldonado-proyecta-llevar-el-festival-de-cine-y-la-feria-del-libro-a-mas-localidades\\\/#mainImage\",\"width\":1200,\"height\":900},\"primaryImageOfPage\":{\"@id\":\"https:\\\/\\\/semanariolaprensa.com\\\/avantpremiere\\\/direccion-de-cultura-de-maldonado-proyecta-llevar-el-festival-de-cine-y-la-feria-del-libro-a-mas-localidades\\\/#mainImage\"},\"datePublished\":\"2026-09-03T13:33:22-03:00\",\"dateModified\":\"2026-09-03T13:33:25-03:00\"},{\"@type\":\"WebSite\",\"@id\":\"https:\\\/\\\/semanariolaprensa.com\\\/avantpremiere\\\/#website\",\"url\":\"https:\\\/\\\/semanariolaprensa.com\\\/avantpremiere\\\/\",\"name\":\"Avant-Premi\\u00e8re\",\"description\":\"La primera fila del entretenimiento\",\"inLanguage\":\"es-ES\",\"publisher\":{\"@id\":\"https:\\\/\\\/semanariolaprensa.com\\\/avantpremiere\\\/#organization\"}}]}\n\t\t<\/script>\n\t\t<!-- All in One SEO -->\n\n","aioseo_head_json":{"title":"Direcci\u00f3n de Cultura de Maldonado proyecta llevar el Festival de Cine y la Feria del Libro a m\u00e1s localidades - Avant-Premi\u00e8re","description":"El director general del \u00e1rea, Andr\u00e9s Rapetti, detall\u00f3 ante la Junta Departamental el funcionamiento de la mesa de cultura, los fondos concursables y la concurrencia de 5.000 alumnos a las escuelas de arte. La Direcci\u00f3n General de Cultura de la Intendencia de Maldonado apunta a profundizar la descentralizaci\u00f3n de sus actividades y eventos en distintos","canonical_url":"https:\/\/semanariolaprensa.com\/avantpremiere\/direccion-de-cultura-de-maldonado-proyecta-llevar-el-festival-de-cine-y-la-feria-del-libro-a-mas-localidades\/","robots":"max-image-preview:large","keywords":"","webmasterTools":{"miscellaneous":""},"schema":{"@context":"https:\/\/schema.org","@graph":[{"@type":"BlogPosting","@id":"https:\/\/semanariolaprensa.com\/avantpremiere\/direccion-de-cultura-de-maldonado-proyecta-llevar-el-festival-de-cine-y-la-feria-del-libro-a-mas-localidades\/#blogposting","name":"Direcci\u00f3n de Cultura de Maldonado proyecta llevar el Festival de Cine y la Feria del Libro a m\u00e1s localidades - Avant-Premi\u00e8re","headline":"Direcci\u00f3n de Cultura de Maldonado proyecta llevar el Festival de Cine y la Feria del Libro a m\u00e1s localidades","author":{"@id":"https:\/\/semanariolaprensa.com\/avantpremiere\/author\/debaaureapremiere\/#author"},"publisher":{"@id":"https:\/\/semanariolaprensa.com\/avantpremiere\/#organization"},"image":{"@type":"ImageObject","url":"https:\/\/i0.wp.com\/semanariolaprensa.com\/avantpremiere\/wp-content\/uploads\/2026\/09\/culturaidm.jpeg?fit=1200%2C900&ssl=1","width":1200,"height":900},"datePublished":"2026-09-03T13:33:22-03:00","dateModified":"2026-09-03T13:33:25-03:00","inLanguage":"es-ES","mainEntityOfPage":{"@id":"https:\/\/semanariolaprensa.com\/avantpremiere\/direccion-de-cultura-de-maldonado-proyecta-llevar-el-festival-de-cine-y-la-feria-del-libro-a-mas-localidades\/#webpage"},"isPartOf":{"@id":"https:\/\/semanariolaprensa.com\/avantpremiere\/direccion-de-cultura-de-maldonado-proyecta-llevar-el-festival-de-cine-y-la-feria-del-libro-a-mas-localidades\/#webpage"},"articleSection":"Cultura, Locales, Primer Plano, Andr\u00e9s Rapetti, Cultura Maldonado, Escuelas de Arte Maldonado, Feria del Libro Maldonado, Festival de Cine Maldonado, Intendencia de Maldonado, Presupuesto Maldonado"},{"@type":"BreadcrumbList","@id":"https:\/\/semanariolaprensa.com\/avantpremiere\/direccion-de-cultura-de-maldonado-proyecta-llevar-el-festival-de-cine-y-la-feria-del-libro-a-mas-localidades\/#breadcrumblist","itemListElement":[{"@type":"ListItem","@id":"https:\/\/semanariolaprensa.com\/avantpremiere#listItem","position":1,"name":"Home","item":"https:\/\/semanariolaprensa.com\/avantpremiere","nextItem":{"@type":"ListItem","@id":"https:\/\/semanariolaprensa.com\/avantpremiere\/category\/primer-plano\/#listItem","name":"Primer Plano"}},{"@type":"ListItem","@id":"https:\/\/semanariolaprensa.com\/avantpremiere\/category\/primer-plano\/#listItem","position":2,"name":"Primer Plano","item":"https:\/\/semanariolaprensa.com\/avantpremiere\/category\/primer-plano\/","nextItem":{"@type":"ListItem","@id":"https:\/\/semanariolaprensa.com\/avantpremiere\/direccion-de-cultura-de-maldonado-proyecta-llevar-el-festival-de-cine-y-la-feria-del-libro-a-mas-localidades\/#listItem","name":"Direcci\u00f3n de Cultura de Maldonado proyecta llevar el Festival de Cine y la Feria del Libro a m\u00e1s localidades"},"previousItem":{"@type":"ListItem","@id":"https:\/\/semanariolaprensa.com\/avantpremiere#listItem","name":"Home"}},{"@type":"ListItem","@id":"https:\/\/semanariolaprensa.com\/avantpremiere\/direccion-de-cultura-de-maldonado-proyecta-llevar-el-festival-de-cine-y-la-feria-del-libro-a-mas-localidades\/#listItem","position":3,"name":"Direcci\u00f3n de Cultura de Maldonado proyecta llevar el Festival de Cine y la Feria del Libro a m\u00e1s localidades","previousItem":{"@type":"ListItem","@id":"https:\/\/semanariolaprensa.com\/avantpremiere\/category\/primer-plano\/#listItem","name":"Primer Plano"}}]},{"@type":"Organization","@id":"https:\/\/semanariolaprensa.com\/avantpremiere\/#organization","name":"Avant-Premi\u00e8re","description":"La primera fila del entretenimiento","url":"https:\/\/semanariolaprensa.com\/avantpremiere\/","logo":{"@type":"ImageObject","url":"https:\/\/i0.wp.com\/semanariolaprensa.com\/avantpremiere\/wp-content\/uploads\/2026\/01\/cropped-iconoaureapremiere-1.png?fit=512%2C512&ssl=1","@id":"https:\/\/semanariolaprensa.com\/avantpremiere\/direccion-de-cultura-de-maldonado-proyecta-llevar-el-festival-de-cine-y-la-feria-del-libro-a-mas-localidades\/#organizationLogo","width":512,"height":512},"image":{"@id":"https:\/\/semanariolaprensa.com\/avantpremiere\/direccion-de-cultura-de-maldonado-proyecta-llevar-el-festival-de-cine-y-la-feria-del-libro-a-mas-localidades\/#organizationLogo"}},{"@type":"Person","@id":"https:\/\/semanariolaprensa.com\/avantpremiere\/author\/debaaureapremiere\/#author","url":"https:\/\/semanariolaprensa.com\/avantpremiere\/author\/debaaureapremiere\/","name":"Avant Premi\u00e8re","image":{"@type":"ImageObject","@id":"https:\/\/semanariolaprensa.com\/avantpremiere\/direccion-de-cultura-de-maldonado-proyecta-llevar-el-festival-de-cine-y-la-feria-del-libro-a-mas-localidades\/#authorImage","url":"https:\/\/secure.gravatar.com\/avatar\/25bd2526a0e92945ea41f6e68d1a9ff9a0293e6dffd0f172fc718d13a924f236?s=96&d=mm&r=g","width":96,"height":96,"caption":"Avant Premi\u00e8re"}},{"@type":"WebPage","@id":"https:\/\/semanariolaprensa.com\/avantpremiere\/direccion-de-cultura-de-maldonado-proyecta-llevar-el-festival-de-cine-y-la-feria-del-libro-a-mas-localidades\/#webpage","url":"https:\/\/semanariolaprensa.com\/avantpremiere\/direccion-de-cultura-de-maldonado-proyecta-llevar-el-festival-de-cine-y-la-feria-del-libro-a-mas-localidades\/","name":"Direcci\u00f3n de Cultura de Maldonado proyecta llevar el Festival de Cine y la Feria del Libro a m\u00e1s localidades - Avant-Premi\u00e8re","description":"El director general del \u00e1rea, Andr\u00e9s Rapetti, detall\u00f3 ante la Junta Departamental el funcionamiento de la mesa de cultura, los fondos concursables y la concurrencia de 5.000 alumnos a las escuelas de arte. La Direcci\u00f3n General de Cultura de la Intendencia de Maldonado apunta a profundizar la descentralizaci\u00f3n de sus actividades y eventos en distintos","inLanguage":"es-ES","isPartOf":{"@id":"https:\/\/semanariolaprensa.com\/avantpremiere\/#website"},"breadcrumb":{"@id":"https:\/\/semanariolaprensa.com\/avantpremiere\/direccion-de-cultura-de-maldonado-proyecta-llevar-el-festival-de-cine-y-la-feria-del-libro-a-mas-localidades\/#breadcrumblist"},"author":{"@id":"https:\/\/semanariolaprensa.com\/avantpremiere\/author\/debaaureapremiere\/#author"},"creator":{"@id":"https:\/\/semanariolaprensa.com\/avantpremiere\/author\/debaaureapremiere\/#author"},"image":{"@type":"ImageObject","url":"https:\/\/i0.wp.com\/semanariolaprensa.com\/avantpremiere\/wp-content\/uploads\/2026\/09\/culturaidm.jpeg?fit=1200%2C900&ssl=1","@id":"https:\/\/semanariolaprensa.com\/avantpremiere\/direccion-de-cultura-de-maldonado-proyecta-llevar-el-festival-de-cine-y-la-feria-del-libro-a-mas-localidades\/#mainImage","width":1200,"height":900},"primaryImageOfPage":{"@id":"https:\/\/semanariolaprensa.com\/avantpremiere\/direccion-de-cultura-de-maldonado-proyecta-llevar-el-festival-de-cine-y-la-feria-del-libro-a-mas-localidades\/#mainImage"},"datePublished":"2026-09-03T13:33:22-03:00","dateModified":"2026-09-03T13:33:25-03:00"},{"@type":"WebSite","@id":"https:\/\/semanariolaprensa.com\/avantpremiere\/#website","url":"https:\/\/semanariolaprensa.com\/avantpremiere\/","name":"Avant-Premi\u00e8re","description":"La primera fila del entretenimiento","inLanguage":"es-ES","publisher":{"@id":"https:\/\/semanariolaprensa.com\/avantpremiere\/#organization"}}]},"og:locale":"es_ES","og:site_name":"Avant-Premi\u00e8re - La primera fila del entretenimiento","og:type":"article","og:title":"Direcci\u00f3n de Cultura de Maldonado proyecta llevar el Festival de Cine y la Feria del Libro a m\u00e1s localidades - Avant-Premi\u00e8re","og:description":"El director general del \u00e1rea, Andr\u00e9s Rapetti, detall\u00f3 ante la Junta Departamental el funcionamiento de la mesa de cultura, los fondos concursables y la concurrencia de 5.000 alumnos a las escuelas de arte. La Direcci\u00f3n General de Cultura de la Intendencia de Maldonado apunta a profundizar la descentralizaci\u00f3n de sus actividades y eventos en distintos","og:url":"https:\/\/semanariolaprensa.com\/avantpremiere\/direccion-de-cultura-de-maldonado-proyecta-llevar-el-festival-de-cine-y-la-feria-del-libro-a-mas-localidades\/","article:published_time":"2026-09-03T16:33:22+00:00","article:modified_time":"2026-09-03T16:33:25+00:00","twitter:card":"summary_large_image","twitter:title":"Direcci\u00f3n de Cultura de Maldonado proyecta llevar el Festival de Cine y la Feria del Libro a m\u00e1s localidades - Avant-Premi\u00e8re","twitter:description":"El director general del \u00e1rea, Andr\u00e9s Rapetti, detall\u00f3 ante la Junta Departamental el funcionamiento de la mesa de cultura, los fondos concursables y la concurrencia de 5.000 alumnos a las escuelas de arte. La Direcci\u00f3n General de Cultura de la Intendencia de Maldonado apunta a profundizar la descentralizaci\u00f3n de sus actividades y eventos en distintos"},"aioseo_meta_data":{"post_id":"3330","title":null,"description":null,"keywords":null,"keyphrases":{"focus":{"keyphrase":"","score":0,"analysis":{"keyphraseInTitle":{"score":0,"maxScore":9,"error":1}}},"additional":[]},"primary_term":null,"canonical_url":null,"og_title":null,"og_description":null,"og_object_type":"default","og_image_type":"default","og_image_url":null,"og_image_width":null,"og_image_height":null,"og_image_custom_url":null,"og_image_custom_fields":null,"og_video":"","og_custom_url":null,"og_article_section":null,"og_article_tags":null,"twitter_use_og":false,"twitter_card":"default","twitter_image_type":"default","twitter_image_url":null,"twitter_image_custom_url":null,"twitter_image_custom_fields":null,"twitter_title":null,"twitter_description":null,"schema":{"blockGraphs":[],"customGraphs":[],"default":{"data":{"Article":[],"Course":[],"Dataset":[],"FAQPage":[],"Movie":[],"Person":[],"Product":[],"ProductReview":[],"Car":[],"Recipe":[],"Service":[],"SoftwareApplication":[],"WebPage":[]},"graphName":"BlogPosting","isEnabled":true},"graphs":[]},"schema_type":"default","schema_type_options":null,"pillar_content":false,"robots_default":true,"robots_noindex":false,"robots_noarchive":false,"robots_nosnippet":false,"robots_nofollow":false,"robots_noimageindex":false,"robots_noodp":false,"robots_notranslate":false,"robots_max_snippet":"-1","robots_max_videopreview":"-1","robots_max_imagepreview":"large","priority":null,"frequency":"default","local_seo":null,"breadcrumb_settings":null,"limit_modified_date":false,"ai":{"faqs":[],"keyPoints":[],"schemas":[],"titles":[],"descriptions":[],"socialPosts":{"email":{"subject":"","preview":"","content":""},"linkedin":[],"twitter":[],"facebook":[],"instagram":[]}},"created":"2026-09-03 16:33:25","updated":"2026-09-03 17:32:01","seo_analyzer_scan_date":null,"focus_keyword":null,"additional_keywords":null,"truseo_locale":null},"aioseo_breadcrumb":"<div class=\"aioseo-breadcrumbs\"><span class=\"aioseo-breadcrumb\">\n\t\t\t<a href=\"https:\/\/semanariolaprensa.com\/avantpremiere\" title=\"Home\">Home<\/a>\n\t\t<\/span><span class=\"aioseo-breadcrumb-separator\">&raquo;<\/span><span class=\"aioseo-breadcrumb\">\n\t\t\t<a href=\"https:\/\/semanariolaprensa.com\/avantpremiere\/category\/primer-plano\/\" title=\"Primer Plano\">Primer Plano<\/a>\n\t\t<\/span><span class=\"aioseo-breadcrumb-separator\">&raquo;<\/span><span class=\"aioseo-breadcrumb\">\n\t\t\tDirecci\u00f3n de Cultura de Maldonado proyecta llevar el Festival de Cine y la Feria del Libro a m\u00e1s localidades\n\t\t<\/span><\/div>","aioseo_breadcrumb_json":[{"label":"Home","link":"https:\/\/semanariolaprensa.com\/avantpremiere"},{"label":"Primer Plano","link":"https:\/\/semanariolaprensa.com\/avantpremiere\/category\/primer-plano\/"},{"label":"Direcci\u00f3n de Cultura de Maldonado proyecta llevar el Festival de Cine y la Feria del Libro a m\u00e1s localidades","link":"https:\/\/semanariolaprensa.com\/avantpremiere\/direccion-de-cultura-de-maldonado-proyecta-llevar-el-festival-de-cine-y-la-feria-del-libro-a-mas-localidades\/"}],"jetpack_sharing_enabled":true,"jetpack_featured_media_url":"https:\/\/i0.wp.com\/semanariolaprensa.com\/avantpremiere\/wp-content\/uploads\/2026\/09\/culturaidm.jpeg?fit=1200%2C900&ssl=1","_links":{"self":[{"href":"https:\/\/semanariolaprensa.com\/avantpremiere\/wp-json\/wp\/v2\/posts\/3330","targetHints":{"allow":["GET"]}}],"collection":[{"href":"https:\/\/semanariolaprensa.com\/avantpremiere\/wp-json\/wp\/v2\/posts"}],"about":[{"href":"https:\/\/semanariolaprensa.com\/avantpremiere\/wp-json\/wp\/v2\/types\/post"}],"author":[{"embeddable":true,"href":"https:\/\/semanariolaprensa.com\/avantpremiere\/wp-json\/wp\/v2\/users\/1"}],"replies":[{"embeddable":true,"href":"https:\/\/semanariolaprensa.com\/avantpremiere\/wp-json\/wp\/v2\/comments?post=3330"}],"version-history":[{"count":1,"href":"https:\/\/semanariolaprensa.com\/avantpremiere\/wp-json\/wp\/v2\/posts\/3330\/revisions"}],"predecessor-version":[{"id":3332,"href":"https:\/\/semanariolaprensa.com\/avantpremiere\/wp-json\/wp\/v2\/posts\/3330\/revisions\/3332"}],"wp:featuredmedia":[{"embeddable":true,"href":"https:\/\/semanariolaprensa.com\/avantpremiere\/wp-json\/wp\/v2\/media\/3331"}],"wp:attachment":[{"href":"https:\/\/semanariolaprensa.com\/avantpremiere\/wp-json\/wp\/v2\/media?parent=3330"}],"wp:term":[{"taxonomy":"category","embeddable":true,"href":"https:\/\/semanariolaprensa.com\/avantpremiere\/wp-json\/wp\/v2\/categories?post=3330"},{"taxonomy":"post_tag","embeddable":true,"href":"https:\/\/semanariolaprensa.com\/avantpremiere\/wp-json\/wp\/v2\/tags?post=3330"}],"curies":[{"name":"wp","href":"https:\/\/api.w.org\/{rel}","templated":true}]}}