{"id":3326,"date":"2026-09-03T10:37:46","date_gmt":"2026-09-03T13:37:46","guid":{"rendered":"https:\/\/semanariolaprensa.com\/avantpremiere\/?p=3326"},"modified":"2026-09-03T23:54:02","modified_gmt":"2026-09-04T02:54:02","slug":"llega-a-piriapolis-la-obra-de-teatro-documental-noche-de-radio","status":"publish","type":"post","link":"https:\/\/semanariolaprensa.com\/avantpremiere\/llega-a-piriapolis-la-obra-de-teatro-documental-noche-de-radio\/","title":{"rendered":"Llega a Piri\u00e1polis la obra de teatro documental \u00abNoche de Radio\u00bb"},"content":{"rendered":"\n<p class=\"wp-block-paragraph\">Este s\u00e1bado 5 de setiembre se presentar\u00e1 en Piri\u00e1polis la propuesta de teatro documental \u00abNoche de Radio\u00bb, una obra que invita a viajar a trav\u00e9s de la magia del medio radiof\u00f3nico y recuperar la atm\u00f3sfera de una \u00e9poca en la que la palabra, las voces y la imaginaci\u00f3n eran las verdaderas protagonistas.<\/p>\n\n\n\n<p class=\"wp-block-paragraph\">La funci\u00f3n contar\u00e1 con la actuaci\u00f3n protag\u00f3nica de Carlos Hern\u00e1ndez Grene bajo la direcci\u00f3n de Tabar\u00e9 Luizardo. La cita ser\u00e1 a las 19:30 horas en Espacio Miramar, ubicado sobre la Rambla de los Argentinos 1126.<\/p>\n\n\n\n<p class=\"wp-block-paragraph\">Las entradas generales tienen un costo de $ 600, con una promoci\u00f3n especial de dos localidades por $ 1.000.<\/p>\n\n\n\n<figure class=\"wp-block-image alignwide size-full\"><img data-recalc-dims=\"1\" fetchpriority=\"high\" decoding=\"async\" width=\"848\" height=\"1200\" src=\"https:\/\/i0.wp.com\/semanariolaprensa.com\/avantpremiere\/wp-content\/uploads\/2026\/09\/teatrodocumentalpiria.jpg?resize=848%2C1200&#038;ssl=1\" alt=\"\" class=\"wp-image-3327\" srcset=\"https:\/\/i0.wp.com\/semanariolaprensa.com\/avantpremiere\/wp-content\/uploads\/2026\/09\/teatrodocumentalpiria.jpg?w=848&amp;ssl=1 848w, https:\/\/i0.wp.com\/semanariolaprensa.com\/avantpremiere\/wp-content\/uploads\/2026\/09\/teatrodocumentalpiria.jpg?resize=212%2C300&amp;ssl=1 212w, https:\/\/i0.wp.com\/semanariolaprensa.com\/avantpremiere\/wp-content\/uploads\/2026\/09\/teatrodocumentalpiria.jpg?resize=768%2C1087&amp;ssl=1 768w, https:\/\/i0.wp.com\/semanariolaprensa.com\/avantpremiere\/wp-content\/uploads\/2026\/09\/teatrodocumentalpiria.jpg?resize=723%2C1024&amp;ssl=1 723w, https:\/\/i0.wp.com\/semanariolaprensa.com\/avantpremiere\/wp-content\/uploads\/2026\/09\/teatrodocumentalpiria.jpg?resize=750%2C1061&amp;ssl=1 750w\" sizes=\"(max-width: 848px) 100vw, 848px\" \/><\/figure>\n","protected":false},"excerpt":{"rendered":"<p>Este s\u00e1bado 5 de setiembre se presentar\u00e1 en Piri\u00e1polis la propuesta de teatro documental \u00abNoche de Radio\u00bb, una obra que invita a viajar a trav\u00e9s de la magia del medio radiof\u00f3nico y recuperar la atm\u00f3sfera de una \u00e9poca en la que la palabra, las voces y la imaginaci\u00f3n eran las verdaderas protagonistas. La funci\u00f3n contar\u00e1 [&hellip;]<\/p>\n","protected":false},"author":1,"featured_media":3328,"comment_status":"open","ping_status":"open","sticky":false,"template":"","format":"standard","meta":{"om_disable_all_campaigns":false,"_monsterinsights_skip_tracking":false,"_jetpack_newsletter_access":"","_jetpack_dont_email_post_to_subs":false,"_jetpack_newsletter_tier_id":0,"_jetpack_memberships_contains_paywalled_content":false,"_jetpack_feature_clip_id":0,"_jetpack_memberships_contains_paid_content":false,"jnews-multi-image_gallery":[],"jnews_single_post":{"format":"standard"},"jnews_primary_category":[],"jnews_override_bookmark_settings":[],"jnews_social_meta":[],"jnews_review":[],"enable_review":"","type":"","name":"","summary":"","brand":"","sku":"","good":[],"bad":[],"score_override":"","override_value":"","rating":[],"price":[],"jnews_override_counter":[],"footnotes":"","jetpack_post_was_ever_published":false},"categories":[96,415,416],"tags":[3573,1722,3574,3572,3575,3571],"class_list":["post-3326","post","type-post","status-publish","format-standard","has-post-thumbnail","hentry","category-cartelera","category-cultura","category-locales","tag-carlos-hernandez-grene","tag-cultura-piriapolis","tag-espacio-miramar","tag-noche-de-radio","tag-tabare-luizardo","tag-teatro-piriapolis"],"aioseo_notices":[],"aioseo_head":"\n\t\t<!-- All in One SEO 5.0.1 - aioseo.com -->\n\t<meta name=\"description\" content=\"Este s\u00e1bado 5 de setiembre se presentar\u00e1 en Piri\u00e1polis la propuesta de teatro documental \u00abNoche de Radio\u00bb, una obra que invita a viajar a trav\u00e9s de la magia del medio radiof\u00f3nico y recuperar la atm\u00f3sfera de una \u00e9poca en la que la palabra, las voces y la imaginaci\u00f3n eran las verdaderas protagonistas. La funci\u00f3n contar\u00e1\" \/>\n\t<meta name=\"robots\" content=\"max-image-preview:large\" \/>\n\t<meta name=\"author\" content=\"Avant Premi\u00e8re\"\/>\n\t<link rel=\"canonical\" href=\"https:\/\/semanariolaprensa.com\/avantpremiere\/llega-a-piriapolis-la-obra-de-teatro-documental-noche-de-radio\/\" \/>\n\t<meta name=\"generator\" content=\"All in One SEO (AIOSEO) 5.0.1\" \/>\n\t\t<meta property=\"og:locale\" content=\"es_ES\" \/>\n\t\t<meta property=\"og:site_name\" content=\"Avant-Premi\u00e8re - La primera fila del entretenimiento\" \/>\n\t\t<meta property=\"og:type\" content=\"article\" \/>\n\t\t<meta property=\"og:title\" content=\"Llega a Piri\u00e1polis la obra de teatro documental \u00abNoche de Radio\u00bb - Avant-Premi\u00e8re\" \/>\n\t\t<meta property=\"og:description\" content=\"Este s\u00e1bado 5 de setiembre se presentar\u00e1 en Piri\u00e1polis la propuesta de teatro documental \u00abNoche de Radio\u00bb, una obra que invita a viajar a trav\u00e9s de la magia del medio radiof\u00f3nico y recuperar la atm\u00f3sfera de una \u00e9poca en la que la palabra, las voces y la imaginaci\u00f3n eran las verdaderas protagonistas. La funci\u00f3n contar\u00e1\" \/>\n\t\t<meta property=\"og:url\" content=\"https:\/\/semanariolaprensa.com\/avantpremiere\/llega-a-piriapolis-la-obra-de-teatro-documental-noche-de-radio\/\" \/>\n\t\t<meta property=\"article:published_time\" content=\"2026-09-03T13:37:46+00:00\" \/>\n\t\t<meta property=\"article:modified_time\" content=\"2026-09-04T02:54:02+00:00\" \/>\n\t\t<meta name=\"twitter:card\" content=\"summary_large_image\" \/>\n\t\t<meta name=\"twitter:title\" content=\"Llega a Piri\u00e1polis la obra de teatro documental \u00abNoche de Radio\u00bb - Avant-Premi\u00e8re\" \/>\n\t\t<meta name=\"twitter:description\" content=\"Este s\u00e1bado 5 de setiembre se presentar\u00e1 en Piri\u00e1polis la propuesta de teatro documental \u00abNoche de Radio\u00bb, una obra que invita a viajar a trav\u00e9s de la magia del medio radiof\u00f3nico y recuperar la atm\u00f3sfera de una \u00e9poca en la que la palabra, las voces y la imaginaci\u00f3n eran las verdaderas protagonistas. La funci\u00f3n contar\u00e1\" \/>\n\t\t<script type=\"application\/ld+json\" class=\"aioseo-schema\">\n\t\t\t{\"@context\":\"https:\\\/\\\/schema.org\",\"@graph\":[{\"@type\":\"BlogPosting\",\"@id\":\"https:\\\/\\\/semanariolaprensa.com\\\/avantpremiere\\\/llega-a-piriapolis-la-obra-de-teatro-documental-noche-de-radio\\\/#blogposting\",\"name\":\"Llega a Piri\\u00e1polis la obra de teatro documental \\u00abNoche de Radio\\u00bb - Avant-Premi\\u00e8re\",\"headline\":\"Llega a Piri\\u00e1polis la obra de teatro documental \\u00abNoche de Radio\\u00bb\",\"author\":{\"@id\":\"https:\\\/\\\/semanariolaprensa.com\\\/avantpremiere\\\/author\\\/debaaureapremiere\\\/#author\"},\"publisher\":{\"@id\":\"https:\\\/\\\/semanariolaprensa.com\\\/avantpremiere\\\/#organization\"},\"image\":{\"@type\":\"ImageObject\",\"url\":\"https:\\\/\\\/i0.wp.com\\\/semanariolaprensa.com\\\/avantpremiere\\\/wp-content\\\/uploads\\\/2026\\\/09\\\/teatrodocumentalpiria-1.jpg?fit=1054%2C616&ssl=1\",\"width\":1054,\"height\":616},\"datePublished\":\"2026-09-03T10:37:46-03:00\",\"dateModified\":\"2026-09-03T23:54:02-03:00\",\"inLanguage\":\"es-ES\",\"mainEntityOfPage\":{\"@id\":\"https:\\\/\\\/semanariolaprensa.com\\\/avantpremiere\\\/llega-a-piriapolis-la-obra-de-teatro-documental-noche-de-radio\\\/#webpage\"},\"isPartOf\":{\"@id\":\"https:\\\/\\\/semanariolaprensa.com\\\/avantpremiere\\\/llega-a-piriapolis-la-obra-de-teatro-documental-noche-de-radio\\\/#webpage\"},\"articleSection\":\"Cartelera, Cultura, Locales, Carlos Hern\\u00e1ndez Grene, Cultura Piri\\u00e1polis, Espacio Miramar, Noche de Radio, Tabar\\u00e9 Luizardo, Teatro Piri\\u00e1polis\"},{\"@type\":\"BreadcrumbList\",\"@id\":\"https:\\\/\\\/semanariolaprensa.com\\\/avantpremiere\\\/llega-a-piriapolis-la-obra-de-teatro-documental-noche-de-radio\\\/#breadcrumblist\",\"itemListElement\":[{\"@type\":\"ListItem\",\"@id\":\"https:\\\/\\\/semanariolaprensa.com\\\/avantpremiere#listItem\",\"position\":1,\"name\":\"Home\",\"item\":\"https:\\\/\\\/semanariolaprensa.com\\\/avantpremiere\",\"nextItem\":{\"@type\":\"ListItem\",\"@id\":\"https:\\\/\\\/semanariolaprensa.com\\\/avantpremiere\\\/category\\\/cartelera\\\/#listItem\",\"name\":\"Cartelera\"}},{\"@type\":\"ListItem\",\"@id\":\"https:\\\/\\\/semanariolaprensa.com\\\/avantpremiere\\\/category\\\/cartelera\\\/#listItem\",\"position\":2,\"name\":\"Cartelera\",\"item\":\"https:\\\/\\\/semanariolaprensa.com\\\/avantpremiere\\\/category\\\/cartelera\\\/\",\"nextItem\":{\"@type\":\"ListItem\",\"@id\":\"https:\\\/\\\/semanariolaprensa.com\\\/avantpremiere\\\/llega-a-piriapolis-la-obra-de-teatro-documental-noche-de-radio\\\/#listItem\",\"name\":\"Llega a Piri\\u00e1polis la obra de teatro documental \\u00abNoche de Radio\\u00bb\"},\"previousItem\":{\"@type\":\"ListItem\",\"@id\":\"https:\\\/\\\/semanariolaprensa.com\\\/avantpremiere#listItem\",\"name\":\"Home\"}},{\"@type\":\"ListItem\",\"@id\":\"https:\\\/\\\/semanariolaprensa.com\\\/avantpremiere\\\/llega-a-piriapolis-la-obra-de-teatro-documental-noche-de-radio\\\/#listItem\",\"position\":3,\"name\":\"Llega a Piri\\u00e1polis la obra de teatro documental \\u00abNoche de Radio\\u00bb\",\"previousItem\":{\"@type\":\"ListItem\",\"@id\":\"https:\\\/\\\/semanariolaprensa.com\\\/avantpremiere\\\/category\\\/cartelera\\\/#listItem\",\"name\":\"Cartelera\"}}]},{\"@type\":\"Organization\",\"@id\":\"https:\\\/\\\/semanariolaprensa.com\\\/avantpremiere\\\/#organization\",\"name\":\"Avant-Premi\\u00e8re\",\"description\":\"La primera fila del entretenimiento\",\"url\":\"https:\\\/\\\/semanariolaprensa.com\\\/avantpremiere\\\/\",\"logo\":{\"@type\":\"ImageObject\",\"url\":\"https:\\\/\\\/i0.wp.com\\\/semanariolaprensa.com\\\/avantpremiere\\\/wp-content\\\/uploads\\\/2026\\\/01\\\/cropped-iconoaureapremiere-1.png?fit=512%2C512&ssl=1\",\"@id\":\"https:\\\/\\\/semanariolaprensa.com\\\/avantpremiere\\\/llega-a-piriapolis-la-obra-de-teatro-documental-noche-de-radio\\\/#organizationLogo\",\"width\":512,\"height\":512},\"image\":{\"@id\":\"https:\\\/\\\/semanariolaprensa.com\\\/avantpremiere\\\/llega-a-piriapolis-la-obra-de-teatro-documental-noche-de-radio\\\/#organizationLogo\"}},{\"@type\":\"Person\",\"@id\":\"https:\\\/\\\/semanariolaprensa.com\\\/avantpremiere\\\/author\\\/debaaureapremiere\\\/#author\",\"url\":\"https:\\\/\\\/semanariolaprensa.com\\\/avantpremiere\\\/author\\\/debaaureapremiere\\\/\",\"name\":\"Avant Premi\\u00e8re\",\"image\":{\"@type\":\"ImageObject\",\"@id\":\"https:\\\/\\\/semanariolaprensa.com\\\/avantpremiere\\\/llega-a-piriapolis-la-obra-de-teatro-documental-noche-de-radio\\\/#authorImage\",\"url\":\"https:\\\/\\\/secure.gravatar.com\\\/avatar\\\/25bd2526a0e92945ea41f6e68d1a9ff9a0293e6dffd0f172fc718d13a924f236?s=96&d=mm&r=g\",\"width\":96,\"height\":96,\"caption\":\"Avant Premi\\u00e8re\"}},{\"@type\":\"WebPage\",\"@id\":\"https:\\\/\\\/semanariolaprensa.com\\\/avantpremiere\\\/llega-a-piriapolis-la-obra-de-teatro-documental-noche-de-radio\\\/#webpage\",\"url\":\"https:\\\/\\\/semanariolaprensa.com\\\/avantpremiere\\\/llega-a-piriapolis-la-obra-de-teatro-documental-noche-de-radio\\\/\",\"name\":\"Llega a Piri\\u00e1polis la obra de teatro documental \\u00abNoche de Radio\\u00bb - Avant-Premi\\u00e8re\",\"description\":\"Este s\\u00e1bado 5 de setiembre se presentar\\u00e1 en Piri\\u00e1polis la propuesta de teatro documental \\u00abNoche de Radio\\u00bb, una obra que invita a viajar a trav\\u00e9s de la magia del medio radiof\\u00f3nico y recuperar la atm\\u00f3sfera de una \\u00e9poca en la que la palabra, las voces y la imaginaci\\u00f3n eran las verdaderas protagonistas. La funci\\u00f3n contar\\u00e1\",\"inLanguage\":\"es-ES\",\"isPartOf\":{\"@id\":\"https:\\\/\\\/semanariolaprensa.com\\\/avantpremiere\\\/#website\"},\"breadcrumb\":{\"@id\":\"https:\\\/\\\/semanariolaprensa.com\\\/avantpremiere\\\/llega-a-piriapolis-la-obra-de-teatro-documental-noche-de-radio\\\/#breadcrumblist\"},\"author\":{\"@id\":\"https:\\\/\\\/semanariolaprensa.com\\\/avantpremiere\\\/author\\\/debaaureapremiere\\\/#author\"},\"creator\":{\"@id\":\"https:\\\/\\\/semanariolaprensa.com\\\/avantpremiere\\\/author\\\/debaaureapremiere\\\/#author\"},\"image\":{\"@type\":\"ImageObject\",\"url\":\"https:\\\/\\\/i0.wp.com\\\/semanariolaprensa.com\\\/avantpremiere\\\/wp-content\\\/uploads\\\/2026\\\/09\\\/teatrodocumentalpiria-1.jpg?fit=1054%2C616&ssl=1\",\"@id\":\"https:\\\/\\\/semanariolaprensa.com\\\/avantpremiere\\\/llega-a-piriapolis-la-obra-de-teatro-documental-noche-de-radio\\\/#mainImage\",\"width\":1054,\"height\":616},\"primaryImageOfPage\":{\"@id\":\"https:\\\/\\\/semanariolaprensa.com\\\/avantpremiere\\\/llega-a-piriapolis-la-obra-de-teatro-documental-noche-de-radio\\\/#mainImage\"},\"datePublished\":\"2026-09-03T10:37:46-03:00\",\"dateModified\":\"2026-09-03T23:54:02-03:00\"},{\"@type\":\"WebSite\",\"@id\":\"https:\\\/\\\/semanariolaprensa.com\\\/avantpremiere\\\/#website\",\"url\":\"https:\\\/\\\/semanariolaprensa.com\\\/avantpremiere\\\/\",\"name\":\"Avant-Premi\\u00e8re\",\"description\":\"La primera fila del entretenimiento\",\"inLanguage\":\"es-ES\",\"publisher\":{\"@id\":\"https:\\\/\\\/semanariolaprensa.com\\\/avantpremiere\\\/#organization\"}}]}\n\t\t<\/script>\n\t\t<!-- All in One SEO -->\n\n","aioseo_head_json":{"title":"Llega a Piri\u00e1polis la obra de teatro documental \u00abNoche de Radio\u00bb - Avant-Premi\u00e8re","description":"Este s\u00e1bado 5 de setiembre se presentar\u00e1 en Piri\u00e1polis la propuesta de teatro documental \u00abNoche de Radio\u00bb, una obra que invita a viajar a trav\u00e9s de la magia del medio radiof\u00f3nico y recuperar la atm\u00f3sfera de una \u00e9poca en la que la palabra, las voces y la imaginaci\u00f3n eran las verdaderas protagonistas. La funci\u00f3n contar\u00e1","canonical_url":"https:\/\/semanariolaprensa.com\/avantpremiere\/llega-a-piriapolis-la-obra-de-teatro-documental-noche-de-radio\/","robots":"max-image-preview:large","keywords":"","webmasterTools":{"miscellaneous":""},"schema":{"@context":"https:\/\/schema.org","@graph":[{"@type":"BlogPosting","@id":"https:\/\/semanariolaprensa.com\/avantpremiere\/llega-a-piriapolis-la-obra-de-teatro-documental-noche-de-radio\/#blogposting","name":"Llega a Piri\u00e1polis la obra de teatro documental \u00abNoche de Radio\u00bb - Avant-Premi\u00e8re","headline":"Llega a Piri\u00e1polis la obra de teatro documental \u00abNoche de Radio\u00bb","author":{"@id":"https:\/\/semanariolaprensa.com\/avantpremiere\/author\/debaaureapremiere\/#author"},"publisher":{"@id":"https:\/\/semanariolaprensa.com\/avantpremiere\/#organization"},"image":{"@type":"ImageObject","url":"https:\/\/i0.wp.com\/semanariolaprensa.com\/avantpremiere\/wp-content\/uploads\/2026\/09\/teatrodocumentalpiria-1.jpg?fit=1054%2C616&ssl=1","width":1054,"height":616},"datePublished":"2026-09-03T10:37:46-03:00","dateModified":"2026-09-03T23:54:02-03:00","inLanguage":"es-ES","mainEntityOfPage":{"@id":"https:\/\/semanariolaprensa.com\/avantpremiere\/llega-a-piriapolis-la-obra-de-teatro-documental-noche-de-radio\/#webpage"},"isPartOf":{"@id":"https:\/\/semanariolaprensa.com\/avantpremiere\/llega-a-piriapolis-la-obra-de-teatro-documental-noche-de-radio\/#webpage"},"articleSection":"Cartelera, Cultura, Locales, Carlos Hern\u00e1ndez Grene, Cultura Piri\u00e1polis, Espacio Miramar, Noche de Radio, Tabar\u00e9 Luizardo, Teatro Piri\u00e1polis"},{"@type":"BreadcrumbList","@id":"https:\/\/semanariolaprensa.com\/avantpremiere\/llega-a-piriapolis-la-obra-de-teatro-documental-noche-de-radio\/#breadcrumblist","itemListElement":[{"@type":"ListItem","@id":"https:\/\/semanariolaprensa.com\/avantpremiere#listItem","position":1,"name":"Home","item":"https:\/\/semanariolaprensa.com\/avantpremiere","nextItem":{"@type":"ListItem","@id":"https:\/\/semanariolaprensa.com\/avantpremiere\/category\/cartelera\/#listItem","name":"Cartelera"}},{"@type":"ListItem","@id":"https:\/\/semanariolaprensa.com\/avantpremiere\/category\/cartelera\/#listItem","position":2,"name":"Cartelera","item":"https:\/\/semanariolaprensa.com\/avantpremiere\/category\/cartelera\/","nextItem":{"@type":"ListItem","@id":"https:\/\/semanariolaprensa.com\/avantpremiere\/llega-a-piriapolis-la-obra-de-teatro-documental-noche-de-radio\/#listItem","name":"Llega a Piri\u00e1polis la obra de teatro documental \u00abNoche de Radio\u00bb"},"previousItem":{"@type":"ListItem","@id":"https:\/\/semanariolaprensa.com\/avantpremiere#listItem","name":"Home"}},{"@type":"ListItem","@id":"https:\/\/semanariolaprensa.com\/avantpremiere\/llega-a-piriapolis-la-obra-de-teatro-documental-noche-de-radio\/#listItem","position":3,"name":"Llega a Piri\u00e1polis la obra de teatro documental \u00abNoche de Radio\u00bb","previousItem":{"@type":"ListItem","@id":"https:\/\/semanariolaprensa.com\/avantpremiere\/category\/cartelera\/#listItem","name":"Cartelera"}}]},{"@type":"Organization","@id":"https:\/\/semanariolaprensa.com\/avantpremiere\/#organization","name":"Avant-Premi\u00e8re","description":"La primera fila del entretenimiento","url":"https:\/\/semanariolaprensa.com\/avantpremiere\/","logo":{"@type":"ImageObject","url":"https:\/\/i0.wp.com\/semanariolaprensa.com\/avantpremiere\/wp-content\/uploads\/2026\/01\/cropped-iconoaureapremiere-1.png?fit=512%2C512&ssl=1","@id":"https:\/\/semanariolaprensa.com\/avantpremiere\/llega-a-piriapolis-la-obra-de-teatro-documental-noche-de-radio\/#organizationLogo","width":512,"height":512},"image":{"@id":"https:\/\/semanariolaprensa.com\/avantpremiere\/llega-a-piriapolis-la-obra-de-teatro-documental-noche-de-radio\/#organizationLogo"}},{"@type":"Person","@id":"https:\/\/semanariolaprensa.com\/avantpremiere\/author\/debaaureapremiere\/#author","url":"https:\/\/semanariolaprensa.com\/avantpremiere\/author\/debaaureapremiere\/","name":"Avant Premi\u00e8re","image":{"@type":"ImageObject","@id":"https:\/\/semanariolaprensa.com\/avantpremiere\/llega-a-piriapolis-la-obra-de-teatro-documental-noche-de-radio\/#authorImage","url":"https:\/\/secure.gravatar.com\/avatar\/25bd2526a0e92945ea41f6e68d1a9ff9a0293e6dffd0f172fc718d13a924f236?s=96&d=mm&r=g","width":96,"height":96,"caption":"Avant Premi\u00e8re"}},{"@type":"WebPage","@id":"https:\/\/semanariolaprensa.com\/avantpremiere\/llega-a-piriapolis-la-obra-de-teatro-documental-noche-de-radio\/#webpage","url":"https:\/\/semanariolaprensa.com\/avantpremiere\/llega-a-piriapolis-la-obra-de-teatro-documental-noche-de-radio\/","name":"Llega a Piri\u00e1polis la obra de teatro documental \u00abNoche de Radio\u00bb - Avant-Premi\u00e8re","description":"Este s\u00e1bado 5 de setiembre se presentar\u00e1 en Piri\u00e1polis la propuesta de teatro documental \u00abNoche de Radio\u00bb, una obra que invita a viajar a trav\u00e9s de la magia del medio radiof\u00f3nico y recuperar la atm\u00f3sfera de una \u00e9poca en la que la palabra, las voces y la imaginaci\u00f3n eran las verdaderas protagonistas. La funci\u00f3n contar\u00e1","inLanguage":"es-ES","isPartOf":{"@id":"https:\/\/semanariolaprensa.com\/avantpremiere\/#website"},"breadcrumb":{"@id":"https:\/\/semanariolaprensa.com\/avantpremiere\/llega-a-piriapolis-la-obra-de-teatro-documental-noche-de-radio\/#breadcrumblist"},"author":{"@id":"https:\/\/semanariolaprensa.com\/avantpremiere\/author\/debaaureapremiere\/#author"},"creator":{"@id":"https:\/\/semanariolaprensa.com\/avantpremiere\/author\/debaaureapremiere\/#author"},"image":{"@type":"ImageObject","url":"https:\/\/i0.wp.com\/semanariolaprensa.com\/avantpremiere\/wp-content\/uploads\/2026\/09\/teatrodocumentalpiria-1.jpg?fit=1054%2C616&ssl=1","@id":"https:\/\/semanariolaprensa.com\/avantpremiere\/llega-a-piriapolis-la-obra-de-teatro-documental-noche-de-radio\/#mainImage","width":1054,"height":616},"primaryImageOfPage":{"@id":"https:\/\/semanariolaprensa.com\/avantpremiere\/llega-a-piriapolis-la-obra-de-teatro-documental-noche-de-radio\/#mainImage"},"datePublished":"2026-09-03T10:37:46-03:00","dateModified":"2026-09-03T23:54:02-03:00"},{"@type":"WebSite","@id":"https:\/\/semanariolaprensa.com\/avantpremiere\/#website","url":"https:\/\/semanariolaprensa.com\/avantpremiere\/","name":"Avant-Premi\u00e8re","description":"La primera fila del entretenimiento","inLanguage":"es-ES","publisher":{"@id":"https:\/\/semanariolaprensa.com\/avantpremiere\/#organization"}}]},"og:locale":"es_ES","og:site_name":"Avant-Premi\u00e8re - La primera fila del entretenimiento","og:type":"article","og:title":"Llega a Piri\u00e1polis la obra de teatro documental \u00abNoche de Radio\u00bb - Avant-Premi\u00e8re","og:description":"Este s\u00e1bado 5 de setiembre se presentar\u00e1 en Piri\u00e1polis la propuesta de teatro documental \u00abNoche de Radio\u00bb, una obra que invita a viajar a trav\u00e9s de la magia del medio radiof\u00f3nico y recuperar la atm\u00f3sfera de una \u00e9poca en la que la palabra, las voces y la imaginaci\u00f3n eran las verdaderas protagonistas. La funci\u00f3n contar\u00e1","og:url":"https:\/\/semanariolaprensa.com\/avantpremiere\/llega-a-piriapolis-la-obra-de-teatro-documental-noche-de-radio\/","article:published_time":"2026-09-03T13:37:46+00:00","article:modified_time":"2026-09-04T02:54:02+00:00","twitter:card":"summary_large_image","twitter:title":"Llega a Piri\u00e1polis la obra de teatro documental \u00abNoche de Radio\u00bb - Avant-Premi\u00e8re","twitter:description":"Este s\u00e1bado 5 de setiembre se presentar\u00e1 en Piri\u00e1polis la propuesta de teatro documental \u00abNoche de Radio\u00bb, una obra que invita a viajar a trav\u00e9s de la magia del medio radiof\u00f3nico y recuperar la atm\u00f3sfera de una \u00e9poca en la que la palabra, las voces y la imaginaci\u00f3n eran las verdaderas protagonistas. La funci\u00f3n contar\u00e1"},"aioseo_meta_data":{"post_id":"3326","title":null,"description":null,"keywords":null,"keyphrases":{"focus":{"keyphrase":"","score":0,"analysis":{"keyphraseInTitle":{"score":0,"maxScore":9,"error":1}}},"additional":[]},"primary_term":null,"canonical_url":null,"og_title":null,"og_description":null,"og_object_type":"default","og_image_type":"default","og_image_url":null,"og_image_width":null,"og_image_height":null,"og_image_custom_url":null,"og_image_custom_fields":null,"og_video":"","og_custom_url":null,"og_article_section":null,"og_article_tags":null,"twitter_use_og":false,"twitter_card":"default","twitter_image_type":"default","twitter_image_url":null,"twitter_image_custom_url":null,"twitter_image_custom_fields":null,"twitter_title":null,"twitter_description":null,"schema":{"blockGraphs":[],"customGraphs":[],"default":{"data":{"Article":[],"Course":[],"Dataset":[],"FAQPage":[],"Movie":[],"Person":[],"Product":[],"ProductReview":[],"Car":[],"Recipe":[],"Service":[],"SoftwareApplication":[],"WebPage":[]},"graphName":"BlogPosting","isEnabled":true},"graphs":[]},"schema_type":"default","schema_type_options":null,"pillar_content":false,"robots_default":true,"robots_noindex":false,"robots_noarchive":false,"robots_nosnippet":false,"robots_nofollow":false,"robots_noimageindex":false,"robots_noodp":false,"robots_notranslate":false,"robots_max_snippet":"-1","robots_max_videopreview":"-1","robots_max_imagepreview":"large","priority":null,"frequency":"default","local_seo":null,"breadcrumb_settings":null,"limit_modified_date":false,"ai":{"faqs":[],"keyPoints":[],"schemas":[],"titles":[],"descriptions":[],"socialPosts":{"email":{"subject":"","preview":"","content":""},"linkedin":[],"twitter":[],"facebook":[],"instagram":[]}},"created":"2026-09-03 13:37:49","updated":"2026-09-04 02:54:02","seo_analyzer_scan_date":null,"focus_keyword":null,"additional_keywords":null,"truseo_locale":null},"aioseo_breadcrumb":"<div class=\"aioseo-breadcrumbs\"><span class=\"aioseo-breadcrumb\">\n\t\t\t<a href=\"https:\/\/semanariolaprensa.com\/avantpremiere\" title=\"Home\">Home<\/a>\n\t\t<\/span><span class=\"aioseo-breadcrumb-separator\">&raquo;<\/span><span class=\"aioseo-breadcrumb\">\n\t\t\t<a href=\"https:\/\/semanariolaprensa.com\/avantpremiere\/category\/cartelera\/\" title=\"Cartelera\">Cartelera<\/a>\n\t\t<\/span><span class=\"aioseo-breadcrumb-separator\">&raquo;<\/span><span class=\"aioseo-breadcrumb\">\n\t\t\tLlega a Piri\u00e1polis la obra de teatro documental \u00abNoche de Radio\u00bb\n\t\t<\/span><\/div>","aioseo_breadcrumb_json":[{"label":"Home","link":"https:\/\/semanariolaprensa.com\/avantpremiere"},{"label":"Cartelera","link":"https:\/\/semanariolaprensa.com\/avantpremiere\/category\/cartelera\/"},{"label":"Llega a Piri\u00e1polis la obra de teatro documental \u00abNoche de Radio\u00bb","link":"https:\/\/semanariolaprensa.com\/avantpremiere\/llega-a-piriapolis-la-obra-de-teatro-documental-noche-de-radio\/"}],"jetpack_sharing_enabled":true,"jetpack_featured_media_url":"https:\/\/i0.wp.com\/semanariolaprensa.com\/avantpremiere\/wp-content\/uploads\/2026\/09\/teatrodocumentalpiria-1.jpg?fit=1054%2C616&ssl=1","_links":{"self":[{"href":"https:\/\/semanariolaprensa.com\/avantpremiere\/wp-json\/wp\/v2\/posts\/3326","targetHints":{"allow":["GET"]}}],"collection":[{"href":"https:\/\/semanariolaprensa.com\/avantpremiere\/wp-json\/wp\/v2\/posts"}],"about":[{"href":"https:\/\/semanariolaprensa.com\/avantpremiere\/wp-json\/wp\/v2\/types\/post"}],"author":[{"embeddable":true,"href":"https:\/\/semanariolaprensa.com\/avantpremiere\/wp-json\/wp\/v2\/users\/1"}],"replies":[{"embeddable":true,"href":"https:\/\/semanariolaprensa.com\/avantpremiere\/wp-json\/wp\/v2\/comments?post=3326"}],"version-history":[{"count":2,"href":"https:\/\/semanariolaprensa.com\/avantpremiere\/wp-json\/wp\/v2\/posts\/3326\/revisions"}],"predecessor-version":[{"id":3362,"href":"https:\/\/semanariolaprensa.com\/avantpremiere\/wp-json\/wp\/v2\/posts\/3326\/revisions\/3362"}],"wp:featuredmedia":[{"embeddable":true,"href":"https:\/\/semanariolaprensa.com\/avantpremiere\/wp-json\/wp\/v2\/media\/3328"}],"wp:attachment":[{"href":"https:\/\/semanariolaprensa.com\/avantpremiere\/wp-json\/wp\/v2\/media?parent=3326"}],"wp:term":[{"taxonomy":"category","embeddable":true,"href":"https:\/\/semanariolaprensa.com\/avantpremiere\/wp-json\/wp\/v2\/categories?post=3326"},{"taxonomy":"post_tag","embeddable":true,"href":"https:\/\/semanariolaprensa.com\/avantpremiere\/wp-json\/wp\/v2\/tags?post=3326"}],"curies":[{"name":"wp","href":"https:\/\/api.w.org\/{rel}","templated":true}]}}