{"id":3323,"date":"2026-09-03T00:35:33","date_gmt":"2026-09-03T03:35:33","guid":{"rendered":"https:\/\/semanariolaprensa.com\/avantpremiere\/?p=3323"},"modified":"2026-09-03T00:35:35","modified_gmt":"2026-09-03T03:35:35","slug":"netflix-presenta-en-uruguay-la-serie-documental-mas-alla-de-la-sociedad","status":"publish","type":"post","link":"https:\/\/semanariolaprensa.com\/avantpremiere\/netflix-presenta-en-uruguay-la-serie-documental-mas-alla-de-la-sociedad\/","title":{"rendered":"Netflix presenta en Uruguay la serie documental M\u00e1s all\u00e1 de la sociedad"},"content":{"rendered":"\n<p class=\"wp-block-paragraph\">Netflix realizar\u00e1 en Montevideo una proyecci\u00f3n especial de <em>M\u00e1s all\u00e1 de la sociedad<\/em>, una serie documental de tres episodios que profundiza en las consecuencias humanas y emocionales del accidente a\u00e9reo de los Andes m\u00e1s de cinco d\u00e9cadas despu\u00e9s de la tragedia.<\/p>\n\n\n\n<p class=\"wp-block-paragraph\">La presentaci\u00f3n contar\u00e1 con la presencia de J.A. Bayona, Carlos Torres, Sandra Hermida y Bel\u00e9n Atienza, quienes participar\u00e1n de esta instancia exclusiva dirigida a medios de comunicaci\u00f3n e invitados especiales.<\/p>\n\n\n\n<p class=\"wp-block-paragraph\">Creada por J.A. Bayona y Carlos Torres y dirigida por Carlos Torres, la producci\u00f3n re\u00fane testimonios in\u00e9ditos de familiares y supervivientes, adem\u00e1s de la participaci\u00f3n de los escritores Piers Paul Read y Pablo Vierci, junto a los cineastas Frank Marshall y J.A. Bayona.<\/p>\n\n\n\n<p class=\"wp-block-paragraph\">La actividad tendr\u00e1 lugar el pr\u00f3ximo lunes 7 de setiembre en Movie Center, ubicado en Montevideo Shopping (Av. Luis Alberto de Herrera 1290). La citaci\u00f3n est\u00e1 prevista para las 10:45 horas, mientras que la proyecci\u00f3n comenzar\u00e1 a las 11:00 horas. La duraci\u00f3n estimada del evento ser\u00e1 de aproximadamente tres horas.<\/p>\n\n\n\n<h5 class=\"wp-block-heading\"><strong>Una historia que comienza despu\u00e9s del rescate<\/strong><\/h5>\n\n\n\n<p class=\"wp-block-paragraph\">Seg\u00fan adelanta Netflix, <em>M\u00e1s all\u00e1 de la sociedad<\/em> aborda una dimensi\u00f3n poco explorada de la tragedia de los Andes: la vida de los supervivientes tras regresar a Uruguay.<\/p>\n\n\n\n<p class=\"wp-block-paragraph\">La serie sostiene que el accidente no termin\u00f3 con el rescate, sino que dio paso a otra etapa marcada por la convivencia con el recuerdo de quienes no regresaron y por el impacto que la tragedia tuvo en toda una comunidad. A trav\u00e9s de testimonios, material de archivo y nuevas reflexiones, la producci\u00f3n recorre medio siglo de historia para mostrar c\u00f3mo los supervivientes y las familias de las v\u00edctimas afrontaron las consecuencias de aquellos acontecimientos.<\/p>\n\n\n\n<p class=\"wp-block-paragraph\">La propuesta tambi\u00e9n analiza c\u00f3mo la tragedia se convirti\u00f3 en un relato universal y de qu\u00e9 manera volver a contar la historia puede transformar la forma de comprenderla.<\/p>\n\n\n\n<h5 class=\"wp-block-heading\"><strong>Embargo de publicaci\u00f3n<\/strong><\/h5>\n\n\n\n<p class=\"wp-block-paragraph\">Netflix inform\u00f3 que la serie documental llegar\u00e1 a la plataforma a nivel global en <strong>2026<\/strong> y record\u00f3 a los asistentes que todo el contenido relacionado con la proyecci\u00f3n estar\u00e1 sujeto a un estricto embargo informativo.<\/p>\n\n\n\n<p class=\"wp-block-paragraph\">Por esta raz\u00f3n, no podr\u00e1n publicarse entrevistas, cr\u00edticas, rese\u00f1as, art\u00edculos, piezas period\u00edsticas ni reacciones en redes sociales sobre la serie documental hasta el 23 de setiembre a las 22:00 horas (CEST), una vez realizada su premiere mundial en la Secci\u00f3n Oficial del Festival Internacional de Cine de San Sebasti\u00e1n.<\/p>\n\n\n\n<p class=\"wp-block-paragraph\">La medida alcanza a cualquier valoraci\u00f3n o contenido derivado de la proyecci\u00f3n especial, por lo que los medios acreditados deber\u00e1n respetar la fecha y hora establecidas antes de difundir informaci\u00f3n, comentarios o an\u00e1lisis sobre la producci\u00f3n.<\/p>\n\n\n\n<p class=\"wp-block-paragraph\">Sin\u00f3psis<\/p>\n\n\n\n<p class=\"wp-block-paragraph\"><strong><em>M\u00e1s all\u00e1 de la sociedad<\/em><\/strong> es un intenso relato, estructurado en tres episodios, en el que Bayona y gran parte del reparto de <strong><em>La sociedad de la nieve<\/em><\/strong> <strong><\/strong>se desplazan hasta los Andes, al mismo lugar del accidente, para propiciar un singular encuentro entre la realidad y la ficci\u00f3n. A partir de ese viaje, la serie recorre los cincuenta a\u00f1os posteriores a la tragedia, explorando con los supervivientes y los familiares de los fallecidos c\u00f3mo aquel vuelo marc\u00f3 para siempre las vidas de una comunidad y se convirti\u00f3 en un fen\u00f3meno de repercusi\u00f3n mundial que inspir\u00f3 innumerables libros y pel\u00edculas.&nbsp;<\/p>\n\n\n\n<p class=\"wp-block-paragraph\">Para <strong>J.A. Bayona<\/strong>, \u201c<em>la idea de<\/em> <strong><em>M\u00e1s all\u00e1 de la sociedad<\/em><\/strong> <em>surgi\u00f3 cuando decidimos viajar al Valle de las L\u00e1grimas con el reparto de la pel\u00edcula. Ninguno de los actores hab\u00eda estado all\u00ed y sentimos que era la mejor manera de cerrar un cap\u00edtulo muy importante de nuestras vidas y de agradecer a quienes confiaron en nosotros para contar su historia. All\u00ed tomamos conciencia de hasta qu\u00e9 punto la historia real y las personas que vivieron la tragedia estaban ya \u00edntimamente entretejidas con los que hab\u00edamos creado la ficci\u00f3n.\u201d<\/em><\/p>\n\n\n\n<p class=\"wp-block-paragraph\"><strong><em>M\u00e1s all\u00e1 de la sociedad<\/em><\/strong> est\u00e1 producida por <strong>Bel\u00e9n Atienza<\/strong>, <strong>Sandra Hermida<\/strong> y <strong>J.A. Bayona<\/strong>, creada por <strong>J.A. Bayona<\/strong> y <strong>Carlos Torres<\/strong> y dirigida por <strong>este \u00faltimo<\/strong>. Netflix estrenar\u00e1 la serie globalmente en 2026.<\/p>\n","protected":false},"excerpt":{"rendered":"<p>Netflix realizar\u00e1 en Montevideo una proyecci\u00f3n especial de M\u00e1s all\u00e1 de la sociedad, una serie documental de tres episodios que profundiza en las consecuencias humanas y emocionales del accidente a\u00e9reo de los Andes m\u00e1s de cinco d\u00e9cadas despu\u00e9s de la tragedia. La presentaci\u00f3n contar\u00e1 con la presencia de J.A. Bayona, Carlos Torres, Sandra Hermida y [&hellip;]<\/p>\n","protected":false},"author":1,"featured_media":3324,"comment_status":"open","ping_status":"open","sticky":false,"template":"","format":"standard","meta":{"om_disable_all_campaigns":false,"_monsterinsights_skip_tracking":false,"_jetpack_newsletter_access":"","_jetpack_dont_email_post_to_subs":false,"_jetpack_newsletter_tier_id":0,"_jetpack_memberships_contains_paywalled_content":false,"_jetpack_feature_clip_id":0,"_jetpack_memberships_contains_paid_content":false,"jnews-multi-image_gallery":[],"jnews_single_post":{"format":"standard"},"jnews_primary_category":[],"jnews_override_bookmark_settings":[],"jnews_social_meta":[],"jnews_review":[],"enable_review":"","type":"","name":"","summary":"","brand":"","sku":"","good":[],"bad":[],"score_override":"","override_value":"","rating":[],"price":[],"jnews_override_counter":[],"footnotes":"","jetpack_post_was_ever_published":false},"categories":[96,384,92,82,382],"tags":[],"class_list":["post-3323","post","type-post","status-publish","format-standard","has-post-thumbnail","hentry","category-cartelera","category-estrenos","category-pantalla","category-primer-plano","category-series"],"aioseo_notices":[],"aioseo_head":"\n\t\t<!-- All in One SEO 5.0.1 - aioseo.com -->\n\t<meta name=\"description\" content=\"Netflix realizar\u00e1 en Montevideo una proyecci\u00f3n especial de M\u00e1s all\u00e1 de la sociedad, una serie documental de tres episodios que profundiza en las consecuencias humanas y emocionales del accidente a\u00e9reo de los Andes m\u00e1s de cinco d\u00e9cadas despu\u00e9s de la tragedia. La presentaci\u00f3n contar\u00e1 con la presencia de J.A. Bayona, Carlos Torres, Sandra Hermida y\" \/>\n\t<meta name=\"robots\" content=\"max-image-preview:large\" \/>\n\t<meta name=\"author\" content=\"Avant Premi\u00e8re\"\/>\n\t<link rel=\"canonical\" href=\"https:\/\/semanariolaprensa.com\/avantpremiere\/netflix-presenta-en-uruguay-la-serie-documental-mas-alla-de-la-sociedad\/\" \/>\n\t<meta name=\"generator\" content=\"All in One SEO (AIOSEO) 5.0.1\" \/>\n\t\t<meta property=\"og:locale\" content=\"es_ES\" \/>\n\t\t<meta property=\"og:site_name\" content=\"Avant-Premi\u00e8re - La primera fila del entretenimiento\" \/>\n\t\t<meta property=\"og:type\" content=\"article\" \/>\n\t\t<meta property=\"og:title\" content=\"Netflix presenta en Uruguay la serie documental M\u00e1s all\u00e1 de la sociedad - Avant-Premi\u00e8re\" \/>\n\t\t<meta property=\"og:description\" content=\"Netflix realizar\u00e1 en Montevideo una proyecci\u00f3n especial de M\u00e1s all\u00e1 de la sociedad, una serie documental de tres episodios que profundiza en las consecuencias humanas y emocionales del accidente a\u00e9reo de los Andes m\u00e1s de cinco d\u00e9cadas despu\u00e9s de la tragedia. La presentaci\u00f3n contar\u00e1 con la presencia de J.A. Bayona, Carlos Torres, Sandra Hermida y\" \/>\n\t\t<meta property=\"og:url\" content=\"https:\/\/semanariolaprensa.com\/avantpremiere\/netflix-presenta-en-uruguay-la-serie-documental-mas-alla-de-la-sociedad\/\" \/>\n\t\t<meta property=\"article:published_time\" content=\"2026-09-03T03:35:33+00:00\" \/>\n\t\t<meta property=\"article:modified_time\" content=\"2026-09-03T03:35:35+00:00\" \/>\n\t\t<meta name=\"twitter:card\" content=\"summary_large_image\" \/>\n\t\t<meta name=\"twitter:title\" content=\"Netflix presenta en Uruguay la serie documental M\u00e1s all\u00e1 de la sociedad - Avant-Premi\u00e8re\" \/>\n\t\t<meta name=\"twitter:description\" content=\"Netflix realizar\u00e1 en Montevideo una proyecci\u00f3n especial de M\u00e1s all\u00e1 de la sociedad, una serie documental de tres episodios que profundiza en las consecuencias humanas y emocionales del accidente a\u00e9reo de los Andes m\u00e1s de cinco d\u00e9cadas despu\u00e9s de la tragedia. La presentaci\u00f3n contar\u00e1 con la presencia de J.A. Bayona, Carlos Torres, Sandra Hermida y\" \/>\n\t\t<script type=\"application\/ld+json\" class=\"aioseo-schema\">\n\t\t\t{\"@context\":\"https:\\\/\\\/schema.org\",\"@graph\":[{\"@type\":\"BlogPosting\",\"@id\":\"https:\\\/\\\/semanariolaprensa.com\\\/avantpremiere\\\/netflix-presenta-en-uruguay-la-serie-documental-mas-alla-de-la-sociedad\\\/#blogposting\",\"name\":\"Netflix presenta en Uruguay la serie documental M\\u00e1s all\\u00e1 de la sociedad - Avant-Premi\\u00e8re\",\"headline\":\"Netflix presenta en Uruguay la serie documental M\\u00e1s all\\u00e1 de la sociedad\",\"author\":{\"@id\":\"https:\\\/\\\/semanariolaprensa.com\\\/avantpremiere\\\/author\\\/debaaureapremiere\\\/#author\"},\"publisher\":{\"@id\":\"https:\\\/\\\/semanariolaprensa.com\\\/avantpremiere\\\/#organization\"},\"image\":{\"@type\":\"ImageObject\",\"url\":\"https:\\\/\\\/i0.wp.com\\\/semanariolaprensa.com\\\/avantpremiere\\\/wp-content\\\/uploads\\\/2026\\\/09\\\/mas-alla-de-la-sociedad.jpeg?fit=1280%2C853&ssl=1\",\"width\":1280,\"height\":853},\"datePublished\":\"2026-09-03T00:35:33-03:00\",\"dateModified\":\"2026-09-03T00:35:35-03:00\",\"inLanguage\":\"es-ES\",\"mainEntityOfPage\":{\"@id\":\"https:\\\/\\\/semanariolaprensa.com\\\/avantpremiere\\\/netflix-presenta-en-uruguay-la-serie-documental-mas-alla-de-la-sociedad\\\/#webpage\"},\"isPartOf\":{\"@id\":\"https:\\\/\\\/semanariolaprensa.com\\\/avantpremiere\\\/netflix-presenta-en-uruguay-la-serie-documental-mas-alla-de-la-sociedad\\\/#webpage\"},\"articleSection\":\"Cartelera, Estrenos, Pantalla, Primer Plano, Series\"},{\"@type\":\"BreadcrumbList\",\"@id\":\"https:\\\/\\\/semanariolaprensa.com\\\/avantpremiere\\\/netflix-presenta-en-uruguay-la-serie-documental-mas-alla-de-la-sociedad\\\/#breadcrumblist\",\"itemListElement\":[{\"@type\":\"ListItem\",\"@id\":\"https:\\\/\\\/semanariolaprensa.com\\\/avantpremiere#listItem\",\"position\":1,\"name\":\"Home\",\"item\":\"https:\\\/\\\/semanariolaprensa.com\\\/avantpremiere\",\"nextItem\":{\"@type\":\"ListItem\",\"@id\":\"https:\\\/\\\/semanariolaprensa.com\\\/avantpremiere\\\/category\\\/pantalla\\\/#listItem\",\"name\":\"Pantalla\"}},{\"@type\":\"ListItem\",\"@id\":\"https:\\\/\\\/semanariolaprensa.com\\\/avantpremiere\\\/category\\\/pantalla\\\/#listItem\",\"position\":2,\"name\":\"Pantalla\",\"item\":\"https:\\\/\\\/semanariolaprensa.com\\\/avantpremiere\\\/category\\\/pantalla\\\/\",\"nextItem\":{\"@type\":\"ListItem\",\"@id\":\"https:\\\/\\\/semanariolaprensa.com\\\/avantpremiere\\\/category\\\/pantalla\\\/series\\\/#listItem\",\"name\":\"Series\"},\"previousItem\":{\"@type\":\"ListItem\",\"@id\":\"https:\\\/\\\/semanariolaprensa.com\\\/avantpremiere#listItem\",\"name\":\"Home\"}},{\"@type\":\"ListItem\",\"@id\":\"https:\\\/\\\/semanariolaprensa.com\\\/avantpremiere\\\/category\\\/pantalla\\\/series\\\/#listItem\",\"position\":3,\"name\":\"Series\",\"item\":\"https:\\\/\\\/semanariolaprensa.com\\\/avantpremiere\\\/category\\\/pantalla\\\/series\\\/\",\"nextItem\":{\"@type\":\"ListItem\",\"@id\":\"https:\\\/\\\/semanariolaprensa.com\\\/avantpremiere\\\/netflix-presenta-en-uruguay-la-serie-documental-mas-alla-de-la-sociedad\\\/#listItem\",\"name\":\"Netflix presenta en Uruguay la serie documental M\\u00e1s all\\u00e1 de la sociedad\"},\"previousItem\":{\"@type\":\"ListItem\",\"@id\":\"https:\\\/\\\/semanariolaprensa.com\\\/avantpremiere\\\/category\\\/pantalla\\\/#listItem\",\"name\":\"Pantalla\"}},{\"@type\":\"ListItem\",\"@id\":\"https:\\\/\\\/semanariolaprensa.com\\\/avantpremiere\\\/netflix-presenta-en-uruguay-la-serie-documental-mas-alla-de-la-sociedad\\\/#listItem\",\"position\":4,\"name\":\"Netflix presenta en Uruguay la serie documental M\\u00e1s all\\u00e1 de la sociedad\",\"previousItem\":{\"@type\":\"ListItem\",\"@id\":\"https:\\\/\\\/semanariolaprensa.com\\\/avantpremiere\\\/category\\\/pantalla\\\/series\\\/#listItem\",\"name\":\"Series\"}}]},{\"@type\":\"Organization\",\"@id\":\"https:\\\/\\\/semanariolaprensa.com\\\/avantpremiere\\\/#organization\",\"name\":\"Avant-Premi\\u00e8re\",\"description\":\"La primera fila del entretenimiento\",\"url\":\"https:\\\/\\\/semanariolaprensa.com\\\/avantpremiere\\\/\",\"logo\":{\"@type\":\"ImageObject\",\"url\":\"https:\\\/\\\/i0.wp.com\\\/semanariolaprensa.com\\\/avantpremiere\\\/wp-content\\\/uploads\\\/2026\\\/01\\\/cropped-iconoaureapremiere-1.png?fit=512%2C512&ssl=1\",\"@id\":\"https:\\\/\\\/semanariolaprensa.com\\\/avantpremiere\\\/netflix-presenta-en-uruguay-la-serie-documental-mas-alla-de-la-sociedad\\\/#organizationLogo\",\"width\":512,\"height\":512},\"image\":{\"@id\":\"https:\\\/\\\/semanariolaprensa.com\\\/avantpremiere\\\/netflix-presenta-en-uruguay-la-serie-documental-mas-alla-de-la-sociedad\\\/#organizationLogo\"}},{\"@type\":\"Person\",\"@id\":\"https:\\\/\\\/semanariolaprensa.com\\\/avantpremiere\\\/author\\\/debaaureapremiere\\\/#author\",\"url\":\"https:\\\/\\\/semanariolaprensa.com\\\/avantpremiere\\\/author\\\/debaaureapremiere\\\/\",\"name\":\"Avant Premi\\u00e8re\",\"image\":{\"@type\":\"ImageObject\",\"@id\":\"https:\\\/\\\/semanariolaprensa.com\\\/avantpremiere\\\/netflix-presenta-en-uruguay-la-serie-documental-mas-alla-de-la-sociedad\\\/#authorImage\",\"url\":\"https:\\\/\\\/secure.gravatar.com\\\/avatar\\\/25bd2526a0e92945ea41f6e68d1a9ff9a0293e6dffd0f172fc718d13a924f236?s=96&d=mm&r=g\",\"width\":96,\"height\":96,\"caption\":\"Avant Premi\\u00e8re\"}},{\"@type\":\"WebPage\",\"@id\":\"https:\\\/\\\/semanariolaprensa.com\\\/avantpremiere\\\/netflix-presenta-en-uruguay-la-serie-documental-mas-alla-de-la-sociedad\\\/#webpage\",\"url\":\"https:\\\/\\\/semanariolaprensa.com\\\/avantpremiere\\\/netflix-presenta-en-uruguay-la-serie-documental-mas-alla-de-la-sociedad\\\/\",\"name\":\"Netflix presenta en Uruguay la serie documental M\\u00e1s all\\u00e1 de la sociedad - Avant-Premi\\u00e8re\",\"description\":\"Netflix realizar\\u00e1 en Montevideo una proyecci\\u00f3n especial de M\\u00e1s all\\u00e1 de la sociedad, una serie documental de tres episodios que profundiza en las consecuencias humanas y emocionales del accidente a\\u00e9reo de los Andes m\\u00e1s de cinco d\\u00e9cadas despu\\u00e9s de la tragedia. La presentaci\\u00f3n contar\\u00e1 con la presencia de J.A. Bayona, Carlos Torres, Sandra Hermida y\",\"inLanguage\":\"es-ES\",\"isPartOf\":{\"@id\":\"https:\\\/\\\/semanariolaprensa.com\\\/avantpremiere\\\/#website\"},\"breadcrumb\":{\"@id\":\"https:\\\/\\\/semanariolaprensa.com\\\/avantpremiere\\\/netflix-presenta-en-uruguay-la-serie-documental-mas-alla-de-la-sociedad\\\/#breadcrumblist\"},\"author\":{\"@id\":\"https:\\\/\\\/semanariolaprensa.com\\\/avantpremiere\\\/author\\\/debaaureapremiere\\\/#author\"},\"creator\":{\"@id\":\"https:\\\/\\\/semanariolaprensa.com\\\/avantpremiere\\\/author\\\/debaaureapremiere\\\/#author\"},\"image\":{\"@type\":\"ImageObject\",\"url\":\"https:\\\/\\\/i0.wp.com\\\/semanariolaprensa.com\\\/avantpremiere\\\/wp-content\\\/uploads\\\/2026\\\/09\\\/mas-alla-de-la-sociedad.jpeg?fit=1280%2C853&ssl=1\",\"@id\":\"https:\\\/\\\/semanariolaprensa.com\\\/avantpremiere\\\/netflix-presenta-en-uruguay-la-serie-documental-mas-alla-de-la-sociedad\\\/#mainImage\",\"width\":1280,\"height\":853},\"primaryImageOfPage\":{\"@id\":\"https:\\\/\\\/semanariolaprensa.com\\\/avantpremiere\\\/netflix-presenta-en-uruguay-la-serie-documental-mas-alla-de-la-sociedad\\\/#mainImage\"},\"datePublished\":\"2026-09-03T00:35:33-03:00\",\"dateModified\":\"2026-09-03T00:35:35-03:00\"},{\"@type\":\"WebSite\",\"@id\":\"https:\\\/\\\/semanariolaprensa.com\\\/avantpremiere\\\/#website\",\"url\":\"https:\\\/\\\/semanariolaprensa.com\\\/avantpremiere\\\/\",\"name\":\"Avant-Premi\\u00e8re\",\"description\":\"La primera fila del entretenimiento\",\"inLanguage\":\"es-ES\",\"publisher\":{\"@id\":\"https:\\\/\\\/semanariolaprensa.com\\\/avantpremiere\\\/#organization\"}}]}\n\t\t<\/script>\n\t\t<!-- All in One SEO -->\n\n","aioseo_head_json":{"title":"Netflix presenta en Uruguay la serie documental M\u00e1s all\u00e1 de la sociedad - Avant-Premi\u00e8re","description":"Netflix realizar\u00e1 en Montevideo una proyecci\u00f3n especial de M\u00e1s all\u00e1 de la sociedad, una serie documental de tres episodios que profundiza en las consecuencias humanas y emocionales del accidente a\u00e9reo de los Andes m\u00e1s de cinco d\u00e9cadas despu\u00e9s de la tragedia. La presentaci\u00f3n contar\u00e1 con la presencia de J.A. Bayona, Carlos Torres, Sandra Hermida y","canonical_url":"https:\/\/semanariolaprensa.com\/avantpremiere\/netflix-presenta-en-uruguay-la-serie-documental-mas-alla-de-la-sociedad\/","robots":"max-image-preview:large","keywords":"","webmasterTools":{"miscellaneous":""},"schema":{"@context":"https:\/\/schema.org","@graph":[{"@type":"BlogPosting","@id":"https:\/\/semanariolaprensa.com\/avantpremiere\/netflix-presenta-en-uruguay-la-serie-documental-mas-alla-de-la-sociedad\/#blogposting","name":"Netflix presenta en Uruguay la serie documental M\u00e1s all\u00e1 de la sociedad - Avant-Premi\u00e8re","headline":"Netflix presenta en Uruguay la serie documental M\u00e1s all\u00e1 de la sociedad","author":{"@id":"https:\/\/semanariolaprensa.com\/avantpremiere\/author\/debaaureapremiere\/#author"},"publisher":{"@id":"https:\/\/semanariolaprensa.com\/avantpremiere\/#organization"},"image":{"@type":"ImageObject","url":"https:\/\/i0.wp.com\/semanariolaprensa.com\/avantpremiere\/wp-content\/uploads\/2026\/09\/mas-alla-de-la-sociedad.jpeg?fit=1280%2C853&ssl=1","width":1280,"height":853},"datePublished":"2026-09-03T00:35:33-03:00","dateModified":"2026-09-03T00:35:35-03:00","inLanguage":"es-ES","mainEntityOfPage":{"@id":"https:\/\/semanariolaprensa.com\/avantpremiere\/netflix-presenta-en-uruguay-la-serie-documental-mas-alla-de-la-sociedad\/#webpage"},"isPartOf":{"@id":"https:\/\/semanariolaprensa.com\/avantpremiere\/netflix-presenta-en-uruguay-la-serie-documental-mas-alla-de-la-sociedad\/#webpage"},"articleSection":"Cartelera, Estrenos, Pantalla, Primer Plano, Series"},{"@type":"BreadcrumbList","@id":"https:\/\/semanariolaprensa.com\/avantpremiere\/netflix-presenta-en-uruguay-la-serie-documental-mas-alla-de-la-sociedad\/#breadcrumblist","itemListElement":[{"@type":"ListItem","@id":"https:\/\/semanariolaprensa.com\/avantpremiere#listItem","position":1,"name":"Home","item":"https:\/\/semanariolaprensa.com\/avantpremiere","nextItem":{"@type":"ListItem","@id":"https:\/\/semanariolaprensa.com\/avantpremiere\/category\/pantalla\/#listItem","name":"Pantalla"}},{"@type":"ListItem","@id":"https:\/\/semanariolaprensa.com\/avantpremiere\/category\/pantalla\/#listItem","position":2,"name":"Pantalla","item":"https:\/\/semanariolaprensa.com\/avantpremiere\/category\/pantalla\/","nextItem":{"@type":"ListItem","@id":"https:\/\/semanariolaprensa.com\/avantpremiere\/category\/pantalla\/series\/#listItem","name":"Series"},"previousItem":{"@type":"ListItem","@id":"https:\/\/semanariolaprensa.com\/avantpremiere#listItem","name":"Home"}},{"@type":"ListItem","@id":"https:\/\/semanariolaprensa.com\/avantpremiere\/category\/pantalla\/series\/#listItem","position":3,"name":"Series","item":"https:\/\/semanariolaprensa.com\/avantpremiere\/category\/pantalla\/series\/","nextItem":{"@type":"ListItem","@id":"https:\/\/semanariolaprensa.com\/avantpremiere\/netflix-presenta-en-uruguay-la-serie-documental-mas-alla-de-la-sociedad\/#listItem","name":"Netflix presenta en Uruguay la serie documental M\u00e1s all\u00e1 de la sociedad"},"previousItem":{"@type":"ListItem","@id":"https:\/\/semanariolaprensa.com\/avantpremiere\/category\/pantalla\/#listItem","name":"Pantalla"}},{"@type":"ListItem","@id":"https:\/\/semanariolaprensa.com\/avantpremiere\/netflix-presenta-en-uruguay-la-serie-documental-mas-alla-de-la-sociedad\/#listItem","position":4,"name":"Netflix presenta en Uruguay la serie documental M\u00e1s all\u00e1 de la sociedad","previousItem":{"@type":"ListItem","@id":"https:\/\/semanariolaprensa.com\/avantpremiere\/category\/pantalla\/series\/#listItem","name":"Series"}}]},{"@type":"Organization","@id":"https:\/\/semanariolaprensa.com\/avantpremiere\/#organization","name":"Avant-Premi\u00e8re","description":"La primera fila del entretenimiento","url":"https:\/\/semanariolaprensa.com\/avantpremiere\/","logo":{"@type":"ImageObject","url":"https:\/\/i0.wp.com\/semanariolaprensa.com\/avantpremiere\/wp-content\/uploads\/2026\/01\/cropped-iconoaureapremiere-1.png?fit=512%2C512&ssl=1","@id":"https:\/\/semanariolaprensa.com\/avantpremiere\/netflix-presenta-en-uruguay-la-serie-documental-mas-alla-de-la-sociedad\/#organizationLogo","width":512,"height":512},"image":{"@id":"https:\/\/semanariolaprensa.com\/avantpremiere\/netflix-presenta-en-uruguay-la-serie-documental-mas-alla-de-la-sociedad\/#organizationLogo"}},{"@type":"Person","@id":"https:\/\/semanariolaprensa.com\/avantpremiere\/author\/debaaureapremiere\/#author","url":"https:\/\/semanariolaprensa.com\/avantpremiere\/author\/debaaureapremiere\/","name":"Avant Premi\u00e8re","image":{"@type":"ImageObject","@id":"https:\/\/semanariolaprensa.com\/avantpremiere\/netflix-presenta-en-uruguay-la-serie-documental-mas-alla-de-la-sociedad\/#authorImage","url":"https:\/\/secure.gravatar.com\/avatar\/25bd2526a0e92945ea41f6e68d1a9ff9a0293e6dffd0f172fc718d13a924f236?s=96&d=mm&r=g","width":96,"height":96,"caption":"Avant Premi\u00e8re"}},{"@type":"WebPage","@id":"https:\/\/semanariolaprensa.com\/avantpremiere\/netflix-presenta-en-uruguay-la-serie-documental-mas-alla-de-la-sociedad\/#webpage","url":"https:\/\/semanariolaprensa.com\/avantpremiere\/netflix-presenta-en-uruguay-la-serie-documental-mas-alla-de-la-sociedad\/","name":"Netflix presenta en Uruguay la serie documental M\u00e1s all\u00e1 de la sociedad - Avant-Premi\u00e8re","description":"Netflix realizar\u00e1 en Montevideo una proyecci\u00f3n especial de M\u00e1s all\u00e1 de la sociedad, una serie documental de tres episodios que profundiza en las consecuencias humanas y emocionales del accidente a\u00e9reo de los Andes m\u00e1s de cinco d\u00e9cadas despu\u00e9s de la tragedia. La presentaci\u00f3n contar\u00e1 con la presencia de J.A. Bayona, Carlos Torres, Sandra Hermida y","inLanguage":"es-ES","isPartOf":{"@id":"https:\/\/semanariolaprensa.com\/avantpremiere\/#website"},"breadcrumb":{"@id":"https:\/\/semanariolaprensa.com\/avantpremiere\/netflix-presenta-en-uruguay-la-serie-documental-mas-alla-de-la-sociedad\/#breadcrumblist"},"author":{"@id":"https:\/\/semanariolaprensa.com\/avantpremiere\/author\/debaaureapremiere\/#author"},"creator":{"@id":"https:\/\/semanariolaprensa.com\/avantpremiere\/author\/debaaureapremiere\/#author"},"image":{"@type":"ImageObject","url":"https:\/\/i0.wp.com\/semanariolaprensa.com\/avantpremiere\/wp-content\/uploads\/2026\/09\/mas-alla-de-la-sociedad.jpeg?fit=1280%2C853&ssl=1","@id":"https:\/\/semanariolaprensa.com\/avantpremiere\/netflix-presenta-en-uruguay-la-serie-documental-mas-alla-de-la-sociedad\/#mainImage","width":1280,"height":853},"primaryImageOfPage":{"@id":"https:\/\/semanariolaprensa.com\/avantpremiere\/netflix-presenta-en-uruguay-la-serie-documental-mas-alla-de-la-sociedad\/#mainImage"},"datePublished":"2026-09-03T00:35:33-03:00","dateModified":"2026-09-03T00:35:35-03:00"},{"@type":"WebSite","@id":"https:\/\/semanariolaprensa.com\/avantpremiere\/#website","url":"https:\/\/semanariolaprensa.com\/avantpremiere\/","name":"Avant-Premi\u00e8re","description":"La primera fila del entretenimiento","inLanguage":"es-ES","publisher":{"@id":"https:\/\/semanariolaprensa.com\/avantpremiere\/#organization"}}]},"og:locale":"es_ES","og:site_name":"Avant-Premi\u00e8re - La primera fila del entretenimiento","og:type":"article","og:title":"Netflix presenta en Uruguay la serie documental M\u00e1s all\u00e1 de la sociedad - Avant-Premi\u00e8re","og:description":"Netflix realizar\u00e1 en Montevideo una proyecci\u00f3n especial de M\u00e1s all\u00e1 de la sociedad, una serie documental de tres episodios que profundiza en las consecuencias humanas y emocionales del accidente a\u00e9reo de los Andes m\u00e1s de cinco d\u00e9cadas despu\u00e9s de la tragedia. La presentaci\u00f3n contar\u00e1 con la presencia de J.A. Bayona, Carlos Torres, Sandra Hermida y","og:url":"https:\/\/semanariolaprensa.com\/avantpremiere\/netflix-presenta-en-uruguay-la-serie-documental-mas-alla-de-la-sociedad\/","article:published_time":"2026-09-03T03:35:33+00:00","article:modified_time":"2026-09-03T03:35:35+00:00","twitter:card":"summary_large_image","twitter:title":"Netflix presenta en Uruguay la serie documental M\u00e1s all\u00e1 de la sociedad - Avant-Premi\u00e8re","twitter:description":"Netflix realizar\u00e1 en Montevideo una proyecci\u00f3n especial de M\u00e1s all\u00e1 de la sociedad, una serie documental de tres episodios que profundiza en las consecuencias humanas y emocionales del accidente a\u00e9reo de los Andes m\u00e1s de cinco d\u00e9cadas despu\u00e9s de la tragedia. La presentaci\u00f3n contar\u00e1 con la presencia de J.A. Bayona, Carlos Torres, Sandra Hermida y"},"aioseo_meta_data":{"post_id":"3323","title":null,"description":null,"keywords":null,"keyphrases":{"focus":{"keyphrase":"","score":0,"analysis":{"keyphraseInTitle":{"score":0,"maxScore":9,"error":1}}},"additional":[]},"primary_term":null,"canonical_url":null,"og_title":null,"og_description":null,"og_object_type":"default","og_image_type":"default","og_image_url":null,"og_image_width":null,"og_image_height":null,"og_image_custom_url":null,"og_image_custom_fields":null,"og_video":"","og_custom_url":null,"og_article_section":null,"og_article_tags":null,"twitter_use_og":false,"twitter_card":"default","twitter_image_type":"default","twitter_image_url":null,"twitter_image_custom_url":null,"twitter_image_custom_fields":null,"twitter_title":null,"twitter_description":null,"schema":{"blockGraphs":[],"customGraphs":[],"default":{"data":{"Article":[],"Course":[],"Dataset":[],"FAQPage":[],"Movie":[],"Person":[],"Product":[],"ProductReview":[],"Car":[],"Recipe":[],"Service":[],"SoftwareApplication":[],"WebPage":[]},"graphName":"BlogPosting","isEnabled":true},"graphs":[]},"schema_type":"default","schema_type_options":null,"pillar_content":false,"robots_default":true,"robots_noindex":false,"robots_noarchive":false,"robots_nosnippet":false,"robots_nofollow":false,"robots_noimageindex":false,"robots_noodp":false,"robots_notranslate":false,"robots_max_snippet":"-1","robots_max_videopreview":"-1","robots_max_imagepreview":"large","priority":null,"frequency":"default","local_seo":null,"breadcrumb_settings":null,"limit_modified_date":false,"ai":{"faqs":[],"keyPoints":[],"schemas":[],"titles":[],"descriptions":[],"socialPosts":{"email":{"subject":"","preview":"","content":""},"linkedin":[],"twitter":[],"facebook":[],"instagram":[]}},"created":"2026-09-03 03:35:35","updated":"2026-09-03 03:35:35","seo_analyzer_scan_date":null,"focus_keyword":null,"additional_keywords":null,"truseo_locale":null},"aioseo_breadcrumb":"<div class=\"aioseo-breadcrumbs\"><span class=\"aioseo-breadcrumb\">\n\t\t\t<a href=\"https:\/\/semanariolaprensa.com\/avantpremiere\" title=\"Home\">Home<\/a>\n\t\t<\/span><span class=\"aioseo-breadcrumb-separator\">&raquo;<\/span><span class=\"aioseo-breadcrumb\">\n\t\t\t<a href=\"https:\/\/semanariolaprensa.com\/avantpremiere\/category\/pantalla\/\" title=\"Pantalla\">Pantalla<\/a>\n\t\t<\/span><span class=\"aioseo-breadcrumb-separator\">&raquo;<\/span><span class=\"aioseo-breadcrumb\">\n\t\t\t<a href=\"https:\/\/semanariolaprensa.com\/avantpremiere\/category\/pantalla\/series\/\" title=\"Series\">Series<\/a>\n\t\t<\/span><span class=\"aioseo-breadcrumb-separator\">&raquo;<\/span><span class=\"aioseo-breadcrumb\">\n\t\t\tNetflix presenta en Uruguay la serie documental M\u00e1s all\u00e1 de la sociedad\n\t\t<\/span><\/div>","aioseo_breadcrumb_json":[{"label":"Home","link":"https:\/\/semanariolaprensa.com\/avantpremiere"},{"label":"Pantalla","link":"https:\/\/semanariolaprensa.com\/avantpremiere\/category\/pantalla\/"},{"label":"Series","link":"https:\/\/semanariolaprensa.com\/avantpremiere\/category\/pantalla\/series\/"},{"label":"Netflix presenta en Uruguay la serie documental M\u00e1s all\u00e1 de la sociedad","link":"https:\/\/semanariolaprensa.com\/avantpremiere\/netflix-presenta-en-uruguay-la-serie-documental-mas-alla-de-la-sociedad\/"}],"jetpack_sharing_enabled":true,"jetpack_featured_media_url":"https:\/\/i0.wp.com\/semanariolaprensa.com\/avantpremiere\/wp-content\/uploads\/2026\/09\/mas-alla-de-la-sociedad.jpeg?fit=1280%2C853&ssl=1","_links":{"self":[{"href":"https:\/\/semanariolaprensa.com\/avantpremiere\/wp-json\/wp\/v2\/posts\/3323","targetHints":{"allow":["GET"]}}],"collection":[{"href":"https:\/\/semanariolaprensa.com\/avantpremiere\/wp-json\/wp\/v2\/posts"}],"about":[{"href":"https:\/\/semanariolaprensa.com\/avantpremiere\/wp-json\/wp\/v2\/types\/post"}],"author":[{"embeddable":true,"href":"https:\/\/semanariolaprensa.com\/avantpremiere\/wp-json\/wp\/v2\/users\/1"}],"replies":[{"embeddable":true,"href":"https:\/\/semanariolaprensa.com\/avantpremiere\/wp-json\/wp\/v2\/comments?post=3323"}],"version-history":[{"count":1,"href":"https:\/\/semanariolaprensa.com\/avantpremiere\/wp-json\/wp\/v2\/posts\/3323\/revisions"}],"predecessor-version":[{"id":3325,"href":"https:\/\/semanariolaprensa.com\/avantpremiere\/wp-json\/wp\/v2\/posts\/3323\/revisions\/3325"}],"wp:featuredmedia":[{"embeddable":true,"href":"https:\/\/semanariolaprensa.com\/avantpremiere\/wp-json\/wp\/v2\/media\/3324"}],"wp:attachment":[{"href":"https:\/\/semanariolaprensa.com\/avantpremiere\/wp-json\/wp\/v2\/media?parent=3323"}],"wp:term":[{"taxonomy":"category","embeddable":true,"href":"https:\/\/semanariolaprensa.com\/avantpremiere\/wp-json\/wp\/v2\/categories?post=3323"},{"taxonomy":"post_tag","embeddable":true,"href":"https:\/\/semanariolaprensa.com\/avantpremiere\/wp-json\/wp\/v2\/tags?post=3323"}],"curies":[{"name":"wp","href":"https:\/\/api.w.org\/{rel}","templated":true}]}}