{"id":3317,"date":"2026-09-02T23:56:07","date_gmt":"2026-09-03T02:56:07","guid":{"rendered":"https:\/\/semanariolaprensa.com\/avantpremiere\/?p=3317"},"modified":"2026-09-02T23:56:40","modified_gmt":"2026-09-03T02:56:40","slug":"playa-grande-invita-a-una-tarde-de-cine-infantil-con-entrada-libre","status":"publish","type":"post","link":"https:\/\/semanariolaprensa.com\/avantpremiere\/playa-grande-invita-a-una-tarde-de-cine-infantil-con-entrada-libre\/","title":{"rendered":"Playa Grande invita a una tarde de cine infantil con entrada libre"},"content":{"rendered":"\n<p class=\"wp-block-paragraph\">La comunidad de Playa Grande organizar\u00e1 este s\u00e1bado 5 una jornada de cine especialmente pensada para los m\u00e1s peque\u00f1os. La actividad tendr\u00e1 lugar en el Sal\u00f3n Comunal de Playa Grande, de 15:00 a 17:00 horas, con acceso gratuito para todas las familias.<\/p>\n\n\n\n<p class=\"wp-block-paragraph\">Durante la tarde se proyectar\u00e1 la pel\u00edcula animada <strong>\u00abSelkirk, el verdadero Robinson Crusoe\u00bb<\/strong>, una aventura inspirada en la historia del legendario n\u00e1ufrago que promete diversi\u00f3n y entretenimiento para ni\u00f1os y ni\u00f1as. Adem\u00e1s de la funci\u00f3n, los asistentes podr\u00e1n disfrutar de <strong>palomitas y refrescos<\/strong>, generando un espacio de encuentro y convivencia para toda la comunidad.<\/p>\n\n\n\n<p class=\"wp-block-paragraph\">Desde la organizaci\u00f3n destacaron que la propuesta est\u00e1 abierta a todos los ni\u00f1os y ni\u00f1as, con el objetivo de ofrecer una actividad recreativa que fomente la integraci\u00f3n y el disfrute en familia. La invitaci\u00f3n es a acercarse al Sal\u00f3n Comunal de Playa Grande y compartir una tarde diferente, donde el cine, la amistad y la vida comunitaria ser\u00e1n los protagonistas.<\/p>\n\n\n\n<p class=\"wp-block-paragraph\"><strong>Datos de la actividad<\/strong><\/p>\n\n\n\n<ul class=\"wp-block-list\">\n<li><strong>Pel\u00edcula:<\/strong> <em>Selkirk, el verdadero Robinson Crusoe<\/em><\/li>\n\n\n\n<li><strong>Fecha:<\/strong> S\u00e1bado 5<\/li>\n\n\n\n<li><strong>Horario:<\/strong> 15:00 a 17:00 horas<\/li>\n\n\n\n<li><strong>Lugar:<\/strong> Sal\u00f3n Comunal de Playa Grande<\/li>\n\n\n\n<li><strong>Entrada:<\/strong> Libre y gratuita<\/li>\n<\/ul>\n\n\n\n<p class=\"wp-block-paragraph\">Una excelente oportunidad para que ni\u00f1os y familias disfruten juntos de una propuesta cultural y recreativa en el coraz\u00f3n de Playa Grande. \ud83c\udf7f\ud83c\udfac\ud83c\udfe1<\/p>\n\n\n<div class=\"wp-block-image\">\n<figure class=\"aligncenter size-large\"><img data-recalc-dims=\"1\" fetchpriority=\"high\" decoding=\"async\" width=\"819\" height=\"1024\" src=\"https:\/\/i0.wp.com\/semanariolaprensa.com\/avantpremiere\/wp-content\/uploads\/2026\/09\/dia-del-nino-en-playa-grande.jpeg?resize=819%2C1024&#038;ssl=1\" alt=\"\" class=\"wp-image-3318\" srcset=\"https:\/\/i0.wp.com\/semanariolaprensa.com\/avantpremiere\/wp-content\/uploads\/2026\/09\/dia-del-nino-en-playa-grande.jpeg?resize=819%2C1024&amp;ssl=1 819w, https:\/\/i0.wp.com\/semanariolaprensa.com\/avantpremiere\/wp-content\/uploads\/2026\/09\/dia-del-nino-en-playa-grande.jpeg?resize=768%2C960&amp;ssl=1 768w, https:\/\/i0.wp.com\/semanariolaprensa.com\/avantpremiere\/wp-content\/uploads\/2026\/09\/dia-del-nino-en-playa-grande.jpeg?resize=240%2C300&amp;ssl=1 240w, https:\/\/i0.wp.com\/semanariolaprensa.com\/avantpremiere\/wp-content\/uploads\/2026\/09\/dia-del-nino-en-playa-grande.jpeg?resize=750%2C937&amp;ssl=1 750w, https:\/\/i0.wp.com\/semanariolaprensa.com\/avantpremiere\/wp-content\/uploads\/2026\/09\/dia-del-nino-en-playa-grande.jpeg?w=960&amp;ssl=1 960w\" sizes=\"(max-width: 819px) 100vw, 819px\" \/><\/figure>\n<\/div>","protected":false},"excerpt":{"rendered":"<p>La comunidad de Playa Grande organizar\u00e1 este s\u00e1bado 5 una jornada de cine especialmente pensada para los m\u00e1s peque\u00f1os. La actividad tendr\u00e1 lugar en el Sal\u00f3n Comunal de Playa Grande, de 15:00 a 17:00 horas, con acceso gratuito para todas las familias. Durante la tarde se proyectar\u00e1 la pel\u00edcula animada \u00abSelkirk, el verdadero Robinson Crusoe\u00bb, [&hellip;]<\/p>\n","protected":false},"author":1,"featured_media":3319,"comment_status":"open","ping_status":"open","sticky":false,"template":"","format":"standard","meta":{"om_disable_all_campaigns":false,"_monsterinsights_skip_tracking":false,"_jetpack_newsletter_access":"","_jetpack_dont_email_post_to_subs":false,"_jetpack_newsletter_tier_id":0,"_jetpack_memberships_contains_paywalled_content":false,"_jetpack_feature_clip_id":0,"_jetpack_memberships_contains_paid_content":false,"jnews-multi-image_gallery":[],"jnews_single_post":{"format":"standard"},"jnews_primary_category":[],"jnews_override_bookmark_settings":[],"jnews_social_meta":[],"jnews_review":[],"enable_review":"","type":"","name":"","summary":"","brand":"","sku":"","good":[],"bad":[],"score_override":"","override_value":"","rating":[],"price":[],"jnews_override_counter":[],"footnotes":"","jetpack_post_was_ever_published":false},"categories":[96,383,416,92,82],"tags":[],"class_list":["post-3317","post","type-post","status-publish","format-standard","has-post-thumbnail","hentry","category-cartelera","category-cine","category-locales","category-pantalla","category-primer-plano"],"aioseo_notices":[],"aioseo_head":"\n\t\t<!-- All in One SEO 5.0.1 - aioseo.com -->\n\t<meta name=\"description\" content=\"La comunidad de Playa Grande organizar\u00e1 este s\u00e1bado 5 una jornada de cine especialmente pensada para los m\u00e1s peque\u00f1os. La actividad tendr\u00e1 lugar en el Sal\u00f3n Comunal de Playa Grande, de 15:00 a 17:00 horas, con acceso gratuito para todas las familias. Durante la tarde se proyectar\u00e1 la pel\u00edcula animada &quot;Selkirk, el verdadero Robinson Crusoe&quot;,\" \/>\n\t<meta name=\"robots\" content=\"max-image-preview:large\" \/>\n\t<meta name=\"author\" content=\"Avant Premi\u00e8re\"\/>\n\t<link rel=\"canonical\" href=\"https:\/\/semanariolaprensa.com\/avantpremiere\/playa-grande-invita-a-una-tarde-de-cine-infantil-con-entrada-libre\/\" \/>\n\t<meta name=\"generator\" content=\"All in One SEO (AIOSEO) 5.0.1\" \/>\n\t\t<meta property=\"og:locale\" content=\"es_ES\" \/>\n\t\t<meta property=\"og:site_name\" content=\"Avant-Premi\u00e8re - La primera fila del entretenimiento\" \/>\n\t\t<meta property=\"og:type\" content=\"article\" \/>\n\t\t<meta property=\"og:title\" content=\"Playa Grande invita a una tarde de cine infantil con entrada libre - Avant-Premi\u00e8re\" \/>\n\t\t<meta property=\"og:description\" content=\"La comunidad de Playa Grande organizar\u00e1 este s\u00e1bado 5 una jornada de cine especialmente pensada para los m\u00e1s peque\u00f1os. La actividad tendr\u00e1 lugar en el Sal\u00f3n Comunal de Playa Grande, de 15:00 a 17:00 horas, con acceso gratuito para todas las familias. Durante la tarde se proyectar\u00e1 la pel\u00edcula animada &quot;Selkirk, el verdadero Robinson Crusoe&quot;,\" \/>\n\t\t<meta property=\"og:url\" content=\"https:\/\/semanariolaprensa.com\/avantpremiere\/playa-grande-invita-a-una-tarde-de-cine-infantil-con-entrada-libre\/\" \/>\n\t\t<meta property=\"article:published_time\" content=\"2026-09-03T02:56:07+00:00\" \/>\n\t\t<meta property=\"article:modified_time\" content=\"2026-09-03T02:56:40+00:00\" \/>\n\t\t<meta name=\"twitter:card\" content=\"summary_large_image\" \/>\n\t\t<meta name=\"twitter:title\" content=\"Playa Grande invita a una tarde de cine infantil con entrada libre - Avant-Premi\u00e8re\" \/>\n\t\t<meta name=\"twitter:description\" content=\"La comunidad de Playa Grande organizar\u00e1 este s\u00e1bado 5 una jornada de cine especialmente pensada para los m\u00e1s peque\u00f1os. La actividad tendr\u00e1 lugar en el Sal\u00f3n Comunal de Playa Grande, de 15:00 a 17:00 horas, con acceso gratuito para todas las familias. Durante la tarde se proyectar\u00e1 la pel\u00edcula animada &quot;Selkirk, el verdadero Robinson Crusoe&quot;,\" \/>\n\t\t<script type=\"application\/ld+json\" class=\"aioseo-schema\">\n\t\t\t{\"@context\":\"https:\\\/\\\/schema.org\",\"@graph\":[{\"@type\":\"BlogPosting\",\"@id\":\"https:\\\/\\\/semanariolaprensa.com\\\/avantpremiere\\\/playa-grande-invita-a-una-tarde-de-cine-infantil-con-entrada-libre\\\/#blogposting\",\"name\":\"Playa Grande invita a una tarde de cine infantil con entrada libre - Avant-Premi\\u00e8re\",\"headline\":\"Playa Grande invita a una tarde de cine infantil con entrada libre\",\"author\":{\"@id\":\"https:\\\/\\\/semanariolaprensa.com\\\/avantpremiere\\\/author\\\/debaaureapremiere\\\/#author\"},\"publisher\":{\"@id\":\"https:\\\/\\\/semanariolaprensa.com\\\/avantpremiere\\\/#organization\"},\"image\":{\"@type\":\"ImageObject\",\"url\":\"https:\\\/\\\/i0.wp.com\\\/semanariolaprensa.com\\\/avantpremiere\\\/wp-content\\\/uploads\\\/2026\\\/09\\\/Captura-de-pantalla-2026-09-02-235416.png?fit=792%2C477&ssl=1\",\"width\":792,\"height\":477},\"datePublished\":\"2026-09-02T23:56:07-03:00\",\"dateModified\":\"2026-09-02T23:56:40-03:00\",\"inLanguage\":\"es-ES\",\"mainEntityOfPage\":{\"@id\":\"https:\\\/\\\/semanariolaprensa.com\\\/avantpremiere\\\/playa-grande-invita-a-una-tarde-de-cine-infantil-con-entrada-libre\\\/#webpage\"},\"isPartOf\":{\"@id\":\"https:\\\/\\\/semanariolaprensa.com\\\/avantpremiere\\\/playa-grande-invita-a-una-tarde-de-cine-infantil-con-entrada-libre\\\/#webpage\"},\"articleSection\":\"Cartelera, Cine, Locales, Pantalla, Primer Plano\"},{\"@type\":\"BreadcrumbList\",\"@id\":\"https:\\\/\\\/semanariolaprensa.com\\\/avantpremiere\\\/playa-grande-invita-a-una-tarde-de-cine-infantil-con-entrada-libre\\\/#breadcrumblist\",\"itemListElement\":[{\"@type\":\"ListItem\",\"@id\":\"https:\\\/\\\/semanariolaprensa.com\\\/avantpremiere#listItem\",\"position\":1,\"name\":\"Home\",\"item\":\"https:\\\/\\\/semanariolaprensa.com\\\/avantpremiere\",\"nextItem\":{\"@type\":\"ListItem\",\"@id\":\"https:\\\/\\\/semanariolaprensa.com\\\/avantpremiere\\\/category\\\/pantalla\\\/#listItem\",\"name\":\"Pantalla\"}},{\"@type\":\"ListItem\",\"@id\":\"https:\\\/\\\/semanariolaprensa.com\\\/avantpremiere\\\/category\\\/pantalla\\\/#listItem\",\"position\":2,\"name\":\"Pantalla\",\"item\":\"https:\\\/\\\/semanariolaprensa.com\\\/avantpremiere\\\/category\\\/pantalla\\\/\",\"nextItem\":{\"@type\":\"ListItem\",\"@id\":\"https:\\\/\\\/semanariolaprensa.com\\\/avantpremiere\\\/category\\\/pantalla\\\/cine\\\/#listItem\",\"name\":\"Cine\"},\"previousItem\":{\"@type\":\"ListItem\",\"@id\":\"https:\\\/\\\/semanariolaprensa.com\\\/avantpremiere#listItem\",\"name\":\"Home\"}},{\"@type\":\"ListItem\",\"@id\":\"https:\\\/\\\/semanariolaprensa.com\\\/avantpremiere\\\/category\\\/pantalla\\\/cine\\\/#listItem\",\"position\":3,\"name\":\"Cine\",\"item\":\"https:\\\/\\\/semanariolaprensa.com\\\/avantpremiere\\\/category\\\/pantalla\\\/cine\\\/\",\"nextItem\":{\"@type\":\"ListItem\",\"@id\":\"https:\\\/\\\/semanariolaprensa.com\\\/avantpremiere\\\/playa-grande-invita-a-una-tarde-de-cine-infantil-con-entrada-libre\\\/#listItem\",\"name\":\"Playa Grande invita a una tarde de cine infantil con entrada libre\"},\"previousItem\":{\"@type\":\"ListItem\",\"@id\":\"https:\\\/\\\/semanariolaprensa.com\\\/avantpremiere\\\/category\\\/pantalla\\\/#listItem\",\"name\":\"Pantalla\"}},{\"@type\":\"ListItem\",\"@id\":\"https:\\\/\\\/semanariolaprensa.com\\\/avantpremiere\\\/playa-grande-invita-a-una-tarde-de-cine-infantil-con-entrada-libre\\\/#listItem\",\"position\":4,\"name\":\"Playa Grande invita a una tarde de cine infantil con entrada libre\",\"previousItem\":{\"@type\":\"ListItem\",\"@id\":\"https:\\\/\\\/semanariolaprensa.com\\\/avantpremiere\\\/category\\\/pantalla\\\/cine\\\/#listItem\",\"name\":\"Cine\"}}]},{\"@type\":\"Organization\",\"@id\":\"https:\\\/\\\/semanariolaprensa.com\\\/avantpremiere\\\/#organization\",\"name\":\"Avant-Premi\\u00e8re\",\"description\":\"La primera fila del entretenimiento\",\"url\":\"https:\\\/\\\/semanariolaprensa.com\\\/avantpremiere\\\/\",\"logo\":{\"@type\":\"ImageObject\",\"url\":\"https:\\\/\\\/i0.wp.com\\\/semanariolaprensa.com\\\/avantpremiere\\\/wp-content\\\/uploads\\\/2026\\\/01\\\/cropped-iconoaureapremiere-1.png?fit=512%2C512&ssl=1\",\"@id\":\"https:\\\/\\\/semanariolaprensa.com\\\/avantpremiere\\\/playa-grande-invita-a-una-tarde-de-cine-infantil-con-entrada-libre\\\/#organizationLogo\",\"width\":512,\"height\":512},\"image\":{\"@id\":\"https:\\\/\\\/semanariolaprensa.com\\\/avantpremiere\\\/playa-grande-invita-a-una-tarde-de-cine-infantil-con-entrada-libre\\\/#organizationLogo\"}},{\"@type\":\"Person\",\"@id\":\"https:\\\/\\\/semanariolaprensa.com\\\/avantpremiere\\\/author\\\/debaaureapremiere\\\/#author\",\"url\":\"https:\\\/\\\/semanariolaprensa.com\\\/avantpremiere\\\/author\\\/debaaureapremiere\\\/\",\"name\":\"Avant Premi\\u00e8re\",\"image\":{\"@type\":\"ImageObject\",\"@id\":\"https:\\\/\\\/semanariolaprensa.com\\\/avantpremiere\\\/playa-grande-invita-a-una-tarde-de-cine-infantil-con-entrada-libre\\\/#authorImage\",\"url\":\"https:\\\/\\\/secure.gravatar.com\\\/avatar\\\/25bd2526a0e92945ea41f6e68d1a9ff9a0293e6dffd0f172fc718d13a924f236?s=96&d=mm&r=g\",\"width\":96,\"height\":96,\"caption\":\"Avant Premi\\u00e8re\"}},{\"@type\":\"WebPage\",\"@id\":\"https:\\\/\\\/semanariolaprensa.com\\\/avantpremiere\\\/playa-grande-invita-a-una-tarde-de-cine-infantil-con-entrada-libre\\\/#webpage\",\"url\":\"https:\\\/\\\/semanariolaprensa.com\\\/avantpremiere\\\/playa-grande-invita-a-una-tarde-de-cine-infantil-con-entrada-libre\\\/\",\"name\":\"Playa Grande invita a una tarde de cine infantil con entrada libre - Avant-Premi\\u00e8re\",\"description\":\"La comunidad de Playa Grande organizar\\u00e1 este s\\u00e1bado 5 una jornada de cine especialmente pensada para los m\\u00e1s peque\\u00f1os. La actividad tendr\\u00e1 lugar en el Sal\\u00f3n Comunal de Playa Grande, de 15:00 a 17:00 horas, con acceso gratuito para todas las familias. Durante la tarde se proyectar\\u00e1 la pel\\u00edcula animada \\\"Selkirk, el verdadero Robinson Crusoe\\\",\",\"inLanguage\":\"es-ES\",\"isPartOf\":{\"@id\":\"https:\\\/\\\/semanariolaprensa.com\\\/avantpremiere\\\/#website\"},\"breadcrumb\":{\"@id\":\"https:\\\/\\\/semanariolaprensa.com\\\/avantpremiere\\\/playa-grande-invita-a-una-tarde-de-cine-infantil-con-entrada-libre\\\/#breadcrumblist\"},\"author\":{\"@id\":\"https:\\\/\\\/semanariolaprensa.com\\\/avantpremiere\\\/author\\\/debaaureapremiere\\\/#author\"},\"creator\":{\"@id\":\"https:\\\/\\\/semanariolaprensa.com\\\/avantpremiere\\\/author\\\/debaaureapremiere\\\/#author\"},\"image\":{\"@type\":\"ImageObject\",\"url\":\"https:\\\/\\\/i0.wp.com\\\/semanariolaprensa.com\\\/avantpremiere\\\/wp-content\\\/uploads\\\/2026\\\/09\\\/Captura-de-pantalla-2026-09-02-235416.png?fit=792%2C477&ssl=1\",\"@id\":\"https:\\\/\\\/semanariolaprensa.com\\\/avantpremiere\\\/playa-grande-invita-a-una-tarde-de-cine-infantil-con-entrada-libre\\\/#mainImage\",\"width\":792,\"height\":477},\"primaryImageOfPage\":{\"@id\":\"https:\\\/\\\/semanariolaprensa.com\\\/avantpremiere\\\/playa-grande-invita-a-una-tarde-de-cine-infantil-con-entrada-libre\\\/#mainImage\"},\"datePublished\":\"2026-09-02T23:56:07-03:00\",\"dateModified\":\"2026-09-02T23:56:40-03:00\"},{\"@type\":\"WebSite\",\"@id\":\"https:\\\/\\\/semanariolaprensa.com\\\/avantpremiere\\\/#website\",\"url\":\"https:\\\/\\\/semanariolaprensa.com\\\/avantpremiere\\\/\",\"name\":\"Avant-Premi\\u00e8re\",\"description\":\"La primera fila del entretenimiento\",\"inLanguage\":\"es-ES\",\"publisher\":{\"@id\":\"https:\\\/\\\/semanariolaprensa.com\\\/avantpremiere\\\/#organization\"}}]}\n\t\t<\/script>\n\t\t<!-- All in One SEO -->\n\n","aioseo_head_json":{"title":"Playa Grande invita a una tarde de cine infantil con entrada libre - Avant-Premi\u00e8re","description":"La comunidad de Playa Grande organizar\u00e1 este s\u00e1bado 5 una jornada de cine especialmente pensada para los m\u00e1s peque\u00f1os. La actividad tendr\u00e1 lugar en el Sal\u00f3n Comunal de Playa Grande, de 15:00 a 17:00 horas, con acceso gratuito para todas las familias. Durante la tarde se proyectar\u00e1 la pel\u00edcula animada \"Selkirk, el verdadero Robinson Crusoe\",","canonical_url":"https:\/\/semanariolaprensa.com\/avantpremiere\/playa-grande-invita-a-una-tarde-de-cine-infantil-con-entrada-libre\/","robots":"max-image-preview:large","keywords":"","webmasterTools":{"miscellaneous":""},"schema":{"@context":"https:\/\/schema.org","@graph":[{"@type":"BlogPosting","@id":"https:\/\/semanariolaprensa.com\/avantpremiere\/playa-grande-invita-a-una-tarde-de-cine-infantil-con-entrada-libre\/#blogposting","name":"Playa Grande invita a una tarde de cine infantil con entrada libre - Avant-Premi\u00e8re","headline":"Playa Grande invita a una tarde de cine infantil con entrada libre","author":{"@id":"https:\/\/semanariolaprensa.com\/avantpremiere\/author\/debaaureapremiere\/#author"},"publisher":{"@id":"https:\/\/semanariolaprensa.com\/avantpremiere\/#organization"},"image":{"@type":"ImageObject","url":"https:\/\/i0.wp.com\/semanariolaprensa.com\/avantpremiere\/wp-content\/uploads\/2026\/09\/Captura-de-pantalla-2026-09-02-235416.png?fit=792%2C477&ssl=1","width":792,"height":477},"datePublished":"2026-09-02T23:56:07-03:00","dateModified":"2026-09-02T23:56:40-03:00","inLanguage":"es-ES","mainEntityOfPage":{"@id":"https:\/\/semanariolaprensa.com\/avantpremiere\/playa-grande-invita-a-una-tarde-de-cine-infantil-con-entrada-libre\/#webpage"},"isPartOf":{"@id":"https:\/\/semanariolaprensa.com\/avantpremiere\/playa-grande-invita-a-una-tarde-de-cine-infantil-con-entrada-libre\/#webpage"},"articleSection":"Cartelera, Cine, Locales, Pantalla, Primer Plano"},{"@type":"BreadcrumbList","@id":"https:\/\/semanariolaprensa.com\/avantpremiere\/playa-grande-invita-a-una-tarde-de-cine-infantil-con-entrada-libre\/#breadcrumblist","itemListElement":[{"@type":"ListItem","@id":"https:\/\/semanariolaprensa.com\/avantpremiere#listItem","position":1,"name":"Home","item":"https:\/\/semanariolaprensa.com\/avantpremiere","nextItem":{"@type":"ListItem","@id":"https:\/\/semanariolaprensa.com\/avantpremiere\/category\/pantalla\/#listItem","name":"Pantalla"}},{"@type":"ListItem","@id":"https:\/\/semanariolaprensa.com\/avantpremiere\/category\/pantalla\/#listItem","position":2,"name":"Pantalla","item":"https:\/\/semanariolaprensa.com\/avantpremiere\/category\/pantalla\/","nextItem":{"@type":"ListItem","@id":"https:\/\/semanariolaprensa.com\/avantpremiere\/category\/pantalla\/cine\/#listItem","name":"Cine"},"previousItem":{"@type":"ListItem","@id":"https:\/\/semanariolaprensa.com\/avantpremiere#listItem","name":"Home"}},{"@type":"ListItem","@id":"https:\/\/semanariolaprensa.com\/avantpremiere\/category\/pantalla\/cine\/#listItem","position":3,"name":"Cine","item":"https:\/\/semanariolaprensa.com\/avantpremiere\/category\/pantalla\/cine\/","nextItem":{"@type":"ListItem","@id":"https:\/\/semanariolaprensa.com\/avantpremiere\/playa-grande-invita-a-una-tarde-de-cine-infantil-con-entrada-libre\/#listItem","name":"Playa Grande invita a una tarde de cine infantil con entrada libre"},"previousItem":{"@type":"ListItem","@id":"https:\/\/semanariolaprensa.com\/avantpremiere\/category\/pantalla\/#listItem","name":"Pantalla"}},{"@type":"ListItem","@id":"https:\/\/semanariolaprensa.com\/avantpremiere\/playa-grande-invita-a-una-tarde-de-cine-infantil-con-entrada-libre\/#listItem","position":4,"name":"Playa Grande invita a una tarde de cine infantil con entrada libre","previousItem":{"@type":"ListItem","@id":"https:\/\/semanariolaprensa.com\/avantpremiere\/category\/pantalla\/cine\/#listItem","name":"Cine"}}]},{"@type":"Organization","@id":"https:\/\/semanariolaprensa.com\/avantpremiere\/#organization","name":"Avant-Premi\u00e8re","description":"La primera fila del entretenimiento","url":"https:\/\/semanariolaprensa.com\/avantpremiere\/","logo":{"@type":"ImageObject","url":"https:\/\/i0.wp.com\/semanariolaprensa.com\/avantpremiere\/wp-content\/uploads\/2026\/01\/cropped-iconoaureapremiere-1.png?fit=512%2C512&ssl=1","@id":"https:\/\/semanariolaprensa.com\/avantpremiere\/playa-grande-invita-a-una-tarde-de-cine-infantil-con-entrada-libre\/#organizationLogo","width":512,"height":512},"image":{"@id":"https:\/\/semanariolaprensa.com\/avantpremiere\/playa-grande-invita-a-una-tarde-de-cine-infantil-con-entrada-libre\/#organizationLogo"}},{"@type":"Person","@id":"https:\/\/semanariolaprensa.com\/avantpremiere\/author\/debaaureapremiere\/#author","url":"https:\/\/semanariolaprensa.com\/avantpremiere\/author\/debaaureapremiere\/","name":"Avant Premi\u00e8re","image":{"@type":"ImageObject","@id":"https:\/\/semanariolaprensa.com\/avantpremiere\/playa-grande-invita-a-una-tarde-de-cine-infantil-con-entrada-libre\/#authorImage","url":"https:\/\/secure.gravatar.com\/avatar\/25bd2526a0e92945ea41f6e68d1a9ff9a0293e6dffd0f172fc718d13a924f236?s=96&d=mm&r=g","width":96,"height":96,"caption":"Avant Premi\u00e8re"}},{"@type":"WebPage","@id":"https:\/\/semanariolaprensa.com\/avantpremiere\/playa-grande-invita-a-una-tarde-de-cine-infantil-con-entrada-libre\/#webpage","url":"https:\/\/semanariolaprensa.com\/avantpremiere\/playa-grande-invita-a-una-tarde-de-cine-infantil-con-entrada-libre\/","name":"Playa Grande invita a una tarde de cine infantil con entrada libre - Avant-Premi\u00e8re","description":"La comunidad de Playa Grande organizar\u00e1 este s\u00e1bado 5 una jornada de cine especialmente pensada para los m\u00e1s peque\u00f1os. La actividad tendr\u00e1 lugar en el Sal\u00f3n Comunal de Playa Grande, de 15:00 a 17:00 horas, con acceso gratuito para todas las familias. Durante la tarde se proyectar\u00e1 la pel\u00edcula animada \"Selkirk, el verdadero Robinson Crusoe\",","inLanguage":"es-ES","isPartOf":{"@id":"https:\/\/semanariolaprensa.com\/avantpremiere\/#website"},"breadcrumb":{"@id":"https:\/\/semanariolaprensa.com\/avantpremiere\/playa-grande-invita-a-una-tarde-de-cine-infantil-con-entrada-libre\/#breadcrumblist"},"author":{"@id":"https:\/\/semanariolaprensa.com\/avantpremiere\/author\/debaaureapremiere\/#author"},"creator":{"@id":"https:\/\/semanariolaprensa.com\/avantpremiere\/author\/debaaureapremiere\/#author"},"image":{"@type":"ImageObject","url":"https:\/\/i0.wp.com\/semanariolaprensa.com\/avantpremiere\/wp-content\/uploads\/2026\/09\/Captura-de-pantalla-2026-09-02-235416.png?fit=792%2C477&ssl=1","@id":"https:\/\/semanariolaprensa.com\/avantpremiere\/playa-grande-invita-a-una-tarde-de-cine-infantil-con-entrada-libre\/#mainImage","width":792,"height":477},"primaryImageOfPage":{"@id":"https:\/\/semanariolaprensa.com\/avantpremiere\/playa-grande-invita-a-una-tarde-de-cine-infantil-con-entrada-libre\/#mainImage"},"datePublished":"2026-09-02T23:56:07-03:00","dateModified":"2026-09-02T23:56:40-03:00"},{"@type":"WebSite","@id":"https:\/\/semanariolaprensa.com\/avantpremiere\/#website","url":"https:\/\/semanariolaprensa.com\/avantpremiere\/","name":"Avant-Premi\u00e8re","description":"La primera fila del entretenimiento","inLanguage":"es-ES","publisher":{"@id":"https:\/\/semanariolaprensa.com\/avantpremiere\/#organization"}}]},"og:locale":"es_ES","og:site_name":"Avant-Premi\u00e8re - La primera fila del entretenimiento","og:type":"article","og:title":"Playa Grande invita a una tarde de cine infantil con entrada libre - Avant-Premi\u00e8re","og:description":"La comunidad de Playa Grande organizar\u00e1 este s\u00e1bado 5 una jornada de cine especialmente pensada para los m\u00e1s peque\u00f1os. La actividad tendr\u00e1 lugar en el Sal\u00f3n Comunal de Playa Grande, de 15:00 a 17:00 horas, con acceso gratuito para todas las familias. Durante la tarde se proyectar\u00e1 la pel\u00edcula animada &quot;Selkirk, el verdadero Robinson Crusoe&quot;,","og:url":"https:\/\/semanariolaprensa.com\/avantpremiere\/playa-grande-invita-a-una-tarde-de-cine-infantil-con-entrada-libre\/","article:published_time":"2026-09-03T02:56:07+00:00","article:modified_time":"2026-09-03T02:56:40+00:00","twitter:card":"summary_large_image","twitter:title":"Playa Grande invita a una tarde de cine infantil con entrada libre - Avant-Premi\u00e8re","twitter:description":"La comunidad de Playa Grande organizar\u00e1 este s\u00e1bado 5 una jornada de cine especialmente pensada para los m\u00e1s peque\u00f1os. La actividad tendr\u00e1 lugar en el Sal\u00f3n Comunal de Playa Grande, de 15:00 a 17:00 horas, con acceso gratuito para todas las familias. Durante la tarde se proyectar\u00e1 la pel\u00edcula animada &quot;Selkirk, el verdadero Robinson Crusoe&quot;,"},"aioseo_meta_data":{"post_id":"3317","title":null,"description":null,"keywords":null,"keyphrases":{"focus":{"keyphrase":"","score":0,"analysis":{"keyphraseInTitle":{"score":0,"maxScore":9,"error":1}}},"additional":[]},"primary_term":null,"canonical_url":null,"og_title":null,"og_description":null,"og_object_type":"default","og_image_type":"default","og_image_url":null,"og_image_width":null,"og_image_height":null,"og_image_custom_url":null,"og_image_custom_fields":null,"og_video":"","og_custom_url":null,"og_article_section":null,"og_article_tags":null,"twitter_use_og":false,"twitter_card":"default","twitter_image_type":"default","twitter_image_url":null,"twitter_image_custom_url":null,"twitter_image_custom_fields":null,"twitter_title":null,"twitter_description":null,"schema":{"blockGraphs":[],"customGraphs":[],"default":{"data":{"Article":[],"Course":[],"Dataset":[],"FAQPage":[],"Movie":[],"Person":[],"Product":[],"ProductReview":[],"Car":[],"Recipe":[],"Service":[],"SoftwareApplication":[],"WebPage":[]},"graphName":"BlogPosting","isEnabled":true},"graphs":[]},"schema_type":"default","schema_type_options":null,"pillar_content":false,"robots_default":true,"robots_noindex":false,"robots_noarchive":false,"robots_nosnippet":false,"robots_nofollow":false,"robots_noimageindex":false,"robots_noodp":false,"robots_notranslate":false,"robots_max_snippet":"-1","robots_max_videopreview":"-1","robots_max_imagepreview":"large","priority":null,"frequency":"default","local_seo":null,"breadcrumb_settings":null,"limit_modified_date":false,"ai":{"faqs":[],"keyPoints":[],"schemas":[],"titles":[],"descriptions":[],"socialPosts":{"email":{"subject":"","preview":"","content":""},"linkedin":[],"twitter":[],"facebook":[],"instagram":[]}},"created":"2026-09-03 02:56:09","updated":"2026-09-03 02:56:40","seo_analyzer_scan_date":null,"focus_keyword":null,"additional_keywords":null,"truseo_locale":null},"aioseo_breadcrumb":"<div class=\"aioseo-breadcrumbs\"><span class=\"aioseo-breadcrumb\">\n\t\t\t<a href=\"https:\/\/semanariolaprensa.com\/avantpremiere\" title=\"Home\">Home<\/a>\n\t\t<\/span><span class=\"aioseo-breadcrumb-separator\">&raquo;<\/span><span class=\"aioseo-breadcrumb\">\n\t\t\t<a href=\"https:\/\/semanariolaprensa.com\/avantpremiere\/category\/pantalla\/\" title=\"Pantalla\">Pantalla<\/a>\n\t\t<\/span><span class=\"aioseo-breadcrumb-separator\">&raquo;<\/span><span class=\"aioseo-breadcrumb\">\n\t\t\t<a href=\"https:\/\/semanariolaprensa.com\/avantpremiere\/category\/pantalla\/cine\/\" title=\"Cine\">Cine<\/a>\n\t\t<\/span><span class=\"aioseo-breadcrumb-separator\">&raquo;<\/span><span class=\"aioseo-breadcrumb\">\n\t\t\tPlaya Grande invita a una tarde de cine infantil con entrada libre\n\t\t<\/span><\/div>","aioseo_breadcrumb_json":[{"label":"Home","link":"https:\/\/semanariolaprensa.com\/avantpremiere"},{"label":"Pantalla","link":"https:\/\/semanariolaprensa.com\/avantpremiere\/category\/pantalla\/"},{"label":"Cine","link":"https:\/\/semanariolaprensa.com\/avantpremiere\/category\/pantalla\/cine\/"},{"label":"Playa Grande invita a una tarde de cine infantil con entrada libre","link":"https:\/\/semanariolaprensa.com\/avantpremiere\/playa-grande-invita-a-una-tarde-de-cine-infantil-con-entrada-libre\/"}],"jetpack_sharing_enabled":true,"jetpack_featured_media_url":"https:\/\/i0.wp.com\/semanariolaprensa.com\/avantpremiere\/wp-content\/uploads\/2026\/09\/Captura-de-pantalla-2026-09-02-235416.png?fit=792%2C477&ssl=1","_links":{"self":[{"href":"https:\/\/semanariolaprensa.com\/avantpremiere\/wp-json\/wp\/v2\/posts\/3317","targetHints":{"allow":["GET"]}}],"collection":[{"href":"https:\/\/semanariolaprensa.com\/avantpremiere\/wp-json\/wp\/v2\/posts"}],"about":[{"href":"https:\/\/semanariolaprensa.com\/avantpremiere\/wp-json\/wp\/v2\/types\/post"}],"author":[{"embeddable":true,"href":"https:\/\/semanariolaprensa.com\/avantpremiere\/wp-json\/wp\/v2\/users\/1"}],"replies":[{"embeddable":true,"href":"https:\/\/semanariolaprensa.com\/avantpremiere\/wp-json\/wp\/v2\/comments?post=3317"}],"version-history":[{"count":2,"href":"https:\/\/semanariolaprensa.com\/avantpremiere\/wp-json\/wp\/v2\/posts\/3317\/revisions"}],"predecessor-version":[{"id":3322,"href":"https:\/\/semanariolaprensa.com\/avantpremiere\/wp-json\/wp\/v2\/posts\/3317\/revisions\/3322"}],"wp:featuredmedia":[{"embeddable":true,"href":"https:\/\/semanariolaprensa.com\/avantpremiere\/wp-json\/wp\/v2\/media\/3319"}],"wp:attachment":[{"href":"https:\/\/semanariolaprensa.com\/avantpremiere\/wp-json\/wp\/v2\/media?parent=3317"}],"wp:term":[{"taxonomy":"category","embeddable":true,"href":"https:\/\/semanariolaprensa.com\/avantpremiere\/wp-json\/wp\/v2\/categories?post=3317"},{"taxonomy":"post_tag","embeddable":true,"href":"https:\/\/semanariolaprensa.com\/avantpremiere\/wp-json\/wp\/v2\/tags?post=3317"}],"curies":[{"name":"wp","href":"https:\/\/api.w.org\/{rel}","templated":true}]}}