{"id":3311,"date":"2026-09-02T20:53:14","date_gmt":"2026-09-02T23:53:14","guid":{"rendered":"https:\/\/semanariolaprensa.com\/avantpremiere\/?p=3311"},"modified":"2026-09-02T21:01:46","modified_gmt":"2026-09-03T00:01:46","slug":"luz-del-alba-rubio-la-soprano-uruguaya-que-triunfa-en-europa-rindio-homenaje-a-ruben-rada-con-un-ave-maria-en-ritmo-de-candombe","status":"publish","type":"post","link":"https:\/\/semanariolaprensa.com\/avantpremiere\/luz-del-alba-rubio-la-soprano-uruguaya-que-triunfa-en-europa-rindio-homenaje-a-ruben-rada-con-un-ave-maria-en-ritmo-de-candombe\/","title":{"rendered":"Luz del Alba Rubio, la soprano uruguaya que triunfa en Europa, rindi\u00f3 homenaje a Ruben Rada con un Ave Mar\u00eda en ritmo de candombe"},"content":{"rendered":"\n<iframe width=\"560\" height=\"315\" src=\"https:\/\/www.youtube.com\/embed\/Hhz9FgkC2WY?si=gO-eZOHZxojBaZC4\" title=\"YouTube video player\" frameborder=\"0\" allow=\"accelerometer; autoplay; clipboard-write; encrypted-media; gyroscope; picture-in-picture; web-share\" referrerpolicy=\"strict-origin-when-cross-origin\" allowfullscreen><\/iframe>\n\n\n\n<p class=\"wp-block-paragraph\"><strong>La reconocida soprano uruguaya Luz del Alba Rubio se comunic\u00f3 con semanario La Prensa para, en car\u00e1cter de primicia, hacernos llegar el video donde dedica una emotiva versi\u00f3n del Ave Mar\u00eda, interpretada en ritmo de candombe, a la memoria de Rub\u00e9n \u201cNegro\u201d Rada, fallecido el 26 de agosto de 2026. Desde la m\u00fasica y las ra\u00edces uruguayas, la artista record\u00f3 el enorme legado cultural del m\u00fasico y destac\u00f3 su papel fundamental en la proyecci\u00f3n internacional del candombe.<\/strong> <\/p>\n\n\n\n<p class=\"wp-block-paragraph\">La soprano uruguaya <strong>Luz del Alba Rubio<\/strong>, de destacada trayectoria internacional y con una extensa carrera art\u00edstica desarrollada en Europa, rindi\u00f3 homenaje a <strong>Rub\u00e9n \u201cNegro\u201d Rada<\/strong> a trav\u00e9s de una particular y emotiva interpretaci\u00f3n del <strong>Ave Mar\u00eda en ritmo de candombe<\/strong>.<\/p>\n\n\n\n<p class=\"wp-block-paragraph\">La artista dedic\u00f3 la obra a la memoria de quien fuera una de las figuras fundamentales de la m\u00fasica y la cultura uruguaya, fallecido el pasado <strong>26 de agosto de 2026<\/strong>. \u201cHoy dedico esta Ave Mar\u00eda, ritmo de candombe, como homenaje a la memoria de Rub\u00e9n \u2018Negro\u2019 Rada\u201d, expres\u00f3 Rubio al presentar la interpretaci\u00f3n.<\/p>\n\n\n\n<p class=\"wp-block-paragraph\">La soprano destac\u00f3 especialmente la capacidad de Rada para llevar la identidad musical uruguaya m\u00e1s all\u00e1 de fronteras y generaciones. \u201cRada llev\u00f3 en su m\u00fasica el pulso profundo de nuestro Uruguay y convirti\u00f3 al candombe en un lenguaje capaz de atravesar generaciones, g\u00e9neros y fronteras\u201d, se\u00f1al\u00f3.<\/p>\n\n\n\n<p class=\"wp-block-paragraph\">Para Luz del Alba Rubio, la elecci\u00f3n del candombe como veh\u00edculo para interpretar una obra tradicionalmente vinculada al repertorio sacro representa tambi\u00e9n una forma de unir dos universos musicales y, al mismo tiempo, rendir tributo a las ra\u00edces culturales del pa\u00eds.<\/p>\n\n\n\n<p class=\"wp-block-paragraph\">\u201cComo cantante uruguaya, quise recordarlo desde aquello que nos une profundamente: la m\u00fasica, nuestras ra\u00edces y el sonido del tambor\u201d, manifest\u00f3.<\/p>\n\n\n\n<h3 class=\"wp-block-heading\"><strong>\u201cUna oraci\u00f3n cantada, una despedida\u201d<\/strong><\/h3>\n\n\n\n<p class=\"wp-block-paragraph\">La artista defini\u00f3 su interpretaci\u00f3n como mucho m\u00e1s que una versi\u00f3n musical. Para Rubio, el Ave Mar\u00eda adquiere en esta ocasi\u00f3n un profundo sentido de despedida y agradecimiento. \u201cEsta Ave Mar\u00eda se transforma as\u00ed en una oraci\u00f3n cantada. Una despedida. Un agradecimiento a quien hizo del candombe una voz universal\u201d, expres\u00f3.<\/p>\n\n\n\n<p class=\"wp-block-paragraph\">El homenaje concluye con un mensaje especialmente dedicado al m\u00fasico uruguayo: <strong>\u201cGracias, Negro Rada, por tanta m\u00fasica. Tu tambor seguir\u00e1 sonando\u201d<\/strong>. \u201cCon respeto, emoci\u00f3n y profundo cari\u00f1o desde nuestra tierra\u201d, agreg\u00f3 Luz del Alba Rubio al compartir la interpretaci\u00f3n.<\/p>\n\n\n\n<p class=\"wp-block-paragraph\">La versi\u00f3n del <strong>Ave Mar\u00eda en ritmo de candombe dedicada a Rub\u00e9n Rada<\/strong> puede verse en el canal de YouTube donde la soprano difundi\u00f3 el homenaje.<\/p>\n","protected":false},"excerpt":{"rendered":"<p>La reconocida soprano uruguaya Luz del Alba Rubio se comunic\u00f3 con semanario La Prensa para, en car\u00e1cter de primicia, hacernos llegar el video donde dedica una emotiva versi\u00f3n del Ave Mar\u00eda, interpretada en ritmo de candombe, a la memoria de Rub\u00e9n \u201cNegro\u201d Rada, fallecido el 26 de agosto de 2026. Desde la m\u00fasica y las [&hellip;]<\/p>\n","protected":false},"author":1,"featured_media":3312,"comment_status":"open","ping_status":"open","sticky":false,"template":"","format":"standard","meta":{"om_disable_all_campaigns":false,"_monsterinsights_skip_tracking":false,"_jetpack_newsletter_access":"","_jetpack_dont_email_post_to_subs":false,"_jetpack_newsletter_tier_id":0,"_jetpack_memberships_contains_paywalled_content":false,"_jetpack_feature_clip_id":0,"_jetpack_memberships_contains_paid_content":false,"jnews-multi-image_gallery":[],"jnews_single_post":{"format":"standard"},"jnews_primary_category":[],"jnews_override_bookmark_settings":[],"jnews_social_meta":[],"jnews_review":[],"enable_review":"","type":"","name":"","summary":"","brand":"","sku":"","good":[],"bad":[],"score_override":"","override_value":"","rating":[],"price":[],"jnews_override_counter":[],"footnotes":"","jetpack_post_was_ever_published":false},"categories":[377,66,379,415,326,82],"tags":[],"class_list":["post-3311","post","type-post","status-publish","format-standard","has-post-thumbnail","hentry","category-artistas","category-celebridades","category-conciertos","category-cultura","category-musica","category-primer-plano"],"aioseo_notices":[],"aioseo_head":"\n\t\t<!-- All in One SEO 5.0.1 - aioseo.com -->\n\t<meta name=\"description\" content=\"La reconocida soprano uruguaya Luz del Alba Rubio se comunic\u00f3 con semanario La Prensa para, en car\u00e1cter de primicia, hacernos llegar el video donde dedica una emotiva versi\u00f3n del Ave Mar\u00eda, interpretada en ritmo de candombe, a la memoria de Rub\u00e9n \u201cNegro\u201d Rada, fallecido el 26 de agosto de 2026. Desde la m\u00fasica y las\" \/>\n\t<meta name=\"robots\" content=\"max-image-preview:large\" \/>\n\t<meta name=\"author\" content=\"Avant Premi\u00e8re\"\/>\n\t<link rel=\"canonical\" href=\"https:\/\/semanariolaprensa.com\/avantpremiere\/luz-del-alba-rubio-la-soprano-uruguaya-que-triunfa-en-europa-rindio-homenaje-a-ruben-rada-con-un-ave-maria-en-ritmo-de-candombe\/\" \/>\n\t<meta name=\"generator\" content=\"All in One SEO (AIOSEO) 5.0.1\" \/>\n\t\t<meta property=\"og:locale\" content=\"es_ES\" \/>\n\t\t<meta property=\"og:site_name\" content=\"Avant-Premi\u00e8re - La primera fila del entretenimiento\" \/>\n\t\t<meta property=\"og:type\" content=\"article\" \/>\n\t\t<meta property=\"og:title\" content=\"Luz del Alba Rubio, la soprano uruguaya que triunfa en Europa, rindi\u00f3 homenaje a Ruben Rada con un Ave Mar\u00eda en ritmo de candombe - Avant-Premi\u00e8re\" \/>\n\t\t<meta property=\"og:description\" content=\"La reconocida soprano uruguaya Luz del Alba Rubio se comunic\u00f3 con semanario La Prensa para, en car\u00e1cter de primicia, hacernos llegar el video donde dedica una emotiva versi\u00f3n del Ave Mar\u00eda, interpretada en ritmo de candombe, a la memoria de Rub\u00e9n \u201cNegro\u201d Rada, fallecido el 26 de agosto de 2026. Desde la m\u00fasica y las\" \/>\n\t\t<meta property=\"og:url\" content=\"https:\/\/semanariolaprensa.com\/avantpremiere\/luz-del-alba-rubio-la-soprano-uruguaya-que-triunfa-en-europa-rindio-homenaje-a-ruben-rada-con-un-ave-maria-en-ritmo-de-candombe\/\" \/>\n\t\t<meta property=\"article:published_time\" content=\"2026-09-02T23:53:14+00:00\" \/>\n\t\t<meta property=\"article:modified_time\" content=\"2026-09-03T00:01:46+00:00\" \/>\n\t\t<meta name=\"twitter:card\" content=\"summary_large_image\" \/>\n\t\t<meta name=\"twitter:title\" content=\"Luz del Alba Rubio, la soprano uruguaya que triunfa en Europa, rindi\u00f3 homenaje a Ruben Rada con un Ave Mar\u00eda en ritmo de candombe - Avant-Premi\u00e8re\" \/>\n\t\t<meta name=\"twitter:description\" content=\"La reconocida soprano uruguaya Luz del Alba Rubio se comunic\u00f3 con semanario La Prensa para, en car\u00e1cter de primicia, hacernos llegar el video donde dedica una emotiva versi\u00f3n del Ave Mar\u00eda, interpretada en ritmo de candombe, a la memoria de Rub\u00e9n \u201cNegro\u201d Rada, fallecido el 26 de agosto de 2026. Desde la m\u00fasica y las\" \/>\n\t\t<script type=\"application\/ld+json\" class=\"aioseo-schema\">\n\t\t\t{\"@context\":\"https:\\\/\\\/schema.org\",\"@graph\":[{\"@type\":\"BlogPosting\",\"@id\":\"https:\\\/\\\/semanariolaprensa.com\\\/avantpremiere\\\/luz-del-alba-rubio-la-soprano-uruguaya-que-triunfa-en-europa-rindio-homenaje-a-ruben-rada-con-un-ave-maria-en-ritmo-de-candombe\\\/#blogposting\",\"name\":\"Luz del Alba Rubio, la soprano uruguaya que triunfa en Europa, rindi\\u00f3 homenaje a Ruben Rada con un Ave Mar\\u00eda en ritmo de candombe - Avant-Premi\\u00e8re\",\"headline\":\"Luz del Alba Rubio, la soprano uruguaya que triunfa en Europa, rindi\\u00f3 homenaje a Ruben Rada con un Ave Mar\\u00eda en ritmo de candombe\",\"author\":{\"@id\":\"https:\\\/\\\/semanariolaprensa.com\\\/avantpremiere\\\/author\\\/debaaureapremiere\\\/#author\"},\"publisher\":{\"@id\":\"https:\\\/\\\/semanariolaprensa.com\\\/avantpremiere\\\/#organization\"},\"image\":{\"@type\":\"ImageObject\",\"url\":\"https:\\\/\\\/i0.wp.com\\\/semanariolaprensa.com\\\/avantpremiere\\\/wp-content\\\/uploads\\\/2026\\\/09\\\/luz-del-alba-rubio-ave-maria.png?fit=1200%2C642&ssl=1\",\"width\":1200,\"height\":642},\"datePublished\":\"2026-09-02T20:53:14-03:00\",\"dateModified\":\"2026-09-02T21:01:46-03:00\",\"inLanguage\":\"es-ES\",\"mainEntityOfPage\":{\"@id\":\"https:\\\/\\\/semanariolaprensa.com\\\/avantpremiere\\\/luz-del-alba-rubio-la-soprano-uruguaya-que-triunfa-en-europa-rindio-homenaje-a-ruben-rada-con-un-ave-maria-en-ritmo-de-candombe\\\/#webpage\"},\"isPartOf\":{\"@id\":\"https:\\\/\\\/semanariolaprensa.com\\\/avantpremiere\\\/luz-del-alba-rubio-la-soprano-uruguaya-que-triunfa-en-europa-rindio-homenaje-a-ruben-rada-con-un-ave-maria-en-ritmo-de-candombe\\\/#webpage\"},\"articleSection\":\"Artistas, Celebridades, Conciertos, Cultura, M\\u00fasica, Primer Plano\"},{\"@type\":\"BreadcrumbList\",\"@id\":\"https:\\\/\\\/semanariolaprensa.com\\\/avantpremiere\\\/luz-del-alba-rubio-la-soprano-uruguaya-que-triunfa-en-europa-rindio-homenaje-a-ruben-rada-con-un-ave-maria-en-ritmo-de-candombe\\\/#breadcrumblist\",\"itemListElement\":[{\"@type\":\"ListItem\",\"@id\":\"https:\\\/\\\/semanariolaprensa.com\\\/avantpremiere#listItem\",\"position\":1,\"name\":\"Home\",\"item\":\"https:\\\/\\\/semanariolaprensa.com\\\/avantpremiere\",\"nextItem\":{\"@type\":\"ListItem\",\"@id\":\"https:\\\/\\\/semanariolaprensa.com\\\/avantpremiere\\\/category\\\/musica\\\/#listItem\",\"name\":\"M\\u00fasica\"}},{\"@type\":\"ListItem\",\"@id\":\"https:\\\/\\\/semanariolaprensa.com\\\/avantpremiere\\\/category\\\/musica\\\/#listItem\",\"position\":2,\"name\":\"M\\u00fasica\",\"item\":\"https:\\\/\\\/semanariolaprensa.com\\\/avantpremiere\\\/category\\\/musica\\\/\",\"nextItem\":{\"@type\":\"ListItem\",\"@id\":\"https:\\\/\\\/semanariolaprensa.com\\\/avantpremiere\\\/category\\\/musica\\\/artistas\\\/#listItem\",\"name\":\"Artistas\"},\"previousItem\":{\"@type\":\"ListItem\",\"@id\":\"https:\\\/\\\/semanariolaprensa.com\\\/avantpremiere#listItem\",\"name\":\"Home\"}},{\"@type\":\"ListItem\",\"@id\":\"https:\\\/\\\/semanariolaprensa.com\\\/avantpremiere\\\/category\\\/musica\\\/artistas\\\/#listItem\",\"position\":3,\"name\":\"Artistas\",\"item\":\"https:\\\/\\\/semanariolaprensa.com\\\/avantpremiere\\\/category\\\/musica\\\/artistas\\\/\",\"nextItem\":{\"@type\":\"ListItem\",\"@id\":\"https:\\\/\\\/semanariolaprensa.com\\\/avantpremiere\\\/luz-del-alba-rubio-la-soprano-uruguaya-que-triunfa-en-europa-rindio-homenaje-a-ruben-rada-con-un-ave-maria-en-ritmo-de-candombe\\\/#listItem\",\"name\":\"Luz del Alba Rubio, la soprano uruguaya que triunfa en Europa, rindi\\u00f3 homenaje a Ruben Rada con un Ave Mar\\u00eda en ritmo de candombe\"},\"previousItem\":{\"@type\":\"ListItem\",\"@id\":\"https:\\\/\\\/semanariolaprensa.com\\\/avantpremiere\\\/category\\\/musica\\\/#listItem\",\"name\":\"M\\u00fasica\"}},{\"@type\":\"ListItem\",\"@id\":\"https:\\\/\\\/semanariolaprensa.com\\\/avantpremiere\\\/luz-del-alba-rubio-la-soprano-uruguaya-que-triunfa-en-europa-rindio-homenaje-a-ruben-rada-con-un-ave-maria-en-ritmo-de-candombe\\\/#listItem\",\"position\":4,\"name\":\"Luz del Alba Rubio, la soprano uruguaya que triunfa en Europa, rindi\\u00f3 homenaje a Ruben Rada con un Ave Mar\\u00eda en ritmo de candombe\",\"previousItem\":{\"@type\":\"ListItem\",\"@id\":\"https:\\\/\\\/semanariolaprensa.com\\\/avantpremiere\\\/category\\\/musica\\\/artistas\\\/#listItem\",\"name\":\"Artistas\"}}]},{\"@type\":\"Organization\",\"@id\":\"https:\\\/\\\/semanariolaprensa.com\\\/avantpremiere\\\/#organization\",\"name\":\"Avant-Premi\\u00e8re\",\"description\":\"La primera fila del entretenimiento\",\"url\":\"https:\\\/\\\/semanariolaprensa.com\\\/avantpremiere\\\/\",\"logo\":{\"@type\":\"ImageObject\",\"url\":\"https:\\\/\\\/i0.wp.com\\\/semanariolaprensa.com\\\/avantpremiere\\\/wp-content\\\/uploads\\\/2026\\\/01\\\/cropped-iconoaureapremiere-1.png?fit=512%2C512&ssl=1\",\"@id\":\"https:\\\/\\\/semanariolaprensa.com\\\/avantpremiere\\\/luz-del-alba-rubio-la-soprano-uruguaya-que-triunfa-en-europa-rindio-homenaje-a-ruben-rada-con-un-ave-maria-en-ritmo-de-candombe\\\/#organizationLogo\",\"width\":512,\"height\":512},\"image\":{\"@id\":\"https:\\\/\\\/semanariolaprensa.com\\\/avantpremiere\\\/luz-del-alba-rubio-la-soprano-uruguaya-que-triunfa-en-europa-rindio-homenaje-a-ruben-rada-con-un-ave-maria-en-ritmo-de-candombe\\\/#organizationLogo\"}},{\"@type\":\"Person\",\"@id\":\"https:\\\/\\\/semanariolaprensa.com\\\/avantpremiere\\\/author\\\/debaaureapremiere\\\/#author\",\"url\":\"https:\\\/\\\/semanariolaprensa.com\\\/avantpremiere\\\/author\\\/debaaureapremiere\\\/\",\"name\":\"Avant Premi\\u00e8re\",\"image\":{\"@type\":\"ImageObject\",\"@id\":\"https:\\\/\\\/semanariolaprensa.com\\\/avantpremiere\\\/luz-del-alba-rubio-la-soprano-uruguaya-que-triunfa-en-europa-rindio-homenaje-a-ruben-rada-con-un-ave-maria-en-ritmo-de-candombe\\\/#authorImage\",\"url\":\"https:\\\/\\\/secure.gravatar.com\\\/avatar\\\/25bd2526a0e92945ea41f6e68d1a9ff9a0293e6dffd0f172fc718d13a924f236?s=96&d=mm&r=g\",\"width\":96,\"height\":96,\"caption\":\"Avant Premi\\u00e8re\"}},{\"@type\":\"WebPage\",\"@id\":\"https:\\\/\\\/semanariolaprensa.com\\\/avantpremiere\\\/luz-del-alba-rubio-la-soprano-uruguaya-que-triunfa-en-europa-rindio-homenaje-a-ruben-rada-con-un-ave-maria-en-ritmo-de-candombe\\\/#webpage\",\"url\":\"https:\\\/\\\/semanariolaprensa.com\\\/avantpremiere\\\/luz-del-alba-rubio-la-soprano-uruguaya-que-triunfa-en-europa-rindio-homenaje-a-ruben-rada-con-un-ave-maria-en-ritmo-de-candombe\\\/\",\"name\":\"Luz del Alba Rubio, la soprano uruguaya que triunfa en Europa, rindi\\u00f3 homenaje a Ruben Rada con un Ave Mar\\u00eda en ritmo de candombe - Avant-Premi\\u00e8re\",\"description\":\"La reconocida soprano uruguaya Luz del Alba Rubio se comunic\\u00f3 con semanario La Prensa para, en car\\u00e1cter de primicia, hacernos llegar el video donde dedica una emotiva versi\\u00f3n del Ave Mar\\u00eda, interpretada en ritmo de candombe, a la memoria de Rub\\u00e9n \\u201cNegro\\u201d Rada, fallecido el 26 de agosto de 2026. Desde la m\\u00fasica y las\",\"inLanguage\":\"es-ES\",\"isPartOf\":{\"@id\":\"https:\\\/\\\/semanariolaprensa.com\\\/avantpremiere\\\/#website\"},\"breadcrumb\":{\"@id\":\"https:\\\/\\\/semanariolaprensa.com\\\/avantpremiere\\\/luz-del-alba-rubio-la-soprano-uruguaya-que-triunfa-en-europa-rindio-homenaje-a-ruben-rada-con-un-ave-maria-en-ritmo-de-candombe\\\/#breadcrumblist\"},\"author\":{\"@id\":\"https:\\\/\\\/semanariolaprensa.com\\\/avantpremiere\\\/author\\\/debaaureapremiere\\\/#author\"},\"creator\":{\"@id\":\"https:\\\/\\\/semanariolaprensa.com\\\/avantpremiere\\\/author\\\/debaaureapremiere\\\/#author\"},\"image\":{\"@type\":\"ImageObject\",\"url\":\"https:\\\/\\\/i0.wp.com\\\/semanariolaprensa.com\\\/avantpremiere\\\/wp-content\\\/uploads\\\/2026\\\/09\\\/luz-del-alba-rubio-ave-maria.png?fit=1200%2C642&ssl=1\",\"@id\":\"https:\\\/\\\/semanariolaprensa.com\\\/avantpremiere\\\/luz-del-alba-rubio-la-soprano-uruguaya-que-triunfa-en-europa-rindio-homenaje-a-ruben-rada-con-un-ave-maria-en-ritmo-de-candombe\\\/#mainImage\",\"width\":1200,\"height\":642},\"primaryImageOfPage\":{\"@id\":\"https:\\\/\\\/semanariolaprensa.com\\\/avantpremiere\\\/luz-del-alba-rubio-la-soprano-uruguaya-que-triunfa-en-europa-rindio-homenaje-a-ruben-rada-con-un-ave-maria-en-ritmo-de-candombe\\\/#mainImage\"},\"datePublished\":\"2026-09-02T20:53:14-03:00\",\"dateModified\":\"2026-09-02T21:01:46-03:00\"},{\"@type\":\"WebSite\",\"@id\":\"https:\\\/\\\/semanariolaprensa.com\\\/avantpremiere\\\/#website\",\"url\":\"https:\\\/\\\/semanariolaprensa.com\\\/avantpremiere\\\/\",\"name\":\"Avant-Premi\\u00e8re\",\"description\":\"La primera fila del entretenimiento\",\"inLanguage\":\"es-ES\",\"publisher\":{\"@id\":\"https:\\\/\\\/semanariolaprensa.com\\\/avantpremiere\\\/#organization\"}}]}\n\t\t<\/script>\n\t\t<!-- All in One SEO -->\n\n","aioseo_head_json":{"title":"Luz del Alba Rubio, la soprano uruguaya que triunfa en Europa, rindi\u00f3 homenaje a Ruben Rada con un Ave Mar\u00eda en ritmo de candombe - Avant-Premi\u00e8re","description":"La reconocida soprano uruguaya Luz del Alba Rubio se comunic\u00f3 con semanario La Prensa para, en car\u00e1cter de primicia, hacernos llegar el video donde dedica una emotiva versi\u00f3n del Ave Mar\u00eda, interpretada en ritmo de candombe, a la memoria de Rub\u00e9n \u201cNegro\u201d Rada, fallecido el 26 de agosto de 2026. Desde la m\u00fasica y las","canonical_url":"https:\/\/semanariolaprensa.com\/avantpremiere\/luz-del-alba-rubio-la-soprano-uruguaya-que-triunfa-en-europa-rindio-homenaje-a-ruben-rada-con-un-ave-maria-en-ritmo-de-candombe\/","robots":"max-image-preview:large","keywords":"","webmasterTools":{"miscellaneous":""},"schema":{"@context":"https:\/\/schema.org","@graph":[{"@type":"BlogPosting","@id":"https:\/\/semanariolaprensa.com\/avantpremiere\/luz-del-alba-rubio-la-soprano-uruguaya-que-triunfa-en-europa-rindio-homenaje-a-ruben-rada-con-un-ave-maria-en-ritmo-de-candombe\/#blogposting","name":"Luz del Alba Rubio, la soprano uruguaya que triunfa en Europa, rindi\u00f3 homenaje a Ruben Rada con un Ave Mar\u00eda en ritmo de candombe - Avant-Premi\u00e8re","headline":"Luz del Alba Rubio, la soprano uruguaya que triunfa en Europa, rindi\u00f3 homenaje a Ruben Rada con un Ave Mar\u00eda en ritmo de candombe","author":{"@id":"https:\/\/semanariolaprensa.com\/avantpremiere\/author\/debaaureapremiere\/#author"},"publisher":{"@id":"https:\/\/semanariolaprensa.com\/avantpremiere\/#organization"},"image":{"@type":"ImageObject","url":"https:\/\/i0.wp.com\/semanariolaprensa.com\/avantpremiere\/wp-content\/uploads\/2026\/09\/luz-del-alba-rubio-ave-maria.png?fit=1200%2C642&ssl=1","width":1200,"height":642},"datePublished":"2026-09-02T20:53:14-03:00","dateModified":"2026-09-02T21:01:46-03:00","inLanguage":"es-ES","mainEntityOfPage":{"@id":"https:\/\/semanariolaprensa.com\/avantpremiere\/luz-del-alba-rubio-la-soprano-uruguaya-que-triunfa-en-europa-rindio-homenaje-a-ruben-rada-con-un-ave-maria-en-ritmo-de-candombe\/#webpage"},"isPartOf":{"@id":"https:\/\/semanariolaprensa.com\/avantpremiere\/luz-del-alba-rubio-la-soprano-uruguaya-que-triunfa-en-europa-rindio-homenaje-a-ruben-rada-con-un-ave-maria-en-ritmo-de-candombe\/#webpage"},"articleSection":"Artistas, Celebridades, Conciertos, Cultura, M\u00fasica, Primer Plano"},{"@type":"BreadcrumbList","@id":"https:\/\/semanariolaprensa.com\/avantpremiere\/luz-del-alba-rubio-la-soprano-uruguaya-que-triunfa-en-europa-rindio-homenaje-a-ruben-rada-con-un-ave-maria-en-ritmo-de-candombe\/#breadcrumblist","itemListElement":[{"@type":"ListItem","@id":"https:\/\/semanariolaprensa.com\/avantpremiere#listItem","position":1,"name":"Home","item":"https:\/\/semanariolaprensa.com\/avantpremiere","nextItem":{"@type":"ListItem","@id":"https:\/\/semanariolaprensa.com\/avantpremiere\/category\/musica\/#listItem","name":"M\u00fasica"}},{"@type":"ListItem","@id":"https:\/\/semanariolaprensa.com\/avantpremiere\/category\/musica\/#listItem","position":2,"name":"M\u00fasica","item":"https:\/\/semanariolaprensa.com\/avantpremiere\/category\/musica\/","nextItem":{"@type":"ListItem","@id":"https:\/\/semanariolaprensa.com\/avantpremiere\/category\/musica\/artistas\/#listItem","name":"Artistas"},"previousItem":{"@type":"ListItem","@id":"https:\/\/semanariolaprensa.com\/avantpremiere#listItem","name":"Home"}},{"@type":"ListItem","@id":"https:\/\/semanariolaprensa.com\/avantpremiere\/category\/musica\/artistas\/#listItem","position":3,"name":"Artistas","item":"https:\/\/semanariolaprensa.com\/avantpremiere\/category\/musica\/artistas\/","nextItem":{"@type":"ListItem","@id":"https:\/\/semanariolaprensa.com\/avantpremiere\/luz-del-alba-rubio-la-soprano-uruguaya-que-triunfa-en-europa-rindio-homenaje-a-ruben-rada-con-un-ave-maria-en-ritmo-de-candombe\/#listItem","name":"Luz del Alba Rubio, la soprano uruguaya que triunfa en Europa, rindi\u00f3 homenaje a Ruben Rada con un Ave Mar\u00eda en ritmo de candombe"},"previousItem":{"@type":"ListItem","@id":"https:\/\/semanariolaprensa.com\/avantpremiere\/category\/musica\/#listItem","name":"M\u00fasica"}},{"@type":"ListItem","@id":"https:\/\/semanariolaprensa.com\/avantpremiere\/luz-del-alba-rubio-la-soprano-uruguaya-que-triunfa-en-europa-rindio-homenaje-a-ruben-rada-con-un-ave-maria-en-ritmo-de-candombe\/#listItem","position":4,"name":"Luz del Alba Rubio, la soprano uruguaya que triunfa en Europa, rindi\u00f3 homenaje a Ruben Rada con un Ave Mar\u00eda en ritmo de candombe","previousItem":{"@type":"ListItem","@id":"https:\/\/semanariolaprensa.com\/avantpremiere\/category\/musica\/artistas\/#listItem","name":"Artistas"}}]},{"@type":"Organization","@id":"https:\/\/semanariolaprensa.com\/avantpremiere\/#organization","name":"Avant-Premi\u00e8re","description":"La primera fila del entretenimiento","url":"https:\/\/semanariolaprensa.com\/avantpremiere\/","logo":{"@type":"ImageObject","url":"https:\/\/i0.wp.com\/semanariolaprensa.com\/avantpremiere\/wp-content\/uploads\/2026\/01\/cropped-iconoaureapremiere-1.png?fit=512%2C512&ssl=1","@id":"https:\/\/semanariolaprensa.com\/avantpremiere\/luz-del-alba-rubio-la-soprano-uruguaya-que-triunfa-en-europa-rindio-homenaje-a-ruben-rada-con-un-ave-maria-en-ritmo-de-candombe\/#organizationLogo","width":512,"height":512},"image":{"@id":"https:\/\/semanariolaprensa.com\/avantpremiere\/luz-del-alba-rubio-la-soprano-uruguaya-que-triunfa-en-europa-rindio-homenaje-a-ruben-rada-con-un-ave-maria-en-ritmo-de-candombe\/#organizationLogo"}},{"@type":"Person","@id":"https:\/\/semanariolaprensa.com\/avantpremiere\/author\/debaaureapremiere\/#author","url":"https:\/\/semanariolaprensa.com\/avantpremiere\/author\/debaaureapremiere\/","name":"Avant Premi\u00e8re","image":{"@type":"ImageObject","@id":"https:\/\/semanariolaprensa.com\/avantpremiere\/luz-del-alba-rubio-la-soprano-uruguaya-que-triunfa-en-europa-rindio-homenaje-a-ruben-rada-con-un-ave-maria-en-ritmo-de-candombe\/#authorImage","url":"https:\/\/secure.gravatar.com\/avatar\/25bd2526a0e92945ea41f6e68d1a9ff9a0293e6dffd0f172fc718d13a924f236?s=96&d=mm&r=g","width":96,"height":96,"caption":"Avant Premi\u00e8re"}},{"@type":"WebPage","@id":"https:\/\/semanariolaprensa.com\/avantpremiere\/luz-del-alba-rubio-la-soprano-uruguaya-que-triunfa-en-europa-rindio-homenaje-a-ruben-rada-con-un-ave-maria-en-ritmo-de-candombe\/#webpage","url":"https:\/\/semanariolaprensa.com\/avantpremiere\/luz-del-alba-rubio-la-soprano-uruguaya-que-triunfa-en-europa-rindio-homenaje-a-ruben-rada-con-un-ave-maria-en-ritmo-de-candombe\/","name":"Luz del Alba Rubio, la soprano uruguaya que triunfa en Europa, rindi\u00f3 homenaje a Ruben Rada con un Ave Mar\u00eda en ritmo de candombe - Avant-Premi\u00e8re","description":"La reconocida soprano uruguaya Luz del Alba Rubio se comunic\u00f3 con semanario La Prensa para, en car\u00e1cter de primicia, hacernos llegar el video donde dedica una emotiva versi\u00f3n del Ave Mar\u00eda, interpretada en ritmo de candombe, a la memoria de Rub\u00e9n \u201cNegro\u201d Rada, fallecido el 26 de agosto de 2026. Desde la m\u00fasica y las","inLanguage":"es-ES","isPartOf":{"@id":"https:\/\/semanariolaprensa.com\/avantpremiere\/#website"},"breadcrumb":{"@id":"https:\/\/semanariolaprensa.com\/avantpremiere\/luz-del-alba-rubio-la-soprano-uruguaya-que-triunfa-en-europa-rindio-homenaje-a-ruben-rada-con-un-ave-maria-en-ritmo-de-candombe\/#breadcrumblist"},"author":{"@id":"https:\/\/semanariolaprensa.com\/avantpremiere\/author\/debaaureapremiere\/#author"},"creator":{"@id":"https:\/\/semanariolaprensa.com\/avantpremiere\/author\/debaaureapremiere\/#author"},"image":{"@type":"ImageObject","url":"https:\/\/i0.wp.com\/semanariolaprensa.com\/avantpremiere\/wp-content\/uploads\/2026\/09\/luz-del-alba-rubio-ave-maria.png?fit=1200%2C642&ssl=1","@id":"https:\/\/semanariolaprensa.com\/avantpremiere\/luz-del-alba-rubio-la-soprano-uruguaya-que-triunfa-en-europa-rindio-homenaje-a-ruben-rada-con-un-ave-maria-en-ritmo-de-candombe\/#mainImage","width":1200,"height":642},"primaryImageOfPage":{"@id":"https:\/\/semanariolaprensa.com\/avantpremiere\/luz-del-alba-rubio-la-soprano-uruguaya-que-triunfa-en-europa-rindio-homenaje-a-ruben-rada-con-un-ave-maria-en-ritmo-de-candombe\/#mainImage"},"datePublished":"2026-09-02T20:53:14-03:00","dateModified":"2026-09-02T21:01:46-03:00"},{"@type":"WebSite","@id":"https:\/\/semanariolaprensa.com\/avantpremiere\/#website","url":"https:\/\/semanariolaprensa.com\/avantpremiere\/","name":"Avant-Premi\u00e8re","description":"La primera fila del entretenimiento","inLanguage":"es-ES","publisher":{"@id":"https:\/\/semanariolaprensa.com\/avantpremiere\/#organization"}}]},"og:locale":"es_ES","og:site_name":"Avant-Premi\u00e8re - La primera fila del entretenimiento","og:type":"article","og:title":"Luz del Alba Rubio, la soprano uruguaya que triunfa en Europa, rindi\u00f3 homenaje a Ruben Rada con un Ave Mar\u00eda en ritmo de candombe - Avant-Premi\u00e8re","og:description":"La reconocida soprano uruguaya Luz del Alba Rubio se comunic\u00f3 con semanario La Prensa para, en car\u00e1cter de primicia, hacernos llegar el video donde dedica una emotiva versi\u00f3n del Ave Mar\u00eda, interpretada en ritmo de candombe, a la memoria de Rub\u00e9n \u201cNegro\u201d Rada, fallecido el 26 de agosto de 2026. Desde la m\u00fasica y las","og:url":"https:\/\/semanariolaprensa.com\/avantpremiere\/luz-del-alba-rubio-la-soprano-uruguaya-que-triunfa-en-europa-rindio-homenaje-a-ruben-rada-con-un-ave-maria-en-ritmo-de-candombe\/","article:published_time":"2026-09-02T23:53:14+00:00","article:modified_time":"2026-09-03T00:01:46+00:00","twitter:card":"summary_large_image","twitter:title":"Luz del Alba Rubio, la soprano uruguaya que triunfa en Europa, rindi\u00f3 homenaje a Ruben Rada con un Ave Mar\u00eda en ritmo de candombe - Avant-Premi\u00e8re","twitter:description":"La reconocida soprano uruguaya Luz del Alba Rubio se comunic\u00f3 con semanario La Prensa para, en car\u00e1cter de primicia, hacernos llegar el video donde dedica una emotiva versi\u00f3n del Ave Mar\u00eda, interpretada en ritmo de candombe, a la memoria de Rub\u00e9n \u201cNegro\u201d Rada, fallecido el 26 de agosto de 2026. Desde la m\u00fasica y las"},"aioseo_meta_data":{"post_id":"3311","title":null,"description":null,"keywords":null,"keyphrases":{"focus":{"keyphrase":"","score":0,"analysis":{"keyphraseInTitle":{"score":0,"maxScore":9,"error":1}}},"additional":[]},"primary_term":null,"canonical_url":null,"og_title":null,"og_description":null,"og_object_type":"default","og_image_type":"default","og_image_url":null,"og_image_width":null,"og_image_height":null,"og_image_custom_url":null,"og_image_custom_fields":null,"og_video":"","og_custom_url":null,"og_article_section":null,"og_article_tags":null,"twitter_use_og":false,"twitter_card":"default","twitter_image_type":"default","twitter_image_url":null,"twitter_image_custom_url":null,"twitter_image_custom_fields":null,"twitter_title":null,"twitter_description":null,"schema":{"blockGraphs":[],"customGraphs":[],"default":{"data":{"Article":[],"Course":[],"Dataset":[],"FAQPage":[],"Movie":[],"Person":[],"Product":[],"ProductReview":[],"Car":[],"Recipe":[],"Service":[],"SoftwareApplication":[],"WebPage":[]},"graphName":"BlogPosting","isEnabled":true},"graphs":[]},"schema_type":"default","schema_type_options":null,"pillar_content":false,"robots_default":true,"robots_noindex":false,"robots_noarchive":false,"robots_nosnippet":false,"robots_nofollow":false,"robots_noimageindex":false,"robots_noodp":false,"robots_notranslate":false,"robots_max_snippet":"-1","robots_max_videopreview":"-1","robots_max_imagepreview":"large","priority":null,"frequency":"default","local_seo":null,"breadcrumb_settings":null,"limit_modified_date":false,"ai":{"faqs":[],"keyPoints":[],"schemas":[],"titles":[],"descriptions":[],"socialPosts":{"email":{"subject":"","preview":"","content":""},"linkedin":[],"twitter":[],"facebook":[],"instagram":[]}},"created":"2026-09-02 23:53:17","updated":"2026-09-03 00:04:38","seo_analyzer_scan_date":null,"focus_keyword":null,"additional_keywords":null,"truseo_locale":null},"aioseo_breadcrumb":"<div class=\"aioseo-breadcrumbs\"><span class=\"aioseo-breadcrumb\">\n\t\t\t<a href=\"https:\/\/semanariolaprensa.com\/avantpremiere\" title=\"Home\">Home<\/a>\n\t\t<\/span><span class=\"aioseo-breadcrumb-separator\">&raquo;<\/span><span class=\"aioseo-breadcrumb\">\n\t\t\t<a href=\"https:\/\/semanariolaprensa.com\/avantpremiere\/category\/musica\/\" title=\"M\u00fasica\">M\u00fasica<\/a>\n\t\t<\/span><span class=\"aioseo-breadcrumb-separator\">&raquo;<\/span><span class=\"aioseo-breadcrumb\">\n\t\t\t<a href=\"https:\/\/semanariolaprensa.com\/avantpremiere\/category\/musica\/artistas\/\" title=\"Artistas\">Artistas<\/a>\n\t\t<\/span><span class=\"aioseo-breadcrumb-separator\">&raquo;<\/span><span class=\"aioseo-breadcrumb\">\n\t\t\tLuz del Alba Rubio, la soprano uruguaya que triunfa en Europa, rindi\u00f3 homenaje a Ruben Rada con un Ave Mar\u00eda en ritmo de candombe\n\t\t<\/span><\/div>","aioseo_breadcrumb_json":[{"label":"Home","link":"https:\/\/semanariolaprensa.com\/avantpremiere"},{"label":"M\u00fasica","link":"https:\/\/semanariolaprensa.com\/avantpremiere\/category\/musica\/"},{"label":"Artistas","link":"https:\/\/semanariolaprensa.com\/avantpremiere\/category\/musica\/artistas\/"},{"label":"Luz del Alba Rubio, la soprano uruguaya que triunfa en Europa, rindi\u00f3 homenaje a Ruben Rada con un Ave Mar\u00eda en ritmo de candombe","link":"https:\/\/semanariolaprensa.com\/avantpremiere\/luz-del-alba-rubio-la-soprano-uruguaya-que-triunfa-en-europa-rindio-homenaje-a-ruben-rada-con-un-ave-maria-en-ritmo-de-candombe\/"}],"jetpack_sharing_enabled":true,"jetpack_featured_media_url":"https:\/\/i0.wp.com\/semanariolaprensa.com\/avantpremiere\/wp-content\/uploads\/2026\/09\/luz-del-alba-rubio-ave-maria.png?fit=1200%2C642&ssl=1","_links":{"self":[{"href":"https:\/\/semanariolaprensa.com\/avantpremiere\/wp-json\/wp\/v2\/posts\/3311","targetHints":{"allow":["GET"]}}],"collection":[{"href":"https:\/\/semanariolaprensa.com\/avantpremiere\/wp-json\/wp\/v2\/posts"}],"about":[{"href":"https:\/\/semanariolaprensa.com\/avantpremiere\/wp-json\/wp\/v2\/types\/post"}],"author":[{"embeddable":true,"href":"https:\/\/semanariolaprensa.com\/avantpremiere\/wp-json\/wp\/v2\/users\/1"}],"replies":[{"embeddable":true,"href":"https:\/\/semanariolaprensa.com\/avantpremiere\/wp-json\/wp\/v2\/comments?post=3311"}],"version-history":[{"count":2,"href":"https:\/\/semanariolaprensa.com\/avantpremiere\/wp-json\/wp\/v2\/posts\/3311\/revisions"}],"predecessor-version":[{"id":3316,"href":"https:\/\/semanariolaprensa.com\/avantpremiere\/wp-json\/wp\/v2\/posts\/3311\/revisions\/3316"}],"wp:featuredmedia":[{"embeddable":true,"href":"https:\/\/semanariolaprensa.com\/avantpremiere\/wp-json\/wp\/v2\/media\/3312"}],"wp:attachment":[{"href":"https:\/\/semanariolaprensa.com\/avantpremiere\/wp-json\/wp\/v2\/media?parent=3311"}],"wp:term":[{"taxonomy":"category","embeddable":true,"href":"https:\/\/semanariolaprensa.com\/avantpremiere\/wp-json\/wp\/v2\/categories?post=3311"},{"taxonomy":"post_tag","embeddable":true,"href":"https:\/\/semanariolaprensa.com\/avantpremiere\/wp-json\/wp\/v2\/tags?post=3311"}],"curies":[{"name":"wp","href":"https:\/\/api.w.org\/{rel}","templated":true}]}}