{"id":3305,"date":"2026-09-02T12:58:19","date_gmt":"2026-09-02T15:58:19","guid":{"rendered":"https:\/\/semanariolaprensa.com\/avantpremiere\/?p=3305"},"modified":"2026-09-02T12:59:44","modified_gmt":"2026-09-02T15:59:44","slug":"aznarez-celebra-el-dia-internacional-de-la-mujer-indigena-viernes-4-en-el-monumento-a-liropeya","status":"publish","type":"post","link":"https:\/\/semanariolaprensa.com\/avantpremiere\/aznarez-celebra-el-dia-internacional-de-la-mujer-indigena-viernes-4-en-el-monumento-a-liropeya\/","title":{"rendered":"Azn\u00e1rez celebra el D\u00eda Internacional de la Mujer Ind\u00edgena; viernes 4 en el monumento a Liropeya"},"content":{"rendered":"\n<p class=\"wp-block-paragraph\">La actividad se realizar\u00e1 este 4 de setiembre en el Monumento a Liropeya, con ceremonias ancestrales y la participaci\u00f3n de mujeres de comunidades charr\u00faa y guaran\u00ed. En el marco del D\u00eda Internacional de la Mujer Ind\u00edgena, se llevar\u00e1 a cabo este jueves 4 de setiembre una jornada de encuentro, memoria e identidad en Gregorio Azn\u00e1rez.<\/p>\n\n\n\n<p class=\"wp-block-paragraph\">La actividad tendr\u00e1 lugar a partir de las 11:00 horas, en el Monumento a Liropeya, y propone un espacio para compartir, honrar las ra\u00edces ind\u00edgenas y poner en valor la presencia, la fuerza y el legado de las mujeres de los pueblos originarios. Durante la jornada se desarrollar\u00e1 una ceremonia charr\u00faa ancestral de llamado a las cuatro direcciones, adem\u00e1s de un fuego ceremonial y un ritual del mate.<\/p>\n\n\n\n<p class=\"wp-block-paragraph\">Tambi\u00e9n participar\u00e1n <strong>Mujeres Tapari Ukaiguat<\/strong> y <strong>Mujeres Guaran\u00ed<\/strong>, quienes formar\u00e1n parte de esta instancia de intercambio y reivindicaci\u00f3n de la identidad y la memoria ind\u00edgena.<\/p>\n\n\n\n<h3 class=\"wp-block-heading\">Datos de la actividad<\/h3>\n\n\n\n<p class=\"wp-block-paragraph\"><strong>Fecha:<\/strong> 4 de septiembre<br><strong>Hora:<\/strong> 11:00 horas<br><strong>Lugar:<\/strong> Monumento a Liropeya, Gregorio Azn\u00e1rez<\/p>\n\n\n\n<p class=\"wp-block-paragraph\">La convocatoria invita a la comunidad a participar de una jornada que busca recuperar y poner en valor las ra\u00edces, tradiciones y aportes de las mujeres ind\u00edgenas, generando un espacio de encuentro y reconocimiento.<\/p>\n\n\n<div class=\"wp-block-image\">\n<figure class=\"aligncenter size-full\"><img data-recalc-dims=\"1\" decoding=\"async\" src=\"https:\/\/i0.wp.com\/semanariolaprensa.com\/wp-content\/uploads\/2026\/09\/mujer-indigena.jpeg?ssl=1\" alt=\"\"\/><\/figure>\n<\/div>","protected":false},"excerpt":{"rendered":"<p>La actividad se realizar\u00e1 este 4 de setiembre en el Monumento a Liropeya, con ceremonias ancestrales y la participaci\u00f3n de mujeres de comunidades charr\u00faa y guaran\u00ed. En el marco del D\u00eda Internacional de la Mujer Ind\u00edgena, se llevar\u00e1 a cabo este jueves 4 de setiembre una jornada de encuentro, memoria e identidad en Gregorio Azn\u00e1rez. [&hellip;]<\/p>\n","protected":false},"author":1,"featured_media":3306,"comment_status":"open","ping_status":"open","sticky":false,"template":"","format":"standard","meta":{"om_disable_all_campaigns":false,"_monsterinsights_skip_tracking":false,"_jetpack_newsletter_access":"","_jetpack_dont_email_post_to_subs":false,"_jetpack_newsletter_tier_id":0,"_jetpack_memberships_contains_paywalled_content":false,"_jetpack_feature_clip_id":0,"_jetpack_memberships_contains_paid_content":false,"jnews-multi-image_gallery":[],"jnews_single_post":{"format":"standard"},"jnews_primary_category":[],"jnews_override_bookmark_settings":[],"jnews_social_meta":[],"jnews_review":[],"enable_review":"","type":"","name":"","summary":"","brand":"","sku":"","good":[],"bad":[],"score_override":"","override_value":"","rating":[],"price":[],"jnews_override_counter":[],"footnotes":"","jetpack_post_was_ever_published":false},"categories":[415,82,2119],"tags":[],"class_list":["post-3305","post","type-post","status-publish","format-standard","has-post-thumbnail","hentry","category-cultura","category-primer-plano","category-sociedad"],"aioseo_notices":[],"aioseo_head":"\n\t\t<!-- All in One SEO 5.0.1 - aioseo.com -->\n\t<meta name=\"description\" content=\"La actividad se realizar\u00e1 este 4 de setiembre en el Monumento a Liropeya, con ceremonias ancestrales y la participaci\u00f3n de mujeres de comunidades charr\u00faa y guaran\u00ed. En el marco del D\u00eda Internacional de la Mujer Ind\u00edgena, se llevar\u00e1 a cabo este jueves 4 de setiembre una jornada de encuentro, memoria e identidad en Gregorio Azn\u00e1rez.\" \/>\n\t<meta name=\"robots\" content=\"max-image-preview:large\" \/>\n\t<meta name=\"author\" content=\"Avant Premi\u00e8re\"\/>\n\t<link rel=\"canonical\" href=\"https:\/\/semanariolaprensa.com\/avantpremiere\/aznarez-celebra-el-dia-internacional-de-la-mujer-indigena-viernes-4-en-el-monumento-a-liropeya\/\" \/>\n\t<meta name=\"generator\" content=\"All in One SEO (AIOSEO) 5.0.1\" \/>\n\t\t<meta property=\"og:locale\" content=\"es_ES\" \/>\n\t\t<meta property=\"og:site_name\" content=\"Avant-Premi\u00e8re - La primera fila del entretenimiento\" \/>\n\t\t<meta property=\"og:type\" content=\"article\" \/>\n\t\t<meta property=\"og:title\" content=\"Azn\u00e1rez celebra el D\u00eda Internacional de la Mujer Ind\u00edgena; viernes 4 en el monumento a Liropeya - Avant-Premi\u00e8re\" \/>\n\t\t<meta property=\"og:description\" content=\"La actividad se realizar\u00e1 este 4 de setiembre en el Monumento a Liropeya, con ceremonias ancestrales y la participaci\u00f3n de mujeres de comunidades charr\u00faa y guaran\u00ed. En el marco del D\u00eda Internacional de la Mujer Ind\u00edgena, se llevar\u00e1 a cabo este jueves 4 de setiembre una jornada de encuentro, memoria e identidad en Gregorio Azn\u00e1rez.\" \/>\n\t\t<meta property=\"og:url\" content=\"https:\/\/semanariolaprensa.com\/avantpremiere\/aznarez-celebra-el-dia-internacional-de-la-mujer-indigena-viernes-4-en-el-monumento-a-liropeya\/\" \/>\n\t\t<meta property=\"article:published_time\" content=\"2026-09-02T15:58:19+00:00\" \/>\n\t\t<meta property=\"article:modified_time\" content=\"2026-09-02T15:59:44+00:00\" \/>\n\t\t<meta name=\"twitter:card\" content=\"summary_large_image\" \/>\n\t\t<meta name=\"twitter:title\" content=\"Azn\u00e1rez celebra el D\u00eda Internacional de la Mujer Ind\u00edgena; viernes 4 en el monumento a Liropeya - Avant-Premi\u00e8re\" \/>\n\t\t<meta name=\"twitter:description\" content=\"La actividad se realizar\u00e1 este 4 de setiembre en el Monumento a Liropeya, con ceremonias ancestrales y la participaci\u00f3n de mujeres de comunidades charr\u00faa y guaran\u00ed. En el marco del D\u00eda Internacional de la Mujer Ind\u00edgena, se llevar\u00e1 a cabo este jueves 4 de setiembre una jornada de encuentro, memoria e identidad en Gregorio Azn\u00e1rez.\" \/>\n\t\t<script type=\"application\/ld+json\" class=\"aioseo-schema\">\n\t\t\t{\"@context\":\"https:\\\/\\\/schema.org\",\"@graph\":[{\"@type\":\"BlogPosting\",\"@id\":\"https:\\\/\\\/semanariolaprensa.com\\\/avantpremiere\\\/aznarez-celebra-el-dia-internacional-de-la-mujer-indigena-viernes-4-en-el-monumento-a-liropeya\\\/#blogposting\",\"name\":\"Azn\\u00e1rez celebra el D\\u00eda Internacional de la Mujer Ind\\u00edgena; viernes 4 en el monumento a Liropeya - Avant-Premi\\u00e8re\",\"headline\":\"Azn\\u00e1rez celebra el D\\u00eda Internacional de la Mujer Ind\\u00edgena; viernes 4 en el monumento a Liropeya\",\"author\":{\"@id\":\"https:\\\/\\\/semanariolaprensa.com\\\/avantpremiere\\\/author\\\/debaaureapremiere\\\/#author\"},\"publisher\":{\"@id\":\"https:\\\/\\\/semanariolaprensa.com\\\/avantpremiere\\\/#organization\"},\"image\":{\"@type\":\"ImageObject\",\"url\":\"https:\\\/\\\/i0.wp.com\\\/semanariolaprensa.com\\\/avantpremiere\\\/wp-content\\\/uploads\\\/2026\\\/09\\\/Captura-de-pantalla-2026-09-02-125433.png?fit=942%2C474&ssl=1\",\"width\":942,\"height\":474},\"datePublished\":\"2026-09-02T12:58:19-03:00\",\"dateModified\":\"2026-09-02T12:59:44-03:00\",\"inLanguage\":\"es-ES\",\"mainEntityOfPage\":{\"@id\":\"https:\\\/\\\/semanariolaprensa.com\\\/avantpremiere\\\/aznarez-celebra-el-dia-internacional-de-la-mujer-indigena-viernes-4-en-el-monumento-a-liropeya\\\/#webpage\"},\"isPartOf\":{\"@id\":\"https:\\\/\\\/semanariolaprensa.com\\\/avantpremiere\\\/aznarez-celebra-el-dia-internacional-de-la-mujer-indigena-viernes-4-en-el-monumento-a-liropeya\\\/#webpage\"},\"articleSection\":\"Cultura, Primer Plano, Sociedad\"},{\"@type\":\"BreadcrumbList\",\"@id\":\"https:\\\/\\\/semanariolaprensa.com\\\/avantpremiere\\\/aznarez-celebra-el-dia-internacional-de-la-mujer-indigena-viernes-4-en-el-monumento-a-liropeya\\\/#breadcrumblist\",\"itemListElement\":[{\"@type\":\"ListItem\",\"@id\":\"https:\\\/\\\/semanariolaprensa.com\\\/avantpremiere#listItem\",\"position\":1,\"name\":\"Home\",\"item\":\"https:\\\/\\\/semanariolaprensa.com\\\/avantpremiere\",\"nextItem\":{\"@type\":\"ListItem\",\"@id\":\"https:\\\/\\\/semanariolaprensa.com\\\/avantpremiere\\\/category\\\/primer-plano\\\/#listItem\",\"name\":\"Primer Plano\"}},{\"@type\":\"ListItem\",\"@id\":\"https:\\\/\\\/semanariolaprensa.com\\\/avantpremiere\\\/category\\\/primer-plano\\\/#listItem\",\"position\":2,\"name\":\"Primer Plano\",\"item\":\"https:\\\/\\\/semanariolaprensa.com\\\/avantpremiere\\\/category\\\/primer-plano\\\/\",\"nextItem\":{\"@type\":\"ListItem\",\"@id\":\"https:\\\/\\\/semanariolaprensa.com\\\/avantpremiere\\\/aznarez-celebra-el-dia-internacional-de-la-mujer-indigena-viernes-4-en-el-monumento-a-liropeya\\\/#listItem\",\"name\":\"Azn\\u00e1rez celebra el D\\u00eda Internacional de la Mujer Ind\\u00edgena; viernes 4 en el monumento a Liropeya\"},\"previousItem\":{\"@type\":\"ListItem\",\"@id\":\"https:\\\/\\\/semanariolaprensa.com\\\/avantpremiere#listItem\",\"name\":\"Home\"}},{\"@type\":\"ListItem\",\"@id\":\"https:\\\/\\\/semanariolaprensa.com\\\/avantpremiere\\\/aznarez-celebra-el-dia-internacional-de-la-mujer-indigena-viernes-4-en-el-monumento-a-liropeya\\\/#listItem\",\"position\":3,\"name\":\"Azn\\u00e1rez celebra el D\\u00eda Internacional de la Mujer Ind\\u00edgena; viernes 4 en el monumento a Liropeya\",\"previousItem\":{\"@type\":\"ListItem\",\"@id\":\"https:\\\/\\\/semanariolaprensa.com\\\/avantpremiere\\\/category\\\/primer-plano\\\/#listItem\",\"name\":\"Primer Plano\"}}]},{\"@type\":\"Organization\",\"@id\":\"https:\\\/\\\/semanariolaprensa.com\\\/avantpremiere\\\/#organization\",\"name\":\"Avant-Premi\\u00e8re\",\"description\":\"La primera fila del entretenimiento\",\"url\":\"https:\\\/\\\/semanariolaprensa.com\\\/avantpremiere\\\/\",\"logo\":{\"@type\":\"ImageObject\",\"url\":\"https:\\\/\\\/i0.wp.com\\\/semanariolaprensa.com\\\/avantpremiere\\\/wp-content\\\/uploads\\\/2026\\\/01\\\/cropped-iconoaureapremiere-1.png?fit=512%2C512&ssl=1\",\"@id\":\"https:\\\/\\\/semanariolaprensa.com\\\/avantpremiere\\\/aznarez-celebra-el-dia-internacional-de-la-mujer-indigena-viernes-4-en-el-monumento-a-liropeya\\\/#organizationLogo\",\"width\":512,\"height\":512},\"image\":{\"@id\":\"https:\\\/\\\/semanariolaprensa.com\\\/avantpremiere\\\/aznarez-celebra-el-dia-internacional-de-la-mujer-indigena-viernes-4-en-el-monumento-a-liropeya\\\/#organizationLogo\"}},{\"@type\":\"Person\",\"@id\":\"https:\\\/\\\/semanariolaprensa.com\\\/avantpremiere\\\/author\\\/debaaureapremiere\\\/#author\",\"url\":\"https:\\\/\\\/semanariolaprensa.com\\\/avantpremiere\\\/author\\\/debaaureapremiere\\\/\",\"name\":\"Avant Premi\\u00e8re\",\"image\":{\"@type\":\"ImageObject\",\"@id\":\"https:\\\/\\\/semanariolaprensa.com\\\/avantpremiere\\\/aznarez-celebra-el-dia-internacional-de-la-mujer-indigena-viernes-4-en-el-monumento-a-liropeya\\\/#authorImage\",\"url\":\"https:\\\/\\\/secure.gravatar.com\\\/avatar\\\/25bd2526a0e92945ea41f6e68d1a9ff9a0293e6dffd0f172fc718d13a924f236?s=96&d=mm&r=g\",\"width\":96,\"height\":96,\"caption\":\"Avant Premi\\u00e8re\"}},{\"@type\":\"WebPage\",\"@id\":\"https:\\\/\\\/semanariolaprensa.com\\\/avantpremiere\\\/aznarez-celebra-el-dia-internacional-de-la-mujer-indigena-viernes-4-en-el-monumento-a-liropeya\\\/#webpage\",\"url\":\"https:\\\/\\\/semanariolaprensa.com\\\/avantpremiere\\\/aznarez-celebra-el-dia-internacional-de-la-mujer-indigena-viernes-4-en-el-monumento-a-liropeya\\\/\",\"name\":\"Azn\\u00e1rez celebra el D\\u00eda Internacional de la Mujer Ind\\u00edgena; viernes 4 en el monumento a Liropeya - Avant-Premi\\u00e8re\",\"description\":\"La actividad se realizar\\u00e1 este 4 de setiembre en el Monumento a Liropeya, con ceremonias ancestrales y la participaci\\u00f3n de mujeres de comunidades charr\\u00faa y guaran\\u00ed. En el marco del D\\u00eda Internacional de la Mujer Ind\\u00edgena, se llevar\\u00e1 a cabo este jueves 4 de setiembre una jornada de encuentro, memoria e identidad en Gregorio Azn\\u00e1rez.\",\"inLanguage\":\"es-ES\",\"isPartOf\":{\"@id\":\"https:\\\/\\\/semanariolaprensa.com\\\/avantpremiere\\\/#website\"},\"breadcrumb\":{\"@id\":\"https:\\\/\\\/semanariolaprensa.com\\\/avantpremiere\\\/aznarez-celebra-el-dia-internacional-de-la-mujer-indigena-viernes-4-en-el-monumento-a-liropeya\\\/#breadcrumblist\"},\"author\":{\"@id\":\"https:\\\/\\\/semanariolaprensa.com\\\/avantpremiere\\\/author\\\/debaaureapremiere\\\/#author\"},\"creator\":{\"@id\":\"https:\\\/\\\/semanariolaprensa.com\\\/avantpremiere\\\/author\\\/debaaureapremiere\\\/#author\"},\"image\":{\"@type\":\"ImageObject\",\"url\":\"https:\\\/\\\/i0.wp.com\\\/semanariolaprensa.com\\\/avantpremiere\\\/wp-content\\\/uploads\\\/2026\\\/09\\\/Captura-de-pantalla-2026-09-02-125433.png?fit=942%2C474&ssl=1\",\"@id\":\"https:\\\/\\\/semanariolaprensa.com\\\/avantpremiere\\\/aznarez-celebra-el-dia-internacional-de-la-mujer-indigena-viernes-4-en-el-monumento-a-liropeya\\\/#mainImage\",\"width\":942,\"height\":474},\"primaryImageOfPage\":{\"@id\":\"https:\\\/\\\/semanariolaprensa.com\\\/avantpremiere\\\/aznarez-celebra-el-dia-internacional-de-la-mujer-indigena-viernes-4-en-el-monumento-a-liropeya\\\/#mainImage\"},\"datePublished\":\"2026-09-02T12:58:19-03:00\",\"dateModified\":\"2026-09-02T12:59:44-03:00\"},{\"@type\":\"WebSite\",\"@id\":\"https:\\\/\\\/semanariolaprensa.com\\\/avantpremiere\\\/#website\",\"url\":\"https:\\\/\\\/semanariolaprensa.com\\\/avantpremiere\\\/\",\"name\":\"Avant-Premi\\u00e8re\",\"description\":\"La primera fila del entretenimiento\",\"inLanguage\":\"es-ES\",\"publisher\":{\"@id\":\"https:\\\/\\\/semanariolaprensa.com\\\/avantpremiere\\\/#organization\"}}]}\n\t\t<\/script>\n\t\t<!-- All in One SEO -->\n\n","aioseo_head_json":{"title":"Azn\u00e1rez celebra el D\u00eda Internacional de la Mujer Ind\u00edgena; viernes 4 en el monumento a Liropeya - Avant-Premi\u00e8re","description":"La actividad se realizar\u00e1 este 4 de setiembre en el Monumento a Liropeya, con ceremonias ancestrales y la participaci\u00f3n de mujeres de comunidades charr\u00faa y guaran\u00ed. En el marco del D\u00eda Internacional de la Mujer Ind\u00edgena, se llevar\u00e1 a cabo este jueves 4 de setiembre una jornada de encuentro, memoria e identidad en Gregorio Azn\u00e1rez.","canonical_url":"https:\/\/semanariolaprensa.com\/avantpremiere\/aznarez-celebra-el-dia-internacional-de-la-mujer-indigena-viernes-4-en-el-monumento-a-liropeya\/","robots":"max-image-preview:large","keywords":"","webmasterTools":{"miscellaneous":""},"schema":{"@context":"https:\/\/schema.org","@graph":[{"@type":"BlogPosting","@id":"https:\/\/semanariolaprensa.com\/avantpremiere\/aznarez-celebra-el-dia-internacional-de-la-mujer-indigena-viernes-4-en-el-monumento-a-liropeya\/#blogposting","name":"Azn\u00e1rez celebra el D\u00eda Internacional de la Mujer Ind\u00edgena; viernes 4 en el monumento a Liropeya - Avant-Premi\u00e8re","headline":"Azn\u00e1rez celebra el D\u00eda Internacional de la Mujer Ind\u00edgena; viernes 4 en el monumento a Liropeya","author":{"@id":"https:\/\/semanariolaprensa.com\/avantpremiere\/author\/debaaureapremiere\/#author"},"publisher":{"@id":"https:\/\/semanariolaprensa.com\/avantpremiere\/#organization"},"image":{"@type":"ImageObject","url":"https:\/\/i0.wp.com\/semanariolaprensa.com\/avantpremiere\/wp-content\/uploads\/2026\/09\/Captura-de-pantalla-2026-09-02-125433.png?fit=942%2C474&ssl=1","width":942,"height":474},"datePublished":"2026-09-02T12:58:19-03:00","dateModified":"2026-09-02T12:59:44-03:00","inLanguage":"es-ES","mainEntityOfPage":{"@id":"https:\/\/semanariolaprensa.com\/avantpremiere\/aznarez-celebra-el-dia-internacional-de-la-mujer-indigena-viernes-4-en-el-monumento-a-liropeya\/#webpage"},"isPartOf":{"@id":"https:\/\/semanariolaprensa.com\/avantpremiere\/aznarez-celebra-el-dia-internacional-de-la-mujer-indigena-viernes-4-en-el-monumento-a-liropeya\/#webpage"},"articleSection":"Cultura, Primer Plano, Sociedad"},{"@type":"BreadcrumbList","@id":"https:\/\/semanariolaprensa.com\/avantpremiere\/aznarez-celebra-el-dia-internacional-de-la-mujer-indigena-viernes-4-en-el-monumento-a-liropeya\/#breadcrumblist","itemListElement":[{"@type":"ListItem","@id":"https:\/\/semanariolaprensa.com\/avantpremiere#listItem","position":1,"name":"Home","item":"https:\/\/semanariolaprensa.com\/avantpremiere","nextItem":{"@type":"ListItem","@id":"https:\/\/semanariolaprensa.com\/avantpremiere\/category\/primer-plano\/#listItem","name":"Primer Plano"}},{"@type":"ListItem","@id":"https:\/\/semanariolaprensa.com\/avantpremiere\/category\/primer-plano\/#listItem","position":2,"name":"Primer Plano","item":"https:\/\/semanariolaprensa.com\/avantpremiere\/category\/primer-plano\/","nextItem":{"@type":"ListItem","@id":"https:\/\/semanariolaprensa.com\/avantpremiere\/aznarez-celebra-el-dia-internacional-de-la-mujer-indigena-viernes-4-en-el-monumento-a-liropeya\/#listItem","name":"Azn\u00e1rez celebra el D\u00eda Internacional de la Mujer Ind\u00edgena; viernes 4 en el monumento a Liropeya"},"previousItem":{"@type":"ListItem","@id":"https:\/\/semanariolaprensa.com\/avantpremiere#listItem","name":"Home"}},{"@type":"ListItem","@id":"https:\/\/semanariolaprensa.com\/avantpremiere\/aznarez-celebra-el-dia-internacional-de-la-mujer-indigena-viernes-4-en-el-monumento-a-liropeya\/#listItem","position":3,"name":"Azn\u00e1rez celebra el D\u00eda Internacional de la Mujer Ind\u00edgena; viernes 4 en el monumento a Liropeya","previousItem":{"@type":"ListItem","@id":"https:\/\/semanariolaprensa.com\/avantpremiere\/category\/primer-plano\/#listItem","name":"Primer Plano"}}]},{"@type":"Organization","@id":"https:\/\/semanariolaprensa.com\/avantpremiere\/#organization","name":"Avant-Premi\u00e8re","description":"La primera fila del entretenimiento","url":"https:\/\/semanariolaprensa.com\/avantpremiere\/","logo":{"@type":"ImageObject","url":"https:\/\/i0.wp.com\/semanariolaprensa.com\/avantpremiere\/wp-content\/uploads\/2026\/01\/cropped-iconoaureapremiere-1.png?fit=512%2C512&ssl=1","@id":"https:\/\/semanariolaprensa.com\/avantpremiere\/aznarez-celebra-el-dia-internacional-de-la-mujer-indigena-viernes-4-en-el-monumento-a-liropeya\/#organizationLogo","width":512,"height":512},"image":{"@id":"https:\/\/semanariolaprensa.com\/avantpremiere\/aznarez-celebra-el-dia-internacional-de-la-mujer-indigena-viernes-4-en-el-monumento-a-liropeya\/#organizationLogo"}},{"@type":"Person","@id":"https:\/\/semanariolaprensa.com\/avantpremiere\/author\/debaaureapremiere\/#author","url":"https:\/\/semanariolaprensa.com\/avantpremiere\/author\/debaaureapremiere\/","name":"Avant Premi\u00e8re","image":{"@type":"ImageObject","@id":"https:\/\/semanariolaprensa.com\/avantpremiere\/aznarez-celebra-el-dia-internacional-de-la-mujer-indigena-viernes-4-en-el-monumento-a-liropeya\/#authorImage","url":"https:\/\/secure.gravatar.com\/avatar\/25bd2526a0e92945ea41f6e68d1a9ff9a0293e6dffd0f172fc718d13a924f236?s=96&d=mm&r=g","width":96,"height":96,"caption":"Avant Premi\u00e8re"}},{"@type":"WebPage","@id":"https:\/\/semanariolaprensa.com\/avantpremiere\/aznarez-celebra-el-dia-internacional-de-la-mujer-indigena-viernes-4-en-el-monumento-a-liropeya\/#webpage","url":"https:\/\/semanariolaprensa.com\/avantpremiere\/aznarez-celebra-el-dia-internacional-de-la-mujer-indigena-viernes-4-en-el-monumento-a-liropeya\/","name":"Azn\u00e1rez celebra el D\u00eda Internacional de la Mujer Ind\u00edgena; viernes 4 en el monumento a Liropeya - Avant-Premi\u00e8re","description":"La actividad se realizar\u00e1 este 4 de setiembre en el Monumento a Liropeya, con ceremonias ancestrales y la participaci\u00f3n de mujeres de comunidades charr\u00faa y guaran\u00ed. En el marco del D\u00eda Internacional de la Mujer Ind\u00edgena, se llevar\u00e1 a cabo este jueves 4 de setiembre una jornada de encuentro, memoria e identidad en Gregorio Azn\u00e1rez.","inLanguage":"es-ES","isPartOf":{"@id":"https:\/\/semanariolaprensa.com\/avantpremiere\/#website"},"breadcrumb":{"@id":"https:\/\/semanariolaprensa.com\/avantpremiere\/aznarez-celebra-el-dia-internacional-de-la-mujer-indigena-viernes-4-en-el-monumento-a-liropeya\/#breadcrumblist"},"author":{"@id":"https:\/\/semanariolaprensa.com\/avantpremiere\/author\/debaaureapremiere\/#author"},"creator":{"@id":"https:\/\/semanariolaprensa.com\/avantpremiere\/author\/debaaureapremiere\/#author"},"image":{"@type":"ImageObject","url":"https:\/\/i0.wp.com\/semanariolaprensa.com\/avantpremiere\/wp-content\/uploads\/2026\/09\/Captura-de-pantalla-2026-09-02-125433.png?fit=942%2C474&ssl=1","@id":"https:\/\/semanariolaprensa.com\/avantpremiere\/aznarez-celebra-el-dia-internacional-de-la-mujer-indigena-viernes-4-en-el-monumento-a-liropeya\/#mainImage","width":942,"height":474},"primaryImageOfPage":{"@id":"https:\/\/semanariolaprensa.com\/avantpremiere\/aznarez-celebra-el-dia-internacional-de-la-mujer-indigena-viernes-4-en-el-monumento-a-liropeya\/#mainImage"},"datePublished":"2026-09-02T12:58:19-03:00","dateModified":"2026-09-02T12:59:44-03:00"},{"@type":"WebSite","@id":"https:\/\/semanariolaprensa.com\/avantpremiere\/#website","url":"https:\/\/semanariolaprensa.com\/avantpremiere\/","name":"Avant-Premi\u00e8re","description":"La primera fila del entretenimiento","inLanguage":"es-ES","publisher":{"@id":"https:\/\/semanariolaprensa.com\/avantpremiere\/#organization"}}]},"og:locale":"es_ES","og:site_name":"Avant-Premi\u00e8re - La primera fila del entretenimiento","og:type":"article","og:title":"Azn\u00e1rez celebra el D\u00eda Internacional de la Mujer Ind\u00edgena; viernes 4 en el monumento a Liropeya - Avant-Premi\u00e8re","og:description":"La actividad se realizar\u00e1 este 4 de setiembre en el Monumento a Liropeya, con ceremonias ancestrales y la participaci\u00f3n de mujeres de comunidades charr\u00faa y guaran\u00ed. En el marco del D\u00eda Internacional de la Mujer Ind\u00edgena, se llevar\u00e1 a cabo este jueves 4 de setiembre una jornada de encuentro, memoria e identidad en Gregorio Azn\u00e1rez.","og:url":"https:\/\/semanariolaprensa.com\/avantpremiere\/aznarez-celebra-el-dia-internacional-de-la-mujer-indigena-viernes-4-en-el-monumento-a-liropeya\/","article:published_time":"2026-09-02T15:58:19+00:00","article:modified_time":"2026-09-02T15:59:44+00:00","twitter:card":"summary_large_image","twitter:title":"Azn\u00e1rez celebra el D\u00eda Internacional de la Mujer Ind\u00edgena; viernes 4 en el monumento a Liropeya - Avant-Premi\u00e8re","twitter:description":"La actividad se realizar\u00e1 este 4 de setiembre en el Monumento a Liropeya, con ceremonias ancestrales y la participaci\u00f3n de mujeres de comunidades charr\u00faa y guaran\u00ed. En el marco del D\u00eda Internacional de la Mujer Ind\u00edgena, se llevar\u00e1 a cabo este jueves 4 de setiembre una jornada de encuentro, memoria e identidad en Gregorio Azn\u00e1rez."},"aioseo_meta_data":{"post_id":"3305","title":null,"description":null,"keywords":null,"keyphrases":{"focus":{"keyphrase":"","score":0,"analysis":{"keyphraseInTitle":{"score":0,"maxScore":9,"error":1}}},"additional":[]},"primary_term":null,"canonical_url":null,"og_title":null,"og_description":null,"og_object_type":"default","og_image_type":"default","og_image_url":null,"og_image_width":null,"og_image_height":null,"og_image_custom_url":null,"og_image_custom_fields":null,"og_video":"","og_custom_url":null,"og_article_section":null,"og_article_tags":null,"twitter_use_og":false,"twitter_card":"default","twitter_image_type":"default","twitter_image_url":null,"twitter_image_custom_url":null,"twitter_image_custom_fields":null,"twitter_title":null,"twitter_description":null,"schema":{"blockGraphs":[],"customGraphs":[],"default":{"data":{"Article":[],"Course":[],"Dataset":[],"FAQPage":[],"Movie":[],"Person":[],"Product":[],"ProductReview":[],"Car":[],"Recipe":[],"Service":[],"SoftwareApplication":[],"WebPage":[]},"graphName":"BlogPosting","isEnabled":true},"graphs":[]},"schema_type":"default","schema_type_options":null,"pillar_content":false,"robots_default":true,"robots_noindex":false,"robots_noarchive":false,"robots_nosnippet":false,"robots_nofollow":false,"robots_noimageindex":false,"robots_noodp":false,"robots_notranslate":false,"robots_max_snippet":"-1","robots_max_videopreview":"-1","robots_max_imagepreview":"large","priority":null,"frequency":"default","local_seo":null,"breadcrumb_settings":null,"limit_modified_date":false,"ai":{"faqs":[],"keyPoints":[],"schemas":[],"titles":[],"descriptions":[],"socialPosts":{"email":{"subject":"","preview":"","content":""},"linkedin":[],"twitter":[],"facebook":[],"instagram":[]}},"created":"2026-09-02 15:58:23","updated":"2026-09-02 16:31:40","seo_analyzer_scan_date":null,"focus_keyword":null,"additional_keywords":null,"truseo_locale":null},"aioseo_breadcrumb":"<div class=\"aioseo-breadcrumbs\"><span class=\"aioseo-breadcrumb\">\n\t\t\t<a href=\"https:\/\/semanariolaprensa.com\/avantpremiere\" title=\"Home\">Home<\/a>\n\t\t<\/span><span class=\"aioseo-breadcrumb-separator\">&raquo;<\/span><span class=\"aioseo-breadcrumb\">\n\t\t\t<a href=\"https:\/\/semanariolaprensa.com\/avantpremiere\/category\/primer-plano\/\" title=\"Primer Plano\">Primer Plano<\/a>\n\t\t<\/span><span class=\"aioseo-breadcrumb-separator\">&raquo;<\/span><span class=\"aioseo-breadcrumb\">\n\t\t\tAzn\u00e1rez celebra el D\u00eda Internacional de la Mujer Ind\u00edgena; viernes 4 en el monumento a Liropeya\n\t\t<\/span><\/div>","aioseo_breadcrumb_json":[{"label":"Home","link":"https:\/\/semanariolaprensa.com\/avantpremiere"},{"label":"Primer Plano","link":"https:\/\/semanariolaprensa.com\/avantpremiere\/category\/primer-plano\/"},{"label":"Azn\u00e1rez celebra el D\u00eda Internacional de la Mujer Ind\u00edgena; viernes 4 en el monumento a Liropeya","link":"https:\/\/semanariolaprensa.com\/avantpremiere\/aznarez-celebra-el-dia-internacional-de-la-mujer-indigena-viernes-4-en-el-monumento-a-liropeya\/"}],"jetpack_sharing_enabled":true,"jetpack_featured_media_url":"https:\/\/i0.wp.com\/semanariolaprensa.com\/avantpremiere\/wp-content\/uploads\/2026\/09\/Captura-de-pantalla-2026-09-02-125433.png?fit=942%2C474&ssl=1","_links":{"self":[{"href":"https:\/\/semanariolaprensa.com\/avantpremiere\/wp-json\/wp\/v2\/posts\/3305","targetHints":{"allow":["GET"]}}],"collection":[{"href":"https:\/\/semanariolaprensa.com\/avantpremiere\/wp-json\/wp\/v2\/posts"}],"about":[{"href":"https:\/\/semanariolaprensa.com\/avantpremiere\/wp-json\/wp\/v2\/types\/post"}],"author":[{"embeddable":true,"href":"https:\/\/semanariolaprensa.com\/avantpremiere\/wp-json\/wp\/v2\/users\/1"}],"replies":[{"embeddable":true,"href":"https:\/\/semanariolaprensa.com\/avantpremiere\/wp-json\/wp\/v2\/comments?post=3305"}],"version-history":[{"count":1,"href":"https:\/\/semanariolaprensa.com\/avantpremiere\/wp-json\/wp\/v2\/posts\/3305\/revisions"}],"predecessor-version":[{"id":3307,"href":"https:\/\/semanariolaprensa.com\/avantpremiere\/wp-json\/wp\/v2\/posts\/3305\/revisions\/3307"}],"wp:featuredmedia":[{"embeddable":true,"href":"https:\/\/semanariolaprensa.com\/avantpremiere\/wp-json\/wp\/v2\/media\/3306"}],"wp:attachment":[{"href":"https:\/\/semanariolaprensa.com\/avantpremiere\/wp-json\/wp\/v2\/media?parent=3305"}],"wp:term":[{"taxonomy":"category","embeddable":true,"href":"https:\/\/semanariolaprensa.com\/avantpremiere\/wp-json\/wp\/v2\/categories?post=3305"},{"taxonomy":"post_tag","embeddable":true,"href":"https:\/\/semanariolaprensa.com\/avantpremiere\/wp-json\/wp\/v2\/tags?post=3305"}],"curies":[{"name":"wp","href":"https:\/\/api.w.org\/{rel}","templated":true}]}}