{"id":3302,"date":"2026-09-01T23:21:29","date_gmt":"2026-09-02T02:21:29","guid":{"rendered":"https:\/\/semanariolaprensa.com\/avantpremiere\/?p=3302"},"modified":"2026-09-01T23:21:32","modified_gmt":"2026-09-02T02:21:32","slug":"homenaje-a-ruben-rada-en-la-junta-departamental-de-maldonado","status":"publish","type":"post","link":"https:\/\/semanariolaprensa.com\/avantpremiere\/homenaje-a-ruben-rada-en-la-junta-departamental-de-maldonado\/","title":{"rendered":"Homenaje a Ruben Rada en la Junta Departamental de Maldonado"},"content":{"rendered":"\n<p class=\"wp-block-paragraph\">La Junta Departamental de Maldonado rindi\u00f3 este martes un homenaje a la memoria de Ruben Rada, figura fundamental de la cultura uruguaya, tras su fallecimiento el pasado 26 de agosto a los 83 a\u00f1os.<\/p>\n\n\n\n<p class=\"wp-block-paragraph\">La iniciativa, impulsada de forma conjunta por todas las bancadas con representaci\u00f3n en el legislativo departamental, cont\u00f3 en sala con la presencia de la comparsa San Carlos, que se present\u00f3 con su cuerda de tambores, cuerpo de baile, mama vieja y gramilleros para recordar al emblem\u00e1tico artista a puro candombe.<\/p>\n\n\n\n<p class=\"wp-block-paragraph\">La edila del Partido Nacional, Mariana M\u00e1rquez, destac\u00f3 la unanimidad del reconocimiento: \u00abTuvimos la despedida, reconocimiento a Rub\u00e9n Rada, el maestro Rub\u00e9n Rada, y lo hicimos entre todas las bancadas. Fue all\u00ed con la cuerda de tambores, las bailarinas, la mama vieja y los gramilleros. La sesi\u00f3n del d\u00eda de hoy fue muy bonita, sobre todo emotiva\u00bb, se\u00f1al\u00f3.<\/p>\n\n\n\n<p class=\"wp-block-paragraph\">El tributo en el deliberativo departamental se suma a las diversas expresiones de despedida surgidas a nivel nacional tras la partida de \u00abEl Negro\u00bb, artista que revolucion\u00f3 el candombe, el rock y la m\u00fasica rioplatense al frente de hitos como T\u00f3tem y a lo largo de una extensa carrera solista.<\/p>\n\n\n\n<p class=\"wp-block-paragraph\"><strong>Mir\u00e1 la transmisi\u00f3n en vivo de Semanario La Prensa realizada a trav\u00e9s de Facebook:<\/strong><\/p>\n\n\n\n<iframe src=\"https:\/\/www.facebook.com\/plugins\/video.php?height=314&#038;href=https%3A%2F%2Fwww.facebook.com%2Fsemanario.laprensa%2Fvideos%2F1070730845342148%2F&#038;show_text=false&#038;width=560&#038;t=0\" width=\"560\" height=\"314\" style=\"border:none;overflow:hidden\" scrolling=\"no\" frameborder=\"0\" allowfullscreen=\"true\" allow=\"autoplay; clipboard-write; encrypted-media; picture-in-picture; web-share\" allowFullScreen=\"true\"><\/iframe>\n","protected":false},"excerpt":{"rendered":"<p>La Junta Departamental de Maldonado rindi\u00f3 este martes un homenaje a la memoria de Ruben Rada, figura fundamental de la cultura uruguaya, tras su fallecimiento el pasado 26 de agosto a los 83 a\u00f1os. La iniciativa, impulsada de forma conjunta por todas las bancadas con representaci\u00f3n en el legislativo departamental, cont\u00f3 en sala con la [&hellip;]<\/p>\n","protected":false},"author":1,"featured_media":3303,"comment_status":"open","ping_status":"open","sticky":false,"template":"","format":"standard","meta":{"om_disable_all_campaigns":false,"_monsterinsights_skip_tracking":false,"_jetpack_newsletter_access":"","_jetpack_dont_email_post_to_subs":false,"_jetpack_newsletter_tier_id":0,"_jetpack_memberships_contains_paywalled_content":false,"_jetpack_feature_clip_id":0,"_jetpack_memberships_contains_paid_content":false,"jnews-multi-image_gallery":[],"jnews_single_post":{"format":"standard"},"jnews_primary_category":[],"jnews_override_bookmark_settings":[],"jnews_social_meta":[],"jnews_review":[],"enable_review":"","type":"","name":"","summary":"","brand":"","sku":"","good":[],"bad":[],"score_override":"","override_value":"","rating":[],"price":[],"jnews_override_counter":[],"footnotes":"","jetpack_post_was_ever_published":false},"categories":[415,416,326,82],"tags":[],"class_list":["post-3302","post","type-post","status-publish","format-standard","has-post-thumbnail","hentry","category-cultura","category-locales","category-musica","category-primer-plano"],"aioseo_notices":[],"aioseo_head":"\n\t\t<!-- All in One SEO 5.0.1 - aioseo.com -->\n\t<meta name=\"description\" content=\"La Junta Departamental de Maldonado rindi\u00f3 este martes un homenaje a la memoria de Ruben Rada, figura fundamental de la cultura uruguaya, tras su fallecimiento el pasado 26 de agosto a los 83 a\u00f1os. La iniciativa, impulsada de forma conjunta por todas las bancadas con representaci\u00f3n en el legislativo departamental, cont\u00f3 en sala con la\" \/>\n\t<meta name=\"robots\" content=\"max-image-preview:large\" \/>\n\t<meta name=\"author\" content=\"Avant Premi\u00e8re\"\/>\n\t<link rel=\"canonical\" href=\"https:\/\/semanariolaprensa.com\/avantpremiere\/homenaje-a-ruben-rada-en-la-junta-departamental-de-maldonado\/\" \/>\n\t<meta name=\"generator\" content=\"All in One SEO (AIOSEO) 5.0.1\" \/>\n\t\t<meta property=\"og:locale\" content=\"es_ES\" \/>\n\t\t<meta property=\"og:site_name\" content=\"Avant-Premi\u00e8re - La primera fila del entretenimiento\" \/>\n\t\t<meta property=\"og:type\" content=\"article\" \/>\n\t\t<meta property=\"og:title\" content=\"Homenaje a Ruben Rada en la Junta Departamental de Maldonado - Avant-Premi\u00e8re\" \/>\n\t\t<meta property=\"og:description\" content=\"La Junta Departamental de Maldonado rindi\u00f3 este martes un homenaje a la memoria de Ruben Rada, figura fundamental de la cultura uruguaya, tras su fallecimiento el pasado 26 de agosto a los 83 a\u00f1os. La iniciativa, impulsada de forma conjunta por todas las bancadas con representaci\u00f3n en el legislativo departamental, cont\u00f3 en sala con la\" \/>\n\t\t<meta property=\"og:url\" content=\"https:\/\/semanariolaprensa.com\/avantpremiere\/homenaje-a-ruben-rada-en-la-junta-departamental-de-maldonado\/\" \/>\n\t\t<meta property=\"article:published_time\" content=\"2026-09-02T02:21:29+00:00\" \/>\n\t\t<meta property=\"article:modified_time\" content=\"2026-09-02T02:21:32+00:00\" \/>\n\t\t<meta name=\"twitter:card\" content=\"summary_large_image\" \/>\n\t\t<meta name=\"twitter:title\" content=\"Homenaje a Ruben Rada en la Junta Departamental de Maldonado - Avant-Premi\u00e8re\" \/>\n\t\t<meta name=\"twitter:description\" content=\"La Junta Departamental de Maldonado rindi\u00f3 este martes un homenaje a la memoria de Ruben Rada, figura fundamental de la cultura uruguaya, tras su fallecimiento el pasado 26 de agosto a los 83 a\u00f1os. La iniciativa, impulsada de forma conjunta por todas las bancadas con representaci\u00f3n en el legislativo departamental, cont\u00f3 en sala con la\" \/>\n\t\t<script type=\"application\/ld+json\" class=\"aioseo-schema\">\n\t\t\t{\"@context\":\"https:\\\/\\\/schema.org\",\"@graph\":[{\"@type\":\"BlogPosting\",\"@id\":\"https:\\\/\\\/semanariolaprensa.com\\\/avantpremiere\\\/homenaje-a-ruben-rada-en-la-junta-departamental-de-maldonado\\\/#blogposting\",\"name\":\"Homenaje a Ruben Rada en la Junta Departamental de Maldonado - Avant-Premi\\u00e8re\",\"headline\":\"Homenaje a Ruben Rada en la Junta Departamental de Maldonado\",\"author\":{\"@id\":\"https:\\\/\\\/semanariolaprensa.com\\\/avantpremiere\\\/author\\\/debaaureapremiere\\\/#author\"},\"publisher\":{\"@id\":\"https:\\\/\\\/semanariolaprensa.com\\\/avantpremiere\\\/#organization\"},\"image\":{\"@type\":\"ImageObject\",\"url\":\"https:\\\/\\\/i0.wp.com\\\/semanariolaprensa.com\\\/avantpremiere\\\/wp-content\\\/uploads\\\/2026\\\/09\\\/homenajeradajuntadp.png?fit=848%2C405&ssl=1\",\"width\":848,\"height\":405},\"datePublished\":\"2026-09-01T23:21:29-03:00\",\"dateModified\":\"2026-09-01T23:21:32-03:00\",\"inLanguage\":\"es-ES\",\"mainEntityOfPage\":{\"@id\":\"https:\\\/\\\/semanariolaprensa.com\\\/avantpremiere\\\/homenaje-a-ruben-rada-en-la-junta-departamental-de-maldonado\\\/#webpage\"},\"isPartOf\":{\"@id\":\"https:\\\/\\\/semanariolaprensa.com\\\/avantpremiere\\\/homenaje-a-ruben-rada-en-la-junta-departamental-de-maldonado\\\/#webpage\"},\"articleSection\":\"Cultura, Locales, M\\u00fasica, Primer Plano\"},{\"@type\":\"BreadcrumbList\",\"@id\":\"https:\\\/\\\/semanariolaprensa.com\\\/avantpremiere\\\/homenaje-a-ruben-rada-en-la-junta-departamental-de-maldonado\\\/#breadcrumblist\",\"itemListElement\":[{\"@type\":\"ListItem\",\"@id\":\"https:\\\/\\\/semanariolaprensa.com\\\/avantpremiere#listItem\",\"position\":1,\"name\":\"Home\",\"item\":\"https:\\\/\\\/semanariolaprensa.com\\\/avantpremiere\",\"nextItem\":{\"@type\":\"ListItem\",\"@id\":\"https:\\\/\\\/semanariolaprensa.com\\\/avantpremiere\\\/category\\\/primer-plano\\\/#listItem\",\"name\":\"Primer Plano\"}},{\"@type\":\"ListItem\",\"@id\":\"https:\\\/\\\/semanariolaprensa.com\\\/avantpremiere\\\/category\\\/primer-plano\\\/#listItem\",\"position\":2,\"name\":\"Primer Plano\",\"item\":\"https:\\\/\\\/semanariolaprensa.com\\\/avantpremiere\\\/category\\\/primer-plano\\\/\",\"nextItem\":{\"@type\":\"ListItem\",\"@id\":\"https:\\\/\\\/semanariolaprensa.com\\\/avantpremiere\\\/homenaje-a-ruben-rada-en-la-junta-departamental-de-maldonado\\\/#listItem\",\"name\":\"Homenaje a Ruben Rada en la Junta Departamental de Maldonado\"},\"previousItem\":{\"@type\":\"ListItem\",\"@id\":\"https:\\\/\\\/semanariolaprensa.com\\\/avantpremiere#listItem\",\"name\":\"Home\"}},{\"@type\":\"ListItem\",\"@id\":\"https:\\\/\\\/semanariolaprensa.com\\\/avantpremiere\\\/homenaje-a-ruben-rada-en-la-junta-departamental-de-maldonado\\\/#listItem\",\"position\":3,\"name\":\"Homenaje a Ruben Rada en la Junta Departamental de Maldonado\",\"previousItem\":{\"@type\":\"ListItem\",\"@id\":\"https:\\\/\\\/semanariolaprensa.com\\\/avantpremiere\\\/category\\\/primer-plano\\\/#listItem\",\"name\":\"Primer Plano\"}}]},{\"@type\":\"Organization\",\"@id\":\"https:\\\/\\\/semanariolaprensa.com\\\/avantpremiere\\\/#organization\",\"name\":\"Avant-Premi\\u00e8re\",\"description\":\"La primera fila del entretenimiento\",\"url\":\"https:\\\/\\\/semanariolaprensa.com\\\/avantpremiere\\\/\",\"logo\":{\"@type\":\"ImageObject\",\"url\":\"https:\\\/\\\/i0.wp.com\\\/semanariolaprensa.com\\\/avantpremiere\\\/wp-content\\\/uploads\\\/2026\\\/01\\\/cropped-iconoaureapremiere-1.png?fit=512%2C512&ssl=1\",\"@id\":\"https:\\\/\\\/semanariolaprensa.com\\\/avantpremiere\\\/homenaje-a-ruben-rada-en-la-junta-departamental-de-maldonado\\\/#organizationLogo\",\"width\":512,\"height\":512},\"image\":{\"@id\":\"https:\\\/\\\/semanariolaprensa.com\\\/avantpremiere\\\/homenaje-a-ruben-rada-en-la-junta-departamental-de-maldonado\\\/#organizationLogo\"}},{\"@type\":\"Person\",\"@id\":\"https:\\\/\\\/semanariolaprensa.com\\\/avantpremiere\\\/author\\\/debaaureapremiere\\\/#author\",\"url\":\"https:\\\/\\\/semanariolaprensa.com\\\/avantpremiere\\\/author\\\/debaaureapremiere\\\/\",\"name\":\"Avant Premi\\u00e8re\",\"image\":{\"@type\":\"ImageObject\",\"@id\":\"https:\\\/\\\/semanariolaprensa.com\\\/avantpremiere\\\/homenaje-a-ruben-rada-en-la-junta-departamental-de-maldonado\\\/#authorImage\",\"url\":\"https:\\\/\\\/secure.gravatar.com\\\/avatar\\\/25bd2526a0e92945ea41f6e68d1a9ff9a0293e6dffd0f172fc718d13a924f236?s=96&d=mm&r=g\",\"width\":96,\"height\":96,\"caption\":\"Avant Premi\\u00e8re\"}},{\"@type\":\"WebPage\",\"@id\":\"https:\\\/\\\/semanariolaprensa.com\\\/avantpremiere\\\/homenaje-a-ruben-rada-en-la-junta-departamental-de-maldonado\\\/#webpage\",\"url\":\"https:\\\/\\\/semanariolaprensa.com\\\/avantpremiere\\\/homenaje-a-ruben-rada-en-la-junta-departamental-de-maldonado\\\/\",\"name\":\"Homenaje a Ruben Rada en la Junta Departamental de Maldonado - Avant-Premi\\u00e8re\",\"description\":\"La Junta Departamental de Maldonado rindi\\u00f3 este martes un homenaje a la memoria de Ruben Rada, figura fundamental de la cultura uruguaya, tras su fallecimiento el pasado 26 de agosto a los 83 a\\u00f1os. La iniciativa, impulsada de forma conjunta por todas las bancadas con representaci\\u00f3n en el legislativo departamental, cont\\u00f3 en sala con la\",\"inLanguage\":\"es-ES\",\"isPartOf\":{\"@id\":\"https:\\\/\\\/semanariolaprensa.com\\\/avantpremiere\\\/#website\"},\"breadcrumb\":{\"@id\":\"https:\\\/\\\/semanariolaprensa.com\\\/avantpremiere\\\/homenaje-a-ruben-rada-en-la-junta-departamental-de-maldonado\\\/#breadcrumblist\"},\"author\":{\"@id\":\"https:\\\/\\\/semanariolaprensa.com\\\/avantpremiere\\\/author\\\/debaaureapremiere\\\/#author\"},\"creator\":{\"@id\":\"https:\\\/\\\/semanariolaprensa.com\\\/avantpremiere\\\/author\\\/debaaureapremiere\\\/#author\"},\"image\":{\"@type\":\"ImageObject\",\"url\":\"https:\\\/\\\/i0.wp.com\\\/semanariolaprensa.com\\\/avantpremiere\\\/wp-content\\\/uploads\\\/2026\\\/09\\\/homenajeradajuntadp.png?fit=848%2C405&ssl=1\",\"@id\":\"https:\\\/\\\/semanariolaprensa.com\\\/avantpremiere\\\/homenaje-a-ruben-rada-en-la-junta-departamental-de-maldonado\\\/#mainImage\",\"width\":848,\"height\":405},\"primaryImageOfPage\":{\"@id\":\"https:\\\/\\\/semanariolaprensa.com\\\/avantpremiere\\\/homenaje-a-ruben-rada-en-la-junta-departamental-de-maldonado\\\/#mainImage\"},\"datePublished\":\"2026-09-01T23:21:29-03:00\",\"dateModified\":\"2026-09-01T23:21:32-03:00\"},{\"@type\":\"WebSite\",\"@id\":\"https:\\\/\\\/semanariolaprensa.com\\\/avantpremiere\\\/#website\",\"url\":\"https:\\\/\\\/semanariolaprensa.com\\\/avantpremiere\\\/\",\"name\":\"Avant-Premi\\u00e8re\",\"description\":\"La primera fila del entretenimiento\",\"inLanguage\":\"es-ES\",\"publisher\":{\"@id\":\"https:\\\/\\\/semanariolaprensa.com\\\/avantpremiere\\\/#organization\"}}]}\n\t\t<\/script>\n\t\t<!-- All in One SEO -->\n\n","aioseo_head_json":{"title":"Homenaje a Ruben Rada en la Junta Departamental de Maldonado - Avant-Premi\u00e8re","description":"La Junta Departamental de Maldonado rindi\u00f3 este martes un homenaje a la memoria de Ruben Rada, figura fundamental de la cultura uruguaya, tras su fallecimiento el pasado 26 de agosto a los 83 a\u00f1os. La iniciativa, impulsada de forma conjunta por todas las bancadas con representaci\u00f3n en el legislativo departamental, cont\u00f3 en sala con la","canonical_url":"https:\/\/semanariolaprensa.com\/avantpremiere\/homenaje-a-ruben-rada-en-la-junta-departamental-de-maldonado\/","robots":"max-image-preview:large","keywords":"","webmasterTools":{"miscellaneous":""},"schema":{"@context":"https:\/\/schema.org","@graph":[{"@type":"BlogPosting","@id":"https:\/\/semanariolaprensa.com\/avantpremiere\/homenaje-a-ruben-rada-en-la-junta-departamental-de-maldonado\/#blogposting","name":"Homenaje a Ruben Rada en la Junta Departamental de Maldonado - Avant-Premi\u00e8re","headline":"Homenaje a Ruben Rada en la Junta Departamental de Maldonado","author":{"@id":"https:\/\/semanariolaprensa.com\/avantpremiere\/author\/debaaureapremiere\/#author"},"publisher":{"@id":"https:\/\/semanariolaprensa.com\/avantpremiere\/#organization"},"image":{"@type":"ImageObject","url":"https:\/\/i0.wp.com\/semanariolaprensa.com\/avantpremiere\/wp-content\/uploads\/2026\/09\/homenajeradajuntadp.png?fit=848%2C405&ssl=1","width":848,"height":405},"datePublished":"2026-09-01T23:21:29-03:00","dateModified":"2026-09-01T23:21:32-03:00","inLanguage":"es-ES","mainEntityOfPage":{"@id":"https:\/\/semanariolaprensa.com\/avantpremiere\/homenaje-a-ruben-rada-en-la-junta-departamental-de-maldonado\/#webpage"},"isPartOf":{"@id":"https:\/\/semanariolaprensa.com\/avantpremiere\/homenaje-a-ruben-rada-en-la-junta-departamental-de-maldonado\/#webpage"},"articleSection":"Cultura, Locales, M\u00fasica, Primer Plano"},{"@type":"BreadcrumbList","@id":"https:\/\/semanariolaprensa.com\/avantpremiere\/homenaje-a-ruben-rada-en-la-junta-departamental-de-maldonado\/#breadcrumblist","itemListElement":[{"@type":"ListItem","@id":"https:\/\/semanariolaprensa.com\/avantpremiere#listItem","position":1,"name":"Home","item":"https:\/\/semanariolaprensa.com\/avantpremiere","nextItem":{"@type":"ListItem","@id":"https:\/\/semanariolaprensa.com\/avantpremiere\/category\/primer-plano\/#listItem","name":"Primer Plano"}},{"@type":"ListItem","@id":"https:\/\/semanariolaprensa.com\/avantpremiere\/category\/primer-plano\/#listItem","position":2,"name":"Primer Plano","item":"https:\/\/semanariolaprensa.com\/avantpremiere\/category\/primer-plano\/","nextItem":{"@type":"ListItem","@id":"https:\/\/semanariolaprensa.com\/avantpremiere\/homenaje-a-ruben-rada-en-la-junta-departamental-de-maldonado\/#listItem","name":"Homenaje a Ruben Rada en la Junta Departamental de Maldonado"},"previousItem":{"@type":"ListItem","@id":"https:\/\/semanariolaprensa.com\/avantpremiere#listItem","name":"Home"}},{"@type":"ListItem","@id":"https:\/\/semanariolaprensa.com\/avantpremiere\/homenaje-a-ruben-rada-en-la-junta-departamental-de-maldonado\/#listItem","position":3,"name":"Homenaje a Ruben Rada en la Junta Departamental de Maldonado","previousItem":{"@type":"ListItem","@id":"https:\/\/semanariolaprensa.com\/avantpremiere\/category\/primer-plano\/#listItem","name":"Primer Plano"}}]},{"@type":"Organization","@id":"https:\/\/semanariolaprensa.com\/avantpremiere\/#organization","name":"Avant-Premi\u00e8re","description":"La primera fila del entretenimiento","url":"https:\/\/semanariolaprensa.com\/avantpremiere\/","logo":{"@type":"ImageObject","url":"https:\/\/i0.wp.com\/semanariolaprensa.com\/avantpremiere\/wp-content\/uploads\/2026\/01\/cropped-iconoaureapremiere-1.png?fit=512%2C512&ssl=1","@id":"https:\/\/semanariolaprensa.com\/avantpremiere\/homenaje-a-ruben-rada-en-la-junta-departamental-de-maldonado\/#organizationLogo","width":512,"height":512},"image":{"@id":"https:\/\/semanariolaprensa.com\/avantpremiere\/homenaje-a-ruben-rada-en-la-junta-departamental-de-maldonado\/#organizationLogo"}},{"@type":"Person","@id":"https:\/\/semanariolaprensa.com\/avantpremiere\/author\/debaaureapremiere\/#author","url":"https:\/\/semanariolaprensa.com\/avantpremiere\/author\/debaaureapremiere\/","name":"Avant Premi\u00e8re","image":{"@type":"ImageObject","@id":"https:\/\/semanariolaprensa.com\/avantpremiere\/homenaje-a-ruben-rada-en-la-junta-departamental-de-maldonado\/#authorImage","url":"https:\/\/secure.gravatar.com\/avatar\/25bd2526a0e92945ea41f6e68d1a9ff9a0293e6dffd0f172fc718d13a924f236?s=96&d=mm&r=g","width":96,"height":96,"caption":"Avant Premi\u00e8re"}},{"@type":"WebPage","@id":"https:\/\/semanariolaprensa.com\/avantpremiere\/homenaje-a-ruben-rada-en-la-junta-departamental-de-maldonado\/#webpage","url":"https:\/\/semanariolaprensa.com\/avantpremiere\/homenaje-a-ruben-rada-en-la-junta-departamental-de-maldonado\/","name":"Homenaje a Ruben Rada en la Junta Departamental de Maldonado - Avant-Premi\u00e8re","description":"La Junta Departamental de Maldonado rindi\u00f3 este martes un homenaje a la memoria de Ruben Rada, figura fundamental de la cultura uruguaya, tras su fallecimiento el pasado 26 de agosto a los 83 a\u00f1os. La iniciativa, impulsada de forma conjunta por todas las bancadas con representaci\u00f3n en el legislativo departamental, cont\u00f3 en sala con la","inLanguage":"es-ES","isPartOf":{"@id":"https:\/\/semanariolaprensa.com\/avantpremiere\/#website"},"breadcrumb":{"@id":"https:\/\/semanariolaprensa.com\/avantpremiere\/homenaje-a-ruben-rada-en-la-junta-departamental-de-maldonado\/#breadcrumblist"},"author":{"@id":"https:\/\/semanariolaprensa.com\/avantpremiere\/author\/debaaureapremiere\/#author"},"creator":{"@id":"https:\/\/semanariolaprensa.com\/avantpremiere\/author\/debaaureapremiere\/#author"},"image":{"@type":"ImageObject","url":"https:\/\/i0.wp.com\/semanariolaprensa.com\/avantpremiere\/wp-content\/uploads\/2026\/09\/homenajeradajuntadp.png?fit=848%2C405&ssl=1","@id":"https:\/\/semanariolaprensa.com\/avantpremiere\/homenaje-a-ruben-rada-en-la-junta-departamental-de-maldonado\/#mainImage","width":848,"height":405},"primaryImageOfPage":{"@id":"https:\/\/semanariolaprensa.com\/avantpremiere\/homenaje-a-ruben-rada-en-la-junta-departamental-de-maldonado\/#mainImage"},"datePublished":"2026-09-01T23:21:29-03:00","dateModified":"2026-09-01T23:21:32-03:00"},{"@type":"WebSite","@id":"https:\/\/semanariolaprensa.com\/avantpremiere\/#website","url":"https:\/\/semanariolaprensa.com\/avantpremiere\/","name":"Avant-Premi\u00e8re","description":"La primera fila del entretenimiento","inLanguage":"es-ES","publisher":{"@id":"https:\/\/semanariolaprensa.com\/avantpremiere\/#organization"}}]},"og:locale":"es_ES","og:site_name":"Avant-Premi\u00e8re - La primera fila del entretenimiento","og:type":"article","og:title":"Homenaje a Ruben Rada en la Junta Departamental de Maldonado - Avant-Premi\u00e8re","og:description":"La Junta Departamental de Maldonado rindi\u00f3 este martes un homenaje a la memoria de Ruben Rada, figura fundamental de la cultura uruguaya, tras su fallecimiento el pasado 26 de agosto a los 83 a\u00f1os. La iniciativa, impulsada de forma conjunta por todas las bancadas con representaci\u00f3n en el legislativo departamental, cont\u00f3 en sala con la","og:url":"https:\/\/semanariolaprensa.com\/avantpremiere\/homenaje-a-ruben-rada-en-la-junta-departamental-de-maldonado\/","article:published_time":"2026-09-02T02:21:29+00:00","article:modified_time":"2026-09-02T02:21:32+00:00","twitter:card":"summary_large_image","twitter:title":"Homenaje a Ruben Rada en la Junta Departamental de Maldonado - Avant-Premi\u00e8re","twitter:description":"La Junta Departamental de Maldonado rindi\u00f3 este martes un homenaje a la memoria de Ruben Rada, figura fundamental de la cultura uruguaya, tras su fallecimiento el pasado 26 de agosto a los 83 a\u00f1os. La iniciativa, impulsada de forma conjunta por todas las bancadas con representaci\u00f3n en el legislativo departamental, cont\u00f3 en sala con la"},"aioseo_meta_data":{"post_id":"3302","title":null,"description":null,"keywords":null,"keyphrases":{"focus":{"keyphrase":"","score":0,"analysis":{"keyphraseInTitle":{"score":0,"maxScore":9,"error":1}}},"additional":[]},"primary_term":null,"canonical_url":null,"og_title":null,"og_description":null,"og_object_type":"default","og_image_type":"default","og_image_url":null,"og_image_width":null,"og_image_height":null,"og_image_custom_url":null,"og_image_custom_fields":null,"og_video":"","og_custom_url":null,"og_article_section":null,"og_article_tags":null,"twitter_use_og":false,"twitter_card":"default","twitter_image_type":"default","twitter_image_url":null,"twitter_image_custom_url":null,"twitter_image_custom_fields":null,"twitter_title":null,"twitter_description":null,"schema":{"blockGraphs":[],"customGraphs":[],"default":{"data":{"Article":[],"Course":[],"Dataset":[],"FAQPage":[],"Movie":[],"Person":[],"Product":[],"ProductReview":[],"Car":[],"Recipe":[],"Service":[],"SoftwareApplication":[],"WebPage":[]},"graphName":"BlogPosting","isEnabled":true},"graphs":[]},"schema_type":"default","schema_type_options":null,"pillar_content":false,"robots_default":true,"robots_noindex":false,"robots_noarchive":false,"robots_nosnippet":false,"robots_nofollow":false,"robots_noimageindex":false,"robots_noodp":false,"robots_notranslate":false,"robots_max_snippet":"-1","robots_max_videopreview":"-1","robots_max_imagepreview":"large","priority":null,"frequency":"default","local_seo":null,"breadcrumb_settings":null,"limit_modified_date":false,"ai":{"faqs":[],"keyPoints":[],"schemas":[],"titles":[],"descriptions":[],"socialPosts":{"email":{"subject":"","preview":"","content":""},"linkedin":[],"twitter":[],"facebook":[],"instagram":[]}},"created":"2026-09-02 02:21:32","updated":"2026-09-02 02:56:07","seo_analyzer_scan_date":null,"focus_keyword":null,"additional_keywords":null,"truseo_locale":null},"aioseo_breadcrumb":"<div class=\"aioseo-breadcrumbs\"><span class=\"aioseo-breadcrumb\">\n\t\t\t<a href=\"https:\/\/semanariolaprensa.com\/avantpremiere\" title=\"Home\">Home<\/a>\n\t\t<\/span><span class=\"aioseo-breadcrumb-separator\">&raquo;<\/span><span class=\"aioseo-breadcrumb\">\n\t\t\t<a href=\"https:\/\/semanariolaprensa.com\/avantpremiere\/category\/primer-plano\/\" title=\"Primer Plano\">Primer Plano<\/a>\n\t\t<\/span><span class=\"aioseo-breadcrumb-separator\">&raquo;<\/span><span class=\"aioseo-breadcrumb\">\n\t\t\tHomenaje a Ruben Rada en la Junta Departamental de Maldonado\n\t\t<\/span><\/div>","aioseo_breadcrumb_json":[{"label":"Home","link":"https:\/\/semanariolaprensa.com\/avantpremiere"},{"label":"Primer Plano","link":"https:\/\/semanariolaprensa.com\/avantpremiere\/category\/primer-plano\/"},{"label":"Homenaje a Ruben Rada en la Junta Departamental de Maldonado","link":"https:\/\/semanariolaprensa.com\/avantpremiere\/homenaje-a-ruben-rada-en-la-junta-departamental-de-maldonado\/"}],"jetpack_sharing_enabled":true,"jetpack_featured_media_url":"https:\/\/i0.wp.com\/semanariolaprensa.com\/avantpremiere\/wp-content\/uploads\/2026\/09\/homenajeradajuntadp.png?fit=848%2C405&ssl=1","_links":{"self":[{"href":"https:\/\/semanariolaprensa.com\/avantpremiere\/wp-json\/wp\/v2\/posts\/3302","targetHints":{"allow":["GET"]}}],"collection":[{"href":"https:\/\/semanariolaprensa.com\/avantpremiere\/wp-json\/wp\/v2\/posts"}],"about":[{"href":"https:\/\/semanariolaprensa.com\/avantpremiere\/wp-json\/wp\/v2\/types\/post"}],"author":[{"embeddable":true,"href":"https:\/\/semanariolaprensa.com\/avantpremiere\/wp-json\/wp\/v2\/users\/1"}],"replies":[{"embeddable":true,"href":"https:\/\/semanariolaprensa.com\/avantpremiere\/wp-json\/wp\/v2\/comments?post=3302"}],"version-history":[{"count":1,"href":"https:\/\/semanariolaprensa.com\/avantpremiere\/wp-json\/wp\/v2\/posts\/3302\/revisions"}],"predecessor-version":[{"id":3304,"href":"https:\/\/semanariolaprensa.com\/avantpremiere\/wp-json\/wp\/v2\/posts\/3302\/revisions\/3304"}],"wp:featuredmedia":[{"embeddable":true,"href":"https:\/\/semanariolaprensa.com\/avantpremiere\/wp-json\/wp\/v2\/media\/3303"}],"wp:attachment":[{"href":"https:\/\/semanariolaprensa.com\/avantpremiere\/wp-json\/wp\/v2\/media?parent=3302"}],"wp:term":[{"taxonomy":"category","embeddable":true,"href":"https:\/\/semanariolaprensa.com\/avantpremiere\/wp-json\/wp\/v2\/categories?post=3302"},{"taxonomy":"post_tag","embeddable":true,"href":"https:\/\/semanariolaprensa.com\/avantpremiere\/wp-json\/wp\/v2\/tags?post=3302"}],"curies":[{"name":"wp","href":"https:\/\/api.w.org\/{rel}","templated":true}]}}