{"id":3294,"date":"2026-09-01T14:37:53","date_gmt":"2026-09-01T17:37:53","guid":{"rendered":"https:\/\/semanariolaprensa.com\/avantpremiere\/?p=3294"},"modified":"2026-09-01T14:50:08","modified_gmt":"2026-09-01T17:50:08","slug":"crean-el-centro-de-estudios-historicos-de-maldonado-para-recuperar-y-preservar-el-patrimonio-del-departamento","status":"publish","type":"post","link":"https:\/\/semanariolaprensa.com\/avantpremiere\/crean-el-centro-de-estudios-historicos-de-maldonado-para-recuperar-y-preservar-el-patrimonio-del-departamento\/","title":{"rendered":"Crean el Centro de Estudios Hist\u00f3ricos de Maldonado para recuperar y preservar el patrimonio del departamento"},"content":{"rendered":"\n<p class=\"wp-block-paragraph\">El nuevo espacio interdisciplinario abarcar\u00e1 el rescate de archivos, proyectos educativos, la digitalizaci\u00f3n de acervos locales y la creaci\u00f3n de un Espacio de la Memoria.<\/p>\n\n\n\n<p class=\"wp-block-paragraph\">La Intendencia de Maldonado present\u00f3 este martes 1.\u00ba de setiembre el Centro de Estudios Hist\u00f3ricos de Maldonado (CEHM), un espacio interdisciplinario creado para la investigaci\u00f3n, documentaci\u00f3n y divulgaci\u00f3n de la historia y la literatura departamental, con el prop\u00f3sito de fortalecer la identidad local frente al r\u00e1pido crecimiento demogr\u00e1fico de la regi\u00f3n.<\/p>\n\n\n\n<p class=\"wp-block-paragraph\">Durante el acto de lanzamiento en el Edificio Comunal, el intendente Miguel Abella se\u00f1al\u00f3 que la conformaci\u00f3n del centro responde a la necesidad de preservar la memoria colectiva: \u00abEs recuperar parte de la identidad e historia de Maldonado, algo que venimos perdiendo a pasos agigantados de acuerdo al crecimiento que estamos teniendo\u00bb, afirm\u00f3.<\/p>\n\n\n\n<p class=\"wp-block-paragraph\">Por su parte, el subdirector general de Patrimonio de la IDM, Fernando Cairo, remarc\u00f3 la importancia de descentralizar la mirada hist\u00f3rica respecto a la capital del pa\u00eds: \u00abMuchas veces nos obnubila la centralidad y hablamos de h\u00e9roes y episodios montevideanos o nacionales (&#8230;), pero tambi\u00e9n hay que dar lugar a los que se han producido en nuestro departamento y merecen ser estudiados\u00bb.<\/p>\n\n\n\n<p class=\"wp-block-paragraph\">El director general de Cultura, Andr\u00e9s Rapetti, destac\u00f3 la incorporaci\u00f3n de los investigadores y docentes Gast\u00f3n Goicoechea y Silvia Guerra al equipo de trabajo. En ese marco, Goicoechea explic\u00f3 que el objetivo central es traducir la producci\u00f3n acad\u00e9mica en formatos accesibles y herramientas tecnol\u00f3gicas dirigidas a las nuevas generaciones y al sistema educativo.<\/p>\n\n\n\n<p class=\"wp-block-paragraph\">Entre las primeras l\u00edneas de acci\u00f3n patrimonial y literaria, Guerra detall\u00f3 que se llevar\u00e1 adelante el relevamiento de la obra de Blanca Luz Brum, la catalogaci\u00f3n e indexaci\u00f3n de los trabajos in\u00e9ditos de \u00c1lvaro Figueredo, estudios sobre Rafael Alberti y la digitalizaci\u00f3n integral del archivo documental de la Azotea de Haedo.<\/p>\n\n\n\n<p class=\"wp-block-paragraph\">En el plano hist\u00f3rico e institucional, el CEHM proyecta reconvertir el predio de Pueblo Gaucho como modelo de Centro de Interpretaci\u00f3n mediante inversi\u00f3n en tecnolog\u00eda, instalar un Espacio de la Memoria en el actual Paseo San Fernando hacia mediados de 2027 y publicar investigaciones sobre las Invasiones Inglesas y su v\u00ednculo con Maldonado durante el per\u00edodo 2026-2027.<\/p>\n\n\n\n<p class=\"wp-block-paragraph\">La presentaci\u00f3n cont\u00f3 tambi\u00e9n con la presencia del secretario general de la IDM, \u00c1lvaro Villegas, y del director de Programaci\u00f3n Cultural, Valent\u00edn Trujillo, gestor inicial de la propuesta.<\/p>\n\n\n\n<figure class=\"wp-block-gallery has-nested-images columns-default is-cropped wp-block-gallery-1 is-layout-flex wp-block-gallery-is-layout-flex\">\n<figure class=\"wp-block-image size-full\"><img data-recalc-dims=\"1\" fetchpriority=\"high\" decoding=\"async\" width=\"1200\" height=\"801\" data-id=\"3296\" src=\"https:\/\/i0.wp.com\/semanariolaprensa.com\/avantpremiere\/wp-content\/uploads\/2026\/09\/DSC_8588.jpg?resize=1200%2C801&#038;ssl=1\" alt=\"\" class=\"wp-image-3296\" srcset=\"https:\/\/i0.wp.com\/semanariolaprensa.com\/avantpremiere\/wp-content\/uploads\/2026\/09\/DSC_8588.jpg?w=1200&amp;ssl=1 1200w, https:\/\/i0.wp.com\/semanariolaprensa.com\/avantpremiere\/wp-content\/uploads\/2026\/09\/DSC_8588.jpg?resize=300%2C200&amp;ssl=1 300w, https:\/\/i0.wp.com\/semanariolaprensa.com\/avantpremiere\/wp-content\/uploads\/2026\/09\/DSC_8588.jpg?resize=1024%2C684&amp;ssl=1 1024w, https:\/\/i0.wp.com\/semanariolaprensa.com\/avantpremiere\/wp-content\/uploads\/2026\/09\/DSC_8588.jpg?resize=768%2C513&amp;ssl=1 768w, https:\/\/i0.wp.com\/semanariolaprensa.com\/avantpremiere\/wp-content\/uploads\/2026\/09\/DSC_8588.jpg?resize=750%2C501&amp;ssl=1 750w, https:\/\/i0.wp.com\/semanariolaprensa.com\/avantpremiere\/wp-content\/uploads\/2026\/09\/DSC_8588.jpg?resize=1140%2C761&amp;ssl=1 1140w\" sizes=\"(max-width: 1000px) 100vw, 1000px\" \/><\/figure>\n\n\n\n<figure class=\"wp-block-image size-full\"><img data-recalc-dims=\"1\" decoding=\"async\" width=\"1200\" height=\"801\" data-id=\"3297\" src=\"https:\/\/i0.wp.com\/semanariolaprensa.com\/avantpremiere\/wp-content\/uploads\/2026\/09\/DSC_8577.jpg?resize=1200%2C801&#038;ssl=1\" alt=\"\" class=\"wp-image-3297\" srcset=\"https:\/\/i0.wp.com\/semanariolaprensa.com\/avantpremiere\/wp-content\/uploads\/2026\/09\/DSC_8577.jpg?w=1200&amp;ssl=1 1200w, https:\/\/i0.wp.com\/semanariolaprensa.com\/avantpremiere\/wp-content\/uploads\/2026\/09\/DSC_8577.jpg?resize=300%2C200&amp;ssl=1 300w, https:\/\/i0.wp.com\/semanariolaprensa.com\/avantpremiere\/wp-content\/uploads\/2026\/09\/DSC_8577.jpg?resize=1024%2C684&amp;ssl=1 1024w, https:\/\/i0.wp.com\/semanariolaprensa.com\/avantpremiere\/wp-content\/uploads\/2026\/09\/DSC_8577.jpg?resize=768%2C513&amp;ssl=1 768w, https:\/\/i0.wp.com\/semanariolaprensa.com\/avantpremiere\/wp-content\/uploads\/2026\/09\/DSC_8577.jpg?resize=750%2C501&amp;ssl=1 750w, https:\/\/i0.wp.com\/semanariolaprensa.com\/avantpremiere\/wp-content\/uploads\/2026\/09\/DSC_8577.jpg?resize=1140%2C761&amp;ssl=1 1140w\" sizes=\"(max-width: 1000px) 100vw, 1000px\" \/><\/figure>\n<\/figure>\n","protected":false},"excerpt":{"rendered":"<p>El nuevo espacio interdisciplinario abarcar\u00e1 el rescate de archivos, proyectos educativos, la digitalizaci\u00f3n de acervos locales y la creaci\u00f3n de un Espacio de la Memoria. La Intendencia de Maldonado present\u00f3 este martes 1.\u00ba de setiembre el Centro de Estudios Hist\u00f3ricos de Maldonado (CEHM), un espacio interdisciplinario creado para la investigaci\u00f3n, documentaci\u00f3n y divulgaci\u00f3n de la [&hellip;]<\/p>\n","protected":false},"author":1,"featured_media":3295,"comment_status":"open","ping_status":"open","sticky":false,"template":"","format":"standard","meta":{"om_disable_all_campaigns":false,"_monsterinsights_skip_tracking":false,"_jetpack_newsletter_access":"","_jetpack_dont_email_post_to_subs":false,"_jetpack_newsletter_tier_id":0,"_jetpack_memberships_contains_paywalled_content":false,"_jetpack_feature_clip_id":0,"_jetpack_memberships_contains_paid_content":false,"jnews-multi-image_gallery":[],"jnews_single_post":{"format":"standard"},"jnews_primary_category":[],"jnews_override_bookmark_settings":[],"jnews_social_meta":[],"jnews_review":[],"enable_review":"","type":"","name":"","summary":"","brand":"","sku":"","good":[],"bad":[],"score_override":"","override_value":"","rating":[],"price":[],"jnews_override_counter":[],"footnotes":"","jetpack_post_was_ever_published":false},"categories":[415,416,82],"tags":[3567,1027,3564,3563,918,3566,3568,3570,3565,623,3569,803],"class_list":["post-3294","post","type-post","status-publish","format-standard","has-post-thumbnail","hentry","category-cultura","category-locales","category-primer-plano","tag-andres-rapetti","tag-azotea-de-haedo","tag-cehm","tag-centro-de-estudios-historicos-de-maldonado","tag-cultura-maldonado","tag-fernando-cairo","tag-gaston-goicoechea","tag-historia-departamental","tag-miguel-abella","tag-pueblo-gaucho","tag-silvia-guerra","tag-valentin-trujillo"],"aioseo_notices":[],"aioseo_head":"\n\t\t<!-- All in One SEO 5.0.1 - aioseo.com -->\n\t<meta name=\"description\" content=\"El nuevo espacio interdisciplinario abarcar\u00e1 el rescate de archivos, proyectos educativos, la digitalizaci\u00f3n de acervos locales y la creaci\u00f3n de un Espacio de la Memoria. La Intendencia de Maldonado present\u00f3 este martes 1.\u00ba de setiembre el Centro de Estudios Hist\u00f3ricos de Maldonado (CEHM), un espacio interdisciplinario creado para la investigaci\u00f3n, documentaci\u00f3n y divulgaci\u00f3n de la\" \/>\n\t<meta name=\"robots\" content=\"max-image-preview:large\" \/>\n\t<meta name=\"author\" content=\"Avant Premi\u00e8re\"\/>\n\t<link rel=\"canonical\" href=\"https:\/\/semanariolaprensa.com\/avantpremiere\/crean-el-centro-de-estudios-historicos-de-maldonado-para-recuperar-y-preservar-el-patrimonio-del-departamento\/\" \/>\n\t<meta name=\"generator\" content=\"All in One SEO (AIOSEO) 5.0.1\" \/>\n\t\t<meta property=\"og:locale\" content=\"es_ES\" \/>\n\t\t<meta property=\"og:site_name\" content=\"Avant-Premi\u00e8re - La primera fila del entretenimiento\" \/>\n\t\t<meta property=\"og:type\" content=\"article\" \/>\n\t\t<meta property=\"og:title\" content=\"Crean el Centro de Estudios Hist\u00f3ricos de Maldonado para recuperar y preservar el patrimonio del departamento - Avant-Premi\u00e8re\" \/>\n\t\t<meta property=\"og:description\" content=\"El nuevo espacio interdisciplinario abarcar\u00e1 el rescate de archivos, proyectos educativos, la digitalizaci\u00f3n de acervos locales y la creaci\u00f3n de un Espacio de la Memoria. La Intendencia de Maldonado present\u00f3 este martes 1.\u00ba de setiembre el Centro de Estudios Hist\u00f3ricos de Maldonado (CEHM), un espacio interdisciplinario creado para la investigaci\u00f3n, documentaci\u00f3n y divulgaci\u00f3n de la\" \/>\n\t\t<meta property=\"og:url\" content=\"https:\/\/semanariolaprensa.com\/avantpremiere\/crean-el-centro-de-estudios-historicos-de-maldonado-para-recuperar-y-preservar-el-patrimonio-del-departamento\/\" \/>\n\t\t<meta property=\"article:published_time\" content=\"2026-09-01T17:37:53+00:00\" \/>\n\t\t<meta property=\"article:modified_time\" content=\"2026-09-01T17:50:08+00:00\" \/>\n\t\t<meta name=\"twitter:card\" content=\"summary_large_image\" \/>\n\t\t<meta name=\"twitter:title\" content=\"Crean el Centro de Estudios Hist\u00f3ricos de Maldonado para recuperar y preservar el patrimonio del departamento - Avant-Premi\u00e8re\" \/>\n\t\t<meta name=\"twitter:description\" content=\"El nuevo espacio interdisciplinario abarcar\u00e1 el rescate de archivos, proyectos educativos, la digitalizaci\u00f3n de acervos locales y la creaci\u00f3n de un Espacio de la Memoria. La Intendencia de Maldonado present\u00f3 este martes 1.\u00ba de setiembre el Centro de Estudios Hist\u00f3ricos de Maldonado (CEHM), un espacio interdisciplinario creado para la investigaci\u00f3n, documentaci\u00f3n y divulgaci\u00f3n de la\" \/>\n\t\t<script type=\"application\/ld+json\" class=\"aioseo-schema\">\n\t\t\t{\"@context\":\"https:\\\/\\\/schema.org\",\"@graph\":[{\"@type\":\"BlogPosting\",\"@id\":\"https:\\\/\\\/semanariolaprensa.com\\\/avantpremiere\\\/crean-el-centro-de-estudios-historicos-de-maldonado-para-recuperar-y-preservar-el-patrimonio-del-departamento\\\/#blogposting\",\"name\":\"Crean el Centro de Estudios Hist\\u00f3ricos de Maldonado para recuperar y preservar el patrimonio del departamento - Avant-Premi\\u00e8re\",\"headline\":\"Crean el Centro de Estudios Hist\\u00f3ricos de Maldonado para recuperar y preservar el patrimonio del departamento\",\"author\":{\"@id\":\"https:\\\/\\\/semanariolaprensa.com\\\/avantpremiere\\\/author\\\/debaaureapremiere\\\/#author\"},\"publisher\":{\"@id\":\"https:\\\/\\\/semanariolaprensa.com\\\/avantpremiere\\\/#organization\"},\"image\":{\"@type\":\"ImageObject\",\"url\":\"https:\\\/\\\/i0.wp.com\\\/semanariolaprensa.com\\\/avantpremiere\\\/wp-content\\\/uploads\\\/2026\\\/09\\\/centro-estudios-historico-maldonado.jpg?fit=1200%2C804&ssl=1\",\"width\":1200,\"height\":804},\"datePublished\":\"2026-09-01T14:37:53-03:00\",\"dateModified\":\"2026-09-01T14:50:08-03:00\",\"inLanguage\":\"es-ES\",\"mainEntityOfPage\":{\"@id\":\"https:\\\/\\\/semanariolaprensa.com\\\/avantpremiere\\\/crean-el-centro-de-estudios-historicos-de-maldonado-para-recuperar-y-preservar-el-patrimonio-del-departamento\\\/#webpage\"},\"isPartOf\":{\"@id\":\"https:\\\/\\\/semanariolaprensa.com\\\/avantpremiere\\\/crean-el-centro-de-estudios-historicos-de-maldonado-para-recuperar-y-preservar-el-patrimonio-del-departamento\\\/#webpage\"},\"articleSection\":\"Cultura, Locales, Primer Plano, Andr\\u00e9s Rapetti, Azotea de Haedo, CEHM, Centro de Estudios Hist\\u00f3ricos de Maldonado, Cultura Maldonado, Fernando Cairo, Gast\\u00f3n Goicoechea, Historia departamental, Miguel Abella, Pueblo Gaucho, Silvia Guerra, Valent\\u00edn Trujillo\"},{\"@type\":\"BreadcrumbList\",\"@id\":\"https:\\\/\\\/semanariolaprensa.com\\\/avantpremiere\\\/crean-el-centro-de-estudios-historicos-de-maldonado-para-recuperar-y-preservar-el-patrimonio-del-departamento\\\/#breadcrumblist\",\"itemListElement\":[{\"@type\":\"ListItem\",\"@id\":\"https:\\\/\\\/semanariolaprensa.com\\\/avantpremiere#listItem\",\"position\":1,\"name\":\"Home\",\"item\":\"https:\\\/\\\/semanariolaprensa.com\\\/avantpremiere\",\"nextItem\":{\"@type\":\"ListItem\",\"@id\":\"https:\\\/\\\/semanariolaprensa.com\\\/avantpremiere\\\/category\\\/primer-plano\\\/#listItem\",\"name\":\"Primer Plano\"}},{\"@type\":\"ListItem\",\"@id\":\"https:\\\/\\\/semanariolaprensa.com\\\/avantpremiere\\\/category\\\/primer-plano\\\/#listItem\",\"position\":2,\"name\":\"Primer Plano\",\"item\":\"https:\\\/\\\/semanariolaprensa.com\\\/avantpremiere\\\/category\\\/primer-plano\\\/\",\"nextItem\":{\"@type\":\"ListItem\",\"@id\":\"https:\\\/\\\/semanariolaprensa.com\\\/avantpremiere\\\/crean-el-centro-de-estudios-historicos-de-maldonado-para-recuperar-y-preservar-el-patrimonio-del-departamento\\\/#listItem\",\"name\":\"Crean el Centro de Estudios Hist\\u00f3ricos de Maldonado para recuperar y preservar el patrimonio del departamento\"},\"previousItem\":{\"@type\":\"ListItem\",\"@id\":\"https:\\\/\\\/semanariolaprensa.com\\\/avantpremiere#listItem\",\"name\":\"Home\"}},{\"@type\":\"ListItem\",\"@id\":\"https:\\\/\\\/semanariolaprensa.com\\\/avantpremiere\\\/crean-el-centro-de-estudios-historicos-de-maldonado-para-recuperar-y-preservar-el-patrimonio-del-departamento\\\/#listItem\",\"position\":3,\"name\":\"Crean el Centro de Estudios Hist\\u00f3ricos de Maldonado para recuperar y preservar el patrimonio del departamento\",\"previousItem\":{\"@type\":\"ListItem\",\"@id\":\"https:\\\/\\\/semanariolaprensa.com\\\/avantpremiere\\\/category\\\/primer-plano\\\/#listItem\",\"name\":\"Primer Plano\"}}]},{\"@type\":\"Organization\",\"@id\":\"https:\\\/\\\/semanariolaprensa.com\\\/avantpremiere\\\/#organization\",\"name\":\"Avant-Premi\\u00e8re\",\"description\":\"La primera fila del entretenimiento\",\"url\":\"https:\\\/\\\/semanariolaprensa.com\\\/avantpremiere\\\/\",\"logo\":{\"@type\":\"ImageObject\",\"url\":\"https:\\\/\\\/i0.wp.com\\\/semanariolaprensa.com\\\/avantpremiere\\\/wp-content\\\/uploads\\\/2026\\\/01\\\/cropped-iconoaureapremiere-1.png?fit=512%2C512&ssl=1\",\"@id\":\"https:\\\/\\\/semanariolaprensa.com\\\/avantpremiere\\\/crean-el-centro-de-estudios-historicos-de-maldonado-para-recuperar-y-preservar-el-patrimonio-del-departamento\\\/#organizationLogo\",\"width\":512,\"height\":512},\"image\":{\"@id\":\"https:\\\/\\\/semanariolaprensa.com\\\/avantpremiere\\\/crean-el-centro-de-estudios-historicos-de-maldonado-para-recuperar-y-preservar-el-patrimonio-del-departamento\\\/#organizationLogo\"}},{\"@type\":\"Person\",\"@id\":\"https:\\\/\\\/semanariolaprensa.com\\\/avantpremiere\\\/author\\\/debaaureapremiere\\\/#author\",\"url\":\"https:\\\/\\\/semanariolaprensa.com\\\/avantpremiere\\\/author\\\/debaaureapremiere\\\/\",\"name\":\"Avant Premi\\u00e8re\",\"image\":{\"@type\":\"ImageObject\",\"@id\":\"https:\\\/\\\/semanariolaprensa.com\\\/avantpremiere\\\/crean-el-centro-de-estudios-historicos-de-maldonado-para-recuperar-y-preservar-el-patrimonio-del-departamento\\\/#authorImage\",\"url\":\"https:\\\/\\\/secure.gravatar.com\\\/avatar\\\/25bd2526a0e92945ea41f6e68d1a9ff9a0293e6dffd0f172fc718d13a924f236?s=96&d=mm&r=g\",\"width\":96,\"height\":96,\"caption\":\"Avant Premi\\u00e8re\"}},{\"@type\":\"WebPage\",\"@id\":\"https:\\\/\\\/semanariolaprensa.com\\\/avantpremiere\\\/crean-el-centro-de-estudios-historicos-de-maldonado-para-recuperar-y-preservar-el-patrimonio-del-departamento\\\/#webpage\",\"url\":\"https:\\\/\\\/semanariolaprensa.com\\\/avantpremiere\\\/crean-el-centro-de-estudios-historicos-de-maldonado-para-recuperar-y-preservar-el-patrimonio-del-departamento\\\/\",\"name\":\"Crean el Centro de Estudios Hist\\u00f3ricos de Maldonado para recuperar y preservar el patrimonio del departamento - Avant-Premi\\u00e8re\",\"description\":\"El nuevo espacio interdisciplinario abarcar\\u00e1 el rescate de archivos, proyectos educativos, la digitalizaci\\u00f3n de acervos locales y la creaci\\u00f3n de un Espacio de la Memoria. La Intendencia de Maldonado present\\u00f3 este martes 1.\\u00ba de setiembre el Centro de Estudios Hist\\u00f3ricos de Maldonado (CEHM), un espacio interdisciplinario creado para la investigaci\\u00f3n, documentaci\\u00f3n y divulgaci\\u00f3n de la\",\"inLanguage\":\"es-ES\",\"isPartOf\":{\"@id\":\"https:\\\/\\\/semanariolaprensa.com\\\/avantpremiere\\\/#website\"},\"breadcrumb\":{\"@id\":\"https:\\\/\\\/semanariolaprensa.com\\\/avantpremiere\\\/crean-el-centro-de-estudios-historicos-de-maldonado-para-recuperar-y-preservar-el-patrimonio-del-departamento\\\/#breadcrumblist\"},\"author\":{\"@id\":\"https:\\\/\\\/semanariolaprensa.com\\\/avantpremiere\\\/author\\\/debaaureapremiere\\\/#author\"},\"creator\":{\"@id\":\"https:\\\/\\\/semanariolaprensa.com\\\/avantpremiere\\\/author\\\/debaaureapremiere\\\/#author\"},\"image\":{\"@type\":\"ImageObject\",\"url\":\"https:\\\/\\\/i0.wp.com\\\/semanariolaprensa.com\\\/avantpremiere\\\/wp-content\\\/uploads\\\/2026\\\/09\\\/centro-estudios-historico-maldonado.jpg?fit=1200%2C804&ssl=1\",\"@id\":\"https:\\\/\\\/semanariolaprensa.com\\\/avantpremiere\\\/crean-el-centro-de-estudios-historicos-de-maldonado-para-recuperar-y-preservar-el-patrimonio-del-departamento\\\/#mainImage\",\"width\":1200,\"height\":804},\"primaryImageOfPage\":{\"@id\":\"https:\\\/\\\/semanariolaprensa.com\\\/avantpremiere\\\/crean-el-centro-de-estudios-historicos-de-maldonado-para-recuperar-y-preservar-el-patrimonio-del-departamento\\\/#mainImage\"},\"datePublished\":\"2026-09-01T14:37:53-03:00\",\"dateModified\":\"2026-09-01T14:50:08-03:00\"},{\"@type\":\"WebSite\",\"@id\":\"https:\\\/\\\/semanariolaprensa.com\\\/avantpremiere\\\/#website\",\"url\":\"https:\\\/\\\/semanariolaprensa.com\\\/avantpremiere\\\/\",\"name\":\"Avant-Premi\\u00e8re\",\"description\":\"La primera fila del entretenimiento\",\"inLanguage\":\"es-ES\",\"publisher\":{\"@id\":\"https:\\\/\\\/semanariolaprensa.com\\\/avantpremiere\\\/#organization\"}}]}\n\t\t<\/script>\n\t\t<!-- All in One SEO -->\n\n","aioseo_head_json":{"title":"Crean el Centro de Estudios Hist\u00f3ricos de Maldonado para recuperar y preservar el patrimonio del departamento - Avant-Premi\u00e8re","description":"El nuevo espacio interdisciplinario abarcar\u00e1 el rescate de archivos, proyectos educativos, la digitalizaci\u00f3n de acervos locales y la creaci\u00f3n de un Espacio de la Memoria. La Intendencia de Maldonado present\u00f3 este martes 1.\u00ba de setiembre el Centro de Estudios Hist\u00f3ricos de Maldonado (CEHM), un espacio interdisciplinario creado para la investigaci\u00f3n, documentaci\u00f3n y divulgaci\u00f3n de la","canonical_url":"https:\/\/semanariolaprensa.com\/avantpremiere\/crean-el-centro-de-estudios-historicos-de-maldonado-para-recuperar-y-preservar-el-patrimonio-del-departamento\/","robots":"max-image-preview:large","keywords":"","webmasterTools":{"miscellaneous":""},"schema":{"@context":"https:\/\/schema.org","@graph":[{"@type":"BlogPosting","@id":"https:\/\/semanariolaprensa.com\/avantpremiere\/crean-el-centro-de-estudios-historicos-de-maldonado-para-recuperar-y-preservar-el-patrimonio-del-departamento\/#blogposting","name":"Crean el Centro de Estudios Hist\u00f3ricos de Maldonado para recuperar y preservar el patrimonio del departamento - Avant-Premi\u00e8re","headline":"Crean el Centro de Estudios Hist\u00f3ricos de Maldonado para recuperar y preservar el patrimonio del departamento","author":{"@id":"https:\/\/semanariolaprensa.com\/avantpremiere\/author\/debaaureapremiere\/#author"},"publisher":{"@id":"https:\/\/semanariolaprensa.com\/avantpremiere\/#organization"},"image":{"@type":"ImageObject","url":"https:\/\/i0.wp.com\/semanariolaprensa.com\/avantpremiere\/wp-content\/uploads\/2026\/09\/centro-estudios-historico-maldonado.jpg?fit=1200%2C804&ssl=1","width":1200,"height":804},"datePublished":"2026-09-01T14:37:53-03:00","dateModified":"2026-09-01T14:50:08-03:00","inLanguage":"es-ES","mainEntityOfPage":{"@id":"https:\/\/semanariolaprensa.com\/avantpremiere\/crean-el-centro-de-estudios-historicos-de-maldonado-para-recuperar-y-preservar-el-patrimonio-del-departamento\/#webpage"},"isPartOf":{"@id":"https:\/\/semanariolaprensa.com\/avantpremiere\/crean-el-centro-de-estudios-historicos-de-maldonado-para-recuperar-y-preservar-el-patrimonio-del-departamento\/#webpage"},"articleSection":"Cultura, Locales, Primer Plano, Andr\u00e9s Rapetti, Azotea de Haedo, CEHM, Centro de Estudios Hist\u00f3ricos de Maldonado, Cultura Maldonado, Fernando Cairo, Gast\u00f3n Goicoechea, Historia departamental, Miguel Abella, Pueblo Gaucho, Silvia Guerra, Valent\u00edn Trujillo"},{"@type":"BreadcrumbList","@id":"https:\/\/semanariolaprensa.com\/avantpremiere\/crean-el-centro-de-estudios-historicos-de-maldonado-para-recuperar-y-preservar-el-patrimonio-del-departamento\/#breadcrumblist","itemListElement":[{"@type":"ListItem","@id":"https:\/\/semanariolaprensa.com\/avantpremiere#listItem","position":1,"name":"Home","item":"https:\/\/semanariolaprensa.com\/avantpremiere","nextItem":{"@type":"ListItem","@id":"https:\/\/semanariolaprensa.com\/avantpremiere\/category\/primer-plano\/#listItem","name":"Primer Plano"}},{"@type":"ListItem","@id":"https:\/\/semanariolaprensa.com\/avantpremiere\/category\/primer-plano\/#listItem","position":2,"name":"Primer Plano","item":"https:\/\/semanariolaprensa.com\/avantpremiere\/category\/primer-plano\/","nextItem":{"@type":"ListItem","@id":"https:\/\/semanariolaprensa.com\/avantpremiere\/crean-el-centro-de-estudios-historicos-de-maldonado-para-recuperar-y-preservar-el-patrimonio-del-departamento\/#listItem","name":"Crean el Centro de Estudios Hist\u00f3ricos de Maldonado para recuperar y preservar el patrimonio del departamento"},"previousItem":{"@type":"ListItem","@id":"https:\/\/semanariolaprensa.com\/avantpremiere#listItem","name":"Home"}},{"@type":"ListItem","@id":"https:\/\/semanariolaprensa.com\/avantpremiere\/crean-el-centro-de-estudios-historicos-de-maldonado-para-recuperar-y-preservar-el-patrimonio-del-departamento\/#listItem","position":3,"name":"Crean el Centro de Estudios Hist\u00f3ricos de Maldonado para recuperar y preservar el patrimonio del departamento","previousItem":{"@type":"ListItem","@id":"https:\/\/semanariolaprensa.com\/avantpremiere\/category\/primer-plano\/#listItem","name":"Primer Plano"}}]},{"@type":"Organization","@id":"https:\/\/semanariolaprensa.com\/avantpremiere\/#organization","name":"Avant-Premi\u00e8re","description":"La primera fila del entretenimiento","url":"https:\/\/semanariolaprensa.com\/avantpremiere\/","logo":{"@type":"ImageObject","url":"https:\/\/i0.wp.com\/semanariolaprensa.com\/avantpremiere\/wp-content\/uploads\/2026\/01\/cropped-iconoaureapremiere-1.png?fit=512%2C512&ssl=1","@id":"https:\/\/semanariolaprensa.com\/avantpremiere\/crean-el-centro-de-estudios-historicos-de-maldonado-para-recuperar-y-preservar-el-patrimonio-del-departamento\/#organizationLogo","width":512,"height":512},"image":{"@id":"https:\/\/semanariolaprensa.com\/avantpremiere\/crean-el-centro-de-estudios-historicos-de-maldonado-para-recuperar-y-preservar-el-patrimonio-del-departamento\/#organizationLogo"}},{"@type":"Person","@id":"https:\/\/semanariolaprensa.com\/avantpremiere\/author\/debaaureapremiere\/#author","url":"https:\/\/semanariolaprensa.com\/avantpremiere\/author\/debaaureapremiere\/","name":"Avant Premi\u00e8re","image":{"@type":"ImageObject","@id":"https:\/\/semanariolaprensa.com\/avantpremiere\/crean-el-centro-de-estudios-historicos-de-maldonado-para-recuperar-y-preservar-el-patrimonio-del-departamento\/#authorImage","url":"https:\/\/secure.gravatar.com\/avatar\/25bd2526a0e92945ea41f6e68d1a9ff9a0293e6dffd0f172fc718d13a924f236?s=96&d=mm&r=g","width":96,"height":96,"caption":"Avant Premi\u00e8re"}},{"@type":"WebPage","@id":"https:\/\/semanariolaprensa.com\/avantpremiere\/crean-el-centro-de-estudios-historicos-de-maldonado-para-recuperar-y-preservar-el-patrimonio-del-departamento\/#webpage","url":"https:\/\/semanariolaprensa.com\/avantpremiere\/crean-el-centro-de-estudios-historicos-de-maldonado-para-recuperar-y-preservar-el-patrimonio-del-departamento\/","name":"Crean el Centro de Estudios Hist\u00f3ricos de Maldonado para recuperar y preservar el patrimonio del departamento - Avant-Premi\u00e8re","description":"El nuevo espacio interdisciplinario abarcar\u00e1 el rescate de archivos, proyectos educativos, la digitalizaci\u00f3n de acervos locales y la creaci\u00f3n de un Espacio de la Memoria. La Intendencia de Maldonado present\u00f3 este martes 1.\u00ba de setiembre el Centro de Estudios Hist\u00f3ricos de Maldonado (CEHM), un espacio interdisciplinario creado para la investigaci\u00f3n, documentaci\u00f3n y divulgaci\u00f3n de la","inLanguage":"es-ES","isPartOf":{"@id":"https:\/\/semanariolaprensa.com\/avantpremiere\/#website"},"breadcrumb":{"@id":"https:\/\/semanariolaprensa.com\/avantpremiere\/crean-el-centro-de-estudios-historicos-de-maldonado-para-recuperar-y-preservar-el-patrimonio-del-departamento\/#breadcrumblist"},"author":{"@id":"https:\/\/semanariolaprensa.com\/avantpremiere\/author\/debaaureapremiere\/#author"},"creator":{"@id":"https:\/\/semanariolaprensa.com\/avantpremiere\/author\/debaaureapremiere\/#author"},"image":{"@type":"ImageObject","url":"https:\/\/i0.wp.com\/semanariolaprensa.com\/avantpremiere\/wp-content\/uploads\/2026\/09\/centro-estudios-historico-maldonado.jpg?fit=1200%2C804&ssl=1","@id":"https:\/\/semanariolaprensa.com\/avantpremiere\/crean-el-centro-de-estudios-historicos-de-maldonado-para-recuperar-y-preservar-el-patrimonio-del-departamento\/#mainImage","width":1200,"height":804},"primaryImageOfPage":{"@id":"https:\/\/semanariolaprensa.com\/avantpremiere\/crean-el-centro-de-estudios-historicos-de-maldonado-para-recuperar-y-preservar-el-patrimonio-del-departamento\/#mainImage"},"datePublished":"2026-09-01T14:37:53-03:00","dateModified":"2026-09-01T14:50:08-03:00"},{"@type":"WebSite","@id":"https:\/\/semanariolaprensa.com\/avantpremiere\/#website","url":"https:\/\/semanariolaprensa.com\/avantpremiere\/","name":"Avant-Premi\u00e8re","description":"La primera fila del entretenimiento","inLanguage":"es-ES","publisher":{"@id":"https:\/\/semanariolaprensa.com\/avantpremiere\/#organization"}}]},"og:locale":"es_ES","og:site_name":"Avant-Premi\u00e8re - La primera fila del entretenimiento","og:type":"article","og:title":"Crean el Centro de Estudios Hist\u00f3ricos de Maldonado para recuperar y preservar el patrimonio del departamento - Avant-Premi\u00e8re","og:description":"El nuevo espacio interdisciplinario abarcar\u00e1 el rescate de archivos, proyectos educativos, la digitalizaci\u00f3n de acervos locales y la creaci\u00f3n de un Espacio de la Memoria. La Intendencia de Maldonado present\u00f3 este martes 1.\u00ba de setiembre el Centro de Estudios Hist\u00f3ricos de Maldonado (CEHM), un espacio interdisciplinario creado para la investigaci\u00f3n, documentaci\u00f3n y divulgaci\u00f3n de la","og:url":"https:\/\/semanariolaprensa.com\/avantpremiere\/crean-el-centro-de-estudios-historicos-de-maldonado-para-recuperar-y-preservar-el-patrimonio-del-departamento\/","article:published_time":"2026-09-01T17:37:53+00:00","article:modified_time":"2026-09-01T17:50:08+00:00","twitter:card":"summary_large_image","twitter:title":"Crean el Centro de Estudios Hist\u00f3ricos de Maldonado para recuperar y preservar el patrimonio del departamento - Avant-Premi\u00e8re","twitter:description":"El nuevo espacio interdisciplinario abarcar\u00e1 el rescate de archivos, proyectos educativos, la digitalizaci\u00f3n de acervos locales y la creaci\u00f3n de un Espacio de la Memoria. La Intendencia de Maldonado present\u00f3 este martes 1.\u00ba de setiembre el Centro de Estudios Hist\u00f3ricos de Maldonado (CEHM), un espacio interdisciplinario creado para la investigaci\u00f3n, documentaci\u00f3n y divulgaci\u00f3n de la"},"aioseo_meta_data":{"post_id":"3294","title":null,"description":null,"keywords":null,"keyphrases":{"focus":{"keyphrase":"","score":0,"analysis":{"keyphraseInTitle":{"score":0,"maxScore":9,"error":1}}},"additional":[]},"primary_term":null,"canonical_url":null,"og_title":null,"og_description":null,"og_object_type":"default","og_image_type":"default","og_image_url":null,"og_image_width":null,"og_image_height":null,"og_image_custom_url":null,"og_image_custom_fields":null,"og_video":"","og_custom_url":null,"og_article_section":null,"og_article_tags":null,"twitter_use_og":false,"twitter_card":"default","twitter_image_type":"default","twitter_image_url":null,"twitter_image_custom_url":null,"twitter_image_custom_fields":null,"twitter_title":null,"twitter_description":null,"schema":{"blockGraphs":[],"customGraphs":[],"default":{"data":{"Article":[],"Course":[],"Dataset":[],"FAQPage":[],"Movie":[],"Person":[],"Product":[],"ProductReview":[],"Car":[],"Recipe":[],"Service":[],"SoftwareApplication":[],"WebPage":[]},"graphName":"BlogPosting","isEnabled":true},"graphs":[]},"schema_type":"default","schema_type_options":null,"pillar_content":false,"robots_default":true,"robots_noindex":false,"robots_noarchive":false,"robots_nosnippet":false,"robots_nofollow":false,"robots_noimageindex":false,"robots_noodp":false,"robots_notranslate":false,"robots_max_snippet":"-1","robots_max_videopreview":"-1","robots_max_imagepreview":"large","priority":null,"frequency":"default","local_seo":null,"breadcrumb_settings":null,"limit_modified_date":false,"ai":{"faqs":[],"keyPoints":[],"schemas":[],"titles":[],"descriptions":[],"socialPosts":{"email":{"subject":"","preview":"","content":""},"linkedin":[],"twitter":[],"facebook":[],"instagram":[]}},"created":"2026-09-01 17:37:55","updated":"2026-09-01 19:10:46","seo_analyzer_scan_date":null,"focus_keyword":null,"additional_keywords":null,"truseo_locale":null},"aioseo_breadcrumb":"<div class=\"aioseo-breadcrumbs\"><span class=\"aioseo-breadcrumb\">\n\t\t\t<a href=\"https:\/\/semanariolaprensa.com\/avantpremiere\" title=\"Home\">Home<\/a>\n\t\t<\/span><span class=\"aioseo-breadcrumb-separator\">&raquo;<\/span><span class=\"aioseo-breadcrumb\">\n\t\t\t<a href=\"https:\/\/semanariolaprensa.com\/avantpremiere\/category\/primer-plano\/\" title=\"Primer Plano\">Primer Plano<\/a>\n\t\t<\/span><span class=\"aioseo-breadcrumb-separator\">&raquo;<\/span><span class=\"aioseo-breadcrumb\">\n\t\t\tCrean el Centro de Estudios Hist\u00f3ricos de Maldonado para recuperar y preservar el patrimonio del departamento\n\t\t<\/span><\/div>","aioseo_breadcrumb_json":[{"label":"Home","link":"https:\/\/semanariolaprensa.com\/avantpremiere"},{"label":"Primer Plano","link":"https:\/\/semanariolaprensa.com\/avantpremiere\/category\/primer-plano\/"},{"label":"Crean el Centro de Estudios Hist\u00f3ricos de Maldonado para recuperar y preservar el patrimonio del departamento","link":"https:\/\/semanariolaprensa.com\/avantpremiere\/crean-el-centro-de-estudios-historicos-de-maldonado-para-recuperar-y-preservar-el-patrimonio-del-departamento\/"}],"jetpack_sharing_enabled":true,"jetpack_featured_media_url":"https:\/\/i0.wp.com\/semanariolaprensa.com\/avantpremiere\/wp-content\/uploads\/2026\/09\/centro-estudios-historico-maldonado.jpg?fit=1200%2C804&ssl=1","_links":{"self":[{"href":"https:\/\/semanariolaprensa.com\/avantpremiere\/wp-json\/wp\/v2\/posts\/3294","targetHints":{"allow":["GET"]}}],"collection":[{"href":"https:\/\/semanariolaprensa.com\/avantpremiere\/wp-json\/wp\/v2\/posts"}],"about":[{"href":"https:\/\/semanariolaprensa.com\/avantpremiere\/wp-json\/wp\/v2\/types\/post"}],"author":[{"embeddable":true,"href":"https:\/\/semanariolaprensa.com\/avantpremiere\/wp-json\/wp\/v2\/users\/1"}],"replies":[{"embeddable":true,"href":"https:\/\/semanariolaprensa.com\/avantpremiere\/wp-json\/wp\/v2\/comments?post=3294"}],"version-history":[{"count":1,"href":"https:\/\/semanariolaprensa.com\/avantpremiere\/wp-json\/wp\/v2\/posts\/3294\/revisions"}],"predecessor-version":[{"id":3298,"href":"https:\/\/semanariolaprensa.com\/avantpremiere\/wp-json\/wp\/v2\/posts\/3294\/revisions\/3298"}],"wp:featuredmedia":[{"embeddable":true,"href":"https:\/\/semanariolaprensa.com\/avantpremiere\/wp-json\/wp\/v2\/media\/3295"}],"wp:attachment":[{"href":"https:\/\/semanariolaprensa.com\/avantpremiere\/wp-json\/wp\/v2\/media?parent=3294"}],"wp:term":[{"taxonomy":"category","embeddable":true,"href":"https:\/\/semanariolaprensa.com\/avantpremiere\/wp-json\/wp\/v2\/categories?post=3294"},{"taxonomy":"post_tag","embeddable":true,"href":"https:\/\/semanariolaprensa.com\/avantpremiere\/wp-json\/wp\/v2\/tags?post=3294"}],"curies":[{"name":"wp","href":"https:\/\/api.w.org\/{rel}","templated":true}]}}