{"id":3282,"date":"2026-09-01T13:14:50","date_gmt":"2026-09-01T16:14:50","guid":{"rendered":"https:\/\/semanariolaprensa.com\/avantpremiere\/?p=3282"},"modified":"2026-09-01T13:14:53","modified_gmt":"2026-09-01T16:14:53","slug":"dos-siglos-de-la-primera-fotografia-el-viaje-de-la-placa-de-estano-al-desafio-de-la-inteligencia-artificial","status":"publish","type":"post","link":"https:\/\/semanariolaprensa.com\/avantpremiere\/dos-siglos-de-la-primera-fotografia-el-viaje-de-la-placa-de-estano-al-desafio-de-la-inteligencia-artificial\/","title":{"rendered":"Dos siglos de la primera fotograf\u00eda: el viaje de la placa de esta\u00f1o al desaf\u00edo de la inteligencia artificial"},"content":{"rendered":"\n<figure class=\"wp-block-image size-full\"><img data-recalc-dims=\"1\" fetchpriority=\"high\" decoding=\"async\" width=\"1000\" height=\"694\" src=\"https:\/\/i0.wp.com\/semanariolaprensa.com\/avantpremiere\/wp-content\/uploads\/2026\/09\/df11c611b6595501ab6b8b90e72ef634.png?resize=1000%2C694&#038;ssl=1\" alt=\"\" class=\"wp-image-3284\" srcset=\"https:\/\/i0.wp.com\/semanariolaprensa.com\/avantpremiere\/wp-content\/uploads\/2026\/09\/df11c611b6595501ab6b8b90e72ef634.png?w=1000&amp;ssl=1 1000w, https:\/\/i0.wp.com\/semanariolaprensa.com\/avantpremiere\/wp-content\/uploads\/2026\/09\/df11c611b6595501ab6b8b90e72ef634.png?resize=300%2C208&amp;ssl=1 300w, https:\/\/i0.wp.com\/semanariolaprensa.com\/avantpremiere\/wp-content\/uploads\/2026\/09\/df11c611b6595501ab6b8b90e72ef634.png?resize=767%2C532&amp;ssl=1 767w, https:\/\/i0.wp.com\/semanariolaprensa.com\/avantpremiere\/wp-content\/uploads\/2026\/09\/df11c611b6595501ab6b8b90e72ef634.png?resize=750%2C520&amp;ssl=1 750w\" sizes=\"(max-width: 1000px) 100vw, 1000px\" \/><\/figure>\n\n\n\n<p class=\"wp-block-paragraph\"><\/p>\n\n\n\n<p class=\"wp-block-paragraph\"><strong>Francia conmemora el bicentenario de &#8216;Vista desde la ventana de Le Gras&#8217;, la hist\u00f3rica captura de Nic\u00e9phore Ni\u00e9pce de 1826 que transform\u00f3 para siempre la memoria visual de la humanidad.<\/strong><\/p>\n\n\n\n<p class=\"wp-block-paragraph\">En 1826, el inventor e ingeniero franc\u00e9s <strong>Nic\u00e9phore Ni\u00e9pce<\/strong> cubri\u00f3 una placa de esta\u00f1o con bet\u00fan de Judea en su casa de Saint-Loup-de-Varennes y la expuso a la luz solar durante siete extenuantes horas. El resultado fue <strong><em>&#8216;Vista desde la ventana de Le Gras&#8217;<\/em><\/strong>, la primera fotograf\u00eda de la historia y el inicio de un procedimiento que denomin\u00f3 \u00abheliograf\u00eda\u00bb. Doscientos a\u00f1os despu\u00e9s de aquella haza\u00f1a t\u00e9cnica, Francia se alista para celebrar por todo lo alto el bicentenario de una disciplina que revolucion\u00f3 la ciencia, el arte y la comunicaci\u00f3n global, en momentos donde la <strong>inteligencia artificial<\/strong> reconfigura una vez m\u00e1s la noci\u00f3n de imagen y realidad.<\/p>\n\n\n\n<p class=\"wp-block-paragraph\">La conmemoraci\u00f3n, que se extender\u00e1 durante todo un a\u00f1o con exposiciones de primer nivel en el Grand Palais, el Museo de Orsay y la Biblioteca Nacional de Francia, invita a reflexionar sobre un fascinante itinerario humano y tecnol\u00f3gico que transform\u00f3 la percepci\u00f3n del tiempo.<\/p>\n\n\n\n<h3 class=\"wp-block-heading\">De la qu\u00edmica anal\u00f3gica a la masificaci\u00f3n digital<\/h3>\n\n\n\n<p class=\"wp-block-paragraph\">Apenas trece a\u00f1os despu\u00e9s del hallazgo de Ni\u00e9pce, la presentaci\u00f3n del daguerrotipo por Louis Daguerre en 1839 democratiz\u00f3 el retrato familiar, desplazando el monopolio del lienzo y permitiendo que las clases medias preservaran los rostros de sus seres queridos:<\/p>\n\n\n\n<ul class=\"wp-block-list\">\n<li><strong>La era Kodak y el fotoperiodismo:<\/strong> En 1888, George Eastman simplific\u00f3 el proceso t\u00e9cnico al crear c\u00e1maras port\u00e1tiles accesibles para el gran p\u00fablico. Poco despu\u00e9s, la imagen se transform\u00f3 en la principal testigo de la actualidad internacional, un movimiento que alcanz\u00f3 su madurez en 1947 con la fundaci\u00f3n de la agencia <strong>Magnum Photos<\/strong> a manos de pioneros como Robert Capa y Henri Cartier-Bresson, en paralelo al surgimiento de la inmediatez instant\u00e1nea con Polaroid.<\/li>\n\n\n\n<li><strong>El dilema de la IA:<\/strong> El historiador Michel Poivert, miembro del comit\u00e9 cient\u00edfico del bicentenario y docente de la Sorbona, relativiza el enfrentamiento entre la fotograf\u00eda tradicional y la inteligencia artificial generativa. \u00abLa objetividad de la fotograf\u00eda es un mito, las alteraciones existen desde sus inicios. Seguimos confiando en las fotos porque mantienen un lazo f\u00edsico con lo real, mientras que en la IA la imagen proviene de datos abstractos\u00bb, subray\u00f3 el especialista.<\/li>\n<\/ul>\n\n\n\n<p class=\"wp-block-paragraph\">El festejo de este bicentenario marca el cierre de un ciclo iniciado en una peque\u00f1a aldea francesa y abre el debate sobre el futuro del registro visual en un mundo dominado por pantallas t\u00e1ctiles, algoritmos y modelos de generaci\u00f3n sint\u00e9tica.<\/p>\n\n\n\n<p class=\"wp-block-paragraph\">Avant Premi\u00e8re \/ EFE<\/p>\n","protected":false},"excerpt":{"rendered":"<p>Francia conmemora el bicentenario de &#8216;Vista desde la ventana de Le Gras&#8217;, la hist\u00f3rica captura de Nic\u00e9phore Ni\u00e9pce de 1826 que transform\u00f3 para siempre la memoria visual de la humanidad. En 1826, el inventor e ingeniero franc\u00e9s Nic\u00e9phore Ni\u00e9pce cubri\u00f3 una placa de esta\u00f1o con bet\u00fan de Judea en su casa de Saint-Loup-de-Varennes y la [&hellip;]<\/p>\n","protected":false},"author":2,"featured_media":3283,"comment_status":"open","ping_status":"open","sticky":false,"template":"","format":"standard","meta":{"om_disable_all_campaigns":false,"_monsterinsights_skip_tracking":false,"_jetpack_newsletter_access":"","_jetpack_dont_email_post_to_subs":false,"_jetpack_newsletter_tier_id":0,"_jetpack_memberships_contains_paywalled_content":false,"_jetpack_feature_clip_id":0,"_jetpack_memberships_contains_paid_content":false,"jnews-multi-image_gallery":[],"jnews_single_post":{"format":"standard"},"jnews_primary_category":[],"jnews_override_bookmark_settings":[],"jnews_social_meta":[],"jnews_review":[],"enable_review":"","type":"","name":"","summary":"","brand":"","sku":"","good":[],"bad":[],"score_override":"","override_value":"","rating":[],"price":[],"jnews_override_counter":[],"footnotes":"","jetpack_post_was_ever_published":false},"categories":[2291,415,381],"tags":[3561,3558,3557,3562,1725,3560,2532,3559],"class_list":["post-3282","post","type-post","status-publish","format-standard","has-post-thumbnail","hentry","category-artes-tecnologicas","category-cultura","category-curiosidades","tag-arte-visual","tag-bicentenario-de-la-fotografia","tag-fotografia","tag-fotoperiodismo-2","tag-francia","tag-historia-de-la-fotografia","tag-inteligencia-artificial","tag-nicephore-niepce"],"aioseo_notices":[],"aioseo_head":"\n\t\t<!-- All in One SEO 5.0.1 - aioseo.com -->\n\t<meta name=\"description\" content=\"Francia conmemora el bicentenario de &#039;Vista desde la ventana de Le Gras&#039;, la hist\u00f3rica captura de Nic\u00e9phore Ni\u00e9pce de 1826 que transform\u00f3 para siempre la memoria visual de la humanidad. En 1826, el inventor e ingeniero franc\u00e9s Nic\u00e9phore Ni\u00e9pce cubri\u00f3 una placa de esta\u00f1o con bet\u00fan de Judea en su casa de Saint-Loup-de-Varennes y la\" \/>\n\t<meta name=\"robots\" content=\"max-image-preview:large\" \/>\n\t<meta name=\"author\" content=\"Avant Premi\u00e8re\"\/>\n\t<link rel=\"canonical\" href=\"https:\/\/semanariolaprensa.com\/avantpremiere\/dos-siglos-de-la-primera-fotografia-el-viaje-de-la-placa-de-estano-al-desafio-de-la-inteligencia-artificial\/\" \/>\n\t<meta name=\"generator\" content=\"All in One SEO (AIOSEO) 5.0.1\" \/>\n\t\t<meta property=\"og:locale\" content=\"es_ES\" \/>\n\t\t<meta property=\"og:site_name\" content=\"Avant-Premi\u00e8re - La primera fila del entretenimiento\" \/>\n\t\t<meta property=\"og:type\" content=\"article\" \/>\n\t\t<meta property=\"og:title\" content=\"Dos siglos de la primera fotograf\u00eda: el viaje de la placa de esta\u00f1o al desaf\u00edo de la inteligencia artificial - Avant-Premi\u00e8re\" \/>\n\t\t<meta property=\"og:description\" content=\"Francia conmemora el bicentenario de &#039;Vista desde la ventana de Le Gras&#039;, la hist\u00f3rica captura de Nic\u00e9phore Ni\u00e9pce de 1826 que transform\u00f3 para siempre la memoria visual de la humanidad. En 1826, el inventor e ingeniero franc\u00e9s Nic\u00e9phore Ni\u00e9pce cubri\u00f3 una placa de esta\u00f1o con bet\u00fan de Judea en su casa de Saint-Loup-de-Varennes y la\" \/>\n\t\t<meta property=\"og:url\" content=\"https:\/\/semanariolaprensa.com\/avantpremiere\/dos-siglos-de-la-primera-fotografia-el-viaje-de-la-placa-de-estano-al-desafio-de-la-inteligencia-artificial\/\" \/>\n\t\t<meta property=\"article:published_time\" content=\"2026-09-01T16:14:50+00:00\" \/>\n\t\t<meta property=\"article:modified_time\" content=\"2026-09-01T16:14:53+00:00\" \/>\n\t\t<meta name=\"twitter:card\" content=\"summary_large_image\" \/>\n\t\t<meta name=\"twitter:title\" content=\"Dos siglos de la primera fotograf\u00eda: el viaje de la placa de esta\u00f1o al desaf\u00edo de la inteligencia artificial - Avant-Premi\u00e8re\" \/>\n\t\t<meta name=\"twitter:description\" content=\"Francia conmemora el bicentenario de &#039;Vista desde la ventana de Le Gras&#039;, la hist\u00f3rica captura de Nic\u00e9phore Ni\u00e9pce de 1826 que transform\u00f3 para siempre la memoria visual de la humanidad. En 1826, el inventor e ingeniero franc\u00e9s Nic\u00e9phore Ni\u00e9pce cubri\u00f3 una placa de esta\u00f1o con bet\u00fan de Judea en su casa de Saint-Loup-de-Varennes y la\" \/>\n\t\t<script type=\"application\/ld+json\" class=\"aioseo-schema\">\n\t\t\t{\"@context\":\"https:\\\/\\\/schema.org\",\"@graph\":[{\"@type\":\"BlogPosting\",\"@id\":\"https:\\\/\\\/semanariolaprensa.com\\\/avantpremiere\\\/dos-siglos-de-la-primera-fotografia-el-viaje-de-la-placa-de-estano-al-desafio-de-la-inteligencia-artificial\\\/#blogposting\",\"name\":\"Dos siglos de la primera fotograf\\u00eda: el viaje de la placa de esta\\u00f1o al desaf\\u00edo de la inteligencia artificial - Avant-Premi\\u00e8re\",\"headline\":\"Dos siglos de la primera fotograf\\u00eda: el viaje de la placa de esta\\u00f1o al desaf\\u00edo de la inteligencia artificial\",\"author\":{\"@id\":\"https:\\\/\\\/semanariolaprensa.com\\\/avantpremiere\\\/author\\\/aqa\\\/#author\"},\"publisher\":{\"@id\":\"https:\\\/\\\/semanariolaprensa.com\\\/avantpremiere\\\/#organization\"},\"image\":{\"@type\":\"ImageObject\",\"url\":\"https:\\\/\\\/i0.wp.com\\\/semanariolaprensa.com\\\/avantpremiere\\\/wp-content\\\/uploads\\\/2026\\\/09\\\/R-34.jpeg?fit=640%2C363&ssl=1\",\"width\":640,\"height\":363},\"datePublished\":\"2026-09-01T13:14:50-03:00\",\"dateModified\":\"2026-09-01T13:14:53-03:00\",\"inLanguage\":\"es-ES\",\"mainEntityOfPage\":{\"@id\":\"https:\\\/\\\/semanariolaprensa.com\\\/avantpremiere\\\/dos-siglos-de-la-primera-fotografia-el-viaje-de-la-placa-de-estano-al-desafio-de-la-inteligencia-artificial\\\/#webpage\"},\"isPartOf\":{\"@id\":\"https:\\\/\\\/semanariolaprensa.com\\\/avantpremiere\\\/dos-siglos-de-la-primera-fotografia-el-viaje-de-la-placa-de-estano-al-desafio-de-la-inteligencia-artificial\\\/#webpage\"},\"articleSection\":\"Artes Tecnol\\u00f3gicas, Cultura, Curiosidades, Arte visual, Bicentenario de la fotografia, Fotografia, Fotoperiodismo., Francia, Historia de la fotografia, Inteligencia Artificial, Nicephore Niepce\"},{\"@type\":\"BreadcrumbList\",\"@id\":\"https:\\\/\\\/semanariolaprensa.com\\\/avantpremiere\\\/dos-siglos-de-la-primera-fotografia-el-viaje-de-la-placa-de-estano-al-desafio-de-la-inteligencia-artificial\\\/#breadcrumblist\",\"itemListElement\":[{\"@type\":\"ListItem\",\"@id\":\"https:\\\/\\\/semanariolaprensa.com\\\/avantpremiere#listItem\",\"position\":1,\"name\":\"Home\",\"item\":\"https:\\\/\\\/semanariolaprensa.com\\\/avantpremiere\",\"nextItem\":{\"@type\":\"ListItem\",\"@id\":\"https:\\\/\\\/semanariolaprensa.com\\\/avantpremiere\\\/category\\\/curiosidades\\\/#listItem\",\"name\":\"Curiosidades\"}},{\"@type\":\"ListItem\",\"@id\":\"https:\\\/\\\/semanariolaprensa.com\\\/avantpremiere\\\/category\\\/curiosidades\\\/#listItem\",\"position\":2,\"name\":\"Curiosidades\",\"item\":\"https:\\\/\\\/semanariolaprensa.com\\\/avantpremiere\\\/category\\\/curiosidades\\\/\",\"nextItem\":{\"@type\":\"ListItem\",\"@id\":\"https:\\\/\\\/semanariolaprensa.com\\\/avantpremiere\\\/dos-siglos-de-la-primera-fotografia-el-viaje-de-la-placa-de-estano-al-desafio-de-la-inteligencia-artificial\\\/#listItem\",\"name\":\"Dos siglos de la primera fotograf\\u00eda: el viaje de la placa de esta\\u00f1o al desaf\\u00edo de la inteligencia artificial\"},\"previousItem\":{\"@type\":\"ListItem\",\"@id\":\"https:\\\/\\\/semanariolaprensa.com\\\/avantpremiere#listItem\",\"name\":\"Home\"}},{\"@type\":\"ListItem\",\"@id\":\"https:\\\/\\\/semanariolaprensa.com\\\/avantpremiere\\\/dos-siglos-de-la-primera-fotografia-el-viaje-de-la-placa-de-estano-al-desafio-de-la-inteligencia-artificial\\\/#listItem\",\"position\":3,\"name\":\"Dos siglos de la primera fotograf\\u00eda: el viaje de la placa de esta\\u00f1o al desaf\\u00edo de la inteligencia artificial\",\"previousItem\":{\"@type\":\"ListItem\",\"@id\":\"https:\\\/\\\/semanariolaprensa.com\\\/avantpremiere\\\/category\\\/curiosidades\\\/#listItem\",\"name\":\"Curiosidades\"}}]},{\"@type\":\"Organization\",\"@id\":\"https:\\\/\\\/semanariolaprensa.com\\\/avantpremiere\\\/#organization\",\"name\":\"Avant-Premi\\u00e8re\",\"description\":\"La primera fila del entretenimiento\",\"url\":\"https:\\\/\\\/semanariolaprensa.com\\\/avantpremiere\\\/\",\"logo\":{\"@type\":\"ImageObject\",\"url\":\"https:\\\/\\\/i0.wp.com\\\/semanariolaprensa.com\\\/avantpremiere\\\/wp-content\\\/uploads\\\/2026\\\/01\\\/cropped-iconoaureapremiere-1.png?fit=512%2C512&ssl=1\",\"@id\":\"https:\\\/\\\/semanariolaprensa.com\\\/avantpremiere\\\/dos-siglos-de-la-primera-fotografia-el-viaje-de-la-placa-de-estano-al-desafio-de-la-inteligencia-artificial\\\/#organizationLogo\",\"width\":512,\"height\":512},\"image\":{\"@id\":\"https:\\\/\\\/semanariolaprensa.com\\\/avantpremiere\\\/dos-siglos-de-la-primera-fotografia-el-viaje-de-la-placa-de-estano-al-desafio-de-la-inteligencia-artificial\\\/#organizationLogo\"}},{\"@type\":\"Person\",\"@id\":\"https:\\\/\\\/semanariolaprensa.com\\\/avantpremiere\\\/author\\\/aqa\\\/#author\",\"url\":\"https:\\\/\\\/semanariolaprensa.com\\\/avantpremiere\\\/author\\\/aqa\\\/\",\"name\":\"Avant Premi\\u00e8re\",\"image\":{\"@type\":\"ImageObject\",\"@id\":\"https:\\\/\\\/semanariolaprensa.com\\\/avantpremiere\\\/dos-siglos-de-la-primera-fotografia-el-viaje-de-la-placa-de-estano-al-desafio-de-la-inteligencia-artificial\\\/#authorImage\",\"url\":\"https:\\\/\\\/secure.gravatar.com\\\/avatar\\\/8261467639c77d439ef0a6fe9fda067f57b7cec919c69df59f13e2d44eb9e4c8?s=96&d=mm&r=g\",\"width\":96,\"height\":96,\"caption\":\"Avant Premi\\u00e8re\"}},{\"@type\":\"WebPage\",\"@id\":\"https:\\\/\\\/semanariolaprensa.com\\\/avantpremiere\\\/dos-siglos-de-la-primera-fotografia-el-viaje-de-la-placa-de-estano-al-desafio-de-la-inteligencia-artificial\\\/#webpage\",\"url\":\"https:\\\/\\\/semanariolaprensa.com\\\/avantpremiere\\\/dos-siglos-de-la-primera-fotografia-el-viaje-de-la-placa-de-estano-al-desafio-de-la-inteligencia-artificial\\\/\",\"name\":\"Dos siglos de la primera fotograf\\u00eda: el viaje de la placa de esta\\u00f1o al desaf\\u00edo de la inteligencia artificial - Avant-Premi\\u00e8re\",\"description\":\"Francia conmemora el bicentenario de 'Vista desde la ventana de Le Gras', la hist\\u00f3rica captura de Nic\\u00e9phore Ni\\u00e9pce de 1826 que transform\\u00f3 para siempre la memoria visual de la humanidad. En 1826, el inventor e ingeniero franc\\u00e9s Nic\\u00e9phore Ni\\u00e9pce cubri\\u00f3 una placa de esta\\u00f1o con bet\\u00fan de Judea en su casa de Saint-Loup-de-Varennes y la\",\"inLanguage\":\"es-ES\",\"isPartOf\":{\"@id\":\"https:\\\/\\\/semanariolaprensa.com\\\/avantpremiere\\\/#website\"},\"breadcrumb\":{\"@id\":\"https:\\\/\\\/semanariolaprensa.com\\\/avantpremiere\\\/dos-siglos-de-la-primera-fotografia-el-viaje-de-la-placa-de-estano-al-desafio-de-la-inteligencia-artificial\\\/#breadcrumblist\"},\"author\":{\"@id\":\"https:\\\/\\\/semanariolaprensa.com\\\/avantpremiere\\\/author\\\/aqa\\\/#author\"},\"creator\":{\"@id\":\"https:\\\/\\\/semanariolaprensa.com\\\/avantpremiere\\\/author\\\/aqa\\\/#author\"},\"image\":{\"@type\":\"ImageObject\",\"url\":\"https:\\\/\\\/i0.wp.com\\\/semanariolaprensa.com\\\/avantpremiere\\\/wp-content\\\/uploads\\\/2026\\\/09\\\/R-34.jpeg?fit=640%2C363&ssl=1\",\"@id\":\"https:\\\/\\\/semanariolaprensa.com\\\/avantpremiere\\\/dos-siglos-de-la-primera-fotografia-el-viaje-de-la-placa-de-estano-al-desafio-de-la-inteligencia-artificial\\\/#mainImage\",\"width\":640,\"height\":363},\"primaryImageOfPage\":{\"@id\":\"https:\\\/\\\/semanariolaprensa.com\\\/avantpremiere\\\/dos-siglos-de-la-primera-fotografia-el-viaje-de-la-placa-de-estano-al-desafio-de-la-inteligencia-artificial\\\/#mainImage\"},\"datePublished\":\"2026-09-01T13:14:50-03:00\",\"dateModified\":\"2026-09-01T13:14:53-03:00\"},{\"@type\":\"WebSite\",\"@id\":\"https:\\\/\\\/semanariolaprensa.com\\\/avantpremiere\\\/#website\",\"url\":\"https:\\\/\\\/semanariolaprensa.com\\\/avantpremiere\\\/\",\"name\":\"Avant-Premi\\u00e8re\",\"description\":\"La primera fila del entretenimiento\",\"inLanguage\":\"es-ES\",\"publisher\":{\"@id\":\"https:\\\/\\\/semanariolaprensa.com\\\/avantpremiere\\\/#organization\"}}]}\n\t\t<\/script>\n\t\t<!-- All in One SEO -->\n\n","aioseo_head_json":{"title":"Dos siglos de la primera fotograf\u00eda: el viaje de la placa de esta\u00f1o al desaf\u00edo de la inteligencia artificial - Avant-Premi\u00e8re","description":"Francia conmemora el bicentenario de 'Vista desde la ventana de Le Gras', la hist\u00f3rica captura de Nic\u00e9phore Ni\u00e9pce de 1826 que transform\u00f3 para siempre la memoria visual de la humanidad. En 1826, el inventor e ingeniero franc\u00e9s Nic\u00e9phore Ni\u00e9pce cubri\u00f3 una placa de esta\u00f1o con bet\u00fan de Judea en su casa de Saint-Loup-de-Varennes y la","canonical_url":"https:\/\/semanariolaprensa.com\/avantpremiere\/dos-siglos-de-la-primera-fotografia-el-viaje-de-la-placa-de-estano-al-desafio-de-la-inteligencia-artificial\/","robots":"max-image-preview:large","keywords":"","webmasterTools":{"miscellaneous":""},"schema":{"@context":"https:\/\/schema.org","@graph":[{"@type":"BlogPosting","@id":"https:\/\/semanariolaprensa.com\/avantpremiere\/dos-siglos-de-la-primera-fotografia-el-viaje-de-la-placa-de-estano-al-desafio-de-la-inteligencia-artificial\/#blogposting","name":"Dos siglos de la primera fotograf\u00eda: el viaje de la placa de esta\u00f1o al desaf\u00edo de la inteligencia artificial - Avant-Premi\u00e8re","headline":"Dos siglos de la primera fotograf\u00eda: el viaje de la placa de esta\u00f1o al desaf\u00edo de la inteligencia artificial","author":{"@id":"https:\/\/semanariolaprensa.com\/avantpremiere\/author\/aqa\/#author"},"publisher":{"@id":"https:\/\/semanariolaprensa.com\/avantpremiere\/#organization"},"image":{"@type":"ImageObject","url":"https:\/\/i0.wp.com\/semanariolaprensa.com\/avantpremiere\/wp-content\/uploads\/2026\/09\/R-34.jpeg?fit=640%2C363&ssl=1","width":640,"height":363},"datePublished":"2026-09-01T13:14:50-03:00","dateModified":"2026-09-01T13:14:53-03:00","inLanguage":"es-ES","mainEntityOfPage":{"@id":"https:\/\/semanariolaprensa.com\/avantpremiere\/dos-siglos-de-la-primera-fotografia-el-viaje-de-la-placa-de-estano-al-desafio-de-la-inteligencia-artificial\/#webpage"},"isPartOf":{"@id":"https:\/\/semanariolaprensa.com\/avantpremiere\/dos-siglos-de-la-primera-fotografia-el-viaje-de-la-placa-de-estano-al-desafio-de-la-inteligencia-artificial\/#webpage"},"articleSection":"Artes Tecnol\u00f3gicas, Cultura, Curiosidades, Arte visual, Bicentenario de la fotografia, Fotografia, Fotoperiodismo., Francia, Historia de la fotografia, Inteligencia Artificial, Nicephore Niepce"},{"@type":"BreadcrumbList","@id":"https:\/\/semanariolaprensa.com\/avantpremiere\/dos-siglos-de-la-primera-fotografia-el-viaje-de-la-placa-de-estano-al-desafio-de-la-inteligencia-artificial\/#breadcrumblist","itemListElement":[{"@type":"ListItem","@id":"https:\/\/semanariolaprensa.com\/avantpremiere#listItem","position":1,"name":"Home","item":"https:\/\/semanariolaprensa.com\/avantpremiere","nextItem":{"@type":"ListItem","@id":"https:\/\/semanariolaprensa.com\/avantpremiere\/category\/curiosidades\/#listItem","name":"Curiosidades"}},{"@type":"ListItem","@id":"https:\/\/semanariolaprensa.com\/avantpremiere\/category\/curiosidades\/#listItem","position":2,"name":"Curiosidades","item":"https:\/\/semanariolaprensa.com\/avantpremiere\/category\/curiosidades\/","nextItem":{"@type":"ListItem","@id":"https:\/\/semanariolaprensa.com\/avantpremiere\/dos-siglos-de-la-primera-fotografia-el-viaje-de-la-placa-de-estano-al-desafio-de-la-inteligencia-artificial\/#listItem","name":"Dos siglos de la primera fotograf\u00eda: el viaje de la placa de esta\u00f1o al desaf\u00edo de la inteligencia artificial"},"previousItem":{"@type":"ListItem","@id":"https:\/\/semanariolaprensa.com\/avantpremiere#listItem","name":"Home"}},{"@type":"ListItem","@id":"https:\/\/semanariolaprensa.com\/avantpremiere\/dos-siglos-de-la-primera-fotografia-el-viaje-de-la-placa-de-estano-al-desafio-de-la-inteligencia-artificial\/#listItem","position":3,"name":"Dos siglos de la primera fotograf\u00eda: el viaje de la placa de esta\u00f1o al desaf\u00edo de la inteligencia artificial","previousItem":{"@type":"ListItem","@id":"https:\/\/semanariolaprensa.com\/avantpremiere\/category\/curiosidades\/#listItem","name":"Curiosidades"}}]},{"@type":"Organization","@id":"https:\/\/semanariolaprensa.com\/avantpremiere\/#organization","name":"Avant-Premi\u00e8re","description":"La primera fila del entretenimiento","url":"https:\/\/semanariolaprensa.com\/avantpremiere\/","logo":{"@type":"ImageObject","url":"https:\/\/i0.wp.com\/semanariolaprensa.com\/avantpremiere\/wp-content\/uploads\/2026\/01\/cropped-iconoaureapremiere-1.png?fit=512%2C512&ssl=1","@id":"https:\/\/semanariolaprensa.com\/avantpremiere\/dos-siglos-de-la-primera-fotografia-el-viaje-de-la-placa-de-estano-al-desafio-de-la-inteligencia-artificial\/#organizationLogo","width":512,"height":512},"image":{"@id":"https:\/\/semanariolaprensa.com\/avantpremiere\/dos-siglos-de-la-primera-fotografia-el-viaje-de-la-placa-de-estano-al-desafio-de-la-inteligencia-artificial\/#organizationLogo"}},{"@type":"Person","@id":"https:\/\/semanariolaprensa.com\/avantpremiere\/author\/aqa\/#author","url":"https:\/\/semanariolaprensa.com\/avantpremiere\/author\/aqa\/","name":"Avant Premi\u00e8re","image":{"@type":"ImageObject","@id":"https:\/\/semanariolaprensa.com\/avantpremiere\/dos-siglos-de-la-primera-fotografia-el-viaje-de-la-placa-de-estano-al-desafio-de-la-inteligencia-artificial\/#authorImage","url":"https:\/\/secure.gravatar.com\/avatar\/8261467639c77d439ef0a6fe9fda067f57b7cec919c69df59f13e2d44eb9e4c8?s=96&d=mm&r=g","width":96,"height":96,"caption":"Avant Premi\u00e8re"}},{"@type":"WebPage","@id":"https:\/\/semanariolaprensa.com\/avantpremiere\/dos-siglos-de-la-primera-fotografia-el-viaje-de-la-placa-de-estano-al-desafio-de-la-inteligencia-artificial\/#webpage","url":"https:\/\/semanariolaprensa.com\/avantpremiere\/dos-siglos-de-la-primera-fotografia-el-viaje-de-la-placa-de-estano-al-desafio-de-la-inteligencia-artificial\/","name":"Dos siglos de la primera fotograf\u00eda: el viaje de la placa de esta\u00f1o al desaf\u00edo de la inteligencia artificial - Avant-Premi\u00e8re","description":"Francia conmemora el bicentenario de 'Vista desde la ventana de Le Gras', la hist\u00f3rica captura de Nic\u00e9phore Ni\u00e9pce de 1826 que transform\u00f3 para siempre la memoria visual de la humanidad. En 1826, el inventor e ingeniero franc\u00e9s Nic\u00e9phore Ni\u00e9pce cubri\u00f3 una placa de esta\u00f1o con bet\u00fan de Judea en su casa de Saint-Loup-de-Varennes y la","inLanguage":"es-ES","isPartOf":{"@id":"https:\/\/semanariolaprensa.com\/avantpremiere\/#website"},"breadcrumb":{"@id":"https:\/\/semanariolaprensa.com\/avantpremiere\/dos-siglos-de-la-primera-fotografia-el-viaje-de-la-placa-de-estano-al-desafio-de-la-inteligencia-artificial\/#breadcrumblist"},"author":{"@id":"https:\/\/semanariolaprensa.com\/avantpremiere\/author\/aqa\/#author"},"creator":{"@id":"https:\/\/semanariolaprensa.com\/avantpremiere\/author\/aqa\/#author"},"image":{"@type":"ImageObject","url":"https:\/\/i0.wp.com\/semanariolaprensa.com\/avantpremiere\/wp-content\/uploads\/2026\/09\/R-34.jpeg?fit=640%2C363&ssl=1","@id":"https:\/\/semanariolaprensa.com\/avantpremiere\/dos-siglos-de-la-primera-fotografia-el-viaje-de-la-placa-de-estano-al-desafio-de-la-inteligencia-artificial\/#mainImage","width":640,"height":363},"primaryImageOfPage":{"@id":"https:\/\/semanariolaprensa.com\/avantpremiere\/dos-siglos-de-la-primera-fotografia-el-viaje-de-la-placa-de-estano-al-desafio-de-la-inteligencia-artificial\/#mainImage"},"datePublished":"2026-09-01T13:14:50-03:00","dateModified":"2026-09-01T13:14:53-03:00"},{"@type":"WebSite","@id":"https:\/\/semanariolaprensa.com\/avantpremiere\/#website","url":"https:\/\/semanariolaprensa.com\/avantpremiere\/","name":"Avant-Premi\u00e8re","description":"La primera fila del entretenimiento","inLanguage":"es-ES","publisher":{"@id":"https:\/\/semanariolaprensa.com\/avantpremiere\/#organization"}}]},"og:locale":"es_ES","og:site_name":"Avant-Premi\u00e8re - La primera fila del entretenimiento","og:type":"article","og:title":"Dos siglos de la primera fotograf\u00eda: el viaje de la placa de esta\u00f1o al desaf\u00edo de la inteligencia artificial - Avant-Premi\u00e8re","og:description":"Francia conmemora el bicentenario de 'Vista desde la ventana de Le Gras', la hist\u00f3rica captura de Nic\u00e9phore Ni\u00e9pce de 1826 que transform\u00f3 para siempre la memoria visual de la humanidad. En 1826, el inventor e ingeniero franc\u00e9s Nic\u00e9phore Ni\u00e9pce cubri\u00f3 una placa de esta\u00f1o con bet\u00fan de Judea en su casa de Saint-Loup-de-Varennes y la","og:url":"https:\/\/semanariolaprensa.com\/avantpremiere\/dos-siglos-de-la-primera-fotografia-el-viaje-de-la-placa-de-estano-al-desafio-de-la-inteligencia-artificial\/","article:published_time":"2026-09-01T16:14:50+00:00","article:modified_time":"2026-09-01T16:14:53+00:00","twitter:card":"summary_large_image","twitter:title":"Dos siglos de la primera fotograf\u00eda: el viaje de la placa de esta\u00f1o al desaf\u00edo de la inteligencia artificial - Avant-Premi\u00e8re","twitter:description":"Francia conmemora el bicentenario de 'Vista desde la ventana de Le Gras', la hist\u00f3rica captura de Nic\u00e9phore Ni\u00e9pce de 1826 que transform\u00f3 para siempre la memoria visual de la humanidad. En 1826, el inventor e ingeniero franc\u00e9s Nic\u00e9phore Ni\u00e9pce cubri\u00f3 una placa de esta\u00f1o con bet\u00fan de Judea en su casa de Saint-Loup-de-Varennes y la"},"aioseo_meta_data":{"post_id":"3282","title":null,"description":null,"keywords":null,"keyphrases":{"focus":{"keyphrase":"","score":0,"analysis":{"keyphraseInTitle":{"score":0,"maxScore":9,"error":1}}},"additional":[]},"primary_term":null,"canonical_url":null,"og_title":null,"og_description":null,"og_object_type":"default","og_image_type":"default","og_image_url":null,"og_image_width":null,"og_image_height":null,"og_image_custom_url":null,"og_image_custom_fields":null,"og_video":"","og_custom_url":null,"og_article_section":null,"og_article_tags":null,"twitter_use_og":false,"twitter_card":"default","twitter_image_type":"default","twitter_image_url":null,"twitter_image_custom_url":null,"twitter_image_custom_fields":null,"twitter_title":null,"twitter_description":null,"schema":{"blockGraphs":[],"customGraphs":[],"default":{"data":{"Article":[],"Course":[],"Dataset":[],"FAQPage":[],"Movie":[],"Person":[],"Product":[],"ProductReview":[],"Car":[],"Recipe":[],"Service":[],"SoftwareApplication":[],"WebPage":[]},"graphName":"BlogPosting","isEnabled":true},"graphs":[]},"schema_type":"default","schema_type_options":null,"pillar_content":false,"robots_default":true,"robots_noindex":false,"robots_noarchive":false,"robots_nosnippet":false,"robots_nofollow":false,"robots_noimageindex":false,"robots_noodp":false,"robots_notranslate":false,"robots_max_snippet":"-1","robots_max_videopreview":"-1","robots_max_imagepreview":"large","priority":null,"frequency":"default","local_seo":null,"breadcrumb_settings":null,"limit_modified_date":false,"ai":{"faqs":[],"keyPoints":[],"schemas":[],"titles":[],"descriptions":[],"socialPosts":{"email":{"subject":"","preview":"","content":""},"linkedin":[],"twitter":[],"facebook":[],"instagram":[]}},"created":"2026-09-01 16:14:53","updated":"2026-09-01 17:02:41","seo_analyzer_scan_date":null,"focus_keyword":null,"additional_keywords":null,"truseo_locale":null},"aioseo_breadcrumb":"<div class=\"aioseo-breadcrumbs\"><span class=\"aioseo-breadcrumb\">\n\t\t\t<a href=\"https:\/\/semanariolaprensa.com\/avantpremiere\" title=\"Home\">Home<\/a>\n\t\t<\/span><span class=\"aioseo-breadcrumb-separator\">&raquo;<\/span><span class=\"aioseo-breadcrumb\">\n\t\t\t<a href=\"https:\/\/semanariolaprensa.com\/avantpremiere\/category\/curiosidades\/\" title=\"Curiosidades\">Curiosidades<\/a>\n\t\t<\/span><span class=\"aioseo-breadcrumb-separator\">&raquo;<\/span><span class=\"aioseo-breadcrumb\">\n\t\t\tDos siglos de la primera fotograf\u00eda: el viaje de la placa de esta\u00f1o al desaf\u00edo de la inteligencia artificial\n\t\t<\/span><\/div>","aioseo_breadcrumb_json":[{"label":"Home","link":"https:\/\/semanariolaprensa.com\/avantpremiere"},{"label":"Curiosidades","link":"https:\/\/semanariolaprensa.com\/avantpremiere\/category\/curiosidades\/"},{"label":"Dos siglos de la primera fotograf\u00eda: el viaje de la placa de esta\u00f1o al desaf\u00edo de la inteligencia artificial","link":"https:\/\/semanariolaprensa.com\/avantpremiere\/dos-siglos-de-la-primera-fotografia-el-viaje-de-la-placa-de-estano-al-desafio-de-la-inteligencia-artificial\/"}],"jetpack_sharing_enabled":true,"jetpack_featured_media_url":"https:\/\/i0.wp.com\/semanariolaprensa.com\/avantpremiere\/wp-content\/uploads\/2026\/09\/R-34.jpeg?fit=640%2C363&ssl=1","_links":{"self":[{"href":"https:\/\/semanariolaprensa.com\/avantpremiere\/wp-json\/wp\/v2\/posts\/3282","targetHints":{"allow":["GET"]}}],"collection":[{"href":"https:\/\/semanariolaprensa.com\/avantpremiere\/wp-json\/wp\/v2\/posts"}],"about":[{"href":"https:\/\/semanariolaprensa.com\/avantpremiere\/wp-json\/wp\/v2\/types\/post"}],"author":[{"embeddable":true,"href":"https:\/\/semanariolaprensa.com\/avantpremiere\/wp-json\/wp\/v2\/users\/2"}],"replies":[{"embeddable":true,"href":"https:\/\/semanariolaprensa.com\/avantpremiere\/wp-json\/wp\/v2\/comments?post=3282"}],"version-history":[{"count":1,"href":"https:\/\/semanariolaprensa.com\/avantpremiere\/wp-json\/wp\/v2\/posts\/3282\/revisions"}],"predecessor-version":[{"id":3285,"href":"https:\/\/semanariolaprensa.com\/avantpremiere\/wp-json\/wp\/v2\/posts\/3282\/revisions\/3285"}],"wp:featuredmedia":[{"embeddable":true,"href":"https:\/\/semanariolaprensa.com\/avantpremiere\/wp-json\/wp\/v2\/media\/3283"}],"wp:attachment":[{"href":"https:\/\/semanariolaprensa.com\/avantpremiere\/wp-json\/wp\/v2\/media?parent=3282"}],"wp:term":[{"taxonomy":"category","embeddable":true,"href":"https:\/\/semanariolaprensa.com\/avantpremiere\/wp-json\/wp\/v2\/categories?post=3282"},{"taxonomy":"post_tag","embeddable":true,"href":"https:\/\/semanariolaprensa.com\/avantpremiere\/wp-json\/wp\/v2\/tags?post=3282"}],"curies":[{"name":"wp","href":"https:\/\/api.w.org\/{rel}","templated":true}]}}