{"id":3279,"date":"2026-09-01T13:10:17","date_gmt":"2026-09-01T16:10:17","guid":{"rendered":"https:\/\/semanariolaprensa.com\/avantpremiere\/?p=3279"},"modified":"2026-09-01T13:10:20","modified_gmt":"2026-09-01T16:10:20","slug":"fanaticos-de-harry-potter-celebran-en-londres-el-regreso-a-hogwarts-en-la-antesala-de-la-nueva-serie","status":"publish","type":"post","link":"https:\/\/semanariolaprensa.com\/avantpremiere\/fanaticos-de-harry-potter-celebran-en-londres-el-regreso-a-hogwarts-en-la-antesala-de-la-nueva-serie\/","title":{"rendered":"Fan\u00e1ticos de Harry Potter celebran en Londres el \u00abRegreso a Hogwarts\u00bb en la antesala de la nueva serie"},"content":{"rendered":"\n<p class=\"wp-block-paragraph\"><strong>Cientos de seguidores de todo el mundo se reunieron este 1 de septiembre en un evento inmersivo organizado por HBO Max, a la espera del estreno de la ficci\u00f3n televisiva en Navidad.<\/strong><\/p>\n\n\n\n<p class=\"wp-block-paragraph\">Como cada 1 de septiembre a las 11 de la ma\u00f1ana, la comunidad global de seguidores del universo creado por J.K. Rowling conmemor\u00f3 la emblem\u00e1tica partida del Expreso de Hogwarts desde el and\u00e9n 9 y 3\/4. Para celebrar el tradicional \u00abBack to Hogwarts\u00bb y aliviar la habitual saturaci\u00f3n en la estaci\u00f3n de King\u2019s Cross, <strong>HBO Max<\/strong> mont\u00f3 una experiencia interactiva en el antiguo mercado de <strong>Old Billingsgate<\/strong>, a orillas del T\u00e1mesis, que reuni\u00f3 a cientos de fan\u00e1ticos, creadores de contenido y prensa internacional.<\/p>\n\n\n\n<p class=\"wp-block-paragraph\">El encuentro sirvi\u00f3 como antesala oficial para el estreno de la esperada adaptaci\u00f3n televisiva de la saga fant\u00e1stica, programada para la pr\u00f3xima Navidad. La nueva producci\u00f3n buscar\u00e1 reiniciar la historia con un elenco renovado, apostando por desarrollar con mayor fidelidad los pasajes, subtramas y personajes de las novelas que no llegaron al corte final de las adaptaciones cinematogr\u00e1ficas.<\/p>\n\n\n\n<h3 class=\"wp-block-heading\">Pasi\u00f3n intergeneracional y una nueva era televisiva<\/h3>\n\n\n\n<p class=\"wp-block-paragraph\">Entre r\u00e9plicas del tren m\u00e1gico, estaciones para despachar cartas mediante el \u00abcorreo lechuza\u00bb y espacios para lucir las t\u00fanicas de las cuatro casas de magia, la jornada reflej\u00f3 el arraigo generacional del fen\u00f3meno a m\u00e1s de 25 a\u00f1os de su inicio:<\/p>\n\n\n\n<ul class=\"wp-block-list\">\n<li><strong>Comunidad digital:<\/strong> Creadores de contenido especializados de Europa y Am\u00e9rica Latina cubrieron la cl\u00e1sica cuenta regresiva, destacando la oportunidad de revisitar la franquicia desde un formato serializado con mayor profundidad narrativa.<\/li>\n\n\n\n<li><strong>V\u00ednculo familiar:<\/strong> Asistentes de diversas edades compartieron c\u00f3mo la lectura compartida de los libros y el visionado de las pel\u00edculas consolidaron una tradici\u00f3n dom\u00e9stica que ahora continuar\u00e1 con la serie.<\/li>\n<\/ul>\n\n\n\n<p class=\"wp-block-paragraph\">El debut de la serie abrir\u00e1 formalmente una nueva etapa para el universo m\u00e1gico en la pantalla chica, aunque la cita londinense evit\u00f3 alusiones a la figura de J.K. Rowling tras las continuas controversias en torno a sus posturas p\u00fablicas sobre identidad de g\u00e9nero.<\/p>\n\n\n\n<p class=\"wp-block-paragraph\">Avant Premi\u00e8re \/ EFE<\/p>\n","protected":false},"excerpt":{"rendered":"<p>Cientos de seguidores de todo el mundo se reunieron este 1 de septiembre en un evento inmersivo organizado por HBO Max, a la espera del estreno de la ficci\u00f3n televisiva en Navidad. Como cada 1 de septiembre a las 11 de la ma\u00f1ana, la comunidad global de seguidores del universo creado por J.K. Rowling conmemor\u00f3 [&hellip;]<\/p>\n","protected":false},"author":2,"featured_media":3280,"comment_status":"open","ping_status":"open","sticky":false,"template":"","format":"standard","meta":{"om_disable_all_campaigns":false,"_monsterinsights_skip_tracking":false,"_jetpack_newsletter_access":"","_jetpack_dont_email_post_to_subs":false,"_jetpack_newsletter_tier_id":0,"_jetpack_memberships_contains_paywalled_content":false,"_jetpack_feature_clip_id":0,"_jetpack_memberships_contains_paid_content":false,"jnews-multi-image_gallery":[],"jnews_single_post":{"format":"standard"},"jnews_primary_category":[],"jnews_override_bookmark_settings":[],"jnews_social_meta":[],"jnews_review":[],"enable_review":"","type":"","name":"","summary":"","brand":"","sku":"","good":[],"bad":[],"score_override":"","override_value":"","rating":[],"price":[],"jnews_override_counter":[],"footnotes":"","jetpack_post_was_ever_published":false},"categories":[383,415,2119],"tags":[3554,3555,467,469,1362,470,180],"class_list":["post-3279","post","type-post","status-publish","format-standard","has-post-thumbnail","hentry","category-cine","category-cultura","category-sociedad","tag-back-to-hogwarts","tag-cine-y-series","tag-harry-potter","tag-hbo-max","tag-londres","tag-series","tag-warner-bros"],"aioseo_notices":[],"aioseo_head":"\n\t\t<!-- All in One SEO 5.0.1 - aioseo.com -->\n\t<meta name=\"description\" content=\"Cientos de seguidores de todo el mundo se reunieron este 1 de septiembre en un evento inmersivo organizado por HBO Max, a la espera del estreno de la ficci\u00f3n televisiva en Navidad. Como cada 1 de septiembre a las 11 de la ma\u00f1ana, la comunidad global de seguidores del universo creado por J.K. Rowling conmemor\u00f3\" \/>\n\t<meta name=\"robots\" content=\"max-image-preview:large\" \/>\n\t<meta name=\"author\" content=\"Avant Premi\u00e8re\"\/>\n\t<link rel=\"canonical\" href=\"https:\/\/semanariolaprensa.com\/avantpremiere\/fanaticos-de-harry-potter-celebran-en-londres-el-regreso-a-hogwarts-en-la-antesala-de-la-nueva-serie\/\" \/>\n\t<meta name=\"generator\" content=\"All in One SEO (AIOSEO) 5.0.1\" \/>\n\t\t<meta property=\"og:locale\" content=\"es_ES\" \/>\n\t\t<meta property=\"og:site_name\" content=\"Avant-Premi\u00e8re - La primera fila del entretenimiento\" \/>\n\t\t<meta property=\"og:type\" content=\"article\" \/>\n\t\t<meta property=\"og:title\" content=\"Fan\u00e1ticos de Harry Potter celebran en Londres el \u00abRegreso a Hogwarts\u00bb en la antesala de la nueva serie - Avant-Premi\u00e8re\" \/>\n\t\t<meta property=\"og:description\" content=\"Cientos de seguidores de todo el mundo se reunieron este 1 de septiembre en un evento inmersivo organizado por HBO Max, a la espera del estreno de la ficci\u00f3n televisiva en Navidad. Como cada 1 de septiembre a las 11 de la ma\u00f1ana, la comunidad global de seguidores del universo creado por J.K. Rowling conmemor\u00f3\" \/>\n\t\t<meta property=\"og:url\" content=\"https:\/\/semanariolaprensa.com\/avantpremiere\/fanaticos-de-harry-potter-celebran-en-londres-el-regreso-a-hogwarts-en-la-antesala-de-la-nueva-serie\/\" \/>\n\t\t<meta property=\"article:published_time\" content=\"2026-09-01T16:10:17+00:00\" \/>\n\t\t<meta property=\"article:modified_time\" content=\"2026-09-01T16:10:20+00:00\" \/>\n\t\t<meta name=\"twitter:card\" content=\"summary_large_image\" \/>\n\t\t<meta name=\"twitter:title\" content=\"Fan\u00e1ticos de Harry Potter celebran en Londres el \u00abRegreso a Hogwarts\u00bb en la antesala de la nueva serie - Avant-Premi\u00e8re\" \/>\n\t\t<meta name=\"twitter:description\" content=\"Cientos de seguidores de todo el mundo se reunieron este 1 de septiembre en un evento inmersivo organizado por HBO Max, a la espera del estreno de la ficci\u00f3n televisiva en Navidad. Como cada 1 de septiembre a las 11 de la ma\u00f1ana, la comunidad global de seguidores del universo creado por J.K. Rowling conmemor\u00f3\" \/>\n\t\t<script type=\"application\/ld+json\" class=\"aioseo-schema\">\n\t\t\t{\"@context\":\"https:\\\/\\\/schema.org\",\"@graph\":[{\"@type\":\"BlogPosting\",\"@id\":\"https:\\\/\\\/semanariolaprensa.com\\\/avantpremiere\\\/fanaticos-de-harry-potter-celebran-en-londres-el-regreso-a-hogwarts-en-la-antesala-de-la-nueva-serie\\\/#blogposting\",\"name\":\"Fan\\u00e1ticos de Harry Potter celebran en Londres el \\u00abRegreso a Hogwarts\\u00bb en la antesala de la nueva serie - Avant-Premi\\u00e8re\",\"headline\":\"Fan\\u00e1ticos de Harry Potter celebran en Londres el \\u00abRegreso a Hogwarts\\u00bb en la antesala de la nueva serie\",\"author\":{\"@id\":\"https:\\\/\\\/semanariolaprensa.com\\\/avantpremiere\\\/author\\\/aqa\\\/#author\"},\"publisher\":{\"@id\":\"https:\\\/\\\/semanariolaprensa.com\\\/avantpremiere\\\/#organization\"},\"image\":{\"@type\":\"ImageObject\",\"url\":\"https:\\\/\\\/i0.wp.com\\\/semanariolaprensa.com\\\/avantpremiere\\\/wp-content\\\/uploads\\\/2026\\\/09\\\/harry-potter-20-anos-regreso-hogwarts-hbo-maxpng.webp?fit=1200%2C675&ssl=1\",\"width\":1200,\"height\":675},\"datePublished\":\"2026-09-01T13:10:17-03:00\",\"dateModified\":\"2026-09-01T13:10:20-03:00\",\"inLanguage\":\"es-ES\",\"mainEntityOfPage\":{\"@id\":\"https:\\\/\\\/semanariolaprensa.com\\\/avantpremiere\\\/fanaticos-de-harry-potter-celebran-en-londres-el-regreso-a-hogwarts-en-la-antesala-de-la-nueva-serie\\\/#webpage\"},\"isPartOf\":{\"@id\":\"https:\\\/\\\/semanariolaprensa.com\\\/avantpremiere\\\/fanaticos-de-harry-potter-celebran-en-londres-el-regreso-a-hogwarts-en-la-antesala-de-la-nueva-serie\\\/#webpage\"},\"articleSection\":\"Cine, Cultura, Sociedad, Back to Hogwarts, Cine y series, Harry Potter, HBO Max, Londres, Series, Warner Bros\"},{\"@type\":\"BreadcrumbList\",\"@id\":\"https:\\\/\\\/semanariolaprensa.com\\\/avantpremiere\\\/fanaticos-de-harry-potter-celebran-en-londres-el-regreso-a-hogwarts-en-la-antesala-de-la-nueva-serie\\\/#breadcrumblist\",\"itemListElement\":[{\"@type\":\"ListItem\",\"@id\":\"https:\\\/\\\/semanariolaprensa.com\\\/avantpremiere#listItem\",\"position\":1,\"name\":\"Home\",\"item\":\"https:\\\/\\\/semanariolaprensa.com\\\/avantpremiere\",\"nextItem\":{\"@type\":\"ListItem\",\"@id\":\"https:\\\/\\\/semanariolaprensa.com\\\/avantpremiere\\\/category\\\/pantalla\\\/#listItem\",\"name\":\"Pantalla\"}},{\"@type\":\"ListItem\",\"@id\":\"https:\\\/\\\/semanariolaprensa.com\\\/avantpremiere\\\/category\\\/pantalla\\\/#listItem\",\"position\":2,\"name\":\"Pantalla\",\"item\":\"https:\\\/\\\/semanariolaprensa.com\\\/avantpremiere\\\/category\\\/pantalla\\\/\",\"nextItem\":{\"@type\":\"ListItem\",\"@id\":\"https:\\\/\\\/semanariolaprensa.com\\\/avantpremiere\\\/category\\\/pantalla\\\/cine\\\/#listItem\",\"name\":\"Cine\"},\"previousItem\":{\"@type\":\"ListItem\",\"@id\":\"https:\\\/\\\/semanariolaprensa.com\\\/avantpremiere#listItem\",\"name\":\"Home\"}},{\"@type\":\"ListItem\",\"@id\":\"https:\\\/\\\/semanariolaprensa.com\\\/avantpremiere\\\/category\\\/pantalla\\\/cine\\\/#listItem\",\"position\":3,\"name\":\"Cine\",\"item\":\"https:\\\/\\\/semanariolaprensa.com\\\/avantpremiere\\\/category\\\/pantalla\\\/cine\\\/\",\"nextItem\":{\"@type\":\"ListItem\",\"@id\":\"https:\\\/\\\/semanariolaprensa.com\\\/avantpremiere\\\/fanaticos-de-harry-potter-celebran-en-londres-el-regreso-a-hogwarts-en-la-antesala-de-la-nueva-serie\\\/#listItem\",\"name\":\"Fan\\u00e1ticos de Harry Potter celebran en Londres el \\u00abRegreso a Hogwarts\\u00bb en la antesala de la nueva serie\"},\"previousItem\":{\"@type\":\"ListItem\",\"@id\":\"https:\\\/\\\/semanariolaprensa.com\\\/avantpremiere\\\/category\\\/pantalla\\\/#listItem\",\"name\":\"Pantalla\"}},{\"@type\":\"ListItem\",\"@id\":\"https:\\\/\\\/semanariolaprensa.com\\\/avantpremiere\\\/fanaticos-de-harry-potter-celebran-en-londres-el-regreso-a-hogwarts-en-la-antesala-de-la-nueva-serie\\\/#listItem\",\"position\":4,\"name\":\"Fan\\u00e1ticos de Harry Potter celebran en Londres el \\u00abRegreso a Hogwarts\\u00bb en la antesala de la nueva serie\",\"previousItem\":{\"@type\":\"ListItem\",\"@id\":\"https:\\\/\\\/semanariolaprensa.com\\\/avantpremiere\\\/category\\\/pantalla\\\/cine\\\/#listItem\",\"name\":\"Cine\"}}]},{\"@type\":\"Organization\",\"@id\":\"https:\\\/\\\/semanariolaprensa.com\\\/avantpremiere\\\/#organization\",\"name\":\"Avant-Premi\\u00e8re\",\"description\":\"La primera fila del entretenimiento\",\"url\":\"https:\\\/\\\/semanariolaprensa.com\\\/avantpremiere\\\/\",\"logo\":{\"@type\":\"ImageObject\",\"url\":\"https:\\\/\\\/i0.wp.com\\\/semanariolaprensa.com\\\/avantpremiere\\\/wp-content\\\/uploads\\\/2026\\\/01\\\/cropped-iconoaureapremiere-1.png?fit=512%2C512&ssl=1\",\"@id\":\"https:\\\/\\\/semanariolaprensa.com\\\/avantpremiere\\\/fanaticos-de-harry-potter-celebran-en-londres-el-regreso-a-hogwarts-en-la-antesala-de-la-nueva-serie\\\/#organizationLogo\",\"width\":512,\"height\":512},\"image\":{\"@id\":\"https:\\\/\\\/semanariolaprensa.com\\\/avantpremiere\\\/fanaticos-de-harry-potter-celebran-en-londres-el-regreso-a-hogwarts-en-la-antesala-de-la-nueva-serie\\\/#organizationLogo\"}},{\"@type\":\"Person\",\"@id\":\"https:\\\/\\\/semanariolaprensa.com\\\/avantpremiere\\\/author\\\/aqa\\\/#author\",\"url\":\"https:\\\/\\\/semanariolaprensa.com\\\/avantpremiere\\\/author\\\/aqa\\\/\",\"name\":\"Avant Premi\\u00e8re\",\"image\":{\"@type\":\"ImageObject\",\"@id\":\"https:\\\/\\\/semanariolaprensa.com\\\/avantpremiere\\\/fanaticos-de-harry-potter-celebran-en-londres-el-regreso-a-hogwarts-en-la-antesala-de-la-nueva-serie\\\/#authorImage\",\"url\":\"https:\\\/\\\/secure.gravatar.com\\\/avatar\\\/8261467639c77d439ef0a6fe9fda067f57b7cec919c69df59f13e2d44eb9e4c8?s=96&d=mm&r=g\",\"width\":96,\"height\":96,\"caption\":\"Avant Premi\\u00e8re\"}},{\"@type\":\"WebPage\",\"@id\":\"https:\\\/\\\/semanariolaprensa.com\\\/avantpremiere\\\/fanaticos-de-harry-potter-celebran-en-londres-el-regreso-a-hogwarts-en-la-antesala-de-la-nueva-serie\\\/#webpage\",\"url\":\"https:\\\/\\\/semanariolaprensa.com\\\/avantpremiere\\\/fanaticos-de-harry-potter-celebran-en-londres-el-regreso-a-hogwarts-en-la-antesala-de-la-nueva-serie\\\/\",\"name\":\"Fan\\u00e1ticos de Harry Potter celebran en Londres el \\u00abRegreso a Hogwarts\\u00bb en la antesala de la nueva serie - Avant-Premi\\u00e8re\",\"description\":\"Cientos de seguidores de todo el mundo se reunieron este 1 de septiembre en un evento inmersivo organizado por HBO Max, a la espera del estreno de la ficci\\u00f3n televisiva en Navidad. Como cada 1 de septiembre a las 11 de la ma\\u00f1ana, la comunidad global de seguidores del universo creado por J.K. Rowling conmemor\\u00f3\",\"inLanguage\":\"es-ES\",\"isPartOf\":{\"@id\":\"https:\\\/\\\/semanariolaprensa.com\\\/avantpremiere\\\/#website\"},\"breadcrumb\":{\"@id\":\"https:\\\/\\\/semanariolaprensa.com\\\/avantpremiere\\\/fanaticos-de-harry-potter-celebran-en-londres-el-regreso-a-hogwarts-en-la-antesala-de-la-nueva-serie\\\/#breadcrumblist\"},\"author\":{\"@id\":\"https:\\\/\\\/semanariolaprensa.com\\\/avantpremiere\\\/author\\\/aqa\\\/#author\"},\"creator\":{\"@id\":\"https:\\\/\\\/semanariolaprensa.com\\\/avantpremiere\\\/author\\\/aqa\\\/#author\"},\"image\":{\"@type\":\"ImageObject\",\"url\":\"https:\\\/\\\/i0.wp.com\\\/semanariolaprensa.com\\\/avantpremiere\\\/wp-content\\\/uploads\\\/2026\\\/09\\\/harry-potter-20-anos-regreso-hogwarts-hbo-maxpng.webp?fit=1200%2C675&ssl=1\",\"@id\":\"https:\\\/\\\/semanariolaprensa.com\\\/avantpremiere\\\/fanaticos-de-harry-potter-celebran-en-londres-el-regreso-a-hogwarts-en-la-antesala-de-la-nueva-serie\\\/#mainImage\",\"width\":1200,\"height\":675},\"primaryImageOfPage\":{\"@id\":\"https:\\\/\\\/semanariolaprensa.com\\\/avantpremiere\\\/fanaticos-de-harry-potter-celebran-en-londres-el-regreso-a-hogwarts-en-la-antesala-de-la-nueva-serie\\\/#mainImage\"},\"datePublished\":\"2026-09-01T13:10:17-03:00\",\"dateModified\":\"2026-09-01T13:10:20-03:00\"},{\"@type\":\"WebSite\",\"@id\":\"https:\\\/\\\/semanariolaprensa.com\\\/avantpremiere\\\/#website\",\"url\":\"https:\\\/\\\/semanariolaprensa.com\\\/avantpremiere\\\/\",\"name\":\"Avant-Premi\\u00e8re\",\"description\":\"La primera fila del entretenimiento\",\"inLanguage\":\"es-ES\",\"publisher\":{\"@id\":\"https:\\\/\\\/semanariolaprensa.com\\\/avantpremiere\\\/#organization\"}}]}\n\t\t<\/script>\n\t\t<!-- All in One SEO -->\n\n","aioseo_head_json":{"title":"Fan\u00e1ticos de Harry Potter celebran en Londres el \u00abRegreso a Hogwarts\u00bb en la antesala de la nueva serie - Avant-Premi\u00e8re","description":"Cientos de seguidores de todo el mundo se reunieron este 1 de septiembre en un evento inmersivo organizado por HBO Max, a la espera del estreno de la ficci\u00f3n televisiva en Navidad. Como cada 1 de septiembre a las 11 de la ma\u00f1ana, la comunidad global de seguidores del universo creado por J.K. Rowling conmemor\u00f3","canonical_url":"https:\/\/semanariolaprensa.com\/avantpremiere\/fanaticos-de-harry-potter-celebran-en-londres-el-regreso-a-hogwarts-en-la-antesala-de-la-nueva-serie\/","robots":"max-image-preview:large","keywords":"","webmasterTools":{"miscellaneous":""},"schema":{"@context":"https:\/\/schema.org","@graph":[{"@type":"BlogPosting","@id":"https:\/\/semanariolaprensa.com\/avantpremiere\/fanaticos-de-harry-potter-celebran-en-londres-el-regreso-a-hogwarts-en-la-antesala-de-la-nueva-serie\/#blogposting","name":"Fan\u00e1ticos de Harry Potter celebran en Londres el \u00abRegreso a Hogwarts\u00bb en la antesala de la nueva serie - Avant-Premi\u00e8re","headline":"Fan\u00e1ticos de Harry Potter celebran en Londres el \u00abRegreso a Hogwarts\u00bb en la antesala de la nueva serie","author":{"@id":"https:\/\/semanariolaprensa.com\/avantpremiere\/author\/aqa\/#author"},"publisher":{"@id":"https:\/\/semanariolaprensa.com\/avantpremiere\/#organization"},"image":{"@type":"ImageObject","url":"https:\/\/i0.wp.com\/semanariolaprensa.com\/avantpremiere\/wp-content\/uploads\/2026\/09\/harry-potter-20-anos-regreso-hogwarts-hbo-maxpng.webp?fit=1200%2C675&ssl=1","width":1200,"height":675},"datePublished":"2026-09-01T13:10:17-03:00","dateModified":"2026-09-01T13:10:20-03:00","inLanguage":"es-ES","mainEntityOfPage":{"@id":"https:\/\/semanariolaprensa.com\/avantpremiere\/fanaticos-de-harry-potter-celebran-en-londres-el-regreso-a-hogwarts-en-la-antesala-de-la-nueva-serie\/#webpage"},"isPartOf":{"@id":"https:\/\/semanariolaprensa.com\/avantpremiere\/fanaticos-de-harry-potter-celebran-en-londres-el-regreso-a-hogwarts-en-la-antesala-de-la-nueva-serie\/#webpage"},"articleSection":"Cine, Cultura, Sociedad, Back to Hogwarts, Cine y series, Harry Potter, HBO Max, Londres, Series, Warner Bros"},{"@type":"BreadcrumbList","@id":"https:\/\/semanariolaprensa.com\/avantpremiere\/fanaticos-de-harry-potter-celebran-en-londres-el-regreso-a-hogwarts-en-la-antesala-de-la-nueva-serie\/#breadcrumblist","itemListElement":[{"@type":"ListItem","@id":"https:\/\/semanariolaprensa.com\/avantpremiere#listItem","position":1,"name":"Home","item":"https:\/\/semanariolaprensa.com\/avantpremiere","nextItem":{"@type":"ListItem","@id":"https:\/\/semanariolaprensa.com\/avantpremiere\/category\/pantalla\/#listItem","name":"Pantalla"}},{"@type":"ListItem","@id":"https:\/\/semanariolaprensa.com\/avantpremiere\/category\/pantalla\/#listItem","position":2,"name":"Pantalla","item":"https:\/\/semanariolaprensa.com\/avantpremiere\/category\/pantalla\/","nextItem":{"@type":"ListItem","@id":"https:\/\/semanariolaprensa.com\/avantpremiere\/category\/pantalla\/cine\/#listItem","name":"Cine"},"previousItem":{"@type":"ListItem","@id":"https:\/\/semanariolaprensa.com\/avantpremiere#listItem","name":"Home"}},{"@type":"ListItem","@id":"https:\/\/semanariolaprensa.com\/avantpremiere\/category\/pantalla\/cine\/#listItem","position":3,"name":"Cine","item":"https:\/\/semanariolaprensa.com\/avantpremiere\/category\/pantalla\/cine\/","nextItem":{"@type":"ListItem","@id":"https:\/\/semanariolaprensa.com\/avantpremiere\/fanaticos-de-harry-potter-celebran-en-londres-el-regreso-a-hogwarts-en-la-antesala-de-la-nueva-serie\/#listItem","name":"Fan\u00e1ticos de Harry Potter celebran en Londres el \u00abRegreso a Hogwarts\u00bb en la antesala de la nueva serie"},"previousItem":{"@type":"ListItem","@id":"https:\/\/semanariolaprensa.com\/avantpremiere\/category\/pantalla\/#listItem","name":"Pantalla"}},{"@type":"ListItem","@id":"https:\/\/semanariolaprensa.com\/avantpremiere\/fanaticos-de-harry-potter-celebran-en-londres-el-regreso-a-hogwarts-en-la-antesala-de-la-nueva-serie\/#listItem","position":4,"name":"Fan\u00e1ticos de Harry Potter celebran en Londres el \u00abRegreso a Hogwarts\u00bb en la antesala de la nueva serie","previousItem":{"@type":"ListItem","@id":"https:\/\/semanariolaprensa.com\/avantpremiere\/category\/pantalla\/cine\/#listItem","name":"Cine"}}]},{"@type":"Organization","@id":"https:\/\/semanariolaprensa.com\/avantpremiere\/#organization","name":"Avant-Premi\u00e8re","description":"La primera fila del entretenimiento","url":"https:\/\/semanariolaprensa.com\/avantpremiere\/","logo":{"@type":"ImageObject","url":"https:\/\/i0.wp.com\/semanariolaprensa.com\/avantpremiere\/wp-content\/uploads\/2026\/01\/cropped-iconoaureapremiere-1.png?fit=512%2C512&ssl=1","@id":"https:\/\/semanariolaprensa.com\/avantpremiere\/fanaticos-de-harry-potter-celebran-en-londres-el-regreso-a-hogwarts-en-la-antesala-de-la-nueva-serie\/#organizationLogo","width":512,"height":512},"image":{"@id":"https:\/\/semanariolaprensa.com\/avantpremiere\/fanaticos-de-harry-potter-celebran-en-londres-el-regreso-a-hogwarts-en-la-antesala-de-la-nueva-serie\/#organizationLogo"}},{"@type":"Person","@id":"https:\/\/semanariolaprensa.com\/avantpremiere\/author\/aqa\/#author","url":"https:\/\/semanariolaprensa.com\/avantpremiere\/author\/aqa\/","name":"Avant Premi\u00e8re","image":{"@type":"ImageObject","@id":"https:\/\/semanariolaprensa.com\/avantpremiere\/fanaticos-de-harry-potter-celebran-en-londres-el-regreso-a-hogwarts-en-la-antesala-de-la-nueva-serie\/#authorImage","url":"https:\/\/secure.gravatar.com\/avatar\/8261467639c77d439ef0a6fe9fda067f57b7cec919c69df59f13e2d44eb9e4c8?s=96&d=mm&r=g","width":96,"height":96,"caption":"Avant Premi\u00e8re"}},{"@type":"WebPage","@id":"https:\/\/semanariolaprensa.com\/avantpremiere\/fanaticos-de-harry-potter-celebran-en-londres-el-regreso-a-hogwarts-en-la-antesala-de-la-nueva-serie\/#webpage","url":"https:\/\/semanariolaprensa.com\/avantpremiere\/fanaticos-de-harry-potter-celebran-en-londres-el-regreso-a-hogwarts-en-la-antesala-de-la-nueva-serie\/","name":"Fan\u00e1ticos de Harry Potter celebran en Londres el \u00abRegreso a Hogwarts\u00bb en la antesala de la nueva serie - Avant-Premi\u00e8re","description":"Cientos de seguidores de todo el mundo se reunieron este 1 de septiembre en un evento inmersivo organizado por HBO Max, a la espera del estreno de la ficci\u00f3n televisiva en Navidad. Como cada 1 de septiembre a las 11 de la ma\u00f1ana, la comunidad global de seguidores del universo creado por J.K. Rowling conmemor\u00f3","inLanguage":"es-ES","isPartOf":{"@id":"https:\/\/semanariolaprensa.com\/avantpremiere\/#website"},"breadcrumb":{"@id":"https:\/\/semanariolaprensa.com\/avantpremiere\/fanaticos-de-harry-potter-celebran-en-londres-el-regreso-a-hogwarts-en-la-antesala-de-la-nueva-serie\/#breadcrumblist"},"author":{"@id":"https:\/\/semanariolaprensa.com\/avantpremiere\/author\/aqa\/#author"},"creator":{"@id":"https:\/\/semanariolaprensa.com\/avantpremiere\/author\/aqa\/#author"},"image":{"@type":"ImageObject","url":"https:\/\/i0.wp.com\/semanariolaprensa.com\/avantpremiere\/wp-content\/uploads\/2026\/09\/harry-potter-20-anos-regreso-hogwarts-hbo-maxpng.webp?fit=1200%2C675&ssl=1","@id":"https:\/\/semanariolaprensa.com\/avantpremiere\/fanaticos-de-harry-potter-celebran-en-londres-el-regreso-a-hogwarts-en-la-antesala-de-la-nueva-serie\/#mainImage","width":1200,"height":675},"primaryImageOfPage":{"@id":"https:\/\/semanariolaprensa.com\/avantpremiere\/fanaticos-de-harry-potter-celebran-en-londres-el-regreso-a-hogwarts-en-la-antesala-de-la-nueva-serie\/#mainImage"},"datePublished":"2026-09-01T13:10:17-03:00","dateModified":"2026-09-01T13:10:20-03:00"},{"@type":"WebSite","@id":"https:\/\/semanariolaprensa.com\/avantpremiere\/#website","url":"https:\/\/semanariolaprensa.com\/avantpremiere\/","name":"Avant-Premi\u00e8re","description":"La primera fila del entretenimiento","inLanguage":"es-ES","publisher":{"@id":"https:\/\/semanariolaprensa.com\/avantpremiere\/#organization"}}]},"og:locale":"es_ES","og:site_name":"Avant-Premi\u00e8re - La primera fila del entretenimiento","og:type":"article","og:title":"Fan\u00e1ticos de Harry Potter celebran en Londres el \u00abRegreso a Hogwarts\u00bb en la antesala de la nueva serie - Avant-Premi\u00e8re","og:description":"Cientos de seguidores de todo el mundo se reunieron este 1 de septiembre en un evento inmersivo organizado por HBO Max, a la espera del estreno de la ficci\u00f3n televisiva en Navidad. Como cada 1 de septiembre a las 11 de la ma\u00f1ana, la comunidad global de seguidores del universo creado por J.K. Rowling conmemor\u00f3","og:url":"https:\/\/semanariolaprensa.com\/avantpremiere\/fanaticos-de-harry-potter-celebran-en-londres-el-regreso-a-hogwarts-en-la-antesala-de-la-nueva-serie\/","article:published_time":"2026-09-01T16:10:17+00:00","article:modified_time":"2026-09-01T16:10:20+00:00","twitter:card":"summary_large_image","twitter:title":"Fan\u00e1ticos de Harry Potter celebran en Londres el \u00abRegreso a Hogwarts\u00bb en la antesala de la nueva serie - Avant-Premi\u00e8re","twitter:description":"Cientos de seguidores de todo el mundo se reunieron este 1 de septiembre en un evento inmersivo organizado por HBO Max, a la espera del estreno de la ficci\u00f3n televisiva en Navidad. Como cada 1 de septiembre a las 11 de la ma\u00f1ana, la comunidad global de seguidores del universo creado por J.K. Rowling conmemor\u00f3"},"aioseo_meta_data":{"post_id":"3279","title":null,"description":null,"keywords":null,"keyphrases":{"focus":{"keyphrase":"","score":0,"analysis":{"keyphraseInTitle":{"score":0,"maxScore":9,"error":1}}},"additional":[]},"primary_term":null,"canonical_url":null,"og_title":null,"og_description":null,"og_object_type":"default","og_image_type":"default","og_image_url":null,"og_image_width":null,"og_image_height":null,"og_image_custom_url":null,"og_image_custom_fields":null,"og_video":"","og_custom_url":null,"og_article_section":null,"og_article_tags":null,"twitter_use_og":false,"twitter_card":"default","twitter_image_type":"default","twitter_image_url":null,"twitter_image_custom_url":null,"twitter_image_custom_fields":null,"twitter_title":null,"twitter_description":null,"schema":{"blockGraphs":[],"customGraphs":[],"default":{"data":{"Article":[],"Course":[],"Dataset":[],"FAQPage":[],"Movie":[],"Person":[],"Product":[],"ProductReview":[],"Car":[],"Recipe":[],"Service":[],"SoftwareApplication":[],"WebPage":[]},"graphName":"BlogPosting","isEnabled":true},"graphs":[]},"schema_type":"default","schema_type_options":null,"pillar_content":false,"robots_default":true,"robots_noindex":false,"robots_noarchive":false,"robots_nosnippet":false,"robots_nofollow":false,"robots_noimageindex":false,"robots_noodp":false,"robots_notranslate":false,"robots_max_snippet":"-1","robots_max_videopreview":"-1","robots_max_imagepreview":"large","priority":null,"frequency":"default","local_seo":null,"breadcrumb_settings":null,"limit_modified_date":false,"ai":{"faqs":[],"keyPoints":[],"schemas":[],"titles":[],"descriptions":[],"socialPosts":{"email":{"subject":"","preview":"","content":""},"linkedin":[],"twitter":[],"facebook":[],"instagram":[]}},"created":"2026-09-01 16:10:20","updated":"2026-09-01 17:02:41","seo_analyzer_scan_date":null,"focus_keyword":null,"additional_keywords":null,"truseo_locale":null},"aioseo_breadcrumb":"<div class=\"aioseo-breadcrumbs\"><span class=\"aioseo-breadcrumb\">\n\t\t\t<a href=\"https:\/\/semanariolaprensa.com\/avantpremiere\" title=\"Home\">Home<\/a>\n\t\t<\/span><span class=\"aioseo-breadcrumb-separator\">&raquo;<\/span><span class=\"aioseo-breadcrumb\">\n\t\t\t<a href=\"https:\/\/semanariolaprensa.com\/avantpremiere\/category\/pantalla\/\" title=\"Pantalla\">Pantalla<\/a>\n\t\t<\/span><span class=\"aioseo-breadcrumb-separator\">&raquo;<\/span><span class=\"aioseo-breadcrumb\">\n\t\t\t<a href=\"https:\/\/semanariolaprensa.com\/avantpremiere\/category\/pantalla\/cine\/\" title=\"Cine\">Cine<\/a>\n\t\t<\/span><span class=\"aioseo-breadcrumb-separator\">&raquo;<\/span><span class=\"aioseo-breadcrumb\">\n\t\t\tFan\u00e1ticos de Harry Potter celebran en Londres el \u00abRegreso a Hogwarts\u00bb en la antesala de la nueva serie\n\t\t<\/span><\/div>","aioseo_breadcrumb_json":[{"label":"Home","link":"https:\/\/semanariolaprensa.com\/avantpremiere"},{"label":"Pantalla","link":"https:\/\/semanariolaprensa.com\/avantpremiere\/category\/pantalla\/"},{"label":"Cine","link":"https:\/\/semanariolaprensa.com\/avantpremiere\/category\/pantalla\/cine\/"},{"label":"Fan\u00e1ticos de Harry Potter celebran en Londres el \u00abRegreso a Hogwarts\u00bb en la antesala de la nueva serie","link":"https:\/\/semanariolaprensa.com\/avantpremiere\/fanaticos-de-harry-potter-celebran-en-londres-el-regreso-a-hogwarts-en-la-antesala-de-la-nueva-serie\/"}],"jetpack_sharing_enabled":true,"jetpack_featured_media_url":"https:\/\/i0.wp.com\/semanariolaprensa.com\/avantpremiere\/wp-content\/uploads\/2026\/09\/harry-potter-20-anos-regreso-hogwarts-hbo-maxpng.webp?fit=1200%2C675&ssl=1","_links":{"self":[{"href":"https:\/\/semanariolaprensa.com\/avantpremiere\/wp-json\/wp\/v2\/posts\/3279","targetHints":{"allow":["GET"]}}],"collection":[{"href":"https:\/\/semanariolaprensa.com\/avantpremiere\/wp-json\/wp\/v2\/posts"}],"about":[{"href":"https:\/\/semanariolaprensa.com\/avantpremiere\/wp-json\/wp\/v2\/types\/post"}],"author":[{"embeddable":true,"href":"https:\/\/semanariolaprensa.com\/avantpremiere\/wp-json\/wp\/v2\/users\/2"}],"replies":[{"embeddable":true,"href":"https:\/\/semanariolaprensa.com\/avantpremiere\/wp-json\/wp\/v2\/comments?post=3279"}],"version-history":[{"count":1,"href":"https:\/\/semanariolaprensa.com\/avantpremiere\/wp-json\/wp\/v2\/posts\/3279\/revisions"}],"predecessor-version":[{"id":3281,"href":"https:\/\/semanariolaprensa.com\/avantpremiere\/wp-json\/wp\/v2\/posts\/3279\/revisions\/3281"}],"wp:featuredmedia":[{"embeddable":true,"href":"https:\/\/semanariolaprensa.com\/avantpremiere\/wp-json\/wp\/v2\/media\/3280"}],"wp:attachment":[{"href":"https:\/\/semanariolaprensa.com\/avantpremiere\/wp-json\/wp\/v2\/media?parent=3279"}],"wp:term":[{"taxonomy":"category","embeddable":true,"href":"https:\/\/semanariolaprensa.com\/avantpremiere\/wp-json\/wp\/v2\/categories?post=3279"},{"taxonomy":"post_tag","embeddable":true,"href":"https:\/\/semanariolaprensa.com\/avantpremiere\/wp-json\/wp\/v2\/tags?post=3279"}],"curies":[{"name":"wp","href":"https:\/\/api.w.org\/{rel}","templated":true}]}}