{"id":3276,"date":"2026-09-01T13:07:28","date_gmt":"2026-09-01T16:07:28","guid":{"rendered":"https:\/\/semanariolaprensa.com\/avantpremiere\/?p=3276"},"modified":"2026-09-01T13:07:31","modified_gmt":"2026-09-01T16:07:31","slug":"julieta-venegas-y-brenda-navarro-encabezan-el-festival-literario-independiente-back-to-the-book","status":"publish","type":"post","link":"https:\/\/semanariolaprensa.com\/avantpremiere\/julieta-venegas-y-brenda-navarro-encabezan-el-festival-literario-independiente-back-to-the-book\/","title":{"rendered":"Julieta Venegas y Brenda Navarro encabezan el festival literario independiente &#8216;Back to the Book&#8217;"},"content":{"rendered":"\n<p class=\"wp-block-paragraph\"><strong>La tercera edici\u00f3n del encuentro reunir\u00e1 en Madrid a m\u00e1s de 130 sellos editoriales independientes de Iberoam\u00e9rica, Alemania y Estados Unidos del 11 al 13 de septiembre.<\/strong><\/p>\n\n\n\n<p class=\"wp-block-paragraph\">El festival independiente de literatura y edici\u00f3n <strong><em>&#8216;Back to the Book&#8217;<\/em><\/strong> alista su tercera edici\u00f3n con un crecimiento sostenido que duplicar\u00e1 su oferta respecto al a\u00f1o anterior. Impulsado por la Librer\u00eda Altamarea, el encuentro se celebrar\u00e1 del 11 al 13 de septiembre en Madrid, reuniendo a m\u00e1s de 130 editoriales procedentes de Espa\u00f1a, Am\u00e9rica Latina (Argentina, Colombia, Chile y M\u00e9xico), adem\u00e1s de sellos invitados de Berl\u00edn y Nueva York.<\/p>\n\n\n\n<p class=\"wp-block-paragraph\">La apertura del festival estar\u00e1 a cargo de la reconocida cantautora mexicana <strong>Julieta Venegas<\/strong>, quien presentar\u00e1 su libro autobiogr\u00e1fico <em>&#8216;Norte\u00f1a. Memorias del comienzo&#8217;<\/em> (Las afueras), en una grilla que combina figuras consagradas de las letras con voces emergentes de la escena editorial independiente.<\/p>\n\n\n\n<h3 class=\"wp-block-heading\">Tres jornadas de debate, gr\u00e1fica y literatura internacional<\/h3>\n\n\n\n<p class=\"wp-block-paragraph\">Tras convocar a 12.000 asistentes en su entrega previa, el cronograma incluye presentaciones de novedades, clubes de lectura, debates y talleres:<\/p>\n\n\n\n<ul class=\"wp-block-list\">\n<li><strong>S\u00e1bado 12 de septiembre:<\/strong> Sobresale la participaci\u00f3n del historietista <strong>Paco Roca<\/strong> con su obra <em>&#8216;El viaje&#8217;<\/em> (Astiberri), junto a una destacada delegaci\u00f3n surcoreana integrada por <strong>Cheon Myeong-kwan<\/strong> (finalista del International Booker Prize con <em>&#8216;Ballena&#8217;<\/em>) y <strong>Choi Jin-young<\/strong> (<em>&#8216;Hacia donde se pone el sol&#8217;<\/em>).<\/li>\n\n\n\n<li><strong>Domingo 13 de septiembre:<\/strong> El cierre contar\u00e1 con autoras y autores de referencia como <strong>Brenda Navarro<\/strong>, Solla Sobral (<em>&#8216;Comer\u00e1s flores&#8217;<\/em>), Jos\u00e9 Ovejero, M\u00f3nica Ojeda, Marta Sanz, Moderna de Pueblo y Mar\u00eda Hesse.<\/li>\n<\/ul>\n\n\n\n<p class=\"wp-block-paragraph\">Como novedad para este a\u00f1o, la organizaci\u00f3n incorpor\u00f3 un programa de formaci\u00f3n t\u00e9cnica para editores europeos y mesas de negocio orientadas a la compraventa internacional de derechos, buscando proyectar las producciones editoriales en lengua espa\u00f1ola hacia otros mercados del continente.<\/p>\n\n\n\n<p class=\"wp-block-paragraph\">Avant Premi\u00e8re \/ EFE<\/p>\n\n\n\n<p class=\"wp-block-paragraph\"><\/p>\n","protected":false},"excerpt":{"rendered":"<p>La tercera edici\u00f3n del encuentro reunir\u00e1 en Madrid a m\u00e1s de 130 sellos editoriales independientes de Iberoam\u00e9rica, Alemania y Estados Unidos del 11 al 13 de septiembre. El festival independiente de literatura y edici\u00f3n &#8216;Back to the Book&#8217; alista su tercera edici\u00f3n con un crecimiento sostenido que duplicar\u00e1 su oferta respecto al a\u00f1o anterior. Impulsado [&hellip;]<\/p>\n","protected":false},"author":2,"featured_media":3277,"comment_status":"open","ping_status":"open","sticky":false,"template":"","format":"standard","meta":{"om_disable_all_campaigns":false,"_monsterinsights_skip_tracking":false,"_jetpack_newsletter_access":"","_jetpack_dont_email_post_to_subs":false,"_jetpack_newsletter_tier_id":0,"_jetpack_memberships_contains_paywalled_content":false,"_jetpack_feature_clip_id":0,"_jetpack_memberships_contains_paid_content":false,"jnews-multi-image_gallery":[],"jnews_single_post":{"format":"standard"},"jnews_primary_category":[],"jnews_override_bookmark_settings":[],"jnews_social_meta":[],"jnews_review":[],"enable_review":"","type":"","name":"","summary":"","brand":"","sku":"","good":[],"bad":[],"score_override":"","override_value":"","rating":[],"price":[],"jnews_override_counter":[],"footnotes":"","jetpack_post_was_ever_published":false},"categories":[415,97],"tags":[3550,3552,3151,3553,3551,2599,1902,1759,3549],"class_list":["post-3276","post","type-post","status-publish","format-standard","has-post-thumbnail","hentry","category-cultura","category-festivales","tag-back-to-the-book","tag-brenda-navarro","tag-editoriales-independientes","tag-festivales-literarios","tag-julieta-venegas-2","tag-libros-2","tag-literatura","tag-madrid","tag-paco-roca"],"aioseo_notices":[],"aioseo_head":"\n\t\t<!-- All in One SEO 5.0.1 - aioseo.com -->\n\t<meta name=\"description\" content=\"La tercera edici\u00f3n del encuentro reunir\u00e1 en Madrid a m\u00e1s de 130 sellos editoriales independientes de Iberoam\u00e9rica, Alemania y Estados Unidos del 11 al 13 de septiembre. El festival independiente de literatura y edici\u00f3n &#039;Back to the Book&#039; alista su tercera edici\u00f3n con un crecimiento sostenido que duplicar\u00e1 su oferta respecto al a\u00f1o anterior. Impulsado\" \/>\n\t<meta name=\"robots\" content=\"max-image-preview:large\" \/>\n\t<meta name=\"author\" content=\"Avant Premi\u00e8re\"\/>\n\t<link rel=\"canonical\" href=\"https:\/\/semanariolaprensa.com\/avantpremiere\/julieta-venegas-y-brenda-navarro-encabezan-el-festival-literario-independiente-back-to-the-book\/\" \/>\n\t<meta name=\"generator\" content=\"All in One SEO (AIOSEO) 5.0.1\" \/>\n\t\t<meta property=\"og:locale\" content=\"es_ES\" \/>\n\t\t<meta property=\"og:site_name\" content=\"Avant-Premi\u00e8re - La primera fila del entretenimiento\" \/>\n\t\t<meta property=\"og:type\" content=\"article\" \/>\n\t\t<meta property=\"og:title\" content=\"Julieta Venegas y Brenda Navarro encabezan el festival literario independiente \u2018Back to the Book\u2019 - Avant-Premi\u00e8re\" \/>\n\t\t<meta property=\"og:description\" content=\"La tercera edici\u00f3n del encuentro reunir\u00e1 en Madrid a m\u00e1s de 130 sellos editoriales independientes de Iberoam\u00e9rica, Alemania y Estados Unidos del 11 al 13 de septiembre. El festival independiente de literatura y edici\u00f3n &#039;Back to the Book&#039; alista su tercera edici\u00f3n con un crecimiento sostenido que duplicar\u00e1 su oferta respecto al a\u00f1o anterior. Impulsado\" \/>\n\t\t<meta property=\"og:url\" content=\"https:\/\/semanariolaprensa.com\/avantpremiere\/julieta-venegas-y-brenda-navarro-encabezan-el-festival-literario-independiente-back-to-the-book\/\" \/>\n\t\t<meta property=\"article:published_time\" content=\"2026-09-01T16:07:28+00:00\" \/>\n\t\t<meta property=\"article:modified_time\" content=\"2026-09-01T16:07:31+00:00\" \/>\n\t\t<meta name=\"twitter:card\" content=\"summary_large_image\" \/>\n\t\t<meta name=\"twitter:title\" content=\"Julieta Venegas y Brenda Navarro encabezan el festival literario independiente \u2018Back to the Book\u2019 - Avant-Premi\u00e8re\" \/>\n\t\t<meta name=\"twitter:description\" content=\"La tercera edici\u00f3n del encuentro reunir\u00e1 en Madrid a m\u00e1s de 130 sellos editoriales independientes de Iberoam\u00e9rica, Alemania y Estados Unidos del 11 al 13 de septiembre. El festival independiente de literatura y edici\u00f3n &#039;Back to the Book&#039; alista su tercera edici\u00f3n con un crecimiento sostenido que duplicar\u00e1 su oferta respecto al a\u00f1o anterior. Impulsado\" \/>\n\t\t<script type=\"application\/ld+json\" class=\"aioseo-schema\">\n\t\t\t{\"@context\":\"https:\\\/\\\/schema.org\",\"@graph\":[{\"@type\":\"BlogPosting\",\"@id\":\"https:\\\/\\\/semanariolaprensa.com\\\/avantpremiere\\\/julieta-venegas-y-brenda-navarro-encabezan-el-festival-literario-independiente-back-to-the-book\\\/#blogposting\",\"name\":\"Julieta Venegas y Brenda Navarro encabezan el festival literario independiente \\u2018Back to the Book\\u2019 - Avant-Premi\\u00e8re\",\"headline\":\"Julieta Venegas y Brenda Navarro encabezan el festival literario independiente &#8216;Back to the Book&#8217;\",\"author\":{\"@id\":\"https:\\\/\\\/semanariolaprensa.com\\\/avantpremiere\\\/author\\\/aqa\\\/#author\"},\"publisher\":{\"@id\":\"https:\\\/\\\/semanariolaprensa.com\\\/avantpremiere\\\/#organization\"},\"image\":{\"@type\":\"ImageObject\",\"url\":\"https:\\\/\\\/i0.wp.com\\\/semanariolaprensa.com\\\/avantpremiere\\\/wp-content\\\/uploads\\\/2026\\\/09\\\/OIP-2026-09-01T130706.948.webp?fit=474%2C248&ssl=1\",\"width\":474,\"height\":248},\"datePublished\":\"2026-09-01T13:07:28-03:00\",\"dateModified\":\"2026-09-01T13:07:31-03:00\",\"inLanguage\":\"es-ES\",\"mainEntityOfPage\":{\"@id\":\"https:\\\/\\\/semanariolaprensa.com\\\/avantpremiere\\\/julieta-venegas-y-brenda-navarro-encabezan-el-festival-literario-independiente-back-to-the-book\\\/#webpage\"},\"isPartOf\":{\"@id\":\"https:\\\/\\\/semanariolaprensa.com\\\/avantpremiere\\\/julieta-venegas-y-brenda-navarro-encabezan-el-festival-literario-independiente-back-to-the-book\\\/#webpage\"},\"articleSection\":\"Cultura, Festivales, Back to the Book, Brenda Navarro, Editoriales independientes, Festivales literarios., Julieta Venegas, Libros, Literatura, Madrid, Paco Roca\"},{\"@type\":\"BreadcrumbList\",\"@id\":\"https:\\\/\\\/semanariolaprensa.com\\\/avantpremiere\\\/julieta-venegas-y-brenda-navarro-encabezan-el-festival-literario-independiente-back-to-the-book\\\/#breadcrumblist\",\"itemListElement\":[{\"@type\":\"ListItem\",\"@id\":\"https:\\\/\\\/semanariolaprensa.com\\\/avantpremiere#listItem\",\"position\":1,\"name\":\"Home\",\"item\":\"https:\\\/\\\/semanariolaprensa.com\\\/avantpremiere\",\"nextItem\":{\"@type\":\"ListItem\",\"@id\":\"https:\\\/\\\/semanariolaprensa.com\\\/avantpremiere\\\/category\\\/festivales\\\/#listItem\",\"name\":\"Festivales\"}},{\"@type\":\"ListItem\",\"@id\":\"https:\\\/\\\/semanariolaprensa.com\\\/avantpremiere\\\/category\\\/festivales\\\/#listItem\",\"position\":2,\"name\":\"Festivales\",\"item\":\"https:\\\/\\\/semanariolaprensa.com\\\/avantpremiere\\\/category\\\/festivales\\\/\",\"nextItem\":{\"@type\":\"ListItem\",\"@id\":\"https:\\\/\\\/semanariolaprensa.com\\\/avantpremiere\\\/julieta-venegas-y-brenda-navarro-encabezan-el-festival-literario-independiente-back-to-the-book\\\/#listItem\",\"name\":\"Julieta Venegas y Brenda Navarro encabezan el festival literario independiente &#8216;Back to the Book&#8217;\"},\"previousItem\":{\"@type\":\"ListItem\",\"@id\":\"https:\\\/\\\/semanariolaprensa.com\\\/avantpremiere#listItem\",\"name\":\"Home\"}},{\"@type\":\"ListItem\",\"@id\":\"https:\\\/\\\/semanariolaprensa.com\\\/avantpremiere\\\/julieta-venegas-y-brenda-navarro-encabezan-el-festival-literario-independiente-back-to-the-book\\\/#listItem\",\"position\":3,\"name\":\"Julieta Venegas y Brenda Navarro encabezan el festival literario independiente &#8216;Back to the Book&#8217;\",\"previousItem\":{\"@type\":\"ListItem\",\"@id\":\"https:\\\/\\\/semanariolaprensa.com\\\/avantpremiere\\\/category\\\/festivales\\\/#listItem\",\"name\":\"Festivales\"}}]},{\"@type\":\"Organization\",\"@id\":\"https:\\\/\\\/semanariolaprensa.com\\\/avantpremiere\\\/#organization\",\"name\":\"Avant-Premi\\u00e8re\",\"description\":\"La primera fila del entretenimiento\",\"url\":\"https:\\\/\\\/semanariolaprensa.com\\\/avantpremiere\\\/\",\"logo\":{\"@type\":\"ImageObject\",\"url\":\"https:\\\/\\\/i0.wp.com\\\/semanariolaprensa.com\\\/avantpremiere\\\/wp-content\\\/uploads\\\/2026\\\/01\\\/cropped-iconoaureapremiere-1.png?fit=512%2C512&ssl=1\",\"@id\":\"https:\\\/\\\/semanariolaprensa.com\\\/avantpremiere\\\/julieta-venegas-y-brenda-navarro-encabezan-el-festival-literario-independiente-back-to-the-book\\\/#organizationLogo\",\"width\":512,\"height\":512},\"image\":{\"@id\":\"https:\\\/\\\/semanariolaprensa.com\\\/avantpremiere\\\/julieta-venegas-y-brenda-navarro-encabezan-el-festival-literario-independiente-back-to-the-book\\\/#organizationLogo\"}},{\"@type\":\"Person\",\"@id\":\"https:\\\/\\\/semanariolaprensa.com\\\/avantpremiere\\\/author\\\/aqa\\\/#author\",\"url\":\"https:\\\/\\\/semanariolaprensa.com\\\/avantpremiere\\\/author\\\/aqa\\\/\",\"name\":\"Avant Premi\\u00e8re\",\"image\":{\"@type\":\"ImageObject\",\"@id\":\"https:\\\/\\\/semanariolaprensa.com\\\/avantpremiere\\\/julieta-venegas-y-brenda-navarro-encabezan-el-festival-literario-independiente-back-to-the-book\\\/#authorImage\",\"url\":\"https:\\\/\\\/secure.gravatar.com\\\/avatar\\\/8261467639c77d439ef0a6fe9fda067f57b7cec919c69df59f13e2d44eb9e4c8?s=96&d=mm&r=g\",\"width\":96,\"height\":96,\"caption\":\"Avant Premi\\u00e8re\"}},{\"@type\":\"WebPage\",\"@id\":\"https:\\\/\\\/semanariolaprensa.com\\\/avantpremiere\\\/julieta-venegas-y-brenda-navarro-encabezan-el-festival-literario-independiente-back-to-the-book\\\/#webpage\",\"url\":\"https:\\\/\\\/semanariolaprensa.com\\\/avantpremiere\\\/julieta-venegas-y-brenda-navarro-encabezan-el-festival-literario-independiente-back-to-the-book\\\/\",\"name\":\"Julieta Venegas y Brenda Navarro encabezan el festival literario independiente \\u2018Back to the Book\\u2019 - Avant-Premi\\u00e8re\",\"description\":\"La tercera edici\\u00f3n del encuentro reunir\\u00e1 en Madrid a m\\u00e1s de 130 sellos editoriales independientes de Iberoam\\u00e9rica, Alemania y Estados Unidos del 11 al 13 de septiembre. El festival independiente de literatura y edici\\u00f3n 'Back to the Book' alista su tercera edici\\u00f3n con un crecimiento sostenido que duplicar\\u00e1 su oferta respecto al a\\u00f1o anterior. Impulsado\",\"inLanguage\":\"es-ES\",\"isPartOf\":{\"@id\":\"https:\\\/\\\/semanariolaprensa.com\\\/avantpremiere\\\/#website\"},\"breadcrumb\":{\"@id\":\"https:\\\/\\\/semanariolaprensa.com\\\/avantpremiere\\\/julieta-venegas-y-brenda-navarro-encabezan-el-festival-literario-independiente-back-to-the-book\\\/#breadcrumblist\"},\"author\":{\"@id\":\"https:\\\/\\\/semanariolaprensa.com\\\/avantpremiere\\\/author\\\/aqa\\\/#author\"},\"creator\":{\"@id\":\"https:\\\/\\\/semanariolaprensa.com\\\/avantpremiere\\\/author\\\/aqa\\\/#author\"},\"image\":{\"@type\":\"ImageObject\",\"url\":\"https:\\\/\\\/i0.wp.com\\\/semanariolaprensa.com\\\/avantpremiere\\\/wp-content\\\/uploads\\\/2026\\\/09\\\/OIP-2026-09-01T130706.948.webp?fit=474%2C248&ssl=1\",\"@id\":\"https:\\\/\\\/semanariolaprensa.com\\\/avantpremiere\\\/julieta-venegas-y-brenda-navarro-encabezan-el-festival-literario-independiente-back-to-the-book\\\/#mainImage\",\"width\":474,\"height\":248},\"primaryImageOfPage\":{\"@id\":\"https:\\\/\\\/semanariolaprensa.com\\\/avantpremiere\\\/julieta-venegas-y-brenda-navarro-encabezan-el-festival-literario-independiente-back-to-the-book\\\/#mainImage\"},\"datePublished\":\"2026-09-01T13:07:28-03:00\",\"dateModified\":\"2026-09-01T13:07:31-03:00\"},{\"@type\":\"WebSite\",\"@id\":\"https:\\\/\\\/semanariolaprensa.com\\\/avantpremiere\\\/#website\",\"url\":\"https:\\\/\\\/semanariolaprensa.com\\\/avantpremiere\\\/\",\"name\":\"Avant-Premi\\u00e8re\",\"description\":\"La primera fila del entretenimiento\",\"inLanguage\":\"es-ES\",\"publisher\":{\"@id\":\"https:\\\/\\\/semanariolaprensa.com\\\/avantpremiere\\\/#organization\"}}]}\n\t\t<\/script>\n\t\t<!-- All in One SEO -->\n\n","aioseo_head_json":{"title":"Julieta Venegas y Brenda Navarro encabezan el festival literario independiente \u2018Back to the Book\u2019 - Avant-Premi\u00e8re","description":"La tercera edici\u00f3n del encuentro reunir\u00e1 en Madrid a m\u00e1s de 130 sellos editoriales independientes de Iberoam\u00e9rica, Alemania y Estados Unidos del 11 al 13 de septiembre. El festival independiente de literatura y edici\u00f3n 'Back to the Book' alista su tercera edici\u00f3n con un crecimiento sostenido que duplicar\u00e1 su oferta respecto al a\u00f1o anterior. Impulsado","canonical_url":"https:\/\/semanariolaprensa.com\/avantpremiere\/julieta-venegas-y-brenda-navarro-encabezan-el-festival-literario-independiente-back-to-the-book\/","robots":"max-image-preview:large","keywords":"","webmasterTools":{"miscellaneous":""},"schema":{"@context":"https:\/\/schema.org","@graph":[{"@type":"BlogPosting","@id":"https:\/\/semanariolaprensa.com\/avantpremiere\/julieta-venegas-y-brenda-navarro-encabezan-el-festival-literario-independiente-back-to-the-book\/#blogposting","name":"Julieta Venegas y Brenda Navarro encabezan el festival literario independiente \u2018Back to the Book\u2019 - Avant-Premi\u00e8re","headline":"Julieta Venegas y Brenda Navarro encabezan el festival literario independiente &#8216;Back to the Book&#8217;","author":{"@id":"https:\/\/semanariolaprensa.com\/avantpremiere\/author\/aqa\/#author"},"publisher":{"@id":"https:\/\/semanariolaprensa.com\/avantpremiere\/#organization"},"image":{"@type":"ImageObject","url":"https:\/\/i0.wp.com\/semanariolaprensa.com\/avantpremiere\/wp-content\/uploads\/2026\/09\/OIP-2026-09-01T130706.948.webp?fit=474%2C248&ssl=1","width":474,"height":248},"datePublished":"2026-09-01T13:07:28-03:00","dateModified":"2026-09-01T13:07:31-03:00","inLanguage":"es-ES","mainEntityOfPage":{"@id":"https:\/\/semanariolaprensa.com\/avantpremiere\/julieta-venegas-y-brenda-navarro-encabezan-el-festival-literario-independiente-back-to-the-book\/#webpage"},"isPartOf":{"@id":"https:\/\/semanariolaprensa.com\/avantpremiere\/julieta-venegas-y-brenda-navarro-encabezan-el-festival-literario-independiente-back-to-the-book\/#webpage"},"articleSection":"Cultura, Festivales, Back to the Book, Brenda Navarro, Editoriales independientes, Festivales literarios., Julieta Venegas, Libros, Literatura, Madrid, Paco Roca"},{"@type":"BreadcrumbList","@id":"https:\/\/semanariolaprensa.com\/avantpremiere\/julieta-venegas-y-brenda-navarro-encabezan-el-festival-literario-independiente-back-to-the-book\/#breadcrumblist","itemListElement":[{"@type":"ListItem","@id":"https:\/\/semanariolaprensa.com\/avantpremiere#listItem","position":1,"name":"Home","item":"https:\/\/semanariolaprensa.com\/avantpremiere","nextItem":{"@type":"ListItem","@id":"https:\/\/semanariolaprensa.com\/avantpremiere\/category\/festivales\/#listItem","name":"Festivales"}},{"@type":"ListItem","@id":"https:\/\/semanariolaprensa.com\/avantpremiere\/category\/festivales\/#listItem","position":2,"name":"Festivales","item":"https:\/\/semanariolaprensa.com\/avantpremiere\/category\/festivales\/","nextItem":{"@type":"ListItem","@id":"https:\/\/semanariolaprensa.com\/avantpremiere\/julieta-venegas-y-brenda-navarro-encabezan-el-festival-literario-independiente-back-to-the-book\/#listItem","name":"Julieta Venegas y Brenda Navarro encabezan el festival literario independiente &#8216;Back to the Book&#8217;"},"previousItem":{"@type":"ListItem","@id":"https:\/\/semanariolaprensa.com\/avantpremiere#listItem","name":"Home"}},{"@type":"ListItem","@id":"https:\/\/semanariolaprensa.com\/avantpremiere\/julieta-venegas-y-brenda-navarro-encabezan-el-festival-literario-independiente-back-to-the-book\/#listItem","position":3,"name":"Julieta Venegas y Brenda Navarro encabezan el festival literario independiente &#8216;Back to the Book&#8217;","previousItem":{"@type":"ListItem","@id":"https:\/\/semanariolaprensa.com\/avantpremiere\/category\/festivales\/#listItem","name":"Festivales"}}]},{"@type":"Organization","@id":"https:\/\/semanariolaprensa.com\/avantpremiere\/#organization","name":"Avant-Premi\u00e8re","description":"La primera fila del entretenimiento","url":"https:\/\/semanariolaprensa.com\/avantpremiere\/","logo":{"@type":"ImageObject","url":"https:\/\/i0.wp.com\/semanariolaprensa.com\/avantpremiere\/wp-content\/uploads\/2026\/01\/cropped-iconoaureapremiere-1.png?fit=512%2C512&ssl=1","@id":"https:\/\/semanariolaprensa.com\/avantpremiere\/julieta-venegas-y-brenda-navarro-encabezan-el-festival-literario-independiente-back-to-the-book\/#organizationLogo","width":512,"height":512},"image":{"@id":"https:\/\/semanariolaprensa.com\/avantpremiere\/julieta-venegas-y-brenda-navarro-encabezan-el-festival-literario-independiente-back-to-the-book\/#organizationLogo"}},{"@type":"Person","@id":"https:\/\/semanariolaprensa.com\/avantpremiere\/author\/aqa\/#author","url":"https:\/\/semanariolaprensa.com\/avantpremiere\/author\/aqa\/","name":"Avant Premi\u00e8re","image":{"@type":"ImageObject","@id":"https:\/\/semanariolaprensa.com\/avantpremiere\/julieta-venegas-y-brenda-navarro-encabezan-el-festival-literario-independiente-back-to-the-book\/#authorImage","url":"https:\/\/secure.gravatar.com\/avatar\/8261467639c77d439ef0a6fe9fda067f57b7cec919c69df59f13e2d44eb9e4c8?s=96&d=mm&r=g","width":96,"height":96,"caption":"Avant Premi\u00e8re"}},{"@type":"WebPage","@id":"https:\/\/semanariolaprensa.com\/avantpremiere\/julieta-venegas-y-brenda-navarro-encabezan-el-festival-literario-independiente-back-to-the-book\/#webpage","url":"https:\/\/semanariolaprensa.com\/avantpremiere\/julieta-venegas-y-brenda-navarro-encabezan-el-festival-literario-independiente-back-to-the-book\/","name":"Julieta Venegas y Brenda Navarro encabezan el festival literario independiente \u2018Back to the Book\u2019 - Avant-Premi\u00e8re","description":"La tercera edici\u00f3n del encuentro reunir\u00e1 en Madrid a m\u00e1s de 130 sellos editoriales independientes de Iberoam\u00e9rica, Alemania y Estados Unidos del 11 al 13 de septiembre. El festival independiente de literatura y edici\u00f3n 'Back to the Book' alista su tercera edici\u00f3n con un crecimiento sostenido que duplicar\u00e1 su oferta respecto al a\u00f1o anterior. Impulsado","inLanguage":"es-ES","isPartOf":{"@id":"https:\/\/semanariolaprensa.com\/avantpremiere\/#website"},"breadcrumb":{"@id":"https:\/\/semanariolaprensa.com\/avantpremiere\/julieta-venegas-y-brenda-navarro-encabezan-el-festival-literario-independiente-back-to-the-book\/#breadcrumblist"},"author":{"@id":"https:\/\/semanariolaprensa.com\/avantpremiere\/author\/aqa\/#author"},"creator":{"@id":"https:\/\/semanariolaprensa.com\/avantpremiere\/author\/aqa\/#author"},"image":{"@type":"ImageObject","url":"https:\/\/i0.wp.com\/semanariolaprensa.com\/avantpremiere\/wp-content\/uploads\/2026\/09\/OIP-2026-09-01T130706.948.webp?fit=474%2C248&ssl=1","@id":"https:\/\/semanariolaprensa.com\/avantpremiere\/julieta-venegas-y-brenda-navarro-encabezan-el-festival-literario-independiente-back-to-the-book\/#mainImage","width":474,"height":248},"primaryImageOfPage":{"@id":"https:\/\/semanariolaprensa.com\/avantpremiere\/julieta-venegas-y-brenda-navarro-encabezan-el-festival-literario-independiente-back-to-the-book\/#mainImage"},"datePublished":"2026-09-01T13:07:28-03:00","dateModified":"2026-09-01T13:07:31-03:00"},{"@type":"WebSite","@id":"https:\/\/semanariolaprensa.com\/avantpremiere\/#website","url":"https:\/\/semanariolaprensa.com\/avantpremiere\/","name":"Avant-Premi\u00e8re","description":"La primera fila del entretenimiento","inLanguage":"es-ES","publisher":{"@id":"https:\/\/semanariolaprensa.com\/avantpremiere\/#organization"}}]},"og:locale":"es_ES","og:site_name":"Avant-Premi\u00e8re - La primera fila del entretenimiento","og:type":"article","og:title":"Julieta Venegas y Brenda Navarro encabezan el festival literario independiente \u2018Back to the Book\u2019 - Avant-Premi\u00e8re","og:description":"La tercera edici\u00f3n del encuentro reunir\u00e1 en Madrid a m\u00e1s de 130 sellos editoriales independientes de Iberoam\u00e9rica, Alemania y Estados Unidos del 11 al 13 de septiembre. El festival independiente de literatura y edici\u00f3n 'Back to the Book' alista su tercera edici\u00f3n con un crecimiento sostenido que duplicar\u00e1 su oferta respecto al a\u00f1o anterior. Impulsado","og:url":"https:\/\/semanariolaprensa.com\/avantpremiere\/julieta-venegas-y-brenda-navarro-encabezan-el-festival-literario-independiente-back-to-the-book\/","article:published_time":"2026-09-01T16:07:28+00:00","article:modified_time":"2026-09-01T16:07:31+00:00","twitter:card":"summary_large_image","twitter:title":"Julieta Venegas y Brenda Navarro encabezan el festival literario independiente \u2018Back to the Book\u2019 - Avant-Premi\u00e8re","twitter:description":"La tercera edici\u00f3n del encuentro reunir\u00e1 en Madrid a m\u00e1s de 130 sellos editoriales independientes de Iberoam\u00e9rica, Alemania y Estados Unidos del 11 al 13 de septiembre. El festival independiente de literatura y edici\u00f3n 'Back to the Book' alista su tercera edici\u00f3n con un crecimiento sostenido que duplicar\u00e1 su oferta respecto al a\u00f1o anterior. Impulsado"},"aioseo_meta_data":{"post_id":"3276","title":null,"description":null,"keywords":null,"keyphrases":{"focus":{"keyphrase":"","score":0,"analysis":{"keyphraseInTitle":{"score":0,"maxScore":9,"error":1}}},"additional":[]},"primary_term":null,"canonical_url":null,"og_title":null,"og_description":null,"og_object_type":"default","og_image_type":"default","og_image_url":null,"og_image_width":null,"og_image_height":null,"og_image_custom_url":null,"og_image_custom_fields":null,"og_video":"","og_custom_url":null,"og_article_section":null,"og_article_tags":null,"twitter_use_og":false,"twitter_card":"default","twitter_image_type":"default","twitter_image_url":null,"twitter_image_custom_url":null,"twitter_image_custom_fields":null,"twitter_title":null,"twitter_description":null,"schema":{"blockGraphs":[],"customGraphs":[],"default":{"data":{"Article":[],"Course":[],"Dataset":[],"FAQPage":[],"Movie":[],"Person":[],"Product":[],"ProductReview":[],"Car":[],"Recipe":[],"Service":[],"SoftwareApplication":[],"WebPage":[]},"graphName":"BlogPosting","isEnabled":true},"graphs":[]},"schema_type":"default","schema_type_options":null,"pillar_content":false,"robots_default":true,"robots_noindex":false,"robots_noarchive":false,"robots_nosnippet":false,"robots_nofollow":false,"robots_noimageindex":false,"robots_noodp":false,"robots_notranslate":false,"robots_max_snippet":"-1","robots_max_videopreview":"-1","robots_max_imagepreview":"large","priority":null,"frequency":"default","local_seo":null,"breadcrumb_settings":null,"limit_modified_date":false,"ai":{"faqs":[],"keyPoints":[],"schemas":[],"titles":[],"descriptions":[],"socialPosts":{"email":{"subject":"","preview":"","content":""},"linkedin":[],"twitter":[],"facebook":[],"instagram":[]}},"created":"2026-09-01 16:05:58","updated":"2026-09-01 17:02:41","seo_analyzer_scan_date":null,"focus_keyword":null,"additional_keywords":null,"truseo_locale":null},"aioseo_breadcrumb":"<div class=\"aioseo-breadcrumbs\"><span class=\"aioseo-breadcrumb\">\n\t\t\t<a href=\"https:\/\/semanariolaprensa.com\/avantpremiere\" title=\"Home\">Home<\/a>\n\t\t<\/span><span class=\"aioseo-breadcrumb-separator\">&raquo;<\/span><span class=\"aioseo-breadcrumb\">\n\t\t\t<a href=\"https:\/\/semanariolaprensa.com\/avantpremiere\/category\/festivales\/\" title=\"Festivales\">Festivales<\/a>\n\t\t<\/span><span class=\"aioseo-breadcrumb-separator\">&raquo;<\/span><span class=\"aioseo-breadcrumb\">\n\t\t\tJulieta Venegas y Brenda Navarro encabezan el festival literario independiente \u2018Back to the Book\u2019\n\t\t<\/span><\/div>","aioseo_breadcrumb_json":[{"label":"Home","link":"https:\/\/semanariolaprensa.com\/avantpremiere"},{"label":"Festivales","link":"https:\/\/semanariolaprensa.com\/avantpremiere\/category\/festivales\/"},{"label":"Julieta Venegas y Brenda Navarro encabezan el festival literario independiente &#8216;Back to the Book&#8217;","link":"https:\/\/semanariolaprensa.com\/avantpremiere\/julieta-venegas-y-brenda-navarro-encabezan-el-festival-literario-independiente-back-to-the-book\/"}],"jetpack_sharing_enabled":true,"jetpack_featured_media_url":"https:\/\/i0.wp.com\/semanariolaprensa.com\/avantpremiere\/wp-content\/uploads\/2026\/09\/OIP-2026-09-01T130706.948.webp?fit=474%2C248&ssl=1","_links":{"self":[{"href":"https:\/\/semanariolaprensa.com\/avantpremiere\/wp-json\/wp\/v2\/posts\/3276","targetHints":{"allow":["GET"]}}],"collection":[{"href":"https:\/\/semanariolaprensa.com\/avantpremiere\/wp-json\/wp\/v2\/posts"}],"about":[{"href":"https:\/\/semanariolaprensa.com\/avantpremiere\/wp-json\/wp\/v2\/types\/post"}],"author":[{"embeddable":true,"href":"https:\/\/semanariolaprensa.com\/avantpremiere\/wp-json\/wp\/v2\/users\/2"}],"replies":[{"embeddable":true,"href":"https:\/\/semanariolaprensa.com\/avantpremiere\/wp-json\/wp\/v2\/comments?post=3276"}],"version-history":[{"count":1,"href":"https:\/\/semanariolaprensa.com\/avantpremiere\/wp-json\/wp\/v2\/posts\/3276\/revisions"}],"predecessor-version":[{"id":3278,"href":"https:\/\/semanariolaprensa.com\/avantpremiere\/wp-json\/wp\/v2\/posts\/3276\/revisions\/3278"}],"wp:featuredmedia":[{"embeddable":true,"href":"https:\/\/semanariolaprensa.com\/avantpremiere\/wp-json\/wp\/v2\/media\/3277"}],"wp:attachment":[{"href":"https:\/\/semanariolaprensa.com\/avantpremiere\/wp-json\/wp\/v2\/media?parent=3276"}],"wp:term":[{"taxonomy":"category","embeddable":true,"href":"https:\/\/semanariolaprensa.com\/avantpremiere\/wp-json\/wp\/v2\/categories?post=3276"},{"taxonomy":"post_tag","embeddable":true,"href":"https:\/\/semanariolaprensa.com\/avantpremiere\/wp-json\/wp\/v2\/tags?post=3276"}],"curies":[{"name":"wp","href":"https:\/\/api.w.org\/{rel}","templated":true}]}}