{"id":3273,"date":"2026-09-01T13:03:57","date_gmt":"2026-09-01T16:03:57","guid":{"rendered":"https:\/\/semanariolaprensa.com\/avantpremiere\/?p=3273"},"modified":"2026-09-01T13:33:03","modified_gmt":"2026-09-01T16:33:03","slug":"grilla-completa-confirmada-para-la-fiesta-nacional-del-chorizo-conoce-todos-los-artistas-que-estaran-en-pan-de-azucar","status":"publish","type":"post","link":"https:\/\/semanariolaprensa.com\/avantpremiere\/grilla-completa-confirmada-para-la-fiesta-nacional-del-chorizo-conoce-todos-los-artistas-que-estaran-en-pan-de-azucar\/","title":{"rendered":"Grilla completa confirmada para la Fiesta Nacional del Chorizo: conoc\u00e9 todos los artistas que estar\u00e1n en Pan de Az\u00facar"},"content":{"rendered":"\n<p class=\"wp-block-paragraph\">Grilla completa confirmada para la 5\u00aa edici\u00f3n de la Fiesta Nacional del Chorizo, que se desarrollar\u00e1 el s\u00e1bado 26 y domingo 27 de setiembre en las instalaciones del Parque Zorrilla de San Mart\u00edn de Pan de Az\u00facar. La fiesta popular, que combina tradici\u00f3n, gastronom\u00eda y propuestas para toda la familia, vuelve a consolidarse dentro del calendario de eventos del departamento.<\/p>\n\n\n\n<p class=\"wp-block-paragraph\">Organizada en conjunto por la Intendencia de Maldonado y el Municipio de Pan de Az\u00facar, la cartelera incluir\u00e1 espect\u00e1culos folcl\u00f3ricos, m\u00fasica popular, propuestas bailables, ballets de danza y figuras de relieve internacional, sumando tambi\u00e9n la presencia de la cantante piriapolense Rihanna Echeverr\u00eda.<\/p>\n\n\n\n<p class=\"wp-block-paragraph\">La noche del s\u00e1bado 26 tendr\u00e1 como cierre destacado a la cantante argentina Karina \u00abLa Princesita\u00bb, mientras que el domingo 27 la actividad concluir\u00e1 con las presentaciones de \u00abLa Misma Alienaci\u00f3n\u00bb (El Alem\u00e1n, Emiliano Mu\u00f1oz y \u00abEl Zurdo\u00bb Bessio) y el conjunto tropical Los Sabrosos.<\/p>\n\n\n\n<p class=\"wp-block-paragraph\"><strong>Programaci\u00f3n art\u00edstica<\/strong><\/p>\n\n\n\n<p class=\"wp-block-paragraph\"><strong>S\u00e1bado 26 de setiembre:<\/strong><\/p>\n\n\n\n<ul class=\"wp-block-list\">\n<li>Nacho Rocha y La M\u00edstica del Plata<\/li>\n\n\n\n<li>Ballet Folcl\u00f3rico \u00abSembrando Tradici\u00f3n\u00bb<\/li>\n\n\n\n<li>Rihanna Echeverr\u00eda<\/li>\n\n\n\n<li>Cruza Caminos<\/li>\n\n\n\n<li>Carlos Alberto Rodr\u00edguez<\/li>\n\n\n\n<li>Braulio Assanelli<\/li>\n\n\n\n<li>Marito Silva Jr.<\/li>\n\n\n\n<li>Karina \u00abLa Princesita\u00bb<\/li>\n<\/ul>\n\n\n\n<p class=\"wp-block-paragraph\"><strong>Domingo 27 de setiembre:<\/strong><\/p>\n\n\n\n<ul class=\"wp-block-list\">\n<li>Los Azuque\u00f1os<\/li>\n\n\n\n<li>Agust\u00edn Cima<\/li>\n\n\n\n<li>Agustina Mas<\/li>\n\n\n\n<li>Carlos Benavides<\/li>\n\n\n\n<li>Ballet Folcl\u00f3rico \u00abA\u00f1oranzas\u00bb<\/li>\n\n\n\n<li>Ricardo \u00abCanario\u00bb Mart\u00ednez<\/li>\n\n\n\n<li>La Misma Alienaci\u00f3n<\/li>\n\n\n\n<li>Los Sabrosos<\/li>\n<\/ul>\n\n\n\n<p class=\"wp-block-paragraph\"><strong>Gastronom\u00eda, camping y actividades familiares<\/strong><\/p>\n\n\n\n<p class=\"wp-block-paragraph\">Adem\u00e1s de la grilla sobre el escenario, el evento contar\u00e1 con plaza de comidas, puestos de productores locales, juegos infantiles y zona de camping habilitada en el predio.<\/p>\n\n\n\n<p class=\"wp-block-paragraph\">La presentaci\u00f3n formal de esta quinta edici\u00f3n tendr\u00e1 lugar el pr\u00f3ximo lunes 7 de setiembre, a las 11:00 horas, en las instalaciones de Caba\u00f1a Sierra Serena, donde autoridades departamentales y municipales brindar\u00e1n precisiones adicionales sobre el desarrollo del fin de semana.<\/p>\n","protected":false},"excerpt":{"rendered":"<p>Grilla completa confirmada para la 5\u00aa edici\u00f3n de la Fiesta Nacional del Chorizo, que se desarrollar\u00e1 el s\u00e1bado 26 y domingo 27 de setiembre en las instalaciones del Parque Zorrilla de San Mart\u00edn de Pan de Az\u00facar. La fiesta popular, que combina tradici\u00f3n, gastronom\u00eda y propuestas para toda la familia, vuelve a consolidarse dentro del [&hellip;]<\/p>\n","protected":false},"author":1,"featured_media":3293,"comment_status":"open","ping_status":"open","sticky":false,"template":"","format":"standard","meta":{"om_disable_all_campaigns":false,"_monsterinsights_skip_tracking":false,"_jetpack_newsletter_access":"","_jetpack_dont_email_post_to_subs":false,"_jetpack_newsletter_tier_id":0,"_jetpack_memberships_contains_paywalled_content":false,"_jetpack_feature_clip_id":0,"_jetpack_memberships_contains_paid_content":false,"jnews-multi-image_gallery":[],"jnews_single_post":{"format":"standard"},"jnews_primary_category":[],"jnews_override_bookmark_settings":[],"jnews_social_meta":[],"jnews_review":[],"enable_review":"","type":"","name":"","summary":"","brand":"","sku":"","good":[],"bad":[],"score_override":"","override_value":"","rating":[],"price":[],"jnews_override_counter":[],"footnotes":"","jetpack_post_was_ever_published":false},"categories":[379,416,326,82],"tags":[3519,3540,3539,3520,413,3543,3538,3542,3513,3536,3547,3544,3447,3507,399,3501,3545,3546,631,3521,3505,3502,3504,3506,3518,1181,3537,632,3541,3517,3548,411],"class_list":["post-3273","post","type-post","status-publish","format-standard","has-post-thumbnail","hentry","category-conciertos","category-locales","category-musica","category-primer-plano","tag-5a-fiesta-nacional-del-chorizo","tag-agustin-cima","tag-agustina-mas","tag-alejandro-echavarria","tag-avant-premiere-2","tag-ballet-anoranzas","tag-ballet-folclorico-sembrando-tradicion","tag-braulio-assanelli","tag-cabana-sierra-serena","tag-carlos-alberto-rodriguez","tag-carlos-benavides","tag-cruza-caminos","tag-el-aleman","tag-emiliano-munoz","tag-espectaculos","tag-fiesta-nacional-del-chorizo","tag-freddy-zurdo-bessio","tag-grilla-completa","tag-intendencia-de-maldonado","tag-karina-en-uruguay","tag-karina-la-princesita","tag-la-misma-alienacion","tag-los-azuquenos","tag-los-sabrosos","tag-marito-silva-jr-2","tag-municipio-de-pan-de-azucar","tag-nacho-rocha","tag-pan-de-azucar","tag-parque-zorrilla-de-san-martin","tag-ricardo-martinez-el-canario","tag-rihanna-echeverria","tag-semanario-la-prensa"],"aioseo_notices":[],"aioseo_head":"\n\t\t<!-- All in One SEO 5.0.1 - aioseo.com -->\n\t<meta name=\"description\" content=\"Grilla completa confirmada para la 5\u00aa edici\u00f3n de la Fiesta Nacional del Chorizo, que se desarrollar\u00e1 el s\u00e1bado 26 y domingo 27 de setiembre en las instalaciones del Parque Zorrilla de San Mart\u00edn de Pan de Az\u00facar. La fiesta popular, que combina tradici\u00f3n, gastronom\u00eda y propuestas para toda la familia, vuelve a consolidarse dentro del\" \/>\n\t<meta name=\"robots\" content=\"max-image-preview:large\" \/>\n\t<meta name=\"author\" content=\"Avant Premi\u00e8re\"\/>\n\t<link rel=\"canonical\" href=\"https:\/\/semanariolaprensa.com\/avantpremiere\/grilla-completa-confirmada-para-la-fiesta-nacional-del-chorizo-conoce-todos-los-artistas-que-estaran-en-pan-de-azucar\/\" \/>\n\t<meta name=\"generator\" content=\"All in One SEO (AIOSEO) 5.0.1\" \/>\n\t\t<meta property=\"og:locale\" content=\"es_ES\" \/>\n\t\t<meta property=\"og:site_name\" content=\"Avant-Premi\u00e8re - La primera fila del entretenimiento\" \/>\n\t\t<meta property=\"og:type\" content=\"article\" \/>\n\t\t<meta property=\"og:title\" content=\"Grilla completa confirmada para la Fiesta Nacional del Chorizo: conoc\u00e9 todos los artistas que estar\u00e1n en Pan de Az\u00facar - Avant-Premi\u00e8re\" \/>\n\t\t<meta property=\"og:description\" content=\"Grilla completa confirmada para la 5\u00aa edici\u00f3n de la Fiesta Nacional del Chorizo, que se desarrollar\u00e1 el s\u00e1bado 26 y domingo 27 de setiembre en las instalaciones del Parque Zorrilla de San Mart\u00edn de Pan de Az\u00facar. La fiesta popular, que combina tradici\u00f3n, gastronom\u00eda y propuestas para toda la familia, vuelve a consolidarse dentro del\" \/>\n\t\t<meta property=\"og:url\" content=\"https:\/\/semanariolaprensa.com\/avantpremiere\/grilla-completa-confirmada-para-la-fiesta-nacional-del-chorizo-conoce-todos-los-artistas-que-estaran-en-pan-de-azucar\/\" \/>\n\t\t<meta property=\"article:published_time\" content=\"2026-09-01T16:03:57+00:00\" \/>\n\t\t<meta property=\"article:modified_time\" content=\"2026-09-01T16:33:03+00:00\" \/>\n\t\t<meta name=\"twitter:card\" content=\"summary_large_image\" \/>\n\t\t<meta name=\"twitter:title\" content=\"Grilla completa confirmada para la Fiesta Nacional del Chorizo: conoc\u00e9 todos los artistas que estar\u00e1n en Pan de Az\u00facar - Avant-Premi\u00e8re\" \/>\n\t\t<meta name=\"twitter:description\" content=\"Grilla completa confirmada para la 5\u00aa edici\u00f3n de la Fiesta Nacional del Chorizo, que se desarrollar\u00e1 el s\u00e1bado 26 y domingo 27 de setiembre en las instalaciones del Parque Zorrilla de San Mart\u00edn de Pan de Az\u00facar. La fiesta popular, que combina tradici\u00f3n, gastronom\u00eda y propuestas para toda la familia, vuelve a consolidarse dentro del\" \/>\n\t\t<script type=\"application\/ld+json\" class=\"aioseo-schema\">\n\t\t\t{\"@context\":\"https:\\\/\\\/schema.org\",\"@graph\":[{\"@type\":\"BlogPosting\",\"@id\":\"https:\\\/\\\/semanariolaprensa.com\\\/avantpremiere\\\/grilla-completa-confirmada-para-la-fiesta-nacional-del-chorizo-conoce-todos-los-artistas-que-estaran-en-pan-de-azucar\\\/#blogposting\",\"name\":\"Grilla completa confirmada para la Fiesta Nacional del Chorizo: conoc\\u00e9 todos los artistas que estar\\u00e1n en Pan de Az\\u00facar - Avant-Premi\\u00e8re\",\"headline\":\"Grilla completa confirmada para la Fiesta Nacional del Chorizo: conoc\\u00e9 todos los artistas que estar\\u00e1n en Pan de Az\\u00facar\",\"author\":{\"@id\":\"https:\\\/\\\/semanariolaprensa.com\\\/avantpremiere\\\/author\\\/debaaureapremiere\\\/#author\"},\"publisher\":{\"@id\":\"https:\\\/\\\/semanariolaprensa.com\\\/avantpremiere\\\/#organization\"},\"image\":{\"@type\":\"ImageObject\",\"url\":\"https:\\\/\\\/i0.wp.com\\\/semanariolaprensa.com\\\/avantpremiere\\\/wp-content\\\/uploads\\\/2026\\\/09\\\/fiestanacchorizopda3.png?fit=834%2C479&ssl=1\",\"width\":834,\"height\":479},\"datePublished\":\"2026-09-01T13:03:57-03:00\",\"dateModified\":\"2026-09-01T13:33:03-03:00\",\"inLanguage\":\"es-ES\",\"mainEntityOfPage\":{\"@id\":\"https:\\\/\\\/semanariolaprensa.com\\\/avantpremiere\\\/grilla-completa-confirmada-para-la-fiesta-nacional-del-chorizo-conoce-todos-los-artistas-que-estaran-en-pan-de-azucar\\\/#webpage\"},\"isPartOf\":{\"@id\":\"https:\\\/\\\/semanariolaprensa.com\\\/avantpremiere\\\/grilla-completa-confirmada-para-la-fiesta-nacional-del-chorizo-conoce-todos-los-artistas-que-estaran-en-pan-de-azucar\\\/#webpage\"},\"articleSection\":\"Conciertos, Locales, M\\u00fasica, Primer Plano, 5\\u00aa Fiesta Nacional del Chorizo, Agust\\u00edn Cima, Agustina Mas, Alejandro Echavarr\\u00eda, Avant-Premi\\u00e8re, Ballet A\\u00f1oranzas, Ballet Folcl\\u00f3rico Sembrando Tradici\\u00f3n, Braulio Assanelli, Caba\\u00f1a Sierra Serena, Carlos Alberto Rodr\\u00edguez, Carlos Benavides, Cruza Caminos, El Alem\\u00e1n, Emiliano Mu\\u00f1oz, Espect\\u00e1culos, Fiesta Nacional del Chorizo, Freddy Zurdo Bessio, Grilla completa, Intendencia de Maldonado, Karina en Uruguay, Karina La Princesita, La Misma Alienaci\\u00f3n, Los Azuque\\u00f1os, Los Sabrosos, Marito Silva Jr., Municipio de Pan de Az\\u00facar, Nacho Rocha, Pan de Az\\u00facar, Parque Zorrilla de San Mart\\u00edn, Ricardo Mart\\u00ednez El Canario, Rihanna Echeverr\\u00eda, Semanario La Prensa\"},{\"@type\":\"BreadcrumbList\",\"@id\":\"https:\\\/\\\/semanariolaprensa.com\\\/avantpremiere\\\/grilla-completa-confirmada-para-la-fiesta-nacional-del-chorizo-conoce-todos-los-artistas-que-estaran-en-pan-de-azucar\\\/#breadcrumblist\",\"itemListElement\":[{\"@type\":\"ListItem\",\"@id\":\"https:\\\/\\\/semanariolaprensa.com\\\/avantpremiere#listItem\",\"position\":1,\"name\":\"Home\",\"item\":\"https:\\\/\\\/semanariolaprensa.com\\\/avantpremiere\",\"nextItem\":{\"@type\":\"ListItem\",\"@id\":\"https:\\\/\\\/semanariolaprensa.com\\\/avantpremiere\\\/category\\\/musica\\\/#listItem\",\"name\":\"M\\u00fasica\"}},{\"@type\":\"ListItem\",\"@id\":\"https:\\\/\\\/semanariolaprensa.com\\\/avantpremiere\\\/category\\\/musica\\\/#listItem\",\"position\":2,\"name\":\"M\\u00fasica\",\"item\":\"https:\\\/\\\/semanariolaprensa.com\\\/avantpremiere\\\/category\\\/musica\\\/\",\"nextItem\":{\"@type\":\"ListItem\",\"@id\":\"https:\\\/\\\/semanariolaprensa.com\\\/avantpremiere\\\/category\\\/musica\\\/conciertos\\\/#listItem\",\"name\":\"Conciertos\"},\"previousItem\":{\"@type\":\"ListItem\",\"@id\":\"https:\\\/\\\/semanariolaprensa.com\\\/avantpremiere#listItem\",\"name\":\"Home\"}},{\"@type\":\"ListItem\",\"@id\":\"https:\\\/\\\/semanariolaprensa.com\\\/avantpremiere\\\/category\\\/musica\\\/conciertos\\\/#listItem\",\"position\":3,\"name\":\"Conciertos\",\"item\":\"https:\\\/\\\/semanariolaprensa.com\\\/avantpremiere\\\/category\\\/musica\\\/conciertos\\\/\",\"nextItem\":{\"@type\":\"ListItem\",\"@id\":\"https:\\\/\\\/semanariolaprensa.com\\\/avantpremiere\\\/grilla-completa-confirmada-para-la-fiesta-nacional-del-chorizo-conoce-todos-los-artistas-que-estaran-en-pan-de-azucar\\\/#listItem\",\"name\":\"Grilla completa confirmada para la Fiesta Nacional del Chorizo: conoc\\u00e9 todos los artistas que estar\\u00e1n en Pan de Az\\u00facar\"},\"previousItem\":{\"@type\":\"ListItem\",\"@id\":\"https:\\\/\\\/semanariolaprensa.com\\\/avantpremiere\\\/category\\\/musica\\\/#listItem\",\"name\":\"M\\u00fasica\"}},{\"@type\":\"ListItem\",\"@id\":\"https:\\\/\\\/semanariolaprensa.com\\\/avantpremiere\\\/grilla-completa-confirmada-para-la-fiesta-nacional-del-chorizo-conoce-todos-los-artistas-que-estaran-en-pan-de-azucar\\\/#listItem\",\"position\":4,\"name\":\"Grilla completa confirmada para la Fiesta Nacional del Chorizo: conoc\\u00e9 todos los artistas que estar\\u00e1n en Pan de Az\\u00facar\",\"previousItem\":{\"@type\":\"ListItem\",\"@id\":\"https:\\\/\\\/semanariolaprensa.com\\\/avantpremiere\\\/category\\\/musica\\\/conciertos\\\/#listItem\",\"name\":\"Conciertos\"}}]},{\"@type\":\"Organization\",\"@id\":\"https:\\\/\\\/semanariolaprensa.com\\\/avantpremiere\\\/#organization\",\"name\":\"Avant-Premi\\u00e8re\",\"description\":\"La primera fila del entretenimiento\",\"url\":\"https:\\\/\\\/semanariolaprensa.com\\\/avantpremiere\\\/\",\"logo\":{\"@type\":\"ImageObject\",\"url\":\"https:\\\/\\\/i0.wp.com\\\/semanariolaprensa.com\\\/avantpremiere\\\/wp-content\\\/uploads\\\/2026\\\/01\\\/cropped-iconoaureapremiere-1.png?fit=512%2C512&ssl=1\",\"@id\":\"https:\\\/\\\/semanariolaprensa.com\\\/avantpremiere\\\/grilla-completa-confirmada-para-la-fiesta-nacional-del-chorizo-conoce-todos-los-artistas-que-estaran-en-pan-de-azucar\\\/#organizationLogo\",\"width\":512,\"height\":512},\"image\":{\"@id\":\"https:\\\/\\\/semanariolaprensa.com\\\/avantpremiere\\\/grilla-completa-confirmada-para-la-fiesta-nacional-del-chorizo-conoce-todos-los-artistas-que-estaran-en-pan-de-azucar\\\/#organizationLogo\"}},{\"@type\":\"Person\",\"@id\":\"https:\\\/\\\/semanariolaprensa.com\\\/avantpremiere\\\/author\\\/debaaureapremiere\\\/#author\",\"url\":\"https:\\\/\\\/semanariolaprensa.com\\\/avantpremiere\\\/author\\\/debaaureapremiere\\\/\",\"name\":\"Avant Premi\\u00e8re\",\"image\":{\"@type\":\"ImageObject\",\"@id\":\"https:\\\/\\\/semanariolaprensa.com\\\/avantpremiere\\\/grilla-completa-confirmada-para-la-fiesta-nacional-del-chorizo-conoce-todos-los-artistas-que-estaran-en-pan-de-azucar\\\/#authorImage\",\"url\":\"https:\\\/\\\/secure.gravatar.com\\\/avatar\\\/25bd2526a0e92945ea41f6e68d1a9ff9a0293e6dffd0f172fc718d13a924f236?s=96&d=mm&r=g\",\"width\":96,\"height\":96,\"caption\":\"Avant Premi\\u00e8re\"}},{\"@type\":\"WebPage\",\"@id\":\"https:\\\/\\\/semanariolaprensa.com\\\/avantpremiere\\\/grilla-completa-confirmada-para-la-fiesta-nacional-del-chorizo-conoce-todos-los-artistas-que-estaran-en-pan-de-azucar\\\/#webpage\",\"url\":\"https:\\\/\\\/semanariolaprensa.com\\\/avantpremiere\\\/grilla-completa-confirmada-para-la-fiesta-nacional-del-chorizo-conoce-todos-los-artistas-que-estaran-en-pan-de-azucar\\\/\",\"name\":\"Grilla completa confirmada para la Fiesta Nacional del Chorizo: conoc\\u00e9 todos los artistas que estar\\u00e1n en Pan de Az\\u00facar - Avant-Premi\\u00e8re\",\"description\":\"Grilla completa confirmada para la 5\\u00aa edici\\u00f3n de la Fiesta Nacional del Chorizo, que se desarrollar\\u00e1 el s\\u00e1bado 26 y domingo 27 de setiembre en las instalaciones del Parque Zorrilla de San Mart\\u00edn de Pan de Az\\u00facar. La fiesta popular, que combina tradici\\u00f3n, gastronom\\u00eda y propuestas para toda la familia, vuelve a consolidarse dentro del\",\"inLanguage\":\"es-ES\",\"isPartOf\":{\"@id\":\"https:\\\/\\\/semanariolaprensa.com\\\/avantpremiere\\\/#website\"},\"breadcrumb\":{\"@id\":\"https:\\\/\\\/semanariolaprensa.com\\\/avantpremiere\\\/grilla-completa-confirmada-para-la-fiesta-nacional-del-chorizo-conoce-todos-los-artistas-que-estaran-en-pan-de-azucar\\\/#breadcrumblist\"},\"author\":{\"@id\":\"https:\\\/\\\/semanariolaprensa.com\\\/avantpremiere\\\/author\\\/debaaureapremiere\\\/#author\"},\"creator\":{\"@id\":\"https:\\\/\\\/semanariolaprensa.com\\\/avantpremiere\\\/author\\\/debaaureapremiere\\\/#author\"},\"image\":{\"@type\":\"ImageObject\",\"url\":\"https:\\\/\\\/i0.wp.com\\\/semanariolaprensa.com\\\/avantpremiere\\\/wp-content\\\/uploads\\\/2026\\\/09\\\/fiestanacchorizopda3.png?fit=834%2C479&ssl=1\",\"@id\":\"https:\\\/\\\/semanariolaprensa.com\\\/avantpremiere\\\/grilla-completa-confirmada-para-la-fiesta-nacional-del-chorizo-conoce-todos-los-artistas-que-estaran-en-pan-de-azucar\\\/#mainImage\",\"width\":834,\"height\":479},\"primaryImageOfPage\":{\"@id\":\"https:\\\/\\\/semanariolaprensa.com\\\/avantpremiere\\\/grilla-completa-confirmada-para-la-fiesta-nacional-del-chorizo-conoce-todos-los-artistas-que-estaran-en-pan-de-azucar\\\/#mainImage\"},\"datePublished\":\"2026-09-01T13:03:57-03:00\",\"dateModified\":\"2026-09-01T13:33:03-03:00\"},{\"@type\":\"WebSite\",\"@id\":\"https:\\\/\\\/semanariolaprensa.com\\\/avantpremiere\\\/#website\",\"url\":\"https:\\\/\\\/semanariolaprensa.com\\\/avantpremiere\\\/\",\"name\":\"Avant-Premi\\u00e8re\",\"description\":\"La primera fila del entretenimiento\",\"inLanguage\":\"es-ES\",\"publisher\":{\"@id\":\"https:\\\/\\\/semanariolaprensa.com\\\/avantpremiere\\\/#organization\"}}]}\n\t\t<\/script>\n\t\t<!-- All in One SEO -->\n\n","aioseo_head_json":{"title":"Grilla completa confirmada para la Fiesta Nacional del Chorizo: conoc\u00e9 todos los artistas que estar\u00e1n en Pan de Az\u00facar - Avant-Premi\u00e8re","description":"Grilla completa confirmada para la 5\u00aa edici\u00f3n de la Fiesta Nacional del Chorizo, que se desarrollar\u00e1 el s\u00e1bado 26 y domingo 27 de setiembre en las instalaciones del Parque Zorrilla de San Mart\u00edn de Pan de Az\u00facar. La fiesta popular, que combina tradici\u00f3n, gastronom\u00eda y propuestas para toda la familia, vuelve a consolidarse dentro del","canonical_url":"https:\/\/semanariolaprensa.com\/avantpremiere\/grilla-completa-confirmada-para-la-fiesta-nacional-del-chorizo-conoce-todos-los-artistas-que-estaran-en-pan-de-azucar\/","robots":"max-image-preview:large","keywords":"","webmasterTools":{"miscellaneous":""},"schema":{"@context":"https:\/\/schema.org","@graph":[{"@type":"BlogPosting","@id":"https:\/\/semanariolaprensa.com\/avantpremiere\/grilla-completa-confirmada-para-la-fiesta-nacional-del-chorizo-conoce-todos-los-artistas-que-estaran-en-pan-de-azucar\/#blogposting","name":"Grilla completa confirmada para la Fiesta Nacional del Chorizo: conoc\u00e9 todos los artistas que estar\u00e1n en Pan de Az\u00facar - Avant-Premi\u00e8re","headline":"Grilla completa confirmada para la Fiesta Nacional del Chorizo: conoc\u00e9 todos los artistas que estar\u00e1n en Pan de Az\u00facar","author":{"@id":"https:\/\/semanariolaprensa.com\/avantpremiere\/author\/debaaureapremiere\/#author"},"publisher":{"@id":"https:\/\/semanariolaprensa.com\/avantpremiere\/#organization"},"image":{"@type":"ImageObject","url":"https:\/\/i0.wp.com\/semanariolaprensa.com\/avantpremiere\/wp-content\/uploads\/2026\/09\/fiestanacchorizopda3.png?fit=834%2C479&ssl=1","width":834,"height":479},"datePublished":"2026-09-01T13:03:57-03:00","dateModified":"2026-09-01T13:33:03-03:00","inLanguage":"es-ES","mainEntityOfPage":{"@id":"https:\/\/semanariolaprensa.com\/avantpremiere\/grilla-completa-confirmada-para-la-fiesta-nacional-del-chorizo-conoce-todos-los-artistas-que-estaran-en-pan-de-azucar\/#webpage"},"isPartOf":{"@id":"https:\/\/semanariolaprensa.com\/avantpremiere\/grilla-completa-confirmada-para-la-fiesta-nacional-del-chorizo-conoce-todos-los-artistas-que-estaran-en-pan-de-azucar\/#webpage"},"articleSection":"Conciertos, Locales, M\u00fasica, Primer Plano, 5\u00aa Fiesta Nacional del Chorizo, Agust\u00edn Cima, Agustina Mas, Alejandro Echavarr\u00eda, Avant-Premi\u00e8re, Ballet A\u00f1oranzas, Ballet Folcl\u00f3rico Sembrando Tradici\u00f3n, Braulio Assanelli, Caba\u00f1a Sierra Serena, Carlos Alberto Rodr\u00edguez, Carlos Benavides, Cruza Caminos, El Alem\u00e1n, Emiliano Mu\u00f1oz, Espect\u00e1culos, Fiesta Nacional del Chorizo, Freddy Zurdo Bessio, Grilla completa, Intendencia de Maldonado, Karina en Uruguay, Karina La Princesita, La Misma Alienaci\u00f3n, Los Azuque\u00f1os, Los Sabrosos, Marito Silva Jr., Municipio de Pan de Az\u00facar, Nacho Rocha, Pan de Az\u00facar, Parque Zorrilla de San Mart\u00edn, Ricardo Mart\u00ednez El Canario, Rihanna Echeverr\u00eda, Semanario La Prensa"},{"@type":"BreadcrumbList","@id":"https:\/\/semanariolaprensa.com\/avantpremiere\/grilla-completa-confirmada-para-la-fiesta-nacional-del-chorizo-conoce-todos-los-artistas-que-estaran-en-pan-de-azucar\/#breadcrumblist","itemListElement":[{"@type":"ListItem","@id":"https:\/\/semanariolaprensa.com\/avantpremiere#listItem","position":1,"name":"Home","item":"https:\/\/semanariolaprensa.com\/avantpremiere","nextItem":{"@type":"ListItem","@id":"https:\/\/semanariolaprensa.com\/avantpremiere\/category\/musica\/#listItem","name":"M\u00fasica"}},{"@type":"ListItem","@id":"https:\/\/semanariolaprensa.com\/avantpremiere\/category\/musica\/#listItem","position":2,"name":"M\u00fasica","item":"https:\/\/semanariolaprensa.com\/avantpremiere\/category\/musica\/","nextItem":{"@type":"ListItem","@id":"https:\/\/semanariolaprensa.com\/avantpremiere\/category\/musica\/conciertos\/#listItem","name":"Conciertos"},"previousItem":{"@type":"ListItem","@id":"https:\/\/semanariolaprensa.com\/avantpremiere#listItem","name":"Home"}},{"@type":"ListItem","@id":"https:\/\/semanariolaprensa.com\/avantpremiere\/category\/musica\/conciertos\/#listItem","position":3,"name":"Conciertos","item":"https:\/\/semanariolaprensa.com\/avantpremiere\/category\/musica\/conciertos\/","nextItem":{"@type":"ListItem","@id":"https:\/\/semanariolaprensa.com\/avantpremiere\/grilla-completa-confirmada-para-la-fiesta-nacional-del-chorizo-conoce-todos-los-artistas-que-estaran-en-pan-de-azucar\/#listItem","name":"Grilla completa confirmada para la Fiesta Nacional del Chorizo: conoc\u00e9 todos los artistas que estar\u00e1n en Pan de Az\u00facar"},"previousItem":{"@type":"ListItem","@id":"https:\/\/semanariolaprensa.com\/avantpremiere\/category\/musica\/#listItem","name":"M\u00fasica"}},{"@type":"ListItem","@id":"https:\/\/semanariolaprensa.com\/avantpremiere\/grilla-completa-confirmada-para-la-fiesta-nacional-del-chorizo-conoce-todos-los-artistas-que-estaran-en-pan-de-azucar\/#listItem","position":4,"name":"Grilla completa confirmada para la Fiesta Nacional del Chorizo: conoc\u00e9 todos los artistas que estar\u00e1n en Pan de Az\u00facar","previousItem":{"@type":"ListItem","@id":"https:\/\/semanariolaprensa.com\/avantpremiere\/category\/musica\/conciertos\/#listItem","name":"Conciertos"}}]},{"@type":"Organization","@id":"https:\/\/semanariolaprensa.com\/avantpremiere\/#organization","name":"Avant-Premi\u00e8re","description":"La primera fila del entretenimiento","url":"https:\/\/semanariolaprensa.com\/avantpremiere\/","logo":{"@type":"ImageObject","url":"https:\/\/i0.wp.com\/semanariolaprensa.com\/avantpremiere\/wp-content\/uploads\/2026\/01\/cropped-iconoaureapremiere-1.png?fit=512%2C512&ssl=1","@id":"https:\/\/semanariolaprensa.com\/avantpremiere\/grilla-completa-confirmada-para-la-fiesta-nacional-del-chorizo-conoce-todos-los-artistas-que-estaran-en-pan-de-azucar\/#organizationLogo","width":512,"height":512},"image":{"@id":"https:\/\/semanariolaprensa.com\/avantpremiere\/grilla-completa-confirmada-para-la-fiesta-nacional-del-chorizo-conoce-todos-los-artistas-que-estaran-en-pan-de-azucar\/#organizationLogo"}},{"@type":"Person","@id":"https:\/\/semanariolaprensa.com\/avantpremiere\/author\/debaaureapremiere\/#author","url":"https:\/\/semanariolaprensa.com\/avantpremiere\/author\/debaaureapremiere\/","name":"Avant Premi\u00e8re","image":{"@type":"ImageObject","@id":"https:\/\/semanariolaprensa.com\/avantpremiere\/grilla-completa-confirmada-para-la-fiesta-nacional-del-chorizo-conoce-todos-los-artistas-que-estaran-en-pan-de-azucar\/#authorImage","url":"https:\/\/secure.gravatar.com\/avatar\/25bd2526a0e92945ea41f6e68d1a9ff9a0293e6dffd0f172fc718d13a924f236?s=96&d=mm&r=g","width":96,"height":96,"caption":"Avant Premi\u00e8re"}},{"@type":"WebPage","@id":"https:\/\/semanariolaprensa.com\/avantpremiere\/grilla-completa-confirmada-para-la-fiesta-nacional-del-chorizo-conoce-todos-los-artistas-que-estaran-en-pan-de-azucar\/#webpage","url":"https:\/\/semanariolaprensa.com\/avantpremiere\/grilla-completa-confirmada-para-la-fiesta-nacional-del-chorizo-conoce-todos-los-artistas-que-estaran-en-pan-de-azucar\/","name":"Grilla completa confirmada para la Fiesta Nacional del Chorizo: conoc\u00e9 todos los artistas que estar\u00e1n en Pan de Az\u00facar - Avant-Premi\u00e8re","description":"Grilla completa confirmada para la 5\u00aa edici\u00f3n de la Fiesta Nacional del Chorizo, que se desarrollar\u00e1 el s\u00e1bado 26 y domingo 27 de setiembre en las instalaciones del Parque Zorrilla de San Mart\u00edn de Pan de Az\u00facar. La fiesta popular, que combina tradici\u00f3n, gastronom\u00eda y propuestas para toda la familia, vuelve a consolidarse dentro del","inLanguage":"es-ES","isPartOf":{"@id":"https:\/\/semanariolaprensa.com\/avantpremiere\/#website"},"breadcrumb":{"@id":"https:\/\/semanariolaprensa.com\/avantpremiere\/grilla-completa-confirmada-para-la-fiesta-nacional-del-chorizo-conoce-todos-los-artistas-que-estaran-en-pan-de-azucar\/#breadcrumblist"},"author":{"@id":"https:\/\/semanariolaprensa.com\/avantpremiere\/author\/debaaureapremiere\/#author"},"creator":{"@id":"https:\/\/semanariolaprensa.com\/avantpremiere\/author\/debaaureapremiere\/#author"},"image":{"@type":"ImageObject","url":"https:\/\/i0.wp.com\/semanariolaprensa.com\/avantpremiere\/wp-content\/uploads\/2026\/09\/fiestanacchorizopda3.png?fit=834%2C479&ssl=1","@id":"https:\/\/semanariolaprensa.com\/avantpremiere\/grilla-completa-confirmada-para-la-fiesta-nacional-del-chorizo-conoce-todos-los-artistas-que-estaran-en-pan-de-azucar\/#mainImage","width":834,"height":479},"primaryImageOfPage":{"@id":"https:\/\/semanariolaprensa.com\/avantpremiere\/grilla-completa-confirmada-para-la-fiesta-nacional-del-chorizo-conoce-todos-los-artistas-que-estaran-en-pan-de-azucar\/#mainImage"},"datePublished":"2026-09-01T13:03:57-03:00","dateModified":"2026-09-01T13:33:03-03:00"},{"@type":"WebSite","@id":"https:\/\/semanariolaprensa.com\/avantpremiere\/#website","url":"https:\/\/semanariolaprensa.com\/avantpremiere\/","name":"Avant-Premi\u00e8re","description":"La primera fila del entretenimiento","inLanguage":"es-ES","publisher":{"@id":"https:\/\/semanariolaprensa.com\/avantpremiere\/#organization"}}]},"og:locale":"es_ES","og:site_name":"Avant-Premi\u00e8re - La primera fila del entretenimiento","og:type":"article","og:title":"Grilla completa confirmada para la Fiesta Nacional del Chorizo: conoc\u00e9 todos los artistas que estar\u00e1n en Pan de Az\u00facar - Avant-Premi\u00e8re","og:description":"Grilla completa confirmada para la 5\u00aa edici\u00f3n de la Fiesta Nacional del Chorizo, que se desarrollar\u00e1 el s\u00e1bado 26 y domingo 27 de setiembre en las instalaciones del Parque Zorrilla de San Mart\u00edn de Pan de Az\u00facar. La fiesta popular, que combina tradici\u00f3n, gastronom\u00eda y propuestas para toda la familia, vuelve a consolidarse dentro del","og:url":"https:\/\/semanariolaprensa.com\/avantpremiere\/grilla-completa-confirmada-para-la-fiesta-nacional-del-chorizo-conoce-todos-los-artistas-que-estaran-en-pan-de-azucar\/","article:published_time":"2026-09-01T16:03:57+00:00","article:modified_time":"2026-09-01T16:33:03+00:00","twitter:card":"summary_large_image","twitter:title":"Grilla completa confirmada para la Fiesta Nacional del Chorizo: conoc\u00e9 todos los artistas que estar\u00e1n en Pan de Az\u00facar - Avant-Premi\u00e8re","twitter:description":"Grilla completa confirmada para la 5\u00aa edici\u00f3n de la Fiesta Nacional del Chorizo, que se desarrollar\u00e1 el s\u00e1bado 26 y domingo 27 de setiembre en las instalaciones del Parque Zorrilla de San Mart\u00edn de Pan de Az\u00facar. La fiesta popular, que combina tradici\u00f3n, gastronom\u00eda y propuestas para toda la familia, vuelve a consolidarse dentro del"},"aioseo_meta_data":{"post_id":"3273","title":null,"description":null,"keywords":null,"keyphrases":{"focus":{"keyphrase":"","score":0,"analysis":{"keyphraseInTitle":{"score":0,"maxScore":9,"error":1}}},"additional":[]},"primary_term":null,"canonical_url":null,"og_title":null,"og_description":null,"og_object_type":"default","og_image_type":"default","og_image_url":null,"og_image_width":null,"og_image_height":null,"og_image_custom_url":null,"og_image_custom_fields":null,"og_video":"","og_custom_url":null,"og_article_section":null,"og_article_tags":null,"twitter_use_og":false,"twitter_card":"default","twitter_image_type":"default","twitter_image_url":null,"twitter_image_custom_url":null,"twitter_image_custom_fields":null,"twitter_title":null,"twitter_description":null,"schema":{"blockGraphs":[],"customGraphs":[],"default":{"data":{"Article":[],"Course":[],"Dataset":[],"FAQPage":[],"Movie":[],"Person":[],"Product":[],"ProductReview":[],"Car":[],"Recipe":[],"Service":[],"SoftwareApplication":[],"WebPage":[]},"graphName":"BlogPosting","isEnabled":true},"graphs":[]},"schema_type":"default","schema_type_options":null,"pillar_content":false,"robots_default":true,"robots_noindex":false,"robots_noarchive":false,"robots_nosnippet":false,"robots_nofollow":false,"robots_noimageindex":false,"robots_noodp":false,"robots_notranslate":false,"robots_max_snippet":"-1","robots_max_videopreview":"-1","robots_max_imagepreview":"large","priority":null,"frequency":"default","local_seo":null,"breadcrumb_settings":null,"limit_modified_date":false,"ai":{"faqs":[],"keyPoints":[],"schemas":[],"titles":[],"descriptions":[],"socialPosts":{"email":{"subject":"","preview":"","content":""},"linkedin":[],"twitter":[],"facebook":[],"instagram":[]}},"created":"2026-09-01 16:04:01","updated":"2026-09-01 17:01:35","seo_analyzer_scan_date":null,"focus_keyword":null,"additional_keywords":null,"truseo_locale":null},"aioseo_breadcrumb":"<div class=\"aioseo-breadcrumbs\"><span class=\"aioseo-breadcrumb\">\n\t\t\t<a href=\"https:\/\/semanariolaprensa.com\/avantpremiere\" title=\"Home\">Home<\/a>\n\t\t<\/span><span class=\"aioseo-breadcrumb-separator\">&raquo;<\/span><span class=\"aioseo-breadcrumb\">\n\t\t\t<a href=\"https:\/\/semanariolaprensa.com\/avantpremiere\/category\/musica\/\" title=\"M\u00fasica\">M\u00fasica<\/a>\n\t\t<\/span><span class=\"aioseo-breadcrumb-separator\">&raquo;<\/span><span class=\"aioseo-breadcrumb\">\n\t\t\t<a href=\"https:\/\/semanariolaprensa.com\/avantpremiere\/category\/musica\/conciertos\/\" title=\"Conciertos\">Conciertos<\/a>\n\t\t<\/span><span class=\"aioseo-breadcrumb-separator\">&raquo;<\/span><span class=\"aioseo-breadcrumb\">\n\t\t\tGrilla completa confirmada para la Fiesta Nacional del Chorizo: conoc\u00e9 todos los artistas que estar\u00e1n en Pan de Az\u00facar\n\t\t<\/span><\/div>","aioseo_breadcrumb_json":[{"label":"Home","link":"https:\/\/semanariolaprensa.com\/avantpremiere"},{"label":"M\u00fasica","link":"https:\/\/semanariolaprensa.com\/avantpremiere\/category\/musica\/"},{"label":"Conciertos","link":"https:\/\/semanariolaprensa.com\/avantpremiere\/category\/musica\/conciertos\/"},{"label":"Grilla completa confirmada para la Fiesta Nacional del Chorizo: conoc\u00e9 todos los artistas que estar\u00e1n en Pan de Az\u00facar","link":"https:\/\/semanariolaprensa.com\/avantpremiere\/grilla-completa-confirmada-para-la-fiesta-nacional-del-chorizo-conoce-todos-los-artistas-que-estaran-en-pan-de-azucar\/"}],"jetpack_sharing_enabled":true,"jetpack_featured_media_url":"https:\/\/i0.wp.com\/semanariolaprensa.com\/avantpremiere\/wp-content\/uploads\/2026\/09\/fiestanacchorizopda3.png?fit=834%2C479&ssl=1","_links":{"self":[{"href":"https:\/\/semanariolaprensa.com\/avantpremiere\/wp-json\/wp\/v2\/posts\/3273","targetHints":{"allow":["GET"]}}],"collection":[{"href":"https:\/\/semanariolaprensa.com\/avantpremiere\/wp-json\/wp\/v2\/posts"}],"about":[{"href":"https:\/\/semanariolaprensa.com\/avantpremiere\/wp-json\/wp\/v2\/types\/post"}],"author":[{"embeddable":true,"href":"https:\/\/semanariolaprensa.com\/avantpremiere\/wp-json\/wp\/v2\/users\/1"}],"replies":[{"embeddable":true,"href":"https:\/\/semanariolaprensa.com\/avantpremiere\/wp-json\/wp\/v2\/comments?post=3273"}],"version-history":[{"count":2,"href":"https:\/\/semanariolaprensa.com\/avantpremiere\/wp-json\/wp\/v2\/posts\/3273\/revisions"}],"predecessor-version":[{"id":3289,"href":"https:\/\/semanariolaprensa.com\/avantpremiere\/wp-json\/wp\/v2\/posts\/3273\/revisions\/3289"}],"wp:featuredmedia":[{"embeddable":true,"href":"https:\/\/semanariolaprensa.com\/avantpremiere\/wp-json\/wp\/v2\/media\/3293"}],"wp:attachment":[{"href":"https:\/\/semanariolaprensa.com\/avantpremiere\/wp-json\/wp\/v2\/media?parent=3273"}],"wp:term":[{"taxonomy":"category","embeddable":true,"href":"https:\/\/semanariolaprensa.com\/avantpremiere\/wp-json\/wp\/v2\/categories?post=3273"},{"taxonomy":"post_tag","embeddable":true,"href":"https:\/\/semanariolaprensa.com\/avantpremiere\/wp-json\/wp\/v2\/tags?post=3273"}],"curies":[{"name":"wp","href":"https:\/\/api.w.org\/{rel}","templated":true}]}}