{"id":3267,"date":"2026-09-01T12:03:45","date_gmt":"2026-09-01T15:03:45","guid":{"rendered":"https:\/\/semanariolaprensa.com\/avantpremiere\/?p=3267"},"modified":"2026-09-01T12:03:47","modified_gmt":"2026-09-01T15:03:47","slug":"el-carnaval-de-notting-hill-celebra-60-anos-de-resistencia-cultural-y-ritmos-caribenos-en-londres","status":"publish","type":"post","link":"https:\/\/semanariolaprensa.com\/avantpremiere\/el-carnaval-de-notting-hill-celebra-60-anos-de-resistencia-cultural-y-ritmos-caribenos-en-londres\/","title":{"rendered":"El Carnaval de Notting Hill celebra 60 a\u00f1os de resistencia cultural y ritmos caribe\u00f1os en Londres"},"content":{"rendered":"\n<p class=\"wp-block-paragraph\"><strong>La tradicional fiesta callejera cumple sus bodas de diamante con el desfile infantil y el tradicional J&#8217;ouvert, bajo un masivo operativo de seguridad.<\/strong><\/p>\n\n\n\n<p class=\"wp-block-paragraph\">Con una explosi\u00f3n de color, danzas y percusi\u00f3n caribe\u00f1a, el ic\u00f3nico <strong>Carnaval de Notting Hill<\/strong> puso en marcha las celebraciones por su 60.\u00ba aniversario. Las calles del emblem\u00e1tico barrio del oeste londinense volvieron a transformarse en un gigantesco escenario a cielo abierto para dar inicio a sus bodas de diamante, una cita multitudinaria que cada a\u00f1o convoca a m\u00e1s de dos millones de asistentes.<\/p>\n\n\n\n<p class=\"wp-block-paragraph\">La apertura de los festejos estuvo marcada por el desfile de los m\u00e1s peque\u00f1os y el tradicional rito del <em>J&#8217;ouvert<\/em> previo al amanecer, una ceremonia en la que los participantes se cubren de pintura y polvos de colores para rememorar la historia de emancipaci\u00f3n comunitaria y dejar atr\u00e1s las inhibiciones cotidianas.<\/p>\n\n\n\n<h3 class=\"wp-block-heading\">De respuesta comunitaria a emblema global<\/h3>\n\n\n\n<p class=\"wp-block-paragraph\">Nacido en 1966 no como una simple festividad sino como una respuesta de uni\u00f3n y resistencia frente a las tensiones raciales de la \u00e9poca, el carnaval se consolid\u00f3 con las d\u00e9cadas como el m\u00e1ximo tributo a la cultura afrocaribe\u00f1a y a la impronta hist\u00f3rica de la generaci\u00f3n <em>Windrush<\/em> en el Reino Unido.<\/p>\n\n\n\n<p class=\"wp-block-paragraph\">La masividad de la convocatoria llev\u00f3 a la Polic\u00eda Metropolitana de Londres a desplegar un estricto dispositivo de seguridad integrado por m\u00e1s de 7.000 agentes, enfocado en prevenir incidentes de violencia, tenencia de armas y agresiones tras los cientos de detenciones registradas en ediciones anteriores. Las celebraciones continuar\u00e1n durante toda la jornada y culminar\u00e1n con el gran desfile central de adultos a lo largo del feriado bancario londinense.<\/p>\n\n\n\n<p class=\"wp-block-paragraph\">Avant Premi\u00e8re \/ EFE<\/p>\n\n\n\n<figure class=\"wp-block-gallery has-nested-images columns-default is-cropped wp-block-gallery-1 is-layout-flex wp-block-gallery-is-layout-flex\">\n<figure class=\"wp-block-image size-full\"><img data-recalc-dims=\"1\" fetchpriority=\"high\" decoding=\"async\" width=\"1024\" height=\"1024\" data-id=\"3270\" src=\"https:\/\/i0.wp.com\/semanariolaprensa.com\/avantpremiere\/wp-content\/uploads\/2026\/09\/img-0k3QsTQzFm9I81VytaccLJZK.webp?resize=1024%2C1024&#038;ssl=1\" alt=\"\" class=\"wp-image-3270\" srcset=\"https:\/\/i0.wp.com\/semanariolaprensa.com\/avantpremiere\/wp-content\/uploads\/2026\/09\/img-0k3QsTQzFm9I81VytaccLJZK.webp?w=1024&amp;ssl=1 1024w, https:\/\/i0.wp.com\/semanariolaprensa.com\/avantpremiere\/wp-content\/uploads\/2026\/09\/img-0k3QsTQzFm9I81VytaccLJZK.webp?resize=300%2C300&amp;ssl=1 300w, https:\/\/i0.wp.com\/semanariolaprensa.com\/avantpremiere\/wp-content\/uploads\/2026\/09\/img-0k3QsTQzFm9I81VytaccLJZK.webp?resize=150%2C150&amp;ssl=1 150w, https:\/\/i0.wp.com\/semanariolaprensa.com\/avantpremiere\/wp-content\/uploads\/2026\/09\/img-0k3QsTQzFm9I81VytaccLJZK.webp?resize=768%2C768&amp;ssl=1 768w, https:\/\/i0.wp.com\/semanariolaprensa.com\/avantpremiere\/wp-content\/uploads\/2026\/09\/img-0k3QsTQzFm9I81VytaccLJZK.webp?resize=75%2C75&amp;ssl=1 75w, https:\/\/i0.wp.com\/semanariolaprensa.com\/avantpremiere\/wp-content\/uploads\/2026\/09\/img-0k3QsTQzFm9I81VytaccLJZK.webp?resize=350%2C350&amp;ssl=1 350w, https:\/\/i0.wp.com\/semanariolaprensa.com\/avantpremiere\/wp-content\/uploads\/2026\/09\/img-0k3QsTQzFm9I81VytaccLJZK.webp?resize=750%2C750&amp;ssl=1 750w\" sizes=\"(max-width: 1000px) 100vw, 1000px\" \/><\/figure>\n\n\n\n<figure class=\"wp-block-image size-full\"><img data-recalc-dims=\"1\" decoding=\"async\" width=\"474\" height=\"266\" data-id=\"3268\" src=\"https:\/\/i0.wp.com\/semanariolaprensa.com\/avantpremiere\/wp-content\/uploads\/2026\/09\/OIP-2026-09-01T120051.109.webp?resize=474%2C266&#038;ssl=1\" alt=\"\" class=\"wp-image-3268\" srcset=\"https:\/\/i0.wp.com\/semanariolaprensa.com\/avantpremiere\/wp-content\/uploads\/2026\/09\/OIP-2026-09-01T120051.109.webp?w=474&amp;ssl=1 474w, https:\/\/i0.wp.com\/semanariolaprensa.com\/avantpremiere\/wp-content\/uploads\/2026\/09\/OIP-2026-09-01T120051.109.webp?resize=300%2C168&amp;ssl=1 300w\" sizes=\"(max-width: 474px) 100vw, 474px\" \/><\/figure>\n\n\n\n<figure class=\"wp-block-image size-full\"><img data-recalc-dims=\"1\" decoding=\"async\" width=\"474\" height=\"284\" data-id=\"3269\" src=\"https:\/\/i0.wp.com\/semanariolaprensa.com\/avantpremiere\/wp-content\/uploads\/2026\/09\/OIP-2026-09-01T120011.495.webp?resize=474%2C284&#038;ssl=1\" alt=\"\" class=\"wp-image-3269\" srcset=\"https:\/\/i0.wp.com\/semanariolaprensa.com\/avantpremiere\/wp-content\/uploads\/2026\/09\/OIP-2026-09-01T120011.495.webp?w=474&amp;ssl=1 474w, https:\/\/i0.wp.com\/semanariolaprensa.com\/avantpremiere\/wp-content\/uploads\/2026\/09\/OIP-2026-09-01T120011.495.webp?resize=300%2C180&amp;ssl=1 300w\" sizes=\"(max-width: 474px) 100vw, 474px\" \/><\/figure>\n<\/figure>\n","protected":false},"excerpt":{"rendered":"<p>La tradicional fiesta callejera cumple sus bodas de diamante con el desfile infantil y el tradicional J&#8217;ouvert, bajo un masivo operativo de seguridad. Con una explosi\u00f3n de color, danzas y percusi\u00f3n caribe\u00f1a, el ic\u00f3nico Carnaval de Notting Hill puso en marcha las celebraciones por su 60.\u00ba aniversario. Las calles del emblem\u00e1tico barrio del oeste londinense [&hellip;]<\/p>\n","protected":false},"author":2,"featured_media":3271,"comment_status":"open","ping_status":"open","sticky":false,"template":"","format":"standard","meta":{"om_disable_all_campaigns":false,"_monsterinsights_skip_tracking":false,"_jetpack_newsletter_access":"","_jetpack_dont_email_post_to_subs":false,"_jetpack_newsletter_tier_id":0,"_jetpack_memberships_contains_paywalled_content":false,"_jetpack_feature_clip_id":0,"_jetpack_memberships_contains_paid_content":false,"jnews-multi-image_gallery":[],"jnews_single_post":{"format":"standard"},"jnews_primary_category":[],"jnews_override_bookmark_settings":[],"jnews_social_meta":[],"jnews_review":[],"enable_review":"","type":"","name":"","summary":"","brand":"","sku":"","good":[],"bad":[],"score_override":"","override_value":"","rating":[],"price":[],"jnews_override_counter":[],"footnotes":"","jetpack_post_was_ever_published":false},"categories":[415,79,81,2119],"tags":[3531,3530,3532,3533,1362,3534,3535,2889],"class_list":["post-3267","post","type-post","status-publish","format-standard","has-post-thumbnail","hentry","category-cultura","category-radar-digital","category-seleccion-premiere","category-sociedad","tag-bodas-de-diamante","tag-carnaval-de-notting-hill","tag-cultura-caribena","tag-fiestas-populares","tag-londres","tag-musica-caribena","tag-notting-hill-60-anos","tag-reino-unido"],"aioseo_notices":[],"aioseo_head":"\n\t\t<!-- All in One SEO 5.0.1 - aioseo.com -->\n\t<meta name=\"description\" content=\"La tradicional fiesta callejera cumple sus bodas de diamante con el desfile infantil y el tradicional J&#039;ouvert, bajo un masivo operativo de seguridad. Con una explosi\u00f3n de color, danzas y percusi\u00f3n caribe\u00f1a, el ic\u00f3nico Carnaval de Notting Hill puso en marcha las celebraciones por su 60.\u00ba aniversario. Las calles del emblem\u00e1tico barrio del oeste londinense\" \/>\n\t<meta name=\"robots\" content=\"max-image-preview:large\" \/>\n\t<meta name=\"author\" content=\"Avant Premi\u00e8re\"\/>\n\t<link rel=\"canonical\" href=\"https:\/\/semanariolaprensa.com\/avantpremiere\/el-carnaval-de-notting-hill-celebra-60-anos-de-resistencia-cultural-y-ritmos-caribenos-en-londres\/\" \/>\n\t<meta name=\"generator\" content=\"All in One SEO (AIOSEO) 5.0.1\" \/>\n\t\t<meta property=\"og:locale\" content=\"es_ES\" \/>\n\t\t<meta property=\"og:site_name\" content=\"Avant-Premi\u00e8re - La primera fila del entretenimiento\" \/>\n\t\t<meta property=\"og:type\" content=\"article\" \/>\n\t\t<meta property=\"og:title\" content=\"El Carnaval de Notting Hill celebra 60 a\u00f1os de resistencia cultural y ritmos caribe\u00f1os en Londres - Avant-Premi\u00e8re\" \/>\n\t\t<meta property=\"og:description\" content=\"La tradicional fiesta callejera cumple sus bodas de diamante con el desfile infantil y el tradicional J&#039;ouvert, bajo un masivo operativo de seguridad. Con una explosi\u00f3n de color, danzas y percusi\u00f3n caribe\u00f1a, el ic\u00f3nico Carnaval de Notting Hill puso en marcha las celebraciones por su 60.\u00ba aniversario. Las calles del emblem\u00e1tico barrio del oeste londinense\" \/>\n\t\t<meta property=\"og:url\" content=\"https:\/\/semanariolaprensa.com\/avantpremiere\/el-carnaval-de-notting-hill-celebra-60-anos-de-resistencia-cultural-y-ritmos-caribenos-en-londres\/\" \/>\n\t\t<meta property=\"article:published_time\" content=\"2026-09-01T15:03:45+00:00\" \/>\n\t\t<meta property=\"article:modified_time\" content=\"2026-09-01T15:03:47+00:00\" \/>\n\t\t<meta name=\"twitter:card\" content=\"summary_large_image\" \/>\n\t\t<meta name=\"twitter:title\" content=\"El Carnaval de Notting Hill celebra 60 a\u00f1os de resistencia cultural y ritmos caribe\u00f1os en Londres - Avant-Premi\u00e8re\" \/>\n\t\t<meta name=\"twitter:description\" content=\"La tradicional fiesta callejera cumple sus bodas de diamante con el desfile infantil y el tradicional J&#039;ouvert, bajo un masivo operativo de seguridad. Con una explosi\u00f3n de color, danzas y percusi\u00f3n caribe\u00f1a, el ic\u00f3nico Carnaval de Notting Hill puso en marcha las celebraciones por su 60.\u00ba aniversario. Las calles del emblem\u00e1tico barrio del oeste londinense\" \/>\n\t\t<script type=\"application\/ld+json\" class=\"aioseo-schema\">\n\t\t\t{\"@context\":\"https:\\\/\\\/schema.org\",\"@graph\":[{\"@type\":\"BlogPosting\",\"@id\":\"https:\\\/\\\/semanariolaprensa.com\\\/avantpremiere\\\/el-carnaval-de-notting-hill-celebra-60-anos-de-resistencia-cultural-y-ritmos-caribenos-en-londres\\\/#blogposting\",\"name\":\"El Carnaval de Notting Hill celebra 60 a\\u00f1os de resistencia cultural y ritmos caribe\\u00f1os en Londres - Avant-Premi\\u00e8re\",\"headline\":\"El Carnaval de Notting Hill celebra 60 a\\u00f1os de resistencia cultural y ritmos caribe\\u00f1os en Londres\",\"author\":{\"@id\":\"https:\\\/\\\/semanariolaprensa.com\\\/avantpremiere\\\/author\\\/aqa\\\/#author\"},\"publisher\":{\"@id\":\"https:\\\/\\\/semanariolaprensa.com\\\/avantpremiere\\\/#organization\"},\"image\":{\"@type\":\"ImageObject\",\"url\":\"https:\\\/\\\/i0.wp.com\\\/semanariolaprensa.com\\\/avantpremiere\\\/wp-content\\\/uploads\\\/2026\\\/09\\\/Beija-flor-at-Copacabana.webp?fit=1382%2C778&ssl=1\",\"width\":1382,\"height\":778},\"datePublished\":\"2026-09-01T12:03:45-03:00\",\"dateModified\":\"2026-09-01T12:03:47-03:00\",\"inLanguage\":\"es-ES\",\"mainEntityOfPage\":{\"@id\":\"https:\\\/\\\/semanariolaprensa.com\\\/avantpremiere\\\/el-carnaval-de-notting-hill-celebra-60-anos-de-resistencia-cultural-y-ritmos-caribenos-en-londres\\\/#webpage\"},\"isPartOf\":{\"@id\":\"https:\\\/\\\/semanariolaprensa.com\\\/avantpremiere\\\/el-carnaval-de-notting-hill-celebra-60-anos-de-resistencia-cultural-y-ritmos-caribenos-en-londres\\\/#webpage\"},\"articleSection\":\"Cultura, Radar Digital, Selecci\\u00f3n Premiere, Sociedad, Bodas de diamante, Carnaval de Notting Hill, Cultura caribena, Fiestas populares, Londres, Musica caribena, Notting Hill 60 anos., Reino Unido\"},{\"@type\":\"BreadcrumbList\",\"@id\":\"https:\\\/\\\/semanariolaprensa.com\\\/avantpremiere\\\/el-carnaval-de-notting-hill-celebra-60-anos-de-resistencia-cultural-y-ritmos-caribenos-en-londres\\\/#breadcrumblist\",\"itemListElement\":[{\"@type\":\"ListItem\",\"@id\":\"https:\\\/\\\/semanariolaprensa.com\\\/avantpremiere#listItem\",\"position\":1,\"name\":\"Home\",\"item\":\"https:\\\/\\\/semanariolaprensa.com\\\/avantpremiere\",\"nextItem\":{\"@type\":\"ListItem\",\"@id\":\"https:\\\/\\\/semanariolaprensa.com\\\/avantpremiere\\\/category\\\/radar-digital\\\/#listItem\",\"name\":\"Radar Digital\"}},{\"@type\":\"ListItem\",\"@id\":\"https:\\\/\\\/semanariolaprensa.com\\\/avantpremiere\\\/category\\\/radar-digital\\\/#listItem\",\"position\":2,\"name\":\"Radar Digital\",\"item\":\"https:\\\/\\\/semanariolaprensa.com\\\/avantpremiere\\\/category\\\/radar-digital\\\/\",\"nextItem\":{\"@type\":\"ListItem\",\"@id\":\"https:\\\/\\\/semanariolaprensa.com\\\/avantpremiere\\\/el-carnaval-de-notting-hill-celebra-60-anos-de-resistencia-cultural-y-ritmos-caribenos-en-londres\\\/#listItem\",\"name\":\"El Carnaval de Notting Hill celebra 60 a\\u00f1os de resistencia cultural y ritmos caribe\\u00f1os en Londres\"},\"previousItem\":{\"@type\":\"ListItem\",\"@id\":\"https:\\\/\\\/semanariolaprensa.com\\\/avantpremiere#listItem\",\"name\":\"Home\"}},{\"@type\":\"ListItem\",\"@id\":\"https:\\\/\\\/semanariolaprensa.com\\\/avantpremiere\\\/el-carnaval-de-notting-hill-celebra-60-anos-de-resistencia-cultural-y-ritmos-caribenos-en-londres\\\/#listItem\",\"position\":3,\"name\":\"El Carnaval de Notting Hill celebra 60 a\\u00f1os de resistencia cultural y ritmos caribe\\u00f1os en Londres\",\"previousItem\":{\"@type\":\"ListItem\",\"@id\":\"https:\\\/\\\/semanariolaprensa.com\\\/avantpremiere\\\/category\\\/radar-digital\\\/#listItem\",\"name\":\"Radar Digital\"}}]},{\"@type\":\"Organization\",\"@id\":\"https:\\\/\\\/semanariolaprensa.com\\\/avantpremiere\\\/#organization\",\"name\":\"Avant-Premi\\u00e8re\",\"description\":\"La primera fila del entretenimiento\",\"url\":\"https:\\\/\\\/semanariolaprensa.com\\\/avantpremiere\\\/\",\"logo\":{\"@type\":\"ImageObject\",\"url\":\"https:\\\/\\\/i0.wp.com\\\/semanariolaprensa.com\\\/avantpremiere\\\/wp-content\\\/uploads\\\/2026\\\/01\\\/cropped-iconoaureapremiere-1.png?fit=512%2C512&ssl=1\",\"@id\":\"https:\\\/\\\/semanariolaprensa.com\\\/avantpremiere\\\/el-carnaval-de-notting-hill-celebra-60-anos-de-resistencia-cultural-y-ritmos-caribenos-en-londres\\\/#organizationLogo\",\"width\":512,\"height\":512},\"image\":{\"@id\":\"https:\\\/\\\/semanariolaprensa.com\\\/avantpremiere\\\/el-carnaval-de-notting-hill-celebra-60-anos-de-resistencia-cultural-y-ritmos-caribenos-en-londres\\\/#organizationLogo\"}},{\"@type\":\"Person\",\"@id\":\"https:\\\/\\\/semanariolaprensa.com\\\/avantpremiere\\\/author\\\/aqa\\\/#author\",\"url\":\"https:\\\/\\\/semanariolaprensa.com\\\/avantpremiere\\\/author\\\/aqa\\\/\",\"name\":\"Avant Premi\\u00e8re\",\"image\":{\"@type\":\"ImageObject\",\"@id\":\"https:\\\/\\\/semanariolaprensa.com\\\/avantpremiere\\\/el-carnaval-de-notting-hill-celebra-60-anos-de-resistencia-cultural-y-ritmos-caribenos-en-londres\\\/#authorImage\",\"url\":\"https:\\\/\\\/secure.gravatar.com\\\/avatar\\\/8261467639c77d439ef0a6fe9fda067f57b7cec919c69df59f13e2d44eb9e4c8?s=96&d=mm&r=g\",\"width\":96,\"height\":96,\"caption\":\"Avant Premi\\u00e8re\"}},{\"@type\":\"WebPage\",\"@id\":\"https:\\\/\\\/semanariolaprensa.com\\\/avantpremiere\\\/el-carnaval-de-notting-hill-celebra-60-anos-de-resistencia-cultural-y-ritmos-caribenos-en-londres\\\/#webpage\",\"url\":\"https:\\\/\\\/semanariolaprensa.com\\\/avantpremiere\\\/el-carnaval-de-notting-hill-celebra-60-anos-de-resistencia-cultural-y-ritmos-caribenos-en-londres\\\/\",\"name\":\"El Carnaval de Notting Hill celebra 60 a\\u00f1os de resistencia cultural y ritmos caribe\\u00f1os en Londres - Avant-Premi\\u00e8re\",\"description\":\"La tradicional fiesta callejera cumple sus bodas de diamante con el desfile infantil y el tradicional J'ouvert, bajo un masivo operativo de seguridad. Con una explosi\\u00f3n de color, danzas y percusi\\u00f3n caribe\\u00f1a, el ic\\u00f3nico Carnaval de Notting Hill puso en marcha las celebraciones por su 60.\\u00ba aniversario. Las calles del emblem\\u00e1tico barrio del oeste londinense\",\"inLanguage\":\"es-ES\",\"isPartOf\":{\"@id\":\"https:\\\/\\\/semanariolaprensa.com\\\/avantpremiere\\\/#website\"},\"breadcrumb\":{\"@id\":\"https:\\\/\\\/semanariolaprensa.com\\\/avantpremiere\\\/el-carnaval-de-notting-hill-celebra-60-anos-de-resistencia-cultural-y-ritmos-caribenos-en-londres\\\/#breadcrumblist\"},\"author\":{\"@id\":\"https:\\\/\\\/semanariolaprensa.com\\\/avantpremiere\\\/author\\\/aqa\\\/#author\"},\"creator\":{\"@id\":\"https:\\\/\\\/semanariolaprensa.com\\\/avantpremiere\\\/author\\\/aqa\\\/#author\"},\"image\":{\"@type\":\"ImageObject\",\"url\":\"https:\\\/\\\/i0.wp.com\\\/semanariolaprensa.com\\\/avantpremiere\\\/wp-content\\\/uploads\\\/2026\\\/09\\\/Beija-flor-at-Copacabana.webp?fit=1382%2C778&ssl=1\",\"@id\":\"https:\\\/\\\/semanariolaprensa.com\\\/avantpremiere\\\/el-carnaval-de-notting-hill-celebra-60-anos-de-resistencia-cultural-y-ritmos-caribenos-en-londres\\\/#mainImage\",\"width\":1382,\"height\":778},\"primaryImageOfPage\":{\"@id\":\"https:\\\/\\\/semanariolaprensa.com\\\/avantpremiere\\\/el-carnaval-de-notting-hill-celebra-60-anos-de-resistencia-cultural-y-ritmos-caribenos-en-londres\\\/#mainImage\"},\"datePublished\":\"2026-09-01T12:03:45-03:00\",\"dateModified\":\"2026-09-01T12:03:47-03:00\"},{\"@type\":\"WebSite\",\"@id\":\"https:\\\/\\\/semanariolaprensa.com\\\/avantpremiere\\\/#website\",\"url\":\"https:\\\/\\\/semanariolaprensa.com\\\/avantpremiere\\\/\",\"name\":\"Avant-Premi\\u00e8re\",\"description\":\"La primera fila del entretenimiento\",\"inLanguage\":\"es-ES\",\"publisher\":{\"@id\":\"https:\\\/\\\/semanariolaprensa.com\\\/avantpremiere\\\/#organization\"}}]}\n\t\t<\/script>\n\t\t<!-- All in One SEO -->\n\n","aioseo_head_json":{"title":"El Carnaval de Notting Hill celebra 60 a\u00f1os de resistencia cultural y ritmos caribe\u00f1os en Londres - Avant-Premi\u00e8re","description":"La tradicional fiesta callejera cumple sus bodas de diamante con el desfile infantil y el tradicional J'ouvert, bajo un masivo operativo de seguridad. Con una explosi\u00f3n de color, danzas y percusi\u00f3n caribe\u00f1a, el ic\u00f3nico Carnaval de Notting Hill puso en marcha las celebraciones por su 60.\u00ba aniversario. Las calles del emblem\u00e1tico barrio del oeste londinense","canonical_url":"https:\/\/semanariolaprensa.com\/avantpremiere\/el-carnaval-de-notting-hill-celebra-60-anos-de-resistencia-cultural-y-ritmos-caribenos-en-londres\/","robots":"max-image-preview:large","keywords":"","webmasterTools":{"miscellaneous":""},"schema":{"@context":"https:\/\/schema.org","@graph":[{"@type":"BlogPosting","@id":"https:\/\/semanariolaprensa.com\/avantpremiere\/el-carnaval-de-notting-hill-celebra-60-anos-de-resistencia-cultural-y-ritmos-caribenos-en-londres\/#blogposting","name":"El Carnaval de Notting Hill celebra 60 a\u00f1os de resistencia cultural y ritmos caribe\u00f1os en Londres - Avant-Premi\u00e8re","headline":"El Carnaval de Notting Hill celebra 60 a\u00f1os de resistencia cultural y ritmos caribe\u00f1os en Londres","author":{"@id":"https:\/\/semanariolaprensa.com\/avantpremiere\/author\/aqa\/#author"},"publisher":{"@id":"https:\/\/semanariolaprensa.com\/avantpremiere\/#organization"},"image":{"@type":"ImageObject","url":"https:\/\/i0.wp.com\/semanariolaprensa.com\/avantpremiere\/wp-content\/uploads\/2026\/09\/Beija-flor-at-Copacabana.webp?fit=1382%2C778&ssl=1","width":1382,"height":778},"datePublished":"2026-09-01T12:03:45-03:00","dateModified":"2026-09-01T12:03:47-03:00","inLanguage":"es-ES","mainEntityOfPage":{"@id":"https:\/\/semanariolaprensa.com\/avantpremiere\/el-carnaval-de-notting-hill-celebra-60-anos-de-resistencia-cultural-y-ritmos-caribenos-en-londres\/#webpage"},"isPartOf":{"@id":"https:\/\/semanariolaprensa.com\/avantpremiere\/el-carnaval-de-notting-hill-celebra-60-anos-de-resistencia-cultural-y-ritmos-caribenos-en-londres\/#webpage"},"articleSection":"Cultura, Radar Digital, Selecci\u00f3n Premiere, Sociedad, Bodas de diamante, Carnaval de Notting Hill, Cultura caribena, Fiestas populares, Londres, Musica caribena, Notting Hill 60 anos., Reino Unido"},{"@type":"BreadcrumbList","@id":"https:\/\/semanariolaprensa.com\/avantpremiere\/el-carnaval-de-notting-hill-celebra-60-anos-de-resistencia-cultural-y-ritmos-caribenos-en-londres\/#breadcrumblist","itemListElement":[{"@type":"ListItem","@id":"https:\/\/semanariolaprensa.com\/avantpremiere#listItem","position":1,"name":"Home","item":"https:\/\/semanariolaprensa.com\/avantpremiere","nextItem":{"@type":"ListItem","@id":"https:\/\/semanariolaprensa.com\/avantpremiere\/category\/radar-digital\/#listItem","name":"Radar Digital"}},{"@type":"ListItem","@id":"https:\/\/semanariolaprensa.com\/avantpremiere\/category\/radar-digital\/#listItem","position":2,"name":"Radar Digital","item":"https:\/\/semanariolaprensa.com\/avantpremiere\/category\/radar-digital\/","nextItem":{"@type":"ListItem","@id":"https:\/\/semanariolaprensa.com\/avantpremiere\/el-carnaval-de-notting-hill-celebra-60-anos-de-resistencia-cultural-y-ritmos-caribenos-en-londres\/#listItem","name":"El Carnaval de Notting Hill celebra 60 a\u00f1os de resistencia cultural y ritmos caribe\u00f1os en Londres"},"previousItem":{"@type":"ListItem","@id":"https:\/\/semanariolaprensa.com\/avantpremiere#listItem","name":"Home"}},{"@type":"ListItem","@id":"https:\/\/semanariolaprensa.com\/avantpremiere\/el-carnaval-de-notting-hill-celebra-60-anos-de-resistencia-cultural-y-ritmos-caribenos-en-londres\/#listItem","position":3,"name":"El Carnaval de Notting Hill celebra 60 a\u00f1os de resistencia cultural y ritmos caribe\u00f1os en Londres","previousItem":{"@type":"ListItem","@id":"https:\/\/semanariolaprensa.com\/avantpremiere\/category\/radar-digital\/#listItem","name":"Radar Digital"}}]},{"@type":"Organization","@id":"https:\/\/semanariolaprensa.com\/avantpremiere\/#organization","name":"Avant-Premi\u00e8re","description":"La primera fila del entretenimiento","url":"https:\/\/semanariolaprensa.com\/avantpremiere\/","logo":{"@type":"ImageObject","url":"https:\/\/i0.wp.com\/semanariolaprensa.com\/avantpremiere\/wp-content\/uploads\/2026\/01\/cropped-iconoaureapremiere-1.png?fit=512%2C512&ssl=1","@id":"https:\/\/semanariolaprensa.com\/avantpremiere\/el-carnaval-de-notting-hill-celebra-60-anos-de-resistencia-cultural-y-ritmos-caribenos-en-londres\/#organizationLogo","width":512,"height":512},"image":{"@id":"https:\/\/semanariolaprensa.com\/avantpremiere\/el-carnaval-de-notting-hill-celebra-60-anos-de-resistencia-cultural-y-ritmos-caribenos-en-londres\/#organizationLogo"}},{"@type":"Person","@id":"https:\/\/semanariolaprensa.com\/avantpremiere\/author\/aqa\/#author","url":"https:\/\/semanariolaprensa.com\/avantpremiere\/author\/aqa\/","name":"Avant Premi\u00e8re","image":{"@type":"ImageObject","@id":"https:\/\/semanariolaprensa.com\/avantpremiere\/el-carnaval-de-notting-hill-celebra-60-anos-de-resistencia-cultural-y-ritmos-caribenos-en-londres\/#authorImage","url":"https:\/\/secure.gravatar.com\/avatar\/8261467639c77d439ef0a6fe9fda067f57b7cec919c69df59f13e2d44eb9e4c8?s=96&d=mm&r=g","width":96,"height":96,"caption":"Avant Premi\u00e8re"}},{"@type":"WebPage","@id":"https:\/\/semanariolaprensa.com\/avantpremiere\/el-carnaval-de-notting-hill-celebra-60-anos-de-resistencia-cultural-y-ritmos-caribenos-en-londres\/#webpage","url":"https:\/\/semanariolaprensa.com\/avantpremiere\/el-carnaval-de-notting-hill-celebra-60-anos-de-resistencia-cultural-y-ritmos-caribenos-en-londres\/","name":"El Carnaval de Notting Hill celebra 60 a\u00f1os de resistencia cultural y ritmos caribe\u00f1os en Londres - Avant-Premi\u00e8re","description":"La tradicional fiesta callejera cumple sus bodas de diamante con el desfile infantil y el tradicional J'ouvert, bajo un masivo operativo de seguridad. Con una explosi\u00f3n de color, danzas y percusi\u00f3n caribe\u00f1a, el ic\u00f3nico Carnaval de Notting Hill puso en marcha las celebraciones por su 60.\u00ba aniversario. Las calles del emblem\u00e1tico barrio del oeste londinense","inLanguage":"es-ES","isPartOf":{"@id":"https:\/\/semanariolaprensa.com\/avantpremiere\/#website"},"breadcrumb":{"@id":"https:\/\/semanariolaprensa.com\/avantpremiere\/el-carnaval-de-notting-hill-celebra-60-anos-de-resistencia-cultural-y-ritmos-caribenos-en-londres\/#breadcrumblist"},"author":{"@id":"https:\/\/semanariolaprensa.com\/avantpremiere\/author\/aqa\/#author"},"creator":{"@id":"https:\/\/semanariolaprensa.com\/avantpremiere\/author\/aqa\/#author"},"image":{"@type":"ImageObject","url":"https:\/\/i0.wp.com\/semanariolaprensa.com\/avantpremiere\/wp-content\/uploads\/2026\/09\/Beija-flor-at-Copacabana.webp?fit=1382%2C778&ssl=1","@id":"https:\/\/semanariolaprensa.com\/avantpremiere\/el-carnaval-de-notting-hill-celebra-60-anos-de-resistencia-cultural-y-ritmos-caribenos-en-londres\/#mainImage","width":1382,"height":778},"primaryImageOfPage":{"@id":"https:\/\/semanariolaprensa.com\/avantpremiere\/el-carnaval-de-notting-hill-celebra-60-anos-de-resistencia-cultural-y-ritmos-caribenos-en-londres\/#mainImage"},"datePublished":"2026-09-01T12:03:45-03:00","dateModified":"2026-09-01T12:03:47-03:00"},{"@type":"WebSite","@id":"https:\/\/semanariolaprensa.com\/avantpremiere\/#website","url":"https:\/\/semanariolaprensa.com\/avantpremiere\/","name":"Avant-Premi\u00e8re","description":"La primera fila del entretenimiento","inLanguage":"es-ES","publisher":{"@id":"https:\/\/semanariolaprensa.com\/avantpremiere\/#organization"}}]},"og:locale":"es_ES","og:site_name":"Avant-Premi\u00e8re - La primera fila del entretenimiento","og:type":"article","og:title":"El Carnaval de Notting Hill celebra 60 a\u00f1os de resistencia cultural y ritmos caribe\u00f1os en Londres - Avant-Premi\u00e8re","og:description":"La tradicional fiesta callejera cumple sus bodas de diamante con el desfile infantil y el tradicional J'ouvert, bajo un masivo operativo de seguridad. Con una explosi\u00f3n de color, danzas y percusi\u00f3n caribe\u00f1a, el ic\u00f3nico Carnaval de Notting Hill puso en marcha las celebraciones por su 60.\u00ba aniversario. Las calles del emblem\u00e1tico barrio del oeste londinense","og:url":"https:\/\/semanariolaprensa.com\/avantpremiere\/el-carnaval-de-notting-hill-celebra-60-anos-de-resistencia-cultural-y-ritmos-caribenos-en-londres\/","article:published_time":"2026-09-01T15:03:45+00:00","article:modified_time":"2026-09-01T15:03:47+00:00","twitter:card":"summary_large_image","twitter:title":"El Carnaval de Notting Hill celebra 60 a\u00f1os de resistencia cultural y ritmos caribe\u00f1os en Londres - Avant-Premi\u00e8re","twitter:description":"La tradicional fiesta callejera cumple sus bodas de diamante con el desfile infantil y el tradicional J'ouvert, bajo un masivo operativo de seguridad. Con una explosi\u00f3n de color, danzas y percusi\u00f3n caribe\u00f1a, el ic\u00f3nico Carnaval de Notting Hill puso en marcha las celebraciones por su 60.\u00ba aniversario. Las calles del emblem\u00e1tico barrio del oeste londinense"},"aioseo_meta_data":{"post_id":"3267","title":null,"description":null,"keywords":null,"keyphrases":{"focus":{"keyphrase":"","score":0,"analysis":{"keyphraseInTitle":{"score":0,"maxScore":9,"error":1}}},"additional":[]},"primary_term":null,"canonical_url":null,"og_title":null,"og_description":null,"og_object_type":"default","og_image_type":"default","og_image_url":null,"og_image_width":null,"og_image_height":null,"og_image_custom_url":null,"og_image_custom_fields":null,"og_video":"","og_custom_url":null,"og_article_section":null,"og_article_tags":null,"twitter_use_og":false,"twitter_card":"default","twitter_image_type":"default","twitter_image_url":null,"twitter_image_custom_url":null,"twitter_image_custom_fields":null,"twitter_title":null,"twitter_description":null,"schema":{"blockGraphs":[],"customGraphs":[],"default":{"data":{"Article":[],"Course":[],"Dataset":[],"FAQPage":[],"Movie":[],"Person":[],"Product":[],"ProductReview":[],"Car":[],"Recipe":[],"Service":[],"SoftwareApplication":[],"WebPage":[]},"graphName":"BlogPosting","isEnabled":true},"graphs":[]},"schema_type":"default","schema_type_options":null,"pillar_content":false,"robots_default":true,"robots_noindex":false,"robots_noarchive":false,"robots_nosnippet":false,"robots_nofollow":false,"robots_noimageindex":false,"robots_noodp":false,"robots_notranslate":false,"robots_max_snippet":"-1","robots_max_videopreview":"-1","robots_max_imagepreview":"large","priority":null,"frequency":"default","local_seo":null,"breadcrumb_settings":null,"limit_modified_date":false,"ai":{"faqs":[],"keyPoints":[],"schemas":[],"titles":[],"descriptions":[],"socialPosts":{"email":{"subject":"","preview":"","content":""},"linkedin":[],"twitter":[],"facebook":[],"instagram":[]}},"created":"2026-09-01 15:03:47","updated":"2026-09-01 16:00:33","seo_analyzer_scan_date":null,"focus_keyword":null,"additional_keywords":null,"truseo_locale":null},"aioseo_breadcrumb":"<div class=\"aioseo-breadcrumbs\"><span class=\"aioseo-breadcrumb\">\n\t\t\t<a href=\"https:\/\/semanariolaprensa.com\/avantpremiere\" title=\"Home\">Home<\/a>\n\t\t<\/span><span class=\"aioseo-breadcrumb-separator\">&raquo;<\/span><span class=\"aioseo-breadcrumb\">\n\t\t\t<a href=\"https:\/\/semanariolaprensa.com\/avantpremiere\/category\/radar-digital\/\" title=\"Radar Digital\">Radar Digital<\/a>\n\t\t<\/span><span class=\"aioseo-breadcrumb-separator\">&raquo;<\/span><span class=\"aioseo-breadcrumb\">\n\t\t\tEl Carnaval de Notting Hill celebra 60 a\u00f1os de resistencia cultural y ritmos caribe\u00f1os en Londres\n\t\t<\/span><\/div>","aioseo_breadcrumb_json":[{"label":"Home","link":"https:\/\/semanariolaprensa.com\/avantpremiere"},{"label":"Radar Digital","link":"https:\/\/semanariolaprensa.com\/avantpremiere\/category\/radar-digital\/"},{"label":"El Carnaval de Notting Hill celebra 60 a\u00f1os de resistencia cultural y ritmos caribe\u00f1os en Londres","link":"https:\/\/semanariolaprensa.com\/avantpremiere\/el-carnaval-de-notting-hill-celebra-60-anos-de-resistencia-cultural-y-ritmos-caribenos-en-londres\/"}],"jetpack_sharing_enabled":true,"jetpack_featured_media_url":"https:\/\/i0.wp.com\/semanariolaprensa.com\/avantpremiere\/wp-content\/uploads\/2026\/09\/Beija-flor-at-Copacabana.webp?fit=1382%2C778&ssl=1","_links":{"self":[{"href":"https:\/\/semanariolaprensa.com\/avantpremiere\/wp-json\/wp\/v2\/posts\/3267","targetHints":{"allow":["GET"]}}],"collection":[{"href":"https:\/\/semanariolaprensa.com\/avantpremiere\/wp-json\/wp\/v2\/posts"}],"about":[{"href":"https:\/\/semanariolaprensa.com\/avantpremiere\/wp-json\/wp\/v2\/types\/post"}],"author":[{"embeddable":true,"href":"https:\/\/semanariolaprensa.com\/avantpremiere\/wp-json\/wp\/v2\/users\/2"}],"replies":[{"embeddable":true,"href":"https:\/\/semanariolaprensa.com\/avantpremiere\/wp-json\/wp\/v2\/comments?post=3267"}],"version-history":[{"count":1,"href":"https:\/\/semanariolaprensa.com\/avantpremiere\/wp-json\/wp\/v2\/posts\/3267\/revisions"}],"predecessor-version":[{"id":3272,"href":"https:\/\/semanariolaprensa.com\/avantpremiere\/wp-json\/wp\/v2\/posts\/3267\/revisions\/3272"}],"wp:featuredmedia":[{"embeddable":true,"href":"https:\/\/semanariolaprensa.com\/avantpremiere\/wp-json\/wp\/v2\/media\/3271"}],"wp:attachment":[{"href":"https:\/\/semanariolaprensa.com\/avantpremiere\/wp-json\/wp\/v2\/media?parent=3267"}],"wp:term":[{"taxonomy":"category","embeddable":true,"href":"https:\/\/semanariolaprensa.com\/avantpremiere\/wp-json\/wp\/v2\/categories?post=3267"},{"taxonomy":"post_tag","embeddable":true,"href":"https:\/\/semanariolaprensa.com\/avantpremiere\/wp-json\/wp\/v2\/tags?post=3267"}],"curies":[{"name":"wp","href":"https:\/\/api.w.org\/{rel}","templated":true}]}}