{"id":3264,"date":"2026-09-01T11:58:44","date_gmt":"2026-09-01T14:58:44","guid":{"rendered":"https:\/\/semanariolaprensa.com\/avantpremiere\/?p=3264"},"modified":"2026-09-01T11:58:46","modified_gmt":"2026-09-01T14:58:46","slug":"sobre-las-olas-la-pelicula-de-angeles-cruz-que-desmonta-el-mito-de-la-madre-perfecta-y-explora-la-fragilidad-humana","status":"publish","type":"post","link":"https:\/\/semanariolaprensa.com\/avantpremiere\/sobre-las-olas-la-pelicula-de-angeles-cruz-que-desmonta-el-mito-de-la-madre-perfecta-y-explora-la-fragilidad-humana\/","title":{"rendered":"&#8216;Sobre las olas&#8217;: la pel\u00edcula de \u00c1ngeles Cruz que desmonta el mito de la madre perfecta y explora la fragilidad humana"},"content":{"rendered":"\n<p class=\"wp-block-paragraph\"><strong>La actriz y guionista mexicana protagoniza junto a la espa\u00f1ola Roko una coproducci\u00f3n que cruza realismo y f\u00e1bula on\u00edrica para desafiar los mandatos sociales y los estereotipos culturales.<\/strong><\/p>\n\n\n\n<p class=\"wp-block-paragraph\">En m\u00e1s de tres d\u00e9cadas de carrera art\u00edstica, la actriz, guionista y realizadora oaxaque\u00f1a <strong>\u00c1ngeles Cruz<\/strong> ha hecho de la transgresi\u00f3n de los moldes convencionales su sello autoral. Con el estreno de <strong><em>&#8216;Sobre las olas&#8217;<\/em><\/strong>, largometraje dirigido por <strong>Horacio Alcal\u00e1<\/strong> (<em>&#8216;Finlandia&#8217;<\/em>), la creadora profundiza en la vulnerabilidad social y cuestiona el arquetipo de la maternidad intocable a trav\u00e9s del personaje de Gloria Zamora.<\/p>\n\n\n\n<p class=\"wp-block-paragraph\">\u00abEs una f\u00e1bula del poder, de la fragilidad del ser humano y de qu\u00e9 es lo que nos rompe en una sociedad tan hip\u00f3crita, sobre todo respecto al papel de la madre. En M\u00e9xico parecer\u00eda que las madres no tienen malos pensamientos, pero es una mentira: somos personas complejas e imperfectas respecto a nuestros quereres, al cuidado familiar o a vivir un sue\u00f1o propio\u00bb, explic\u00f3 Cruz en di\u00e1logo con EFE.<\/p>\n\n\n\n<p class=\"wp-block-paragraph\">La historia propone un di\u00e1logo entre dos realidades paralelas: la lucha de Gloria por superar sus urgencias econ\u00f3micas y lograr el reconocimiento eclesi\u00e1stico en la ficticia isla de Magdala \u2014filmada en los paisajes rurales de Jalisco\u2014, y el anhelo de la cantante espa\u00f1ola Roc\u00edo Aldama (<strong>Roko<\/strong>) por triunfar en los escenarios madrile\u00f1os emulando a Sara Montiel, en secuencias rodadas en blanco y negro.<\/p>\n\n\n\n<h3 class=\"wp-block-heading\">Coproducci\u00f3n hispano-mexicana y b\u00fasqueda sensorial<\/h3>\n\n\n\n<p class=\"wp-block-paragraph\">El director plante\u00f3 la narrativa como un juego de espejos donde el espectador debe discernir cu\u00e1l de las dos vivencias es real, apoyado en una cuidada atm\u00f3sfera visual y un dise\u00f1o sonoro a cargo del ensamble noruego Trondheim Voices. El elenco cuenta adem\u00e1s con la participaci\u00f3n del actor espa\u00f1ol Nacho Guerreros.<\/p>\n\n\n\n<p class=\"wp-block-paragraph\">Para Cruz, la escritura del filme represent\u00f3 una v\u00eda para distanciarse de los roles encasillados en clich\u00e9s racistas, clasistas o victimizantes asociados a los int\u00e9rpretes de origen ind\u00edgena. Coproducida entre M\u00e9xico y Espa\u00f1a con el respaldo del programa Cash Rebate de Jalisco e incentivos europeos, <em>&#8216;Sobre las olas&#8217;<\/em> integr\u00f3 la lista de precandidatas para representar a M\u00e9xico en los premios \u00d3scar y Goya de 2027 tras su paso por el Festival Internacional de Cine de Guadalajara (FICG), iniciando su recorrido comercial en salas este mes.<\/p>\n\n\n\n<p class=\"wp-block-paragraph\">Avant Premi\u00e8re \/ EFE<\/p>\n\n\n\n<p class=\"wp-block-paragraph\"><\/p>\n","protected":false},"excerpt":{"rendered":"<p>La actriz y guionista mexicana protagoniza junto a la espa\u00f1ola Roko una coproducci\u00f3n que cruza realismo y f\u00e1bula on\u00edrica para desafiar los mandatos sociales y los estereotipos culturales. En m\u00e1s de tres d\u00e9cadas de carrera art\u00edstica, la actriz, guionista y realizadora oaxaque\u00f1a \u00c1ngeles Cruz ha hecho de la transgresi\u00f3n de los moldes convencionales su sello [&hellip;]<\/p>\n","protected":false},"author":2,"featured_media":3265,"comment_status":"open","ping_status":"open","sticky":false,"template":"","format":"standard","meta":{"om_disable_all_campaigns":false,"_monsterinsights_skip_tracking":false,"_jetpack_newsletter_access":"","_jetpack_dont_email_post_to_subs":false,"_jetpack_newsletter_tier_id":0,"_jetpack_memberships_contains_paywalled_content":false,"_jetpack_feature_clip_id":0,"_jetpack_memberships_contains_paid_content":false,"jnews-multi-image_gallery":[],"jnews_single_post":{"format":"standard"},"jnews_primary_category":[],"jnews_override_bookmark_settings":[],"jnews_social_meta":[],"jnews_review":[],"enable_review":"","type":"","name":"","summary":"","brand":"","sku":"","good":[],"bad":[],"score_override":"","override_value":"","rating":[],"price":[],"jnews_override_counter":[],"footnotes":"","jetpack_post_was_ever_published":false},"categories":[383,415],"tags":[3524,3421,3319,3525,357,3529,3528,3526,3523,3527],"class_list":["post-3264","post","type-post","status-publish","format-standard","has-post-thumbnail","hentry","category-cine","category-cultura","tag-angeles-cruz","tag-cine-espanol-2","tag-cine-mexicano","tag-coproduccion","tag-estrenos-de-cine","tag-ficg","tag-horacio-alcala","tag-nacho-guerreros","tag-roko","tag-sobre-las-olas"],"aioseo_notices":[],"aioseo_head":"\n\t\t<!-- All in One SEO 5.0.1 - aioseo.com -->\n\t<meta name=\"description\" content=\"La actriz y guionista mexicana protagoniza junto a la espa\u00f1ola Roko una coproducci\u00f3n que cruza realismo y f\u00e1bula on\u00edrica para desafiar los mandatos sociales y los estereotipos culturales. En m\u00e1s de tres d\u00e9cadas de carrera art\u00edstica, la actriz, guionista y realizadora oaxaque\u00f1a \u00c1ngeles Cruz ha hecho de la transgresi\u00f3n de los moldes convencionales su sello\" \/>\n\t<meta name=\"robots\" content=\"max-image-preview:large\" \/>\n\t<meta name=\"author\" content=\"Avant Premi\u00e8re\"\/>\n\t<link rel=\"canonical\" href=\"https:\/\/semanariolaprensa.com\/avantpremiere\/sobre-las-olas-la-pelicula-de-angeles-cruz-que-desmonta-el-mito-de-la-madre-perfecta-y-explora-la-fragilidad-humana\/\" \/>\n\t<meta name=\"generator\" content=\"All in One SEO (AIOSEO) 5.0.1\" \/>\n\t\t<meta property=\"og:locale\" content=\"es_ES\" \/>\n\t\t<meta property=\"og:site_name\" content=\"Avant-Premi\u00e8re - La primera fila del entretenimiento\" \/>\n\t\t<meta property=\"og:type\" content=\"article\" \/>\n\t\t<meta property=\"og:title\" content=\"\u2018Sobre las olas\u2019: la pel\u00edcula de \u00c1ngeles Cruz que desmonta el mito de la madre perfecta y explora la fragilidad humana - Avant-Premi\u00e8re\" \/>\n\t\t<meta property=\"og:description\" content=\"La actriz y guionista mexicana protagoniza junto a la espa\u00f1ola Roko una coproducci\u00f3n que cruza realismo y f\u00e1bula on\u00edrica para desafiar los mandatos sociales y los estereotipos culturales. En m\u00e1s de tres d\u00e9cadas de carrera art\u00edstica, la actriz, guionista y realizadora oaxaque\u00f1a \u00c1ngeles Cruz ha hecho de la transgresi\u00f3n de los moldes convencionales su sello\" \/>\n\t\t<meta property=\"og:url\" content=\"https:\/\/semanariolaprensa.com\/avantpremiere\/sobre-las-olas-la-pelicula-de-angeles-cruz-que-desmonta-el-mito-de-la-madre-perfecta-y-explora-la-fragilidad-humana\/\" \/>\n\t\t<meta property=\"article:published_time\" content=\"2026-09-01T14:58:44+00:00\" \/>\n\t\t<meta property=\"article:modified_time\" content=\"2026-09-01T14:58:46+00:00\" \/>\n\t\t<meta name=\"twitter:card\" content=\"summary_large_image\" \/>\n\t\t<meta name=\"twitter:title\" content=\"\u2018Sobre las olas\u2019: la pel\u00edcula de \u00c1ngeles Cruz que desmonta el mito de la madre perfecta y explora la fragilidad humana - Avant-Premi\u00e8re\" \/>\n\t\t<meta name=\"twitter:description\" content=\"La actriz y guionista mexicana protagoniza junto a la espa\u00f1ola Roko una coproducci\u00f3n que cruza realismo y f\u00e1bula on\u00edrica para desafiar los mandatos sociales y los estereotipos culturales. En m\u00e1s de tres d\u00e9cadas de carrera art\u00edstica, la actriz, guionista y realizadora oaxaque\u00f1a \u00c1ngeles Cruz ha hecho de la transgresi\u00f3n de los moldes convencionales su sello\" \/>\n\t\t<script type=\"application\/ld+json\" class=\"aioseo-schema\">\n\t\t\t{\"@context\":\"https:\\\/\\\/schema.org\",\"@graph\":[{\"@type\":\"BlogPosting\",\"@id\":\"https:\\\/\\\/semanariolaprensa.com\\\/avantpremiere\\\/sobre-las-olas-la-pelicula-de-angeles-cruz-que-desmonta-el-mito-de-la-madre-perfecta-y-explora-la-fragilidad-humana\\\/#blogposting\",\"name\":\"\\u2018Sobre las olas\\u2019: la pel\\u00edcula de \\u00c1ngeles Cruz que desmonta el mito de la madre perfecta y explora la fragilidad humana - Avant-Premi\\u00e8re\",\"headline\":\"&#8216;Sobre las olas&#8217;: la pel\\u00edcula de \\u00c1ngeles Cruz que desmonta el mito de la madre perfecta y explora la fragilidad humana\",\"author\":{\"@id\":\"https:\\\/\\\/semanariolaprensa.com\\\/avantpremiere\\\/author\\\/aqa\\\/#author\"},\"publisher\":{\"@id\":\"https:\\\/\\\/semanariolaprensa.com\\\/avantpremiere\\\/#organization\"},\"image\":{\"@type\":\"ImageObject\",\"url\":\"https:\\\/\\\/i0.wp.com\\\/semanariolaprensa.com\\\/avantpremiere\\\/wp-content\\\/uploads\\\/2026\\\/09\\\/OIP-2026-09-01T115731.537.webp?fit=474%2C267&ssl=1\",\"width\":474,\"height\":267},\"datePublished\":\"2026-09-01T11:58:44-03:00\",\"dateModified\":\"2026-09-01T11:58:46-03:00\",\"inLanguage\":\"es-ES\",\"mainEntityOfPage\":{\"@id\":\"https:\\\/\\\/semanariolaprensa.com\\\/avantpremiere\\\/sobre-las-olas-la-pelicula-de-angeles-cruz-que-desmonta-el-mito-de-la-madre-perfecta-y-explora-la-fragilidad-humana\\\/#webpage\"},\"isPartOf\":{\"@id\":\"https:\\\/\\\/semanariolaprensa.com\\\/avantpremiere\\\/sobre-las-olas-la-pelicula-de-angeles-cruz-que-desmonta-el-mito-de-la-madre-perfecta-y-explora-la-fragilidad-humana\\\/#webpage\"},\"articleSection\":\"Cine, Cultura, Angeles Cruz, Cine espanol, Cine mexicano, Coproduccion, Estrenos de cine, FICG., Horacio Alcala, Nacho Guerreros, Roko, Sobre las olas\"},{\"@type\":\"BreadcrumbList\",\"@id\":\"https:\\\/\\\/semanariolaprensa.com\\\/avantpremiere\\\/sobre-las-olas-la-pelicula-de-angeles-cruz-que-desmonta-el-mito-de-la-madre-perfecta-y-explora-la-fragilidad-humana\\\/#breadcrumblist\",\"itemListElement\":[{\"@type\":\"ListItem\",\"@id\":\"https:\\\/\\\/semanariolaprensa.com\\\/avantpremiere#listItem\",\"position\":1,\"name\":\"Home\",\"item\":\"https:\\\/\\\/semanariolaprensa.com\\\/avantpremiere\",\"nextItem\":{\"@type\":\"ListItem\",\"@id\":\"https:\\\/\\\/semanariolaprensa.com\\\/avantpremiere\\\/category\\\/pantalla\\\/#listItem\",\"name\":\"Pantalla\"}},{\"@type\":\"ListItem\",\"@id\":\"https:\\\/\\\/semanariolaprensa.com\\\/avantpremiere\\\/category\\\/pantalla\\\/#listItem\",\"position\":2,\"name\":\"Pantalla\",\"item\":\"https:\\\/\\\/semanariolaprensa.com\\\/avantpremiere\\\/category\\\/pantalla\\\/\",\"nextItem\":{\"@type\":\"ListItem\",\"@id\":\"https:\\\/\\\/semanariolaprensa.com\\\/avantpremiere\\\/category\\\/pantalla\\\/cine\\\/#listItem\",\"name\":\"Cine\"},\"previousItem\":{\"@type\":\"ListItem\",\"@id\":\"https:\\\/\\\/semanariolaprensa.com\\\/avantpremiere#listItem\",\"name\":\"Home\"}},{\"@type\":\"ListItem\",\"@id\":\"https:\\\/\\\/semanariolaprensa.com\\\/avantpremiere\\\/category\\\/pantalla\\\/cine\\\/#listItem\",\"position\":3,\"name\":\"Cine\",\"item\":\"https:\\\/\\\/semanariolaprensa.com\\\/avantpremiere\\\/category\\\/pantalla\\\/cine\\\/\",\"nextItem\":{\"@type\":\"ListItem\",\"@id\":\"https:\\\/\\\/semanariolaprensa.com\\\/avantpremiere\\\/sobre-las-olas-la-pelicula-de-angeles-cruz-que-desmonta-el-mito-de-la-madre-perfecta-y-explora-la-fragilidad-humana\\\/#listItem\",\"name\":\"&#8216;Sobre las olas&#8217;: la pel\\u00edcula de \\u00c1ngeles Cruz que desmonta el mito de la madre perfecta y explora la fragilidad humana\"},\"previousItem\":{\"@type\":\"ListItem\",\"@id\":\"https:\\\/\\\/semanariolaprensa.com\\\/avantpremiere\\\/category\\\/pantalla\\\/#listItem\",\"name\":\"Pantalla\"}},{\"@type\":\"ListItem\",\"@id\":\"https:\\\/\\\/semanariolaprensa.com\\\/avantpremiere\\\/sobre-las-olas-la-pelicula-de-angeles-cruz-que-desmonta-el-mito-de-la-madre-perfecta-y-explora-la-fragilidad-humana\\\/#listItem\",\"position\":4,\"name\":\"&#8216;Sobre las olas&#8217;: la pel\\u00edcula de \\u00c1ngeles Cruz que desmonta el mito de la madre perfecta y explora la fragilidad humana\",\"previousItem\":{\"@type\":\"ListItem\",\"@id\":\"https:\\\/\\\/semanariolaprensa.com\\\/avantpremiere\\\/category\\\/pantalla\\\/cine\\\/#listItem\",\"name\":\"Cine\"}}]},{\"@type\":\"Organization\",\"@id\":\"https:\\\/\\\/semanariolaprensa.com\\\/avantpremiere\\\/#organization\",\"name\":\"Avant-Premi\\u00e8re\",\"description\":\"La primera fila del entretenimiento\",\"url\":\"https:\\\/\\\/semanariolaprensa.com\\\/avantpremiere\\\/\",\"logo\":{\"@type\":\"ImageObject\",\"url\":\"https:\\\/\\\/i0.wp.com\\\/semanariolaprensa.com\\\/avantpremiere\\\/wp-content\\\/uploads\\\/2026\\\/01\\\/cropped-iconoaureapremiere-1.png?fit=512%2C512&ssl=1\",\"@id\":\"https:\\\/\\\/semanariolaprensa.com\\\/avantpremiere\\\/sobre-las-olas-la-pelicula-de-angeles-cruz-que-desmonta-el-mito-de-la-madre-perfecta-y-explora-la-fragilidad-humana\\\/#organizationLogo\",\"width\":512,\"height\":512},\"image\":{\"@id\":\"https:\\\/\\\/semanariolaprensa.com\\\/avantpremiere\\\/sobre-las-olas-la-pelicula-de-angeles-cruz-que-desmonta-el-mito-de-la-madre-perfecta-y-explora-la-fragilidad-humana\\\/#organizationLogo\"}},{\"@type\":\"Person\",\"@id\":\"https:\\\/\\\/semanariolaprensa.com\\\/avantpremiere\\\/author\\\/aqa\\\/#author\",\"url\":\"https:\\\/\\\/semanariolaprensa.com\\\/avantpremiere\\\/author\\\/aqa\\\/\",\"name\":\"Avant Premi\\u00e8re\",\"image\":{\"@type\":\"ImageObject\",\"@id\":\"https:\\\/\\\/semanariolaprensa.com\\\/avantpremiere\\\/sobre-las-olas-la-pelicula-de-angeles-cruz-que-desmonta-el-mito-de-la-madre-perfecta-y-explora-la-fragilidad-humana\\\/#authorImage\",\"url\":\"https:\\\/\\\/secure.gravatar.com\\\/avatar\\\/8261467639c77d439ef0a6fe9fda067f57b7cec919c69df59f13e2d44eb9e4c8?s=96&d=mm&r=g\",\"width\":96,\"height\":96,\"caption\":\"Avant Premi\\u00e8re\"}},{\"@type\":\"WebPage\",\"@id\":\"https:\\\/\\\/semanariolaprensa.com\\\/avantpremiere\\\/sobre-las-olas-la-pelicula-de-angeles-cruz-que-desmonta-el-mito-de-la-madre-perfecta-y-explora-la-fragilidad-humana\\\/#webpage\",\"url\":\"https:\\\/\\\/semanariolaprensa.com\\\/avantpremiere\\\/sobre-las-olas-la-pelicula-de-angeles-cruz-que-desmonta-el-mito-de-la-madre-perfecta-y-explora-la-fragilidad-humana\\\/\",\"name\":\"\\u2018Sobre las olas\\u2019: la pel\\u00edcula de \\u00c1ngeles Cruz que desmonta el mito de la madre perfecta y explora la fragilidad humana - Avant-Premi\\u00e8re\",\"description\":\"La actriz y guionista mexicana protagoniza junto a la espa\\u00f1ola Roko una coproducci\\u00f3n que cruza realismo y f\\u00e1bula on\\u00edrica para desafiar los mandatos sociales y los estereotipos culturales. En m\\u00e1s de tres d\\u00e9cadas de carrera art\\u00edstica, la actriz, guionista y realizadora oaxaque\\u00f1a \\u00c1ngeles Cruz ha hecho de la transgresi\\u00f3n de los moldes convencionales su sello\",\"inLanguage\":\"es-ES\",\"isPartOf\":{\"@id\":\"https:\\\/\\\/semanariolaprensa.com\\\/avantpremiere\\\/#website\"},\"breadcrumb\":{\"@id\":\"https:\\\/\\\/semanariolaprensa.com\\\/avantpremiere\\\/sobre-las-olas-la-pelicula-de-angeles-cruz-que-desmonta-el-mito-de-la-madre-perfecta-y-explora-la-fragilidad-humana\\\/#breadcrumblist\"},\"author\":{\"@id\":\"https:\\\/\\\/semanariolaprensa.com\\\/avantpremiere\\\/author\\\/aqa\\\/#author\"},\"creator\":{\"@id\":\"https:\\\/\\\/semanariolaprensa.com\\\/avantpremiere\\\/author\\\/aqa\\\/#author\"},\"image\":{\"@type\":\"ImageObject\",\"url\":\"https:\\\/\\\/i0.wp.com\\\/semanariolaprensa.com\\\/avantpremiere\\\/wp-content\\\/uploads\\\/2026\\\/09\\\/OIP-2026-09-01T115731.537.webp?fit=474%2C267&ssl=1\",\"@id\":\"https:\\\/\\\/semanariolaprensa.com\\\/avantpremiere\\\/sobre-las-olas-la-pelicula-de-angeles-cruz-que-desmonta-el-mito-de-la-madre-perfecta-y-explora-la-fragilidad-humana\\\/#mainImage\",\"width\":474,\"height\":267},\"primaryImageOfPage\":{\"@id\":\"https:\\\/\\\/semanariolaprensa.com\\\/avantpremiere\\\/sobre-las-olas-la-pelicula-de-angeles-cruz-que-desmonta-el-mito-de-la-madre-perfecta-y-explora-la-fragilidad-humana\\\/#mainImage\"},\"datePublished\":\"2026-09-01T11:58:44-03:00\",\"dateModified\":\"2026-09-01T11:58:46-03:00\"},{\"@type\":\"WebSite\",\"@id\":\"https:\\\/\\\/semanariolaprensa.com\\\/avantpremiere\\\/#website\",\"url\":\"https:\\\/\\\/semanariolaprensa.com\\\/avantpremiere\\\/\",\"name\":\"Avant-Premi\\u00e8re\",\"description\":\"La primera fila del entretenimiento\",\"inLanguage\":\"es-ES\",\"publisher\":{\"@id\":\"https:\\\/\\\/semanariolaprensa.com\\\/avantpremiere\\\/#organization\"}}]}\n\t\t<\/script>\n\t\t<!-- All in One SEO -->\n\n","aioseo_head_json":{"title":"\u2018Sobre las olas\u2019: la pel\u00edcula de \u00c1ngeles Cruz que desmonta el mito de la madre perfecta y explora la fragilidad humana - Avant-Premi\u00e8re","description":"La actriz y guionista mexicana protagoniza junto a la espa\u00f1ola Roko una coproducci\u00f3n que cruza realismo y f\u00e1bula on\u00edrica para desafiar los mandatos sociales y los estereotipos culturales. En m\u00e1s de tres d\u00e9cadas de carrera art\u00edstica, la actriz, guionista y realizadora oaxaque\u00f1a \u00c1ngeles Cruz ha hecho de la transgresi\u00f3n de los moldes convencionales su sello","canonical_url":"https:\/\/semanariolaprensa.com\/avantpremiere\/sobre-las-olas-la-pelicula-de-angeles-cruz-que-desmonta-el-mito-de-la-madre-perfecta-y-explora-la-fragilidad-humana\/","robots":"max-image-preview:large","keywords":"","webmasterTools":{"miscellaneous":""},"schema":{"@context":"https:\/\/schema.org","@graph":[{"@type":"BlogPosting","@id":"https:\/\/semanariolaprensa.com\/avantpremiere\/sobre-las-olas-la-pelicula-de-angeles-cruz-que-desmonta-el-mito-de-la-madre-perfecta-y-explora-la-fragilidad-humana\/#blogposting","name":"\u2018Sobre las olas\u2019: la pel\u00edcula de \u00c1ngeles Cruz que desmonta el mito de la madre perfecta y explora la fragilidad humana - Avant-Premi\u00e8re","headline":"&#8216;Sobre las olas&#8217;: la pel\u00edcula de \u00c1ngeles Cruz que desmonta el mito de la madre perfecta y explora la fragilidad humana","author":{"@id":"https:\/\/semanariolaprensa.com\/avantpremiere\/author\/aqa\/#author"},"publisher":{"@id":"https:\/\/semanariolaprensa.com\/avantpremiere\/#organization"},"image":{"@type":"ImageObject","url":"https:\/\/i0.wp.com\/semanariolaprensa.com\/avantpremiere\/wp-content\/uploads\/2026\/09\/OIP-2026-09-01T115731.537.webp?fit=474%2C267&ssl=1","width":474,"height":267},"datePublished":"2026-09-01T11:58:44-03:00","dateModified":"2026-09-01T11:58:46-03:00","inLanguage":"es-ES","mainEntityOfPage":{"@id":"https:\/\/semanariolaprensa.com\/avantpremiere\/sobre-las-olas-la-pelicula-de-angeles-cruz-que-desmonta-el-mito-de-la-madre-perfecta-y-explora-la-fragilidad-humana\/#webpage"},"isPartOf":{"@id":"https:\/\/semanariolaprensa.com\/avantpremiere\/sobre-las-olas-la-pelicula-de-angeles-cruz-que-desmonta-el-mito-de-la-madre-perfecta-y-explora-la-fragilidad-humana\/#webpage"},"articleSection":"Cine, Cultura, Angeles Cruz, Cine espanol, Cine mexicano, Coproduccion, Estrenos de cine, FICG., Horacio Alcala, Nacho Guerreros, Roko, Sobre las olas"},{"@type":"BreadcrumbList","@id":"https:\/\/semanariolaprensa.com\/avantpremiere\/sobre-las-olas-la-pelicula-de-angeles-cruz-que-desmonta-el-mito-de-la-madre-perfecta-y-explora-la-fragilidad-humana\/#breadcrumblist","itemListElement":[{"@type":"ListItem","@id":"https:\/\/semanariolaprensa.com\/avantpremiere#listItem","position":1,"name":"Home","item":"https:\/\/semanariolaprensa.com\/avantpremiere","nextItem":{"@type":"ListItem","@id":"https:\/\/semanariolaprensa.com\/avantpremiere\/category\/pantalla\/#listItem","name":"Pantalla"}},{"@type":"ListItem","@id":"https:\/\/semanariolaprensa.com\/avantpremiere\/category\/pantalla\/#listItem","position":2,"name":"Pantalla","item":"https:\/\/semanariolaprensa.com\/avantpremiere\/category\/pantalla\/","nextItem":{"@type":"ListItem","@id":"https:\/\/semanariolaprensa.com\/avantpremiere\/category\/pantalla\/cine\/#listItem","name":"Cine"},"previousItem":{"@type":"ListItem","@id":"https:\/\/semanariolaprensa.com\/avantpremiere#listItem","name":"Home"}},{"@type":"ListItem","@id":"https:\/\/semanariolaprensa.com\/avantpremiere\/category\/pantalla\/cine\/#listItem","position":3,"name":"Cine","item":"https:\/\/semanariolaprensa.com\/avantpremiere\/category\/pantalla\/cine\/","nextItem":{"@type":"ListItem","@id":"https:\/\/semanariolaprensa.com\/avantpremiere\/sobre-las-olas-la-pelicula-de-angeles-cruz-que-desmonta-el-mito-de-la-madre-perfecta-y-explora-la-fragilidad-humana\/#listItem","name":"&#8216;Sobre las olas&#8217;: la pel\u00edcula de \u00c1ngeles Cruz que desmonta el mito de la madre perfecta y explora la fragilidad humana"},"previousItem":{"@type":"ListItem","@id":"https:\/\/semanariolaprensa.com\/avantpremiere\/category\/pantalla\/#listItem","name":"Pantalla"}},{"@type":"ListItem","@id":"https:\/\/semanariolaprensa.com\/avantpremiere\/sobre-las-olas-la-pelicula-de-angeles-cruz-que-desmonta-el-mito-de-la-madre-perfecta-y-explora-la-fragilidad-humana\/#listItem","position":4,"name":"&#8216;Sobre las olas&#8217;: la pel\u00edcula de \u00c1ngeles Cruz que desmonta el mito de la madre perfecta y explora la fragilidad humana","previousItem":{"@type":"ListItem","@id":"https:\/\/semanariolaprensa.com\/avantpremiere\/category\/pantalla\/cine\/#listItem","name":"Cine"}}]},{"@type":"Organization","@id":"https:\/\/semanariolaprensa.com\/avantpremiere\/#organization","name":"Avant-Premi\u00e8re","description":"La primera fila del entretenimiento","url":"https:\/\/semanariolaprensa.com\/avantpremiere\/","logo":{"@type":"ImageObject","url":"https:\/\/i0.wp.com\/semanariolaprensa.com\/avantpremiere\/wp-content\/uploads\/2026\/01\/cropped-iconoaureapremiere-1.png?fit=512%2C512&ssl=1","@id":"https:\/\/semanariolaprensa.com\/avantpremiere\/sobre-las-olas-la-pelicula-de-angeles-cruz-que-desmonta-el-mito-de-la-madre-perfecta-y-explora-la-fragilidad-humana\/#organizationLogo","width":512,"height":512},"image":{"@id":"https:\/\/semanariolaprensa.com\/avantpremiere\/sobre-las-olas-la-pelicula-de-angeles-cruz-que-desmonta-el-mito-de-la-madre-perfecta-y-explora-la-fragilidad-humana\/#organizationLogo"}},{"@type":"Person","@id":"https:\/\/semanariolaprensa.com\/avantpremiere\/author\/aqa\/#author","url":"https:\/\/semanariolaprensa.com\/avantpremiere\/author\/aqa\/","name":"Avant Premi\u00e8re","image":{"@type":"ImageObject","@id":"https:\/\/semanariolaprensa.com\/avantpremiere\/sobre-las-olas-la-pelicula-de-angeles-cruz-que-desmonta-el-mito-de-la-madre-perfecta-y-explora-la-fragilidad-humana\/#authorImage","url":"https:\/\/secure.gravatar.com\/avatar\/8261467639c77d439ef0a6fe9fda067f57b7cec919c69df59f13e2d44eb9e4c8?s=96&d=mm&r=g","width":96,"height":96,"caption":"Avant Premi\u00e8re"}},{"@type":"WebPage","@id":"https:\/\/semanariolaprensa.com\/avantpremiere\/sobre-las-olas-la-pelicula-de-angeles-cruz-que-desmonta-el-mito-de-la-madre-perfecta-y-explora-la-fragilidad-humana\/#webpage","url":"https:\/\/semanariolaprensa.com\/avantpremiere\/sobre-las-olas-la-pelicula-de-angeles-cruz-que-desmonta-el-mito-de-la-madre-perfecta-y-explora-la-fragilidad-humana\/","name":"\u2018Sobre las olas\u2019: la pel\u00edcula de \u00c1ngeles Cruz que desmonta el mito de la madre perfecta y explora la fragilidad humana - Avant-Premi\u00e8re","description":"La actriz y guionista mexicana protagoniza junto a la espa\u00f1ola Roko una coproducci\u00f3n que cruza realismo y f\u00e1bula on\u00edrica para desafiar los mandatos sociales y los estereotipos culturales. En m\u00e1s de tres d\u00e9cadas de carrera art\u00edstica, la actriz, guionista y realizadora oaxaque\u00f1a \u00c1ngeles Cruz ha hecho de la transgresi\u00f3n de los moldes convencionales su sello","inLanguage":"es-ES","isPartOf":{"@id":"https:\/\/semanariolaprensa.com\/avantpremiere\/#website"},"breadcrumb":{"@id":"https:\/\/semanariolaprensa.com\/avantpremiere\/sobre-las-olas-la-pelicula-de-angeles-cruz-que-desmonta-el-mito-de-la-madre-perfecta-y-explora-la-fragilidad-humana\/#breadcrumblist"},"author":{"@id":"https:\/\/semanariolaprensa.com\/avantpremiere\/author\/aqa\/#author"},"creator":{"@id":"https:\/\/semanariolaprensa.com\/avantpremiere\/author\/aqa\/#author"},"image":{"@type":"ImageObject","url":"https:\/\/i0.wp.com\/semanariolaprensa.com\/avantpremiere\/wp-content\/uploads\/2026\/09\/OIP-2026-09-01T115731.537.webp?fit=474%2C267&ssl=1","@id":"https:\/\/semanariolaprensa.com\/avantpremiere\/sobre-las-olas-la-pelicula-de-angeles-cruz-que-desmonta-el-mito-de-la-madre-perfecta-y-explora-la-fragilidad-humana\/#mainImage","width":474,"height":267},"primaryImageOfPage":{"@id":"https:\/\/semanariolaprensa.com\/avantpremiere\/sobre-las-olas-la-pelicula-de-angeles-cruz-que-desmonta-el-mito-de-la-madre-perfecta-y-explora-la-fragilidad-humana\/#mainImage"},"datePublished":"2026-09-01T11:58:44-03:00","dateModified":"2026-09-01T11:58:46-03:00"},{"@type":"WebSite","@id":"https:\/\/semanariolaprensa.com\/avantpremiere\/#website","url":"https:\/\/semanariolaprensa.com\/avantpremiere\/","name":"Avant-Premi\u00e8re","description":"La primera fila del entretenimiento","inLanguage":"es-ES","publisher":{"@id":"https:\/\/semanariolaprensa.com\/avantpremiere\/#organization"}}]},"og:locale":"es_ES","og:site_name":"Avant-Premi\u00e8re - La primera fila del entretenimiento","og:type":"article","og:title":"\u2018Sobre las olas\u2019: la pel\u00edcula de \u00c1ngeles Cruz que desmonta el mito de la madre perfecta y explora la fragilidad humana - Avant-Premi\u00e8re","og:description":"La actriz y guionista mexicana protagoniza junto a la espa\u00f1ola Roko una coproducci\u00f3n que cruza realismo y f\u00e1bula on\u00edrica para desafiar los mandatos sociales y los estereotipos culturales. En m\u00e1s de tres d\u00e9cadas de carrera art\u00edstica, la actriz, guionista y realizadora oaxaque\u00f1a \u00c1ngeles Cruz ha hecho de la transgresi\u00f3n de los moldes convencionales su sello","og:url":"https:\/\/semanariolaprensa.com\/avantpremiere\/sobre-las-olas-la-pelicula-de-angeles-cruz-que-desmonta-el-mito-de-la-madre-perfecta-y-explora-la-fragilidad-humana\/","article:published_time":"2026-09-01T14:58:44+00:00","article:modified_time":"2026-09-01T14:58:46+00:00","twitter:card":"summary_large_image","twitter:title":"\u2018Sobre las olas\u2019: la pel\u00edcula de \u00c1ngeles Cruz que desmonta el mito de la madre perfecta y explora la fragilidad humana - Avant-Premi\u00e8re","twitter:description":"La actriz y guionista mexicana protagoniza junto a la espa\u00f1ola Roko una coproducci\u00f3n que cruza realismo y f\u00e1bula on\u00edrica para desafiar los mandatos sociales y los estereotipos culturales. En m\u00e1s de tres d\u00e9cadas de carrera art\u00edstica, la actriz, guionista y realizadora oaxaque\u00f1a \u00c1ngeles Cruz ha hecho de la transgresi\u00f3n de los moldes convencionales su sello"},"aioseo_meta_data":{"post_id":"3264","title":null,"description":null,"keywords":null,"keyphrases":{"focus":{"keyphrase":"","score":0,"analysis":{"keyphraseInTitle":{"score":0,"maxScore":9,"error":1}}},"additional":[]},"primary_term":null,"canonical_url":null,"og_title":null,"og_description":null,"og_object_type":"default","og_image_type":"default","og_image_url":null,"og_image_width":null,"og_image_height":null,"og_image_custom_url":null,"og_image_custom_fields":null,"og_video":"","og_custom_url":null,"og_article_section":null,"og_article_tags":null,"twitter_use_og":false,"twitter_card":"default","twitter_image_type":"default","twitter_image_url":null,"twitter_image_custom_url":null,"twitter_image_custom_fields":null,"twitter_title":null,"twitter_description":null,"schema":{"blockGraphs":[],"customGraphs":[],"default":{"data":{"Article":[],"Course":[],"Dataset":[],"FAQPage":[],"Movie":[],"Person":[],"Product":[],"ProductReview":[],"Car":[],"Recipe":[],"Service":[],"SoftwareApplication":[],"WebPage":[]},"graphName":"BlogPosting","isEnabled":true},"graphs":[]},"schema_type":"default","schema_type_options":null,"pillar_content":false,"robots_default":true,"robots_noindex":false,"robots_noarchive":false,"robots_nosnippet":false,"robots_nofollow":false,"robots_noimageindex":false,"robots_noodp":false,"robots_notranslate":false,"robots_max_snippet":"-1","robots_max_videopreview":"-1","robots_max_imagepreview":"large","priority":null,"frequency":"default","local_seo":null,"breadcrumb_settings":null,"limit_modified_date":false,"ai":{"faqs":[],"keyPoints":[],"schemas":[],"titles":[],"descriptions":[],"socialPosts":{"email":{"subject":"","preview":"","content":""},"linkedin":[],"twitter":[],"facebook":[],"instagram":[]}},"created":"2026-09-01 14:58:46","updated":"2026-09-01 16:00:33","seo_analyzer_scan_date":null,"focus_keyword":null,"additional_keywords":null,"truseo_locale":null},"aioseo_breadcrumb":"<div class=\"aioseo-breadcrumbs\"><span class=\"aioseo-breadcrumb\">\n\t\t\t<a href=\"https:\/\/semanariolaprensa.com\/avantpremiere\" title=\"Home\">Home<\/a>\n\t\t<\/span><span class=\"aioseo-breadcrumb-separator\">&raquo;<\/span><span class=\"aioseo-breadcrumb\">\n\t\t\t<a href=\"https:\/\/semanariolaprensa.com\/avantpremiere\/category\/pantalla\/\" title=\"Pantalla\">Pantalla<\/a>\n\t\t<\/span><span class=\"aioseo-breadcrumb-separator\">&raquo;<\/span><span class=\"aioseo-breadcrumb\">\n\t\t\t<a href=\"https:\/\/semanariolaprensa.com\/avantpremiere\/category\/pantalla\/cine\/\" title=\"Cine\">Cine<\/a>\n\t\t<\/span><span class=\"aioseo-breadcrumb-separator\">&raquo;<\/span><span class=\"aioseo-breadcrumb\">\n\t\t\t\u2018Sobre las olas\u2019: la pel\u00edcula de \u00c1ngeles Cruz que desmonta el mito de la madre perfecta y explora la fragilidad humana\n\t\t<\/span><\/div>","aioseo_breadcrumb_json":[{"label":"Home","link":"https:\/\/semanariolaprensa.com\/avantpremiere"},{"label":"Pantalla","link":"https:\/\/semanariolaprensa.com\/avantpremiere\/category\/pantalla\/"},{"label":"Cine","link":"https:\/\/semanariolaprensa.com\/avantpremiere\/category\/pantalla\/cine\/"},{"label":"&#8216;Sobre las olas&#8217;: la pel\u00edcula de \u00c1ngeles Cruz que desmonta el mito de la madre perfecta y explora la fragilidad humana","link":"https:\/\/semanariolaprensa.com\/avantpremiere\/sobre-las-olas-la-pelicula-de-angeles-cruz-que-desmonta-el-mito-de-la-madre-perfecta-y-explora-la-fragilidad-humana\/"}],"jetpack_sharing_enabled":true,"jetpack_featured_media_url":"https:\/\/i0.wp.com\/semanariolaprensa.com\/avantpremiere\/wp-content\/uploads\/2026\/09\/OIP-2026-09-01T115731.537.webp?fit=474%2C267&ssl=1","_links":{"self":[{"href":"https:\/\/semanariolaprensa.com\/avantpremiere\/wp-json\/wp\/v2\/posts\/3264","targetHints":{"allow":["GET"]}}],"collection":[{"href":"https:\/\/semanariolaprensa.com\/avantpremiere\/wp-json\/wp\/v2\/posts"}],"about":[{"href":"https:\/\/semanariolaprensa.com\/avantpremiere\/wp-json\/wp\/v2\/types\/post"}],"author":[{"embeddable":true,"href":"https:\/\/semanariolaprensa.com\/avantpremiere\/wp-json\/wp\/v2\/users\/2"}],"replies":[{"embeddable":true,"href":"https:\/\/semanariolaprensa.com\/avantpremiere\/wp-json\/wp\/v2\/comments?post=3264"}],"version-history":[{"count":1,"href":"https:\/\/semanariolaprensa.com\/avantpremiere\/wp-json\/wp\/v2\/posts\/3264\/revisions"}],"predecessor-version":[{"id":3266,"href":"https:\/\/semanariolaprensa.com\/avantpremiere\/wp-json\/wp\/v2\/posts\/3264\/revisions\/3266"}],"wp:featuredmedia":[{"embeddable":true,"href":"https:\/\/semanariolaprensa.com\/avantpremiere\/wp-json\/wp\/v2\/media\/3265"}],"wp:attachment":[{"href":"https:\/\/semanariolaprensa.com\/avantpremiere\/wp-json\/wp\/v2\/media?parent=3264"}],"wp:term":[{"taxonomy":"category","embeddable":true,"href":"https:\/\/semanariolaprensa.com\/avantpremiere\/wp-json\/wp\/v2\/categories?post=3264"},{"taxonomy":"post_tag","embeddable":true,"href":"https:\/\/semanariolaprensa.com\/avantpremiere\/wp-json\/wp\/v2\/tags?post=3264"}],"curies":[{"name":"wp","href":"https:\/\/api.w.org\/{rel}","templated":true}]}}