{"id":3259,"date":"2026-09-01T11:30:00","date_gmt":"2026-09-01T14:30:00","guid":{"rendered":"https:\/\/semanariolaprensa.com\/avantpremiere\/?p=3259"},"modified":"2026-09-01T11:31:08","modified_gmt":"2026-09-01T14:31:08","slug":"el-procer-imanol-sibes-llega-a-playa-verde-para-brindar-un-imperdible-taller-de-murga","status":"publish","type":"post","link":"https:\/\/semanariolaprensa.com\/avantpremiere\/el-procer-imanol-sibes-llega-a-playa-verde-para-brindar-un-imperdible-taller-de-murga\/","title":{"rendered":"\u201cEl Pr\u00f3cer\u201d Imanol Sibes llega a Playa Verde para brindar un imperdible taller de murga"},"content":{"rendered":"\n<p class=\"wp-block-paragraph\"><strong>La propuesta se realizar\u00e1 este s\u00e1bado 5 de setiembre en Cafun\u00e9 Cocina, con cupos limitados y una oportunidad especial para quienes quieran acercarse al mundo de la murga.<\/strong><\/p>\n\n\n\n<p class=\"wp-block-paragraph\">Playa Verde ser\u00e1 escenario de un nuevo encuentro con el carnaval uruguayo, con la presencia de <strong> \u201cEl Pr\u00f3cer\u201d<\/strong>, Imanol Sibes, una de las grandes figuras del Carnaval Mayor, quien se presentar\u00e1 para brindar un taller de murga abierto a quienes quieran disfrutar y aprender de esta expresi\u00f3n art\u00edstica tan arraigada en la cultura uruguaya. El encuentro propone una tarde diferente, con m\u00fasica, murga y carnaval, en una actividad especialmente pensada para compartir conocimientos y experiencias de la mano de una figura destacada del g\u00e9nero.<\/p>\n\n\n\n<p class=\"wp-block-paragraph\">El taller se llevar\u00e1 a cabo el <strong>s\u00e1bado 5 de setiembre, de 16:00 a 19:00 horas<\/strong>, en <strong>Cafun\u00e9 Cocina<\/strong>, ubicado en calle Maldonado entre Artigas y Montevideo, en Playa Verde (Piri\u00e1polis).<\/p>\n\n\n\n<p class=\"wp-block-paragraph\">La participaci\u00f3n tiene un valor de <strong>$500<\/strong> y los cupos son limitados, por lo que se recomienda realizar la inscripci\u00f3n con anticipaci\u00f3n.<\/p>\n\n\n\n<h3 class=\"wp-block-heading\">Datos del encuentro<\/h3>\n\n\n\n<p class=\"wp-block-paragraph\">\ud83d\udcc5 <strong>S\u00e1bado 5 de septiembre<\/strong><br>\u23f0 <strong>De 16:00 a 19:00 horas<\/strong><br>\ud83c\udfad <strong>Taller de murga con Maxi \u201cEl Pr\u00f3cer\u201d<\/strong><br>\ud83d\udcb0 <strong>Valor: $500<\/strong><br>\ud83d\udccd <strong>Cafun\u00e9 Cocina \u2013 Playa Verde<\/strong><br>\ud83d\udcde <strong>Inscripciones: 094 309 394<\/strong><\/p>\n\n\n\n<p class=\"wp-block-paragraph\">Una propuesta ideal para quienes sienten pasi\u00f3n por el carnaval y quieren vivir una experiencia diferente junto a una de las figuras destacadas de la murga uruguaya.<\/p>\n\n\n\n<figure class=\"wp-block-video\"><video controls src=\"https:\/\/semanariolaprensa.com\/wp-content\/uploads\/2026\/09\/WhatsApp-Video-2026-09-01-at-9.55.35-AM.mp4\"><\/video><\/figure>\n\n\n\n<figure class=\"wp-block-video\"><video controls src=\"https:\/\/semanariolaprensa.com\/wp-content\/uploads\/2026\/09\/WhatsApp-Video-2026-09-01-at-9.55.36-AM.mp4\"><\/video><\/figure>\n","protected":false},"excerpt":{"rendered":"<p>La propuesta se realizar\u00e1 este s\u00e1bado 5 de setiembre en Cafun\u00e9 Cocina, con cupos limitados y una oportunidad especial para quienes quieran acercarse al mundo de la murga. Playa Verde ser\u00e1 escenario de un nuevo encuentro con el carnaval uruguayo, con la presencia de \u201cEl Pr\u00f3cer\u201d, Imanol Sibes, una de las grandes figuras del Carnaval [&hellip;]<\/p>\n","protected":false},"author":1,"featured_media":3260,"comment_status":"open","ping_status":"open","sticky":false,"template":"","format":"standard","meta":{"om_disable_all_campaigns":false,"_monsterinsights_skip_tracking":false,"_jetpack_newsletter_access":"","_jetpack_dont_email_post_to_subs":false,"_jetpack_newsletter_tier_id":0,"_jetpack_memberships_contains_paywalled_content":false,"_jetpack_feature_clip_id":0,"_jetpack_memberships_contains_paid_content":false,"jnews-multi-image_gallery":[],"jnews_single_post":{"format":"standard"},"jnews_primary_category":[],"jnews_override_bookmark_settings":[],"jnews_social_meta":[],"jnews_review":[],"enable_review":"","type":"","name":"","summary":"","brand":"","sku":"","good":[],"bad":[],"score_override":"","override_value":"","rating":[],"price":[],"jnews_override_counter":[],"footnotes":"","jetpack_post_was_ever_published":false},"categories":[415,326,82],"tags":[],"class_list":["post-3259","post","type-post","status-publish","format-standard","has-post-thumbnail","hentry","category-cultura","category-musica","category-primer-plano"],"aioseo_notices":[],"aioseo_head":"\n\t\t<!-- All in One SEO 5.0.1 - aioseo.com -->\n\t<meta name=\"description\" content=\"La propuesta se realizar\u00e1 este s\u00e1bado 5 de setiembre en Cafun\u00e9 Cocina, con cupos limitados y una oportunidad especial para quienes quieran acercarse al mundo de la murga. Playa Verde ser\u00e1 escenario de un nuevo encuentro con el carnaval uruguayo, con la presencia de \u201cEl Pr\u00f3cer\u201d, Imanol Sibes, una de las grandes figuras del Carnaval\" \/>\n\t<meta name=\"robots\" content=\"max-image-preview:large\" \/>\n\t<meta name=\"author\" content=\"Avant Premi\u00e8re\"\/>\n\t<link rel=\"canonical\" href=\"https:\/\/semanariolaprensa.com\/avantpremiere\/el-procer-imanol-sibes-llega-a-playa-verde-para-brindar-un-imperdible-taller-de-murga\/\" \/>\n\t<meta name=\"generator\" content=\"All in One SEO (AIOSEO) 5.0.1\" \/>\n\t\t<meta property=\"og:locale\" content=\"es_ES\" \/>\n\t\t<meta property=\"og:site_name\" content=\"Avant-Premi\u00e8re - La primera fila del entretenimiento\" \/>\n\t\t<meta property=\"og:type\" content=\"article\" \/>\n\t\t<meta property=\"og:title\" content=\"\u201cEl Pr\u00f3cer\u201d Imanol Sibes llega a Playa Verde para brindar un imperdible taller de murga - Avant-Premi\u00e8re\" \/>\n\t\t<meta property=\"og:description\" content=\"La propuesta se realizar\u00e1 este s\u00e1bado 5 de setiembre en Cafun\u00e9 Cocina, con cupos limitados y una oportunidad especial para quienes quieran acercarse al mundo de la murga. Playa Verde ser\u00e1 escenario de un nuevo encuentro con el carnaval uruguayo, con la presencia de \u201cEl Pr\u00f3cer\u201d, Imanol Sibes, una de las grandes figuras del Carnaval\" \/>\n\t\t<meta property=\"og:url\" content=\"https:\/\/semanariolaprensa.com\/avantpremiere\/el-procer-imanol-sibes-llega-a-playa-verde-para-brindar-un-imperdible-taller-de-murga\/\" \/>\n\t\t<meta property=\"article:published_time\" content=\"2026-09-01T14:30:00+00:00\" \/>\n\t\t<meta property=\"article:modified_time\" content=\"2026-09-01T14:31:08+00:00\" \/>\n\t\t<meta name=\"twitter:card\" content=\"summary_large_image\" \/>\n\t\t<meta name=\"twitter:title\" content=\"\u201cEl Pr\u00f3cer\u201d Imanol Sibes llega a Playa Verde para brindar un imperdible taller de murga - Avant-Premi\u00e8re\" \/>\n\t\t<meta name=\"twitter:description\" content=\"La propuesta se realizar\u00e1 este s\u00e1bado 5 de setiembre en Cafun\u00e9 Cocina, con cupos limitados y una oportunidad especial para quienes quieran acercarse al mundo de la murga. Playa Verde ser\u00e1 escenario de un nuevo encuentro con el carnaval uruguayo, con la presencia de \u201cEl Pr\u00f3cer\u201d, Imanol Sibes, una de las grandes figuras del Carnaval\" \/>\n\t\t<script type=\"application\/ld+json\" class=\"aioseo-schema\">\n\t\t\t{\"@context\":\"https:\\\/\\\/schema.org\",\"@graph\":[{\"@type\":\"BlogPosting\",\"@id\":\"https:\\\/\\\/semanariolaprensa.com\\\/avantpremiere\\\/el-procer-imanol-sibes-llega-a-playa-verde-para-brindar-un-imperdible-taller-de-murga\\\/#blogposting\",\"name\":\"\\u201cEl Pr\\u00f3cer\\u201d Imanol Sibes llega a Playa Verde para brindar un imperdible taller de murga - Avant-Premi\\u00e8re\",\"headline\":\"\\u201cEl Pr\\u00f3cer\\u201d Imanol Sibes llega a Playa Verde para brindar un imperdible taller de murga\",\"author\":{\"@id\":\"https:\\\/\\\/semanariolaprensa.com\\\/avantpremiere\\\/author\\\/debaaureapremiere\\\/#author\"},\"publisher\":{\"@id\":\"https:\\\/\\\/semanariolaprensa.com\\\/avantpremiere\\\/#organization\"},\"image\":{\"@type\":\"ImageObject\",\"url\":\"https:\\\/\\\/i0.wp.com\\\/semanariolaprensa.com\\\/avantpremiere\\\/wp-content\\\/uploads\\\/2026\\\/09\\\/Captura-de-pantalla-2026-09-01-104844.png?fit=939%2C518&ssl=1\",\"width\":939,\"height\":518},\"datePublished\":\"2026-09-01T11:30:00-03:00\",\"dateModified\":\"2026-09-01T11:31:08-03:00\",\"inLanguage\":\"es-ES\",\"mainEntityOfPage\":{\"@id\":\"https:\\\/\\\/semanariolaprensa.com\\\/avantpremiere\\\/el-procer-imanol-sibes-llega-a-playa-verde-para-brindar-un-imperdible-taller-de-murga\\\/#webpage\"},\"isPartOf\":{\"@id\":\"https:\\\/\\\/semanariolaprensa.com\\\/avantpremiere\\\/el-procer-imanol-sibes-llega-a-playa-verde-para-brindar-un-imperdible-taller-de-murga\\\/#webpage\"},\"articleSection\":\"Cultura, M\\u00fasica, Primer Plano\"},{\"@type\":\"BreadcrumbList\",\"@id\":\"https:\\\/\\\/semanariolaprensa.com\\\/avantpremiere\\\/el-procer-imanol-sibes-llega-a-playa-verde-para-brindar-un-imperdible-taller-de-murga\\\/#breadcrumblist\",\"itemListElement\":[{\"@type\":\"ListItem\",\"@id\":\"https:\\\/\\\/semanariolaprensa.com\\\/avantpremiere#listItem\",\"position\":1,\"name\":\"Home\",\"item\":\"https:\\\/\\\/semanariolaprensa.com\\\/avantpremiere\",\"nextItem\":{\"@type\":\"ListItem\",\"@id\":\"https:\\\/\\\/semanariolaprensa.com\\\/avantpremiere\\\/category\\\/primer-plano\\\/#listItem\",\"name\":\"Primer Plano\"}},{\"@type\":\"ListItem\",\"@id\":\"https:\\\/\\\/semanariolaprensa.com\\\/avantpremiere\\\/category\\\/primer-plano\\\/#listItem\",\"position\":2,\"name\":\"Primer Plano\",\"item\":\"https:\\\/\\\/semanariolaprensa.com\\\/avantpremiere\\\/category\\\/primer-plano\\\/\",\"nextItem\":{\"@type\":\"ListItem\",\"@id\":\"https:\\\/\\\/semanariolaprensa.com\\\/avantpremiere\\\/el-procer-imanol-sibes-llega-a-playa-verde-para-brindar-un-imperdible-taller-de-murga\\\/#listItem\",\"name\":\"\\u201cEl Pr\\u00f3cer\\u201d Imanol Sibes llega a Playa Verde para brindar un imperdible taller de murga\"},\"previousItem\":{\"@type\":\"ListItem\",\"@id\":\"https:\\\/\\\/semanariolaprensa.com\\\/avantpremiere#listItem\",\"name\":\"Home\"}},{\"@type\":\"ListItem\",\"@id\":\"https:\\\/\\\/semanariolaprensa.com\\\/avantpremiere\\\/el-procer-imanol-sibes-llega-a-playa-verde-para-brindar-un-imperdible-taller-de-murga\\\/#listItem\",\"position\":3,\"name\":\"\\u201cEl Pr\\u00f3cer\\u201d Imanol Sibes llega a Playa Verde para brindar un imperdible taller de murga\",\"previousItem\":{\"@type\":\"ListItem\",\"@id\":\"https:\\\/\\\/semanariolaprensa.com\\\/avantpremiere\\\/category\\\/primer-plano\\\/#listItem\",\"name\":\"Primer Plano\"}}]},{\"@type\":\"Organization\",\"@id\":\"https:\\\/\\\/semanariolaprensa.com\\\/avantpremiere\\\/#organization\",\"name\":\"Avant-Premi\\u00e8re\",\"description\":\"La primera fila del entretenimiento\",\"url\":\"https:\\\/\\\/semanariolaprensa.com\\\/avantpremiere\\\/\",\"logo\":{\"@type\":\"ImageObject\",\"url\":\"https:\\\/\\\/i0.wp.com\\\/semanariolaprensa.com\\\/avantpremiere\\\/wp-content\\\/uploads\\\/2026\\\/01\\\/cropped-iconoaureapremiere-1.png?fit=512%2C512&ssl=1\",\"@id\":\"https:\\\/\\\/semanariolaprensa.com\\\/avantpremiere\\\/el-procer-imanol-sibes-llega-a-playa-verde-para-brindar-un-imperdible-taller-de-murga\\\/#organizationLogo\",\"width\":512,\"height\":512},\"image\":{\"@id\":\"https:\\\/\\\/semanariolaprensa.com\\\/avantpremiere\\\/el-procer-imanol-sibes-llega-a-playa-verde-para-brindar-un-imperdible-taller-de-murga\\\/#organizationLogo\"}},{\"@type\":\"Person\",\"@id\":\"https:\\\/\\\/semanariolaprensa.com\\\/avantpremiere\\\/author\\\/debaaureapremiere\\\/#author\",\"url\":\"https:\\\/\\\/semanariolaprensa.com\\\/avantpremiere\\\/author\\\/debaaureapremiere\\\/\",\"name\":\"Avant Premi\\u00e8re\",\"image\":{\"@type\":\"ImageObject\",\"@id\":\"https:\\\/\\\/semanariolaprensa.com\\\/avantpremiere\\\/el-procer-imanol-sibes-llega-a-playa-verde-para-brindar-un-imperdible-taller-de-murga\\\/#authorImage\",\"url\":\"https:\\\/\\\/secure.gravatar.com\\\/avatar\\\/25bd2526a0e92945ea41f6e68d1a9ff9a0293e6dffd0f172fc718d13a924f236?s=96&d=mm&r=g\",\"width\":96,\"height\":96,\"caption\":\"Avant Premi\\u00e8re\"}},{\"@type\":\"WebPage\",\"@id\":\"https:\\\/\\\/semanariolaprensa.com\\\/avantpremiere\\\/el-procer-imanol-sibes-llega-a-playa-verde-para-brindar-un-imperdible-taller-de-murga\\\/#webpage\",\"url\":\"https:\\\/\\\/semanariolaprensa.com\\\/avantpremiere\\\/el-procer-imanol-sibes-llega-a-playa-verde-para-brindar-un-imperdible-taller-de-murga\\\/\",\"name\":\"\\u201cEl Pr\\u00f3cer\\u201d Imanol Sibes llega a Playa Verde para brindar un imperdible taller de murga - Avant-Premi\\u00e8re\",\"description\":\"La propuesta se realizar\\u00e1 este s\\u00e1bado 5 de setiembre en Cafun\\u00e9 Cocina, con cupos limitados y una oportunidad especial para quienes quieran acercarse al mundo de la murga. Playa Verde ser\\u00e1 escenario de un nuevo encuentro con el carnaval uruguayo, con la presencia de \\u201cEl Pr\\u00f3cer\\u201d, Imanol Sibes, una de las grandes figuras del Carnaval\",\"inLanguage\":\"es-ES\",\"isPartOf\":{\"@id\":\"https:\\\/\\\/semanariolaprensa.com\\\/avantpremiere\\\/#website\"},\"breadcrumb\":{\"@id\":\"https:\\\/\\\/semanariolaprensa.com\\\/avantpremiere\\\/el-procer-imanol-sibes-llega-a-playa-verde-para-brindar-un-imperdible-taller-de-murga\\\/#breadcrumblist\"},\"author\":{\"@id\":\"https:\\\/\\\/semanariolaprensa.com\\\/avantpremiere\\\/author\\\/debaaureapremiere\\\/#author\"},\"creator\":{\"@id\":\"https:\\\/\\\/semanariolaprensa.com\\\/avantpremiere\\\/author\\\/debaaureapremiere\\\/#author\"},\"image\":{\"@type\":\"ImageObject\",\"url\":\"https:\\\/\\\/i0.wp.com\\\/semanariolaprensa.com\\\/avantpremiere\\\/wp-content\\\/uploads\\\/2026\\\/09\\\/Captura-de-pantalla-2026-09-01-104844.png?fit=939%2C518&ssl=1\",\"@id\":\"https:\\\/\\\/semanariolaprensa.com\\\/avantpremiere\\\/el-procer-imanol-sibes-llega-a-playa-verde-para-brindar-un-imperdible-taller-de-murga\\\/#mainImage\",\"width\":939,\"height\":518},\"primaryImageOfPage\":{\"@id\":\"https:\\\/\\\/semanariolaprensa.com\\\/avantpremiere\\\/el-procer-imanol-sibes-llega-a-playa-verde-para-brindar-un-imperdible-taller-de-murga\\\/#mainImage\"},\"datePublished\":\"2026-09-01T11:30:00-03:00\",\"dateModified\":\"2026-09-01T11:31:08-03:00\"},{\"@type\":\"WebSite\",\"@id\":\"https:\\\/\\\/semanariolaprensa.com\\\/avantpremiere\\\/#website\",\"url\":\"https:\\\/\\\/semanariolaprensa.com\\\/avantpremiere\\\/\",\"name\":\"Avant-Premi\\u00e8re\",\"description\":\"La primera fila del entretenimiento\",\"inLanguage\":\"es-ES\",\"publisher\":{\"@id\":\"https:\\\/\\\/semanariolaprensa.com\\\/avantpremiere\\\/#organization\"}}]}\n\t\t<\/script>\n\t\t<!-- All in One SEO -->\n\n","aioseo_head_json":{"title":"\u201cEl Pr\u00f3cer\u201d Imanol Sibes llega a Playa Verde para brindar un imperdible taller de murga - Avant-Premi\u00e8re","description":"La propuesta se realizar\u00e1 este s\u00e1bado 5 de setiembre en Cafun\u00e9 Cocina, con cupos limitados y una oportunidad especial para quienes quieran acercarse al mundo de la murga. Playa Verde ser\u00e1 escenario de un nuevo encuentro con el carnaval uruguayo, con la presencia de \u201cEl Pr\u00f3cer\u201d, Imanol Sibes, una de las grandes figuras del Carnaval","canonical_url":"https:\/\/semanariolaprensa.com\/avantpremiere\/el-procer-imanol-sibes-llega-a-playa-verde-para-brindar-un-imperdible-taller-de-murga\/","robots":"max-image-preview:large","keywords":"","webmasterTools":{"miscellaneous":""},"schema":{"@context":"https:\/\/schema.org","@graph":[{"@type":"BlogPosting","@id":"https:\/\/semanariolaprensa.com\/avantpremiere\/el-procer-imanol-sibes-llega-a-playa-verde-para-brindar-un-imperdible-taller-de-murga\/#blogposting","name":"\u201cEl Pr\u00f3cer\u201d Imanol Sibes llega a Playa Verde para brindar un imperdible taller de murga - Avant-Premi\u00e8re","headline":"\u201cEl Pr\u00f3cer\u201d Imanol Sibes llega a Playa Verde para brindar un imperdible taller de murga","author":{"@id":"https:\/\/semanariolaprensa.com\/avantpremiere\/author\/debaaureapremiere\/#author"},"publisher":{"@id":"https:\/\/semanariolaprensa.com\/avantpremiere\/#organization"},"image":{"@type":"ImageObject","url":"https:\/\/i0.wp.com\/semanariolaprensa.com\/avantpremiere\/wp-content\/uploads\/2026\/09\/Captura-de-pantalla-2026-09-01-104844.png?fit=939%2C518&ssl=1","width":939,"height":518},"datePublished":"2026-09-01T11:30:00-03:00","dateModified":"2026-09-01T11:31:08-03:00","inLanguage":"es-ES","mainEntityOfPage":{"@id":"https:\/\/semanariolaprensa.com\/avantpremiere\/el-procer-imanol-sibes-llega-a-playa-verde-para-brindar-un-imperdible-taller-de-murga\/#webpage"},"isPartOf":{"@id":"https:\/\/semanariolaprensa.com\/avantpremiere\/el-procer-imanol-sibes-llega-a-playa-verde-para-brindar-un-imperdible-taller-de-murga\/#webpage"},"articleSection":"Cultura, M\u00fasica, Primer Plano"},{"@type":"BreadcrumbList","@id":"https:\/\/semanariolaprensa.com\/avantpremiere\/el-procer-imanol-sibes-llega-a-playa-verde-para-brindar-un-imperdible-taller-de-murga\/#breadcrumblist","itemListElement":[{"@type":"ListItem","@id":"https:\/\/semanariolaprensa.com\/avantpremiere#listItem","position":1,"name":"Home","item":"https:\/\/semanariolaprensa.com\/avantpremiere","nextItem":{"@type":"ListItem","@id":"https:\/\/semanariolaprensa.com\/avantpremiere\/category\/primer-plano\/#listItem","name":"Primer Plano"}},{"@type":"ListItem","@id":"https:\/\/semanariolaprensa.com\/avantpremiere\/category\/primer-plano\/#listItem","position":2,"name":"Primer Plano","item":"https:\/\/semanariolaprensa.com\/avantpremiere\/category\/primer-plano\/","nextItem":{"@type":"ListItem","@id":"https:\/\/semanariolaprensa.com\/avantpremiere\/el-procer-imanol-sibes-llega-a-playa-verde-para-brindar-un-imperdible-taller-de-murga\/#listItem","name":"\u201cEl Pr\u00f3cer\u201d Imanol Sibes llega a Playa Verde para brindar un imperdible taller de murga"},"previousItem":{"@type":"ListItem","@id":"https:\/\/semanariolaprensa.com\/avantpremiere#listItem","name":"Home"}},{"@type":"ListItem","@id":"https:\/\/semanariolaprensa.com\/avantpremiere\/el-procer-imanol-sibes-llega-a-playa-verde-para-brindar-un-imperdible-taller-de-murga\/#listItem","position":3,"name":"\u201cEl Pr\u00f3cer\u201d Imanol Sibes llega a Playa Verde para brindar un imperdible taller de murga","previousItem":{"@type":"ListItem","@id":"https:\/\/semanariolaprensa.com\/avantpremiere\/category\/primer-plano\/#listItem","name":"Primer Plano"}}]},{"@type":"Organization","@id":"https:\/\/semanariolaprensa.com\/avantpremiere\/#organization","name":"Avant-Premi\u00e8re","description":"La primera fila del entretenimiento","url":"https:\/\/semanariolaprensa.com\/avantpremiere\/","logo":{"@type":"ImageObject","url":"https:\/\/i0.wp.com\/semanariolaprensa.com\/avantpremiere\/wp-content\/uploads\/2026\/01\/cropped-iconoaureapremiere-1.png?fit=512%2C512&ssl=1","@id":"https:\/\/semanariolaprensa.com\/avantpremiere\/el-procer-imanol-sibes-llega-a-playa-verde-para-brindar-un-imperdible-taller-de-murga\/#organizationLogo","width":512,"height":512},"image":{"@id":"https:\/\/semanariolaprensa.com\/avantpremiere\/el-procer-imanol-sibes-llega-a-playa-verde-para-brindar-un-imperdible-taller-de-murga\/#organizationLogo"}},{"@type":"Person","@id":"https:\/\/semanariolaprensa.com\/avantpremiere\/author\/debaaureapremiere\/#author","url":"https:\/\/semanariolaprensa.com\/avantpremiere\/author\/debaaureapremiere\/","name":"Avant Premi\u00e8re","image":{"@type":"ImageObject","@id":"https:\/\/semanariolaprensa.com\/avantpremiere\/el-procer-imanol-sibes-llega-a-playa-verde-para-brindar-un-imperdible-taller-de-murga\/#authorImage","url":"https:\/\/secure.gravatar.com\/avatar\/25bd2526a0e92945ea41f6e68d1a9ff9a0293e6dffd0f172fc718d13a924f236?s=96&d=mm&r=g","width":96,"height":96,"caption":"Avant Premi\u00e8re"}},{"@type":"WebPage","@id":"https:\/\/semanariolaprensa.com\/avantpremiere\/el-procer-imanol-sibes-llega-a-playa-verde-para-brindar-un-imperdible-taller-de-murga\/#webpage","url":"https:\/\/semanariolaprensa.com\/avantpremiere\/el-procer-imanol-sibes-llega-a-playa-verde-para-brindar-un-imperdible-taller-de-murga\/","name":"\u201cEl Pr\u00f3cer\u201d Imanol Sibes llega a Playa Verde para brindar un imperdible taller de murga - Avant-Premi\u00e8re","description":"La propuesta se realizar\u00e1 este s\u00e1bado 5 de setiembre en Cafun\u00e9 Cocina, con cupos limitados y una oportunidad especial para quienes quieran acercarse al mundo de la murga. Playa Verde ser\u00e1 escenario de un nuevo encuentro con el carnaval uruguayo, con la presencia de \u201cEl Pr\u00f3cer\u201d, Imanol Sibes, una de las grandes figuras del Carnaval","inLanguage":"es-ES","isPartOf":{"@id":"https:\/\/semanariolaprensa.com\/avantpremiere\/#website"},"breadcrumb":{"@id":"https:\/\/semanariolaprensa.com\/avantpremiere\/el-procer-imanol-sibes-llega-a-playa-verde-para-brindar-un-imperdible-taller-de-murga\/#breadcrumblist"},"author":{"@id":"https:\/\/semanariolaprensa.com\/avantpremiere\/author\/debaaureapremiere\/#author"},"creator":{"@id":"https:\/\/semanariolaprensa.com\/avantpremiere\/author\/debaaureapremiere\/#author"},"image":{"@type":"ImageObject","url":"https:\/\/i0.wp.com\/semanariolaprensa.com\/avantpremiere\/wp-content\/uploads\/2026\/09\/Captura-de-pantalla-2026-09-01-104844.png?fit=939%2C518&ssl=1","@id":"https:\/\/semanariolaprensa.com\/avantpremiere\/el-procer-imanol-sibes-llega-a-playa-verde-para-brindar-un-imperdible-taller-de-murga\/#mainImage","width":939,"height":518},"primaryImageOfPage":{"@id":"https:\/\/semanariolaprensa.com\/avantpremiere\/el-procer-imanol-sibes-llega-a-playa-verde-para-brindar-un-imperdible-taller-de-murga\/#mainImage"},"datePublished":"2026-09-01T11:30:00-03:00","dateModified":"2026-09-01T11:31:08-03:00"},{"@type":"WebSite","@id":"https:\/\/semanariolaprensa.com\/avantpremiere\/#website","url":"https:\/\/semanariolaprensa.com\/avantpremiere\/","name":"Avant-Premi\u00e8re","description":"La primera fila del entretenimiento","inLanguage":"es-ES","publisher":{"@id":"https:\/\/semanariolaprensa.com\/avantpremiere\/#organization"}}]},"og:locale":"es_ES","og:site_name":"Avant-Premi\u00e8re - La primera fila del entretenimiento","og:type":"article","og:title":"\u201cEl Pr\u00f3cer\u201d Imanol Sibes llega a Playa Verde para brindar un imperdible taller de murga - Avant-Premi\u00e8re","og:description":"La propuesta se realizar\u00e1 este s\u00e1bado 5 de setiembre en Cafun\u00e9 Cocina, con cupos limitados y una oportunidad especial para quienes quieran acercarse al mundo de la murga. Playa Verde ser\u00e1 escenario de un nuevo encuentro con el carnaval uruguayo, con la presencia de \u201cEl Pr\u00f3cer\u201d, Imanol Sibes, una de las grandes figuras del Carnaval","og:url":"https:\/\/semanariolaprensa.com\/avantpremiere\/el-procer-imanol-sibes-llega-a-playa-verde-para-brindar-un-imperdible-taller-de-murga\/","article:published_time":"2026-09-01T14:30:00+00:00","article:modified_time":"2026-09-01T14:31:08+00:00","twitter:card":"summary_large_image","twitter:title":"\u201cEl Pr\u00f3cer\u201d Imanol Sibes llega a Playa Verde para brindar un imperdible taller de murga - Avant-Premi\u00e8re","twitter:description":"La propuesta se realizar\u00e1 este s\u00e1bado 5 de setiembre en Cafun\u00e9 Cocina, con cupos limitados y una oportunidad especial para quienes quieran acercarse al mundo de la murga. Playa Verde ser\u00e1 escenario de un nuevo encuentro con el carnaval uruguayo, con la presencia de \u201cEl Pr\u00f3cer\u201d, Imanol Sibes, una de las grandes figuras del Carnaval"},"aioseo_meta_data":{"post_id":"3259","title":null,"description":null,"keywords":null,"keyphrases":{"focus":{"keyphrase":"","score":0,"analysis":{"keyphraseInTitle":{"score":0,"maxScore":9,"error":1}}},"additional":[]},"primary_term":null,"canonical_url":null,"og_title":null,"og_description":null,"og_object_type":"default","og_image_type":"default","og_image_url":null,"og_image_width":null,"og_image_height":null,"og_image_custom_url":null,"og_image_custom_fields":null,"og_video":"","og_custom_url":null,"og_article_section":null,"og_article_tags":null,"twitter_use_og":false,"twitter_card":"default","twitter_image_type":"default","twitter_image_url":null,"twitter_image_custom_url":null,"twitter_image_custom_fields":null,"twitter_title":null,"twitter_description":null,"schema":{"blockGraphs":[],"customGraphs":[],"default":{"data":{"Article":[],"Course":[],"Dataset":[],"FAQPage":[],"Movie":[],"Person":[],"Product":[],"ProductReview":[],"Car":[],"Recipe":[],"Service":[],"SoftwareApplication":[],"WebPage":[]},"graphName":"BlogPosting","isEnabled":true},"graphs":[]},"schema_type":"default","schema_type_options":null,"pillar_content":false,"robots_default":true,"robots_noindex":false,"robots_noarchive":false,"robots_nosnippet":false,"robots_nofollow":false,"robots_noimageindex":false,"robots_noodp":false,"robots_notranslate":false,"robots_max_snippet":"-1","robots_max_videopreview":"-1","robots_max_imagepreview":"large","priority":null,"frequency":"default","local_seo":null,"breadcrumb_settings":null,"limit_modified_date":false,"ai":{"faqs":[],"keyPoints":[],"schemas":[],"titles":[],"descriptions":[],"socialPosts":{"email":{"subject":"","preview":"","content":""},"linkedin":[],"twitter":[],"facebook":[],"instagram":[]}},"created":"2026-09-01 14:30:03","updated":"2026-09-01 14:35:49","seo_analyzer_scan_date":null,"focus_keyword":null,"additional_keywords":null,"truseo_locale":null},"aioseo_breadcrumb":"<div class=\"aioseo-breadcrumbs\"><span class=\"aioseo-breadcrumb\">\n\t\t\t<a href=\"https:\/\/semanariolaprensa.com\/avantpremiere\" title=\"Home\">Home<\/a>\n\t\t<\/span><span class=\"aioseo-breadcrumb-separator\">&raquo;<\/span><span class=\"aioseo-breadcrumb\">\n\t\t\t<a href=\"https:\/\/semanariolaprensa.com\/avantpremiere\/category\/primer-plano\/\" title=\"Primer Plano\">Primer Plano<\/a>\n\t\t<\/span><span class=\"aioseo-breadcrumb-separator\">&raquo;<\/span><span class=\"aioseo-breadcrumb\">\n\t\t\t\u201cEl Pr\u00f3cer\u201d Imanol Sibes llega a Playa Verde para brindar un imperdible taller de murga\n\t\t<\/span><\/div>","aioseo_breadcrumb_json":[{"label":"Home","link":"https:\/\/semanariolaprensa.com\/avantpremiere"},{"label":"Primer Plano","link":"https:\/\/semanariolaprensa.com\/avantpremiere\/category\/primer-plano\/"},{"label":"\u201cEl Pr\u00f3cer\u201d Imanol Sibes llega a Playa Verde para brindar un imperdible taller de murga","link":"https:\/\/semanariolaprensa.com\/avantpremiere\/el-procer-imanol-sibes-llega-a-playa-verde-para-brindar-un-imperdible-taller-de-murga\/"}],"jetpack_sharing_enabled":true,"jetpack_featured_media_url":"https:\/\/i0.wp.com\/semanariolaprensa.com\/avantpremiere\/wp-content\/uploads\/2026\/09\/Captura-de-pantalla-2026-09-01-104844.png?fit=939%2C518&ssl=1","_links":{"self":[{"href":"https:\/\/semanariolaprensa.com\/avantpremiere\/wp-json\/wp\/v2\/posts\/3259","targetHints":{"allow":["GET"]}}],"collection":[{"href":"https:\/\/semanariolaprensa.com\/avantpremiere\/wp-json\/wp\/v2\/posts"}],"about":[{"href":"https:\/\/semanariolaprensa.com\/avantpremiere\/wp-json\/wp\/v2\/types\/post"}],"author":[{"embeddable":true,"href":"https:\/\/semanariolaprensa.com\/avantpremiere\/wp-json\/wp\/v2\/users\/1"}],"replies":[{"embeddable":true,"href":"https:\/\/semanariolaprensa.com\/avantpremiere\/wp-json\/wp\/v2\/comments?post=3259"}],"version-history":[{"count":1,"href":"https:\/\/semanariolaprensa.com\/avantpremiere\/wp-json\/wp\/v2\/posts\/3259\/revisions"}],"predecessor-version":[{"id":3262,"href":"https:\/\/semanariolaprensa.com\/avantpremiere\/wp-json\/wp\/v2\/posts\/3259\/revisions\/3262"}],"wp:featuredmedia":[{"embeddable":true,"href":"https:\/\/semanariolaprensa.com\/avantpremiere\/wp-json\/wp\/v2\/media\/3260"}],"wp:attachment":[{"href":"https:\/\/semanariolaprensa.com\/avantpremiere\/wp-json\/wp\/v2\/media?parent=3259"}],"wp:term":[{"taxonomy":"category","embeddable":true,"href":"https:\/\/semanariolaprensa.com\/avantpremiere\/wp-json\/wp\/v2\/categories?post=3259"},{"taxonomy":"post_tag","embeddable":true,"href":"https:\/\/semanariolaprensa.com\/avantpremiere\/wp-json\/wp\/v2\/tags?post=3259"}],"curies":[{"name":"wp","href":"https:\/\/api.w.org\/{rel}","templated":true}]}}