{"id":3253,"date":"2026-09-01T00:45:10","date_gmt":"2026-09-01T03:45:10","guid":{"rendered":"https:\/\/semanariolaprensa.com\/avantpremiere\/?p=3253"},"modified":"2026-09-01T00:45:13","modified_gmt":"2026-09-01T03:45:13","slug":"el-asesino-de-tupac-shakur-ira-a-prision-perpetua-el-historico-veredicto-que-cierra-tres-decadas-de-impunidad","status":"publish","type":"post","link":"https:\/\/semanariolaprensa.com\/avantpremiere\/el-asesino-de-tupac-shakur-ira-a-prision-perpetua-el-historico-veredicto-que-cierra-tres-decadas-de-impunidad\/","title":{"rendered":"El asesino de Tupac Shakur ir\u00e1 a prisi\u00f3n perpetua: el hist\u00f3rico veredicto que cierra tres d\u00e9cadas de impunidad"},"content":{"rendered":"\n<p class=\"wp-block-paragraph\">Un jurado popular de Las Vegas declar\u00f3 culpable de asesinato en primer grado a Duane \u00abKeffe D\u00bb Davis por planificar la emboscada armada que termin\u00f3 con la vida de la leyenda del hip-hop en 1996.<\/p>\n\n\n\n<p class=\"wp-block-paragraph\">Casi tres d\u00e9cadas despu\u00e9s de uno de los cr\u00edmenes m\u00e1s resonantes y enigm\u00e1ticos de la cultura popular contempor\u00e1nea, la justicia estadounidense dio su veredicto definitivo. Un jurado popular de Las Vegas declar\u00f3 culpable de asesinato en primer grado a <strong>Duane \u00abKeffe D\u00bb Davis<\/strong> por orquestar el tiroteo desde un veh\u00edculo que caus\u00f3 la muerte del rapero <strong>Tupac Shakur<\/strong> en septiembre de 1996.<\/p>\n\n\n\n<p class=\"wp-block-paragraph\">Davis, de 63 a\u00f1os y \u00fanico imputado en la causa, permanecer\u00e1 bajo arresto sin derecho a fianza hasta el pr\u00f3ximo 13 de octubre, fecha en la que el tribunal del estado de Nevada dar\u00e1 a conocer su condena, que prev\u00e9 una pena m\u00e1xima de cadena perpetua. La resoluci\u00f3n fue recibida con visible emoci\u00f3n por los familiares de la estrella del hip-hop presentes en la sala, mientras el acusado escuch\u00f3 la determinaci\u00f3n sin mostrar reacciones.<\/p>\n\n\n\n<h3 class=\"wp-block-heading\"><strong>Las pruebas del juicio: testimonios y una confesi\u00f3n escrita<\/strong><\/h3>\n\n\n\n<p class=\"wp-block-paragraph\">La deliberaci\u00f3n del jurado se concret\u00f3 tras nueve jornadas de audiencias y la declaraci\u00f3n de una treintena de testigos convocados por ambas partes. El fiscal Binu Palal demostr\u00f3 que Davis persigui\u00f3 a Shakur en complicidad con su sobrino, Orlando Anderson, y otros integrantes de su banda criminal para ejecutar una venganza tras una pelea ocurrida horas antes en el vest\u00edbulo del hotel MGM Grand de Las Vegas.<\/p>\n\n\n\n<p class=\"wp-block-paragraph\">Una de las pruebas determinantes en el proceso fueron las propias memorias del acusado, tituladas <em>&#8216;Compton Street Legend&#8217;<\/em>, en las que Davis relat\u00f3 con precisi\u00f3n c\u00f3mo planific\u00f3 la log\u00edstica de la emboscada y suministr\u00f3 el arma homicida. La estrategia de la defensa, que intent\u00f3 desacreditar el libro present\u00e1ndolo como una obra con pasajes ficticios y versiones contradictorias, fue finalmente desestimada por el tribunal.<\/p>\n\n\n\n<p class=\"wp-block-paragraph\">La sentencia pone punto final al expediente penal por el crimen de Tupac Shakur, quien fue ultimado a los 25 a\u00f1os en la cumbre de su carrera, cerrando un ciclo de especulaciones y mitos que marc\u00f3 a la industria musical a lo largo de los \u00faltimos treinta a\u00f1os.<\/p>\n\n\n\n<p class=\"wp-block-paragraph\">Avant Premi\u00e8re \/ EFE<\/p>\n","protected":false},"excerpt":{"rendered":"<p>Un jurado popular de Las Vegas declar\u00f3 culpable de asesinato en primer grado a Duane \u00abKeffe D\u00bb Davis por planificar la emboscada armada que termin\u00f3 con la vida de la leyenda del hip-hop en 1996. Casi tres d\u00e9cadas despu\u00e9s de uno de los cr\u00edmenes m\u00e1s resonantes y enigm\u00e1ticos de la cultura popular contempor\u00e1nea, la justicia [&hellip;]<\/p>\n","protected":false},"author":1,"featured_media":3254,"comment_status":"open","ping_status":"open","sticky":false,"template":"","format":"standard","meta":{"om_disable_all_campaigns":false,"_monsterinsights_skip_tracking":false,"_jetpack_newsletter_access":"","_jetpack_dont_email_post_to_subs":false,"_jetpack_newsletter_tier_id":0,"_jetpack_memberships_contains_paywalled_content":false,"_jetpack_feature_clip_id":0,"_jetpack_memberships_contains_paid_content":false,"jnews-multi-image_gallery":[],"jnews_single_post":{"format":"standard"},"jnews_primary_category":[],"jnews_override_bookmark_settings":[],"jnews_social_meta":[],"jnews_review":[],"enable_review":"","type":"","name":"","summary":"","brand":"","sku":"","good":[],"bad":[],"score_override":"","override_value":"","rating":[],"price":[],"jnews_override_counter":[],"footnotes":"","jetpack_post_was_ever_published":false},"categories":[417],"tags":[3508,3511,3509,734,3260,3261,3510,610,3258],"class_list":["post-3253","post","type-post","status-publish","format-standard","has-post-thumbnail","hentry","category-flash","tag-2pac","tag-crimen-tupac","tag-duane-keffe-d-davis","tag-hip-hop","tag-juicio","tag-las-vegas","tag-musica-internacional-2","tag-policiales","tag-tupac-shakur"],"aioseo_notices":[],"aioseo_head":"\n\t\t<!-- All in One SEO 5.0.1 - aioseo.com -->\n\t<meta name=\"description\" content=\"Un jurado popular de Las Vegas declar\u00f3 culpable de asesinato en primer grado a Duane &quot;Keffe D&quot; Davis por planificar la emboscada armada que termin\u00f3 con la vida de la leyenda del hip-hop en 1996. Casi tres d\u00e9cadas despu\u00e9s de uno de los cr\u00edmenes m\u00e1s resonantes y enigm\u00e1ticos de la cultura popular contempor\u00e1nea, la justicia\" \/>\n\t<meta name=\"robots\" content=\"max-image-preview:large\" \/>\n\t<meta name=\"author\" content=\"Avant Premi\u00e8re\"\/>\n\t<link rel=\"canonical\" href=\"https:\/\/semanariolaprensa.com\/avantpremiere\/el-asesino-de-tupac-shakur-ira-a-prision-perpetua-el-historico-veredicto-que-cierra-tres-decadas-de-impunidad\/\" \/>\n\t<meta name=\"generator\" content=\"All in One SEO (AIOSEO) 5.0.1\" \/>\n\t\t<meta property=\"og:locale\" content=\"es_ES\" \/>\n\t\t<meta property=\"og:site_name\" content=\"Avant-Premi\u00e8re - La primera fila del entretenimiento\" \/>\n\t\t<meta property=\"og:type\" content=\"article\" \/>\n\t\t<meta property=\"og:title\" content=\"El asesino de Tupac Shakur ir\u00e1 a prisi\u00f3n perpetua: el hist\u00f3rico veredicto que cierra tres d\u00e9cadas de impunidad - Avant-Premi\u00e8re\" \/>\n\t\t<meta property=\"og:description\" content=\"Un jurado popular de Las Vegas declar\u00f3 culpable de asesinato en primer grado a Duane &quot;Keffe D&quot; Davis por planificar la emboscada armada que termin\u00f3 con la vida de la leyenda del hip-hop en 1996. Casi tres d\u00e9cadas despu\u00e9s de uno de los cr\u00edmenes m\u00e1s resonantes y enigm\u00e1ticos de la cultura popular contempor\u00e1nea, la justicia\" \/>\n\t\t<meta property=\"og:url\" content=\"https:\/\/semanariolaprensa.com\/avantpremiere\/el-asesino-de-tupac-shakur-ira-a-prision-perpetua-el-historico-veredicto-que-cierra-tres-decadas-de-impunidad\/\" \/>\n\t\t<meta property=\"article:published_time\" content=\"2026-09-01T03:45:10+00:00\" \/>\n\t\t<meta property=\"article:modified_time\" content=\"2026-09-01T03:45:13+00:00\" \/>\n\t\t<meta name=\"twitter:card\" content=\"summary_large_image\" \/>\n\t\t<meta name=\"twitter:title\" content=\"El asesino de Tupac Shakur ir\u00e1 a prisi\u00f3n perpetua: el hist\u00f3rico veredicto que cierra tres d\u00e9cadas de impunidad - Avant-Premi\u00e8re\" \/>\n\t\t<meta name=\"twitter:description\" content=\"Un jurado popular de Las Vegas declar\u00f3 culpable de asesinato en primer grado a Duane &quot;Keffe D&quot; Davis por planificar la emboscada armada que termin\u00f3 con la vida de la leyenda del hip-hop en 1996. Casi tres d\u00e9cadas despu\u00e9s de uno de los cr\u00edmenes m\u00e1s resonantes y enigm\u00e1ticos de la cultura popular contempor\u00e1nea, la justicia\" \/>\n\t\t<script type=\"application\/ld+json\" class=\"aioseo-schema\">\n\t\t\t{\"@context\":\"https:\\\/\\\/schema.org\",\"@graph\":[{\"@type\":\"BlogPosting\",\"@id\":\"https:\\\/\\\/semanariolaprensa.com\\\/avantpremiere\\\/el-asesino-de-tupac-shakur-ira-a-prision-perpetua-el-historico-veredicto-que-cierra-tres-decadas-de-impunidad\\\/#blogposting\",\"name\":\"El asesino de Tupac Shakur ir\\u00e1 a prisi\\u00f3n perpetua: el hist\\u00f3rico veredicto que cierra tres d\\u00e9cadas de impunidad - Avant-Premi\\u00e8re\",\"headline\":\"El asesino de Tupac Shakur ir\\u00e1 a prisi\\u00f3n perpetua: el hist\\u00f3rico veredicto que cierra tres d\\u00e9cadas de impunidad\",\"author\":{\"@id\":\"https:\\\/\\\/semanariolaprensa.com\\\/avantpremiere\\\/author\\\/debaaureapremiere\\\/#author\"},\"publisher\":{\"@id\":\"https:\\\/\\\/semanariolaprensa.com\\\/avantpremiere\\\/#organization\"},\"image\":{\"@type\":\"ImageObject\",\"url\":\"https:\\\/\\\/i0.wp.com\\\/semanariolaprensa.com\\\/avantpremiere\\\/wp-content\\\/uploads\\\/2026\\\/09\\\/asesinodetupac.png?fit=1102%2C686&ssl=1\",\"width\":1102,\"height\":686},\"datePublished\":\"2026-09-01T00:45:10-03:00\",\"dateModified\":\"2026-09-01T00:45:13-03:00\",\"inLanguage\":\"es-ES\",\"mainEntityOfPage\":{\"@id\":\"https:\\\/\\\/semanariolaprensa.com\\\/avantpremiere\\\/el-asesino-de-tupac-shakur-ira-a-prision-perpetua-el-historico-veredicto-que-cierra-tres-decadas-de-impunidad\\\/#webpage\"},\"isPartOf\":{\"@id\":\"https:\\\/\\\/semanariolaprensa.com\\\/avantpremiere\\\/el-asesino-de-tupac-shakur-ira-a-prision-perpetua-el-historico-veredicto-que-cierra-tres-decadas-de-impunidad\\\/#webpage\"},\"articleSection\":\"Flash, 2Pac, Crimen Tupac, Duane Keffe D Davis, Hip Hop, Juicio, Las Vegas, Musica internacional, Policiales, Tupac Shakur\"},{\"@type\":\"BreadcrumbList\",\"@id\":\"https:\\\/\\\/semanariolaprensa.com\\\/avantpremiere\\\/el-asesino-de-tupac-shakur-ira-a-prision-perpetua-el-historico-veredicto-que-cierra-tres-decadas-de-impunidad\\\/#breadcrumblist\",\"itemListElement\":[{\"@type\":\"ListItem\",\"@id\":\"https:\\\/\\\/semanariolaprensa.com\\\/avantpremiere#listItem\",\"position\":1,\"name\":\"Home\",\"item\":\"https:\\\/\\\/semanariolaprensa.com\\\/avantpremiere\",\"nextItem\":{\"@type\":\"ListItem\",\"@id\":\"https:\\\/\\\/semanariolaprensa.com\\\/avantpremiere\\\/category\\\/flash\\\/#listItem\",\"name\":\"Flash\"}},{\"@type\":\"ListItem\",\"@id\":\"https:\\\/\\\/semanariolaprensa.com\\\/avantpremiere\\\/category\\\/flash\\\/#listItem\",\"position\":2,\"name\":\"Flash\",\"item\":\"https:\\\/\\\/semanariolaprensa.com\\\/avantpremiere\\\/category\\\/flash\\\/\",\"nextItem\":{\"@type\":\"ListItem\",\"@id\":\"https:\\\/\\\/semanariolaprensa.com\\\/avantpremiere\\\/el-asesino-de-tupac-shakur-ira-a-prision-perpetua-el-historico-veredicto-que-cierra-tres-decadas-de-impunidad\\\/#listItem\",\"name\":\"El asesino de Tupac Shakur ir\\u00e1 a prisi\\u00f3n perpetua: el hist\\u00f3rico veredicto que cierra tres d\\u00e9cadas de impunidad\"},\"previousItem\":{\"@type\":\"ListItem\",\"@id\":\"https:\\\/\\\/semanariolaprensa.com\\\/avantpremiere#listItem\",\"name\":\"Home\"}},{\"@type\":\"ListItem\",\"@id\":\"https:\\\/\\\/semanariolaprensa.com\\\/avantpremiere\\\/el-asesino-de-tupac-shakur-ira-a-prision-perpetua-el-historico-veredicto-que-cierra-tres-decadas-de-impunidad\\\/#listItem\",\"position\":3,\"name\":\"El asesino de Tupac Shakur ir\\u00e1 a prisi\\u00f3n perpetua: el hist\\u00f3rico veredicto que cierra tres d\\u00e9cadas de impunidad\",\"previousItem\":{\"@type\":\"ListItem\",\"@id\":\"https:\\\/\\\/semanariolaprensa.com\\\/avantpremiere\\\/category\\\/flash\\\/#listItem\",\"name\":\"Flash\"}}]},{\"@type\":\"Organization\",\"@id\":\"https:\\\/\\\/semanariolaprensa.com\\\/avantpremiere\\\/#organization\",\"name\":\"Avant-Premi\\u00e8re\",\"description\":\"La primera fila del entretenimiento\",\"url\":\"https:\\\/\\\/semanariolaprensa.com\\\/avantpremiere\\\/\",\"logo\":{\"@type\":\"ImageObject\",\"url\":\"https:\\\/\\\/i0.wp.com\\\/semanariolaprensa.com\\\/avantpremiere\\\/wp-content\\\/uploads\\\/2026\\\/01\\\/cropped-iconoaureapremiere-1.png?fit=512%2C512&ssl=1\",\"@id\":\"https:\\\/\\\/semanariolaprensa.com\\\/avantpremiere\\\/el-asesino-de-tupac-shakur-ira-a-prision-perpetua-el-historico-veredicto-que-cierra-tres-decadas-de-impunidad\\\/#organizationLogo\",\"width\":512,\"height\":512},\"image\":{\"@id\":\"https:\\\/\\\/semanariolaprensa.com\\\/avantpremiere\\\/el-asesino-de-tupac-shakur-ira-a-prision-perpetua-el-historico-veredicto-que-cierra-tres-decadas-de-impunidad\\\/#organizationLogo\"}},{\"@type\":\"Person\",\"@id\":\"https:\\\/\\\/semanariolaprensa.com\\\/avantpremiere\\\/author\\\/debaaureapremiere\\\/#author\",\"url\":\"https:\\\/\\\/semanariolaprensa.com\\\/avantpremiere\\\/author\\\/debaaureapremiere\\\/\",\"name\":\"Avant Premi\\u00e8re\",\"image\":{\"@type\":\"ImageObject\",\"@id\":\"https:\\\/\\\/semanariolaprensa.com\\\/avantpremiere\\\/el-asesino-de-tupac-shakur-ira-a-prision-perpetua-el-historico-veredicto-que-cierra-tres-decadas-de-impunidad\\\/#authorImage\",\"url\":\"https:\\\/\\\/secure.gravatar.com\\\/avatar\\\/25bd2526a0e92945ea41f6e68d1a9ff9a0293e6dffd0f172fc718d13a924f236?s=96&d=mm&r=g\",\"width\":96,\"height\":96,\"caption\":\"Avant Premi\\u00e8re\"}},{\"@type\":\"WebPage\",\"@id\":\"https:\\\/\\\/semanariolaprensa.com\\\/avantpremiere\\\/el-asesino-de-tupac-shakur-ira-a-prision-perpetua-el-historico-veredicto-que-cierra-tres-decadas-de-impunidad\\\/#webpage\",\"url\":\"https:\\\/\\\/semanariolaprensa.com\\\/avantpremiere\\\/el-asesino-de-tupac-shakur-ira-a-prision-perpetua-el-historico-veredicto-que-cierra-tres-decadas-de-impunidad\\\/\",\"name\":\"El asesino de Tupac Shakur ir\\u00e1 a prisi\\u00f3n perpetua: el hist\\u00f3rico veredicto que cierra tres d\\u00e9cadas de impunidad - Avant-Premi\\u00e8re\",\"description\":\"Un jurado popular de Las Vegas declar\\u00f3 culpable de asesinato en primer grado a Duane \\\"Keffe D\\\" Davis por planificar la emboscada armada que termin\\u00f3 con la vida de la leyenda del hip-hop en 1996. Casi tres d\\u00e9cadas despu\\u00e9s de uno de los cr\\u00edmenes m\\u00e1s resonantes y enigm\\u00e1ticos de la cultura popular contempor\\u00e1nea, la justicia\",\"inLanguage\":\"es-ES\",\"isPartOf\":{\"@id\":\"https:\\\/\\\/semanariolaprensa.com\\\/avantpremiere\\\/#website\"},\"breadcrumb\":{\"@id\":\"https:\\\/\\\/semanariolaprensa.com\\\/avantpremiere\\\/el-asesino-de-tupac-shakur-ira-a-prision-perpetua-el-historico-veredicto-que-cierra-tres-decadas-de-impunidad\\\/#breadcrumblist\"},\"author\":{\"@id\":\"https:\\\/\\\/semanariolaprensa.com\\\/avantpremiere\\\/author\\\/debaaureapremiere\\\/#author\"},\"creator\":{\"@id\":\"https:\\\/\\\/semanariolaprensa.com\\\/avantpremiere\\\/author\\\/debaaureapremiere\\\/#author\"},\"image\":{\"@type\":\"ImageObject\",\"url\":\"https:\\\/\\\/i0.wp.com\\\/semanariolaprensa.com\\\/avantpremiere\\\/wp-content\\\/uploads\\\/2026\\\/09\\\/asesinodetupac.png?fit=1102%2C686&ssl=1\",\"@id\":\"https:\\\/\\\/semanariolaprensa.com\\\/avantpremiere\\\/el-asesino-de-tupac-shakur-ira-a-prision-perpetua-el-historico-veredicto-que-cierra-tres-decadas-de-impunidad\\\/#mainImage\",\"width\":1102,\"height\":686},\"primaryImageOfPage\":{\"@id\":\"https:\\\/\\\/semanariolaprensa.com\\\/avantpremiere\\\/el-asesino-de-tupac-shakur-ira-a-prision-perpetua-el-historico-veredicto-que-cierra-tres-decadas-de-impunidad\\\/#mainImage\"},\"datePublished\":\"2026-09-01T00:45:10-03:00\",\"dateModified\":\"2026-09-01T00:45:13-03:00\"},{\"@type\":\"WebSite\",\"@id\":\"https:\\\/\\\/semanariolaprensa.com\\\/avantpremiere\\\/#website\",\"url\":\"https:\\\/\\\/semanariolaprensa.com\\\/avantpremiere\\\/\",\"name\":\"Avant-Premi\\u00e8re\",\"description\":\"La primera fila del entretenimiento\",\"inLanguage\":\"es-ES\",\"publisher\":{\"@id\":\"https:\\\/\\\/semanariolaprensa.com\\\/avantpremiere\\\/#organization\"}}]}\n\t\t<\/script>\n\t\t<!-- All in One SEO -->\n\n","aioseo_head_json":{"title":"El asesino de Tupac Shakur ir\u00e1 a prisi\u00f3n perpetua: el hist\u00f3rico veredicto que cierra tres d\u00e9cadas de impunidad - Avant-Premi\u00e8re","description":"Un jurado popular de Las Vegas declar\u00f3 culpable de asesinato en primer grado a Duane \"Keffe D\" Davis por planificar la emboscada armada que termin\u00f3 con la vida de la leyenda del hip-hop en 1996. Casi tres d\u00e9cadas despu\u00e9s de uno de los cr\u00edmenes m\u00e1s resonantes y enigm\u00e1ticos de la cultura popular contempor\u00e1nea, la justicia","canonical_url":"https:\/\/semanariolaprensa.com\/avantpremiere\/el-asesino-de-tupac-shakur-ira-a-prision-perpetua-el-historico-veredicto-que-cierra-tres-decadas-de-impunidad\/","robots":"max-image-preview:large","keywords":"","webmasterTools":{"miscellaneous":""},"schema":{"@context":"https:\/\/schema.org","@graph":[{"@type":"BlogPosting","@id":"https:\/\/semanariolaprensa.com\/avantpremiere\/el-asesino-de-tupac-shakur-ira-a-prision-perpetua-el-historico-veredicto-que-cierra-tres-decadas-de-impunidad\/#blogposting","name":"El asesino de Tupac Shakur ir\u00e1 a prisi\u00f3n perpetua: el hist\u00f3rico veredicto que cierra tres d\u00e9cadas de impunidad - Avant-Premi\u00e8re","headline":"El asesino de Tupac Shakur ir\u00e1 a prisi\u00f3n perpetua: el hist\u00f3rico veredicto que cierra tres d\u00e9cadas de impunidad","author":{"@id":"https:\/\/semanariolaprensa.com\/avantpremiere\/author\/debaaureapremiere\/#author"},"publisher":{"@id":"https:\/\/semanariolaprensa.com\/avantpremiere\/#organization"},"image":{"@type":"ImageObject","url":"https:\/\/i0.wp.com\/semanariolaprensa.com\/avantpremiere\/wp-content\/uploads\/2026\/09\/asesinodetupac.png?fit=1102%2C686&ssl=1","width":1102,"height":686},"datePublished":"2026-09-01T00:45:10-03:00","dateModified":"2026-09-01T00:45:13-03:00","inLanguage":"es-ES","mainEntityOfPage":{"@id":"https:\/\/semanariolaprensa.com\/avantpremiere\/el-asesino-de-tupac-shakur-ira-a-prision-perpetua-el-historico-veredicto-que-cierra-tres-decadas-de-impunidad\/#webpage"},"isPartOf":{"@id":"https:\/\/semanariolaprensa.com\/avantpremiere\/el-asesino-de-tupac-shakur-ira-a-prision-perpetua-el-historico-veredicto-que-cierra-tres-decadas-de-impunidad\/#webpage"},"articleSection":"Flash, 2Pac, Crimen Tupac, Duane Keffe D Davis, Hip Hop, Juicio, Las Vegas, Musica internacional, Policiales, Tupac Shakur"},{"@type":"BreadcrumbList","@id":"https:\/\/semanariolaprensa.com\/avantpremiere\/el-asesino-de-tupac-shakur-ira-a-prision-perpetua-el-historico-veredicto-que-cierra-tres-decadas-de-impunidad\/#breadcrumblist","itemListElement":[{"@type":"ListItem","@id":"https:\/\/semanariolaprensa.com\/avantpremiere#listItem","position":1,"name":"Home","item":"https:\/\/semanariolaprensa.com\/avantpremiere","nextItem":{"@type":"ListItem","@id":"https:\/\/semanariolaprensa.com\/avantpremiere\/category\/flash\/#listItem","name":"Flash"}},{"@type":"ListItem","@id":"https:\/\/semanariolaprensa.com\/avantpremiere\/category\/flash\/#listItem","position":2,"name":"Flash","item":"https:\/\/semanariolaprensa.com\/avantpremiere\/category\/flash\/","nextItem":{"@type":"ListItem","@id":"https:\/\/semanariolaprensa.com\/avantpremiere\/el-asesino-de-tupac-shakur-ira-a-prision-perpetua-el-historico-veredicto-que-cierra-tres-decadas-de-impunidad\/#listItem","name":"El asesino de Tupac Shakur ir\u00e1 a prisi\u00f3n perpetua: el hist\u00f3rico veredicto que cierra tres d\u00e9cadas de impunidad"},"previousItem":{"@type":"ListItem","@id":"https:\/\/semanariolaprensa.com\/avantpremiere#listItem","name":"Home"}},{"@type":"ListItem","@id":"https:\/\/semanariolaprensa.com\/avantpremiere\/el-asesino-de-tupac-shakur-ira-a-prision-perpetua-el-historico-veredicto-que-cierra-tres-decadas-de-impunidad\/#listItem","position":3,"name":"El asesino de Tupac Shakur ir\u00e1 a prisi\u00f3n perpetua: el hist\u00f3rico veredicto que cierra tres d\u00e9cadas de impunidad","previousItem":{"@type":"ListItem","@id":"https:\/\/semanariolaprensa.com\/avantpremiere\/category\/flash\/#listItem","name":"Flash"}}]},{"@type":"Organization","@id":"https:\/\/semanariolaprensa.com\/avantpremiere\/#organization","name":"Avant-Premi\u00e8re","description":"La primera fila del entretenimiento","url":"https:\/\/semanariolaprensa.com\/avantpremiere\/","logo":{"@type":"ImageObject","url":"https:\/\/i0.wp.com\/semanariolaprensa.com\/avantpremiere\/wp-content\/uploads\/2026\/01\/cropped-iconoaureapremiere-1.png?fit=512%2C512&ssl=1","@id":"https:\/\/semanariolaprensa.com\/avantpremiere\/el-asesino-de-tupac-shakur-ira-a-prision-perpetua-el-historico-veredicto-que-cierra-tres-decadas-de-impunidad\/#organizationLogo","width":512,"height":512},"image":{"@id":"https:\/\/semanariolaprensa.com\/avantpremiere\/el-asesino-de-tupac-shakur-ira-a-prision-perpetua-el-historico-veredicto-que-cierra-tres-decadas-de-impunidad\/#organizationLogo"}},{"@type":"Person","@id":"https:\/\/semanariolaprensa.com\/avantpremiere\/author\/debaaureapremiere\/#author","url":"https:\/\/semanariolaprensa.com\/avantpremiere\/author\/debaaureapremiere\/","name":"Avant Premi\u00e8re","image":{"@type":"ImageObject","@id":"https:\/\/semanariolaprensa.com\/avantpremiere\/el-asesino-de-tupac-shakur-ira-a-prision-perpetua-el-historico-veredicto-que-cierra-tres-decadas-de-impunidad\/#authorImage","url":"https:\/\/secure.gravatar.com\/avatar\/25bd2526a0e92945ea41f6e68d1a9ff9a0293e6dffd0f172fc718d13a924f236?s=96&d=mm&r=g","width":96,"height":96,"caption":"Avant Premi\u00e8re"}},{"@type":"WebPage","@id":"https:\/\/semanariolaprensa.com\/avantpremiere\/el-asesino-de-tupac-shakur-ira-a-prision-perpetua-el-historico-veredicto-que-cierra-tres-decadas-de-impunidad\/#webpage","url":"https:\/\/semanariolaprensa.com\/avantpremiere\/el-asesino-de-tupac-shakur-ira-a-prision-perpetua-el-historico-veredicto-que-cierra-tres-decadas-de-impunidad\/","name":"El asesino de Tupac Shakur ir\u00e1 a prisi\u00f3n perpetua: el hist\u00f3rico veredicto que cierra tres d\u00e9cadas de impunidad - Avant-Premi\u00e8re","description":"Un jurado popular de Las Vegas declar\u00f3 culpable de asesinato en primer grado a Duane \"Keffe D\" Davis por planificar la emboscada armada que termin\u00f3 con la vida de la leyenda del hip-hop en 1996. Casi tres d\u00e9cadas despu\u00e9s de uno de los cr\u00edmenes m\u00e1s resonantes y enigm\u00e1ticos de la cultura popular contempor\u00e1nea, la justicia","inLanguage":"es-ES","isPartOf":{"@id":"https:\/\/semanariolaprensa.com\/avantpremiere\/#website"},"breadcrumb":{"@id":"https:\/\/semanariolaprensa.com\/avantpremiere\/el-asesino-de-tupac-shakur-ira-a-prision-perpetua-el-historico-veredicto-que-cierra-tres-decadas-de-impunidad\/#breadcrumblist"},"author":{"@id":"https:\/\/semanariolaprensa.com\/avantpremiere\/author\/debaaureapremiere\/#author"},"creator":{"@id":"https:\/\/semanariolaprensa.com\/avantpremiere\/author\/debaaureapremiere\/#author"},"image":{"@type":"ImageObject","url":"https:\/\/i0.wp.com\/semanariolaprensa.com\/avantpremiere\/wp-content\/uploads\/2026\/09\/asesinodetupac.png?fit=1102%2C686&ssl=1","@id":"https:\/\/semanariolaprensa.com\/avantpremiere\/el-asesino-de-tupac-shakur-ira-a-prision-perpetua-el-historico-veredicto-que-cierra-tres-decadas-de-impunidad\/#mainImage","width":1102,"height":686},"primaryImageOfPage":{"@id":"https:\/\/semanariolaprensa.com\/avantpremiere\/el-asesino-de-tupac-shakur-ira-a-prision-perpetua-el-historico-veredicto-que-cierra-tres-decadas-de-impunidad\/#mainImage"},"datePublished":"2026-09-01T00:45:10-03:00","dateModified":"2026-09-01T00:45:13-03:00"},{"@type":"WebSite","@id":"https:\/\/semanariolaprensa.com\/avantpremiere\/#website","url":"https:\/\/semanariolaprensa.com\/avantpremiere\/","name":"Avant-Premi\u00e8re","description":"La primera fila del entretenimiento","inLanguage":"es-ES","publisher":{"@id":"https:\/\/semanariolaprensa.com\/avantpremiere\/#organization"}}]},"og:locale":"es_ES","og:site_name":"Avant-Premi\u00e8re - La primera fila del entretenimiento","og:type":"article","og:title":"El asesino de Tupac Shakur ir\u00e1 a prisi\u00f3n perpetua: el hist\u00f3rico veredicto que cierra tres d\u00e9cadas de impunidad - Avant-Premi\u00e8re","og:description":"Un jurado popular de Las Vegas declar\u00f3 culpable de asesinato en primer grado a Duane &quot;Keffe D&quot; Davis por planificar la emboscada armada que termin\u00f3 con la vida de la leyenda del hip-hop en 1996. Casi tres d\u00e9cadas despu\u00e9s de uno de los cr\u00edmenes m\u00e1s resonantes y enigm\u00e1ticos de la cultura popular contempor\u00e1nea, la justicia","og:url":"https:\/\/semanariolaprensa.com\/avantpremiere\/el-asesino-de-tupac-shakur-ira-a-prision-perpetua-el-historico-veredicto-que-cierra-tres-decadas-de-impunidad\/","article:published_time":"2026-09-01T03:45:10+00:00","article:modified_time":"2026-09-01T03:45:13+00:00","twitter:card":"summary_large_image","twitter:title":"El asesino de Tupac Shakur ir\u00e1 a prisi\u00f3n perpetua: el hist\u00f3rico veredicto que cierra tres d\u00e9cadas de impunidad - Avant-Premi\u00e8re","twitter:description":"Un jurado popular de Las Vegas declar\u00f3 culpable de asesinato en primer grado a Duane &quot;Keffe D&quot; Davis por planificar la emboscada armada que termin\u00f3 con la vida de la leyenda del hip-hop en 1996. Casi tres d\u00e9cadas despu\u00e9s de uno de los cr\u00edmenes m\u00e1s resonantes y enigm\u00e1ticos de la cultura popular contempor\u00e1nea, la justicia"},"aioseo_meta_data":{"post_id":"3253","title":null,"description":null,"keywords":null,"keyphrases":{"focus":{"keyphrase":"","score":0,"analysis":{"keyphraseInTitle":{"score":0,"maxScore":9,"error":1}}},"additional":[]},"primary_term":null,"canonical_url":null,"og_title":null,"og_description":null,"og_object_type":"default","og_image_type":"default","og_image_url":null,"og_image_width":null,"og_image_height":null,"og_image_custom_url":null,"og_image_custom_fields":null,"og_video":"","og_custom_url":null,"og_article_section":null,"og_article_tags":null,"twitter_use_og":false,"twitter_card":"default","twitter_image_type":"default","twitter_image_url":null,"twitter_image_custom_url":null,"twitter_image_custom_fields":null,"twitter_title":null,"twitter_description":null,"schema":{"blockGraphs":[],"customGraphs":[],"default":{"data":{"Article":[],"Course":[],"Dataset":[],"FAQPage":[],"Movie":[],"Person":[],"Product":[],"ProductReview":[],"Car":[],"Recipe":[],"Service":[],"SoftwareApplication":[],"WebPage":[]},"graphName":"BlogPosting","isEnabled":true},"graphs":[]},"schema_type":"default","schema_type_options":null,"pillar_content":false,"robots_default":true,"robots_noindex":false,"robots_noarchive":false,"robots_nosnippet":false,"robots_nofollow":false,"robots_noimageindex":false,"robots_noodp":false,"robots_notranslate":false,"robots_max_snippet":"-1","robots_max_videopreview":"-1","robots_max_imagepreview":"large","priority":null,"frequency":"default","local_seo":null,"breadcrumb_settings":null,"limit_modified_date":false,"ai":{"faqs":[],"keyPoints":[],"schemas":[],"titles":[],"descriptions":[],"socialPosts":{"email":{"subject":"","preview":"","content":""},"linkedin":[],"twitter":[],"facebook":[],"instagram":[]}},"created":"2026-09-01 03:45:13","updated":"2026-09-01 03:45:13","seo_analyzer_scan_date":null,"focus_keyword":null,"additional_keywords":null,"truseo_locale":null},"aioseo_breadcrumb":"<div class=\"aioseo-breadcrumbs\"><span class=\"aioseo-breadcrumb\">\n\t\t\t<a href=\"https:\/\/semanariolaprensa.com\/avantpremiere\" title=\"Home\">Home<\/a>\n\t\t<\/span><span class=\"aioseo-breadcrumb-separator\">&raquo;<\/span><span class=\"aioseo-breadcrumb\">\n\t\t\t<a href=\"https:\/\/semanariolaprensa.com\/avantpremiere\/category\/flash\/\" title=\"Flash\">Flash<\/a>\n\t\t<\/span><span class=\"aioseo-breadcrumb-separator\">&raquo;<\/span><span class=\"aioseo-breadcrumb\">\n\t\t\tEl asesino de Tupac Shakur ir\u00e1 a prisi\u00f3n perpetua: el hist\u00f3rico veredicto que cierra tres d\u00e9cadas de impunidad\n\t\t<\/span><\/div>","aioseo_breadcrumb_json":[{"label":"Home","link":"https:\/\/semanariolaprensa.com\/avantpremiere"},{"label":"Flash","link":"https:\/\/semanariolaprensa.com\/avantpremiere\/category\/flash\/"},{"label":"El asesino de Tupac Shakur ir\u00e1 a prisi\u00f3n perpetua: el hist\u00f3rico veredicto que cierra tres d\u00e9cadas de impunidad","link":"https:\/\/semanariolaprensa.com\/avantpremiere\/el-asesino-de-tupac-shakur-ira-a-prision-perpetua-el-historico-veredicto-que-cierra-tres-decadas-de-impunidad\/"}],"jetpack_sharing_enabled":true,"jetpack_featured_media_url":"https:\/\/i0.wp.com\/semanariolaprensa.com\/avantpremiere\/wp-content\/uploads\/2026\/09\/asesinodetupac.png?fit=1102%2C686&ssl=1","_links":{"self":[{"href":"https:\/\/semanariolaprensa.com\/avantpremiere\/wp-json\/wp\/v2\/posts\/3253","targetHints":{"allow":["GET"]}}],"collection":[{"href":"https:\/\/semanariolaprensa.com\/avantpremiere\/wp-json\/wp\/v2\/posts"}],"about":[{"href":"https:\/\/semanariolaprensa.com\/avantpremiere\/wp-json\/wp\/v2\/types\/post"}],"author":[{"embeddable":true,"href":"https:\/\/semanariolaprensa.com\/avantpremiere\/wp-json\/wp\/v2\/users\/1"}],"replies":[{"embeddable":true,"href":"https:\/\/semanariolaprensa.com\/avantpremiere\/wp-json\/wp\/v2\/comments?post=3253"}],"version-history":[{"count":1,"href":"https:\/\/semanariolaprensa.com\/avantpremiere\/wp-json\/wp\/v2\/posts\/3253\/revisions"}],"predecessor-version":[{"id":3255,"href":"https:\/\/semanariolaprensa.com\/avantpremiere\/wp-json\/wp\/v2\/posts\/3253\/revisions\/3255"}],"wp:featuredmedia":[{"embeddable":true,"href":"https:\/\/semanariolaprensa.com\/avantpremiere\/wp-json\/wp\/v2\/media\/3254"}],"wp:attachment":[{"href":"https:\/\/semanariolaprensa.com\/avantpremiere\/wp-json\/wp\/v2\/media?parent=3253"}],"wp:term":[{"taxonomy":"category","embeddable":true,"href":"https:\/\/semanariolaprensa.com\/avantpremiere\/wp-json\/wp\/v2\/categories?post=3253"},{"taxonomy":"post_tag","embeddable":true,"href":"https:\/\/semanariolaprensa.com\/avantpremiere\/wp-json\/wp\/v2\/tags?post=3253"}],"curies":[{"name":"wp","href":"https:\/\/api.w.org\/{rel}","templated":true}]}}