{"id":3243,"date":"2026-08-31T19:22:05","date_gmt":"2026-08-31T22:22:05","guid":{"rendered":"https:\/\/semanariolaprensa.com\/avantpremiere\/?p=3243"},"modified":"2026-08-31T19:22:08","modified_gmt":"2026-08-31T22:22:08","slug":"un-cabo-suelto-de-daniel-hendler-representara-a-uruguay-en-los-premios-oscar-y-goya","status":"publish","type":"post","link":"https:\/\/semanariolaprensa.com\/avantpremiere\/un-cabo-suelto-de-daniel-hendler-representara-a-uruguay-en-los-premios-oscar-y-goya\/","title":{"rendered":"&#8216;Un cabo suelto&#8217;, de Daniel Hendler, representar\u00e1 a Uruguay en los premios \u00d3scar y Goya"},"content":{"rendered":"\n<p class=\"wp-block-paragraph\">La Academia de Cine del Uruguay eligi\u00f3 la comedia con tintes de thriller policial protagonizada por Sergio Prina, Pilar Gamboa y C\u00e9sar Troncoso para la carrera internacional de 2027.<\/p>\n\n\n\n<p class=\"wp-block-paragraph\">El cine nacional ya tiene a su abanderada para la pr\u00f3xima temporada de premios internacionales. La Academia de Artes y Ciencias Cinematogr\u00e1ficas del Uruguay (ACCU) anunci\u00f3 este lunes que <strong><em>&#8216;Un cabo suelto&#8217;<\/em><\/strong>, el largometraje dirigido por <strong>Daniel Hendler<\/strong>, fue seleccionado para representar al pa\u00eds en la categor\u00eda de <strong>Mejor Pel\u00edcula Internacional<\/strong> en los premios <strong>\u00d3scar<\/strong> y como candidata en los premios <strong>Goya<\/strong> de 2027.<\/p>\n\n\n\n<p class=\"wp-block-paragraph\">La postulaci\u00f3n marca un hito institucional para la industria cinematogr\u00e1fica uruguaya. Si bien se trata de la postulaci\u00f3n n\u00famero 26 desde 1992, es la primera oportunidad en que la decisi\u00f3n es adoptada por una academia conformada de forma exclusiva por profesionales del sector, tras un proceso de deliberaci\u00f3n de varias semanas a cargo de un comit\u00e9 evaluador de once integrantes de distintas ramas de la actividad.<\/p>\n\n\n\n<h3 class=\"wp-block-heading\"><strong>Un cruce de g\u00e9neros con recorrido en festivales de primera l\u00ednea<\/strong><\/h3>\n\n\n\n<p class=\"wp-block-paragraph\">Estrenada internacionalmente en la Mostra de Venecia y exhibida en la secci\u00f3n Horizontes Latinos del Festival de Cine de San Sebasti\u00e1n, la cinta consolida el regreso de Hendler a la direcci\u00f3n con una propuesta que transita entre la comedia, el suspense policial, la <em>road-movie<\/em> y el <em>western<\/em>.<\/p>\n\n\n\n<p class=\"wp-block-paragraph\">Encabezada por el actor argentino Sergio Prina y la actriz Pilar Gamboa, junto a la destacada participaci\u00f3n del uruguayo C\u00e9sar Troncoso, la trama sigue a un cabo de la polic\u00eda que emprende una huida hacia territorio uruguayo intentando escapar de dos colegas institucionales y reescribir su destino.<\/p>\n\n\n\n<p class=\"wp-block-paragraph\">Hendler explic\u00f3 que el proyecto naci\u00f3 a partir de una escena casi absurda \u2014un polic\u00eda probando quesos en un puesto de ruta\u2014 que deriv\u00f3 en una reflexi\u00f3n sobre la identidad, los propios demonios del personaje y las segundas oportunidades: \u00abCuenta tambi\u00e9n la imposibilidad que tenemos de hacer un ejercicio de reseteo total, de convertirnos en alguien nuevo, pero al mismo tiempo la oportunidad que tenemos y a veces no vemos\u00bb.<\/p>\n\n\n\n<p class=\"wp-block-paragraph\">Con este respaldo, la producci\u00f3n inicia formalmente su campa\u00f1a de promoci\u00f3n internacional de cara a las preselecciones de las academias de Hollywood y de Espa\u00f1a.<\/p>\n\n\n\n<p class=\"wp-block-paragraph\">Avant Premi\u00e8re \/ EFE<\/p>\n\n\n\n<figure class=\"wp-block-embed is-type-video is-provider-youtube wp-block-embed-youtube wp-embed-aspect-16-9 wp-has-aspect-ratio\"><div class=\"wp-block-embed__wrapper\">\n<div class=\"jeg_video_container jeg_video_content\"><iframe title=\"UN CABO SUELTO - Tr\u00e1iler Oficial\" width=\"500\" height=\"281\" src=\"https:\/\/www.youtube.com\/embed\/n2kuAzrHERM?feature=oembed\" frameborder=\"0\" allow=\"accelerometer; autoplay; clipboard-write; encrypted-media; gyroscope; picture-in-picture; web-share\" referrerpolicy=\"strict-origin-when-cross-origin\" allowfullscreen><\/iframe><\/div>\n<\/div><\/figure>\n","protected":false},"excerpt":{"rendered":"<p>La Academia de Cine del Uruguay eligi\u00f3 la comedia con tintes de thriller policial protagonizada por Sergio Prina, Pilar Gamboa y C\u00e9sar Troncoso para la carrera internacional de 2027. El cine nacional ya tiene a su abanderada para la pr\u00f3xima temporada de premios internacionales. La Academia de Artes y Ciencias Cinematogr\u00e1ficas del Uruguay (ACCU) anunci\u00f3 [&hellip;]<\/p>\n","protected":false},"author":1,"featured_media":3244,"comment_status":"open","ping_status":"open","sticky":false,"template":"","format":"standard","meta":{"om_disable_all_campaigns":false,"_monsterinsights_skip_tracking":false,"_jetpack_newsletter_access":"everybody","_jetpack_dont_email_post_to_subs":false,"_jetpack_newsletter_tier_id":0,"_jetpack_memberships_contains_paywalled_content":false,"_jetpack_feature_clip_id":0,"_jetpack_memberships_contains_paid_content":false,"jnews-multi-image_gallery":[],"jnews_single_post":{"format":"standard"},"jnews_primary_category":[],"jnews_override_bookmark_settings":[],"jnews_social_meta":[],"jnews_review":[],"enable_review":"","type":"","name":"","summary":"","brand":"","sku":"","good":[],"bad":[],"score_override":"","override_value":"","rating":[],"price":[],"jnews_override_counter":[],"footnotes":"","jetpack_post_was_ever_published":false},"categories":[383,416,92,82],"tags":[3499,3498,875,3495,3493,3494,3492,3496,3497],"class_list":["post-3243","post","type-post","status-publish","format-standard","has-post-thumbnail","hentry","category-cine","category-locales","category-pantalla","category-primer-plano","tag-academia-de-cine-de-uruguay","tag-cesar-troncoso","tag-cine-uruguayo","tag-daniel-hendler","tag-pilar-gamboa","tag-premios-goya","tag-premios-oscar","tag-sergio-prina","tag-un-cabo-suelto"],"aioseo_notices":[],"aioseo_head":"\n\t\t<!-- All in One SEO 5.0.1 - aioseo.com -->\n\t<meta name=\"description\" content=\"La Academia de Cine del Uruguay eligi\u00f3 la comedia con tintes de thriller policial protagonizada por Sergio Prina, Pilar Gamboa y C\u00e9sar Troncoso para la carrera internacional de 2027. El cine nacional ya tiene a su abanderada para la pr\u00f3xima temporada de premios internacionales. La Academia de Artes y Ciencias Cinematogr\u00e1ficas del Uruguay (ACCU) anunci\u00f3\" \/>\n\t<meta name=\"robots\" content=\"max-image-preview:large\" \/>\n\t<meta name=\"author\" content=\"Avant Premi\u00e8re\"\/>\n\t<link rel=\"canonical\" href=\"https:\/\/semanariolaprensa.com\/avantpremiere\/un-cabo-suelto-de-daniel-hendler-representara-a-uruguay-en-los-premios-oscar-y-goya\/\" \/>\n\t<meta name=\"generator\" content=\"All in One SEO (AIOSEO) 5.0.1\" \/>\n\t\t<meta property=\"og:locale\" content=\"es_ES\" \/>\n\t\t<meta property=\"og:site_name\" content=\"Avant-Premi\u00e8re - La primera fila del entretenimiento\" \/>\n\t\t<meta property=\"og:type\" content=\"article\" \/>\n\t\t<meta property=\"og:title\" content=\"\u2018Un cabo suelto\u2019, de Daniel Hendler, representar\u00e1 a Uruguay en los premios \u00d3scar y Goya - Avant-Premi\u00e8re\" \/>\n\t\t<meta property=\"og:description\" content=\"La Academia de Cine del Uruguay eligi\u00f3 la comedia con tintes de thriller policial protagonizada por Sergio Prina, Pilar Gamboa y C\u00e9sar Troncoso para la carrera internacional de 2027. El cine nacional ya tiene a su abanderada para la pr\u00f3xima temporada de premios internacionales. La Academia de Artes y Ciencias Cinematogr\u00e1ficas del Uruguay (ACCU) anunci\u00f3\" \/>\n\t\t<meta property=\"og:url\" content=\"https:\/\/semanariolaprensa.com\/avantpremiere\/un-cabo-suelto-de-daniel-hendler-representara-a-uruguay-en-los-premios-oscar-y-goya\/\" \/>\n\t\t<meta property=\"article:published_time\" content=\"2026-08-31T22:22:05+00:00\" \/>\n\t\t<meta property=\"article:modified_time\" content=\"2026-08-31T22:22:08+00:00\" \/>\n\t\t<meta name=\"twitter:card\" content=\"summary_large_image\" \/>\n\t\t<meta name=\"twitter:title\" content=\"\u2018Un cabo suelto\u2019, de Daniel Hendler, representar\u00e1 a Uruguay en los premios \u00d3scar y Goya - Avant-Premi\u00e8re\" \/>\n\t\t<meta name=\"twitter:description\" content=\"La Academia de Cine del Uruguay eligi\u00f3 la comedia con tintes de thriller policial protagonizada por Sergio Prina, Pilar Gamboa y C\u00e9sar Troncoso para la carrera internacional de 2027. El cine nacional ya tiene a su abanderada para la pr\u00f3xima temporada de premios internacionales. La Academia de Artes y Ciencias Cinematogr\u00e1ficas del Uruguay (ACCU) anunci\u00f3\" \/>\n\t\t<script type=\"application\/ld+json\" class=\"aioseo-schema\">\n\t\t\t{\"@context\":\"https:\\\/\\\/schema.org\",\"@graph\":[{\"@type\":\"BlogPosting\",\"@id\":\"https:\\\/\\\/semanariolaprensa.com\\\/avantpremiere\\\/un-cabo-suelto-de-daniel-hendler-representara-a-uruguay-en-los-premios-oscar-y-goya\\\/#blogposting\",\"name\":\"\\u2018Un cabo suelto\\u2019, de Daniel Hendler, representar\\u00e1 a Uruguay en los premios \\u00d3scar y Goya - Avant-Premi\\u00e8re\",\"headline\":\"&#8216;Un cabo suelto&#8217;, de Daniel Hendler, representar\\u00e1 a Uruguay en los premios \\u00d3scar y Goya\",\"author\":{\"@id\":\"https:\\\/\\\/semanariolaprensa.com\\\/avantpremiere\\\/author\\\/debaaureapremiere\\\/#author\"},\"publisher\":{\"@id\":\"https:\\\/\\\/semanariolaprensa.com\\\/avantpremiere\\\/#organization\"},\"image\":{\"@type\":\"ImageObject\",\"url\":\"https:\\\/\\\/i0.wp.com\\\/semanariolaprensa.com\\\/avantpremiere\\\/wp-content\\\/uploads\\\/2026\\\/08\\\/uncabosueltodanielhendler.png?fit=1200%2C532&ssl=1\",\"width\":1200,\"height\":532},\"datePublished\":\"2026-08-31T19:22:05-03:00\",\"dateModified\":\"2026-08-31T19:22:08-03:00\",\"inLanguage\":\"es-ES\",\"mainEntityOfPage\":{\"@id\":\"https:\\\/\\\/semanariolaprensa.com\\\/avantpremiere\\\/un-cabo-suelto-de-daniel-hendler-representara-a-uruguay-en-los-premios-oscar-y-goya\\\/#webpage\"},\"isPartOf\":{\"@id\":\"https:\\\/\\\/semanariolaprensa.com\\\/avantpremiere\\\/un-cabo-suelto-de-daniel-hendler-representara-a-uruguay-en-los-premios-oscar-y-goya\\\/#webpage\"},\"articleSection\":\"Cine, Locales, Pantalla, Primer Plano, Academia de Cine de Uruguay, Cesar Troncoso, Cine Uruguayo, Daniel Hendler, Pilar Gamboa, Premios Goya, Premios Oscar, Sergio Prina, Un cabo suelto\"},{\"@type\":\"BreadcrumbList\",\"@id\":\"https:\\\/\\\/semanariolaprensa.com\\\/avantpremiere\\\/un-cabo-suelto-de-daniel-hendler-representara-a-uruguay-en-los-premios-oscar-y-goya\\\/#breadcrumblist\",\"itemListElement\":[{\"@type\":\"ListItem\",\"@id\":\"https:\\\/\\\/semanariolaprensa.com\\\/avantpremiere#listItem\",\"position\":1,\"name\":\"Home\",\"item\":\"https:\\\/\\\/semanariolaprensa.com\\\/avantpremiere\",\"nextItem\":{\"@type\":\"ListItem\",\"@id\":\"https:\\\/\\\/semanariolaprensa.com\\\/avantpremiere\\\/category\\\/pantalla\\\/#listItem\",\"name\":\"Pantalla\"}},{\"@type\":\"ListItem\",\"@id\":\"https:\\\/\\\/semanariolaprensa.com\\\/avantpremiere\\\/category\\\/pantalla\\\/#listItem\",\"position\":2,\"name\":\"Pantalla\",\"item\":\"https:\\\/\\\/semanariolaprensa.com\\\/avantpremiere\\\/category\\\/pantalla\\\/\",\"nextItem\":{\"@type\":\"ListItem\",\"@id\":\"https:\\\/\\\/semanariolaprensa.com\\\/avantpremiere\\\/category\\\/pantalla\\\/cine\\\/#listItem\",\"name\":\"Cine\"},\"previousItem\":{\"@type\":\"ListItem\",\"@id\":\"https:\\\/\\\/semanariolaprensa.com\\\/avantpremiere#listItem\",\"name\":\"Home\"}},{\"@type\":\"ListItem\",\"@id\":\"https:\\\/\\\/semanariolaprensa.com\\\/avantpremiere\\\/category\\\/pantalla\\\/cine\\\/#listItem\",\"position\":3,\"name\":\"Cine\",\"item\":\"https:\\\/\\\/semanariolaprensa.com\\\/avantpremiere\\\/category\\\/pantalla\\\/cine\\\/\",\"nextItem\":{\"@type\":\"ListItem\",\"@id\":\"https:\\\/\\\/semanariolaprensa.com\\\/avantpremiere\\\/un-cabo-suelto-de-daniel-hendler-representara-a-uruguay-en-los-premios-oscar-y-goya\\\/#listItem\",\"name\":\"&#8216;Un cabo suelto&#8217;, de Daniel Hendler, representar\\u00e1 a Uruguay en los premios \\u00d3scar y Goya\"},\"previousItem\":{\"@type\":\"ListItem\",\"@id\":\"https:\\\/\\\/semanariolaprensa.com\\\/avantpremiere\\\/category\\\/pantalla\\\/#listItem\",\"name\":\"Pantalla\"}},{\"@type\":\"ListItem\",\"@id\":\"https:\\\/\\\/semanariolaprensa.com\\\/avantpremiere\\\/un-cabo-suelto-de-daniel-hendler-representara-a-uruguay-en-los-premios-oscar-y-goya\\\/#listItem\",\"position\":4,\"name\":\"&#8216;Un cabo suelto&#8217;, de Daniel Hendler, representar\\u00e1 a Uruguay en los premios \\u00d3scar y Goya\",\"previousItem\":{\"@type\":\"ListItem\",\"@id\":\"https:\\\/\\\/semanariolaprensa.com\\\/avantpremiere\\\/category\\\/pantalla\\\/cine\\\/#listItem\",\"name\":\"Cine\"}}]},{\"@type\":\"Organization\",\"@id\":\"https:\\\/\\\/semanariolaprensa.com\\\/avantpremiere\\\/#organization\",\"name\":\"Avant-Premi\\u00e8re\",\"description\":\"La primera fila del entretenimiento\",\"url\":\"https:\\\/\\\/semanariolaprensa.com\\\/avantpremiere\\\/\",\"logo\":{\"@type\":\"ImageObject\",\"url\":\"https:\\\/\\\/i0.wp.com\\\/semanariolaprensa.com\\\/avantpremiere\\\/wp-content\\\/uploads\\\/2026\\\/01\\\/cropped-iconoaureapremiere-1.png?fit=512%2C512&ssl=1\",\"@id\":\"https:\\\/\\\/semanariolaprensa.com\\\/avantpremiere\\\/un-cabo-suelto-de-daniel-hendler-representara-a-uruguay-en-los-premios-oscar-y-goya\\\/#organizationLogo\",\"width\":512,\"height\":512},\"image\":{\"@id\":\"https:\\\/\\\/semanariolaprensa.com\\\/avantpremiere\\\/un-cabo-suelto-de-daniel-hendler-representara-a-uruguay-en-los-premios-oscar-y-goya\\\/#organizationLogo\"}},{\"@type\":\"Person\",\"@id\":\"https:\\\/\\\/semanariolaprensa.com\\\/avantpremiere\\\/author\\\/debaaureapremiere\\\/#author\",\"url\":\"https:\\\/\\\/semanariolaprensa.com\\\/avantpremiere\\\/author\\\/debaaureapremiere\\\/\",\"name\":\"Avant Premi\\u00e8re\",\"image\":{\"@type\":\"ImageObject\",\"@id\":\"https:\\\/\\\/semanariolaprensa.com\\\/avantpremiere\\\/un-cabo-suelto-de-daniel-hendler-representara-a-uruguay-en-los-premios-oscar-y-goya\\\/#authorImage\",\"url\":\"https:\\\/\\\/secure.gravatar.com\\\/avatar\\\/25bd2526a0e92945ea41f6e68d1a9ff9a0293e6dffd0f172fc718d13a924f236?s=96&d=mm&r=g\",\"width\":96,\"height\":96,\"caption\":\"Avant Premi\\u00e8re\"}},{\"@type\":\"WebPage\",\"@id\":\"https:\\\/\\\/semanariolaprensa.com\\\/avantpremiere\\\/un-cabo-suelto-de-daniel-hendler-representara-a-uruguay-en-los-premios-oscar-y-goya\\\/#webpage\",\"url\":\"https:\\\/\\\/semanariolaprensa.com\\\/avantpremiere\\\/un-cabo-suelto-de-daniel-hendler-representara-a-uruguay-en-los-premios-oscar-y-goya\\\/\",\"name\":\"\\u2018Un cabo suelto\\u2019, de Daniel Hendler, representar\\u00e1 a Uruguay en los premios \\u00d3scar y Goya - Avant-Premi\\u00e8re\",\"description\":\"La Academia de Cine del Uruguay eligi\\u00f3 la comedia con tintes de thriller policial protagonizada por Sergio Prina, Pilar Gamboa y C\\u00e9sar Troncoso para la carrera internacional de 2027. El cine nacional ya tiene a su abanderada para la pr\\u00f3xima temporada de premios internacionales. La Academia de Artes y Ciencias Cinematogr\\u00e1ficas del Uruguay (ACCU) anunci\\u00f3\",\"inLanguage\":\"es-ES\",\"isPartOf\":{\"@id\":\"https:\\\/\\\/semanariolaprensa.com\\\/avantpremiere\\\/#website\"},\"breadcrumb\":{\"@id\":\"https:\\\/\\\/semanariolaprensa.com\\\/avantpremiere\\\/un-cabo-suelto-de-daniel-hendler-representara-a-uruguay-en-los-premios-oscar-y-goya\\\/#breadcrumblist\"},\"author\":{\"@id\":\"https:\\\/\\\/semanariolaprensa.com\\\/avantpremiere\\\/author\\\/debaaureapremiere\\\/#author\"},\"creator\":{\"@id\":\"https:\\\/\\\/semanariolaprensa.com\\\/avantpremiere\\\/author\\\/debaaureapremiere\\\/#author\"},\"image\":{\"@type\":\"ImageObject\",\"url\":\"https:\\\/\\\/i0.wp.com\\\/semanariolaprensa.com\\\/avantpremiere\\\/wp-content\\\/uploads\\\/2026\\\/08\\\/uncabosueltodanielhendler.png?fit=1200%2C532&ssl=1\",\"@id\":\"https:\\\/\\\/semanariolaprensa.com\\\/avantpremiere\\\/un-cabo-suelto-de-daniel-hendler-representara-a-uruguay-en-los-premios-oscar-y-goya\\\/#mainImage\",\"width\":1200,\"height\":532},\"primaryImageOfPage\":{\"@id\":\"https:\\\/\\\/semanariolaprensa.com\\\/avantpremiere\\\/un-cabo-suelto-de-daniel-hendler-representara-a-uruguay-en-los-premios-oscar-y-goya\\\/#mainImage\"},\"datePublished\":\"2026-08-31T19:22:05-03:00\",\"dateModified\":\"2026-08-31T19:22:08-03:00\"},{\"@type\":\"WebSite\",\"@id\":\"https:\\\/\\\/semanariolaprensa.com\\\/avantpremiere\\\/#website\",\"url\":\"https:\\\/\\\/semanariolaprensa.com\\\/avantpremiere\\\/\",\"name\":\"Avant-Premi\\u00e8re\",\"description\":\"La primera fila del entretenimiento\",\"inLanguage\":\"es-ES\",\"publisher\":{\"@id\":\"https:\\\/\\\/semanariolaprensa.com\\\/avantpremiere\\\/#organization\"}}]}\n\t\t<\/script>\n\t\t<!-- All in One SEO -->\n\n","aioseo_head_json":{"title":"\u2018Un cabo suelto\u2019, de Daniel Hendler, representar\u00e1 a Uruguay en los premios \u00d3scar y Goya - Avant-Premi\u00e8re","description":"La Academia de Cine del Uruguay eligi\u00f3 la comedia con tintes de thriller policial protagonizada por Sergio Prina, Pilar Gamboa y C\u00e9sar Troncoso para la carrera internacional de 2027. El cine nacional ya tiene a su abanderada para la pr\u00f3xima temporada de premios internacionales. La Academia de Artes y Ciencias Cinematogr\u00e1ficas del Uruguay (ACCU) anunci\u00f3","canonical_url":"https:\/\/semanariolaprensa.com\/avantpremiere\/un-cabo-suelto-de-daniel-hendler-representara-a-uruguay-en-los-premios-oscar-y-goya\/","robots":"max-image-preview:large","keywords":"","webmasterTools":{"miscellaneous":""},"schema":{"@context":"https:\/\/schema.org","@graph":[{"@type":"BlogPosting","@id":"https:\/\/semanariolaprensa.com\/avantpremiere\/un-cabo-suelto-de-daniel-hendler-representara-a-uruguay-en-los-premios-oscar-y-goya\/#blogposting","name":"\u2018Un cabo suelto\u2019, de Daniel Hendler, representar\u00e1 a Uruguay en los premios \u00d3scar y Goya - Avant-Premi\u00e8re","headline":"&#8216;Un cabo suelto&#8217;, de Daniel Hendler, representar\u00e1 a Uruguay en los premios \u00d3scar y Goya","author":{"@id":"https:\/\/semanariolaprensa.com\/avantpremiere\/author\/debaaureapremiere\/#author"},"publisher":{"@id":"https:\/\/semanariolaprensa.com\/avantpremiere\/#organization"},"image":{"@type":"ImageObject","url":"https:\/\/i0.wp.com\/semanariolaprensa.com\/avantpremiere\/wp-content\/uploads\/2026\/08\/uncabosueltodanielhendler.png?fit=1200%2C532&ssl=1","width":1200,"height":532},"datePublished":"2026-08-31T19:22:05-03:00","dateModified":"2026-08-31T19:22:08-03:00","inLanguage":"es-ES","mainEntityOfPage":{"@id":"https:\/\/semanariolaprensa.com\/avantpremiere\/un-cabo-suelto-de-daniel-hendler-representara-a-uruguay-en-los-premios-oscar-y-goya\/#webpage"},"isPartOf":{"@id":"https:\/\/semanariolaprensa.com\/avantpremiere\/un-cabo-suelto-de-daniel-hendler-representara-a-uruguay-en-los-premios-oscar-y-goya\/#webpage"},"articleSection":"Cine, Locales, Pantalla, Primer Plano, Academia de Cine de Uruguay, Cesar Troncoso, Cine Uruguayo, Daniel Hendler, Pilar Gamboa, Premios Goya, Premios Oscar, Sergio Prina, Un cabo suelto"},{"@type":"BreadcrumbList","@id":"https:\/\/semanariolaprensa.com\/avantpremiere\/un-cabo-suelto-de-daniel-hendler-representara-a-uruguay-en-los-premios-oscar-y-goya\/#breadcrumblist","itemListElement":[{"@type":"ListItem","@id":"https:\/\/semanariolaprensa.com\/avantpremiere#listItem","position":1,"name":"Home","item":"https:\/\/semanariolaprensa.com\/avantpremiere","nextItem":{"@type":"ListItem","@id":"https:\/\/semanariolaprensa.com\/avantpremiere\/category\/pantalla\/#listItem","name":"Pantalla"}},{"@type":"ListItem","@id":"https:\/\/semanariolaprensa.com\/avantpremiere\/category\/pantalla\/#listItem","position":2,"name":"Pantalla","item":"https:\/\/semanariolaprensa.com\/avantpremiere\/category\/pantalla\/","nextItem":{"@type":"ListItem","@id":"https:\/\/semanariolaprensa.com\/avantpremiere\/category\/pantalla\/cine\/#listItem","name":"Cine"},"previousItem":{"@type":"ListItem","@id":"https:\/\/semanariolaprensa.com\/avantpremiere#listItem","name":"Home"}},{"@type":"ListItem","@id":"https:\/\/semanariolaprensa.com\/avantpremiere\/category\/pantalla\/cine\/#listItem","position":3,"name":"Cine","item":"https:\/\/semanariolaprensa.com\/avantpremiere\/category\/pantalla\/cine\/","nextItem":{"@type":"ListItem","@id":"https:\/\/semanariolaprensa.com\/avantpremiere\/un-cabo-suelto-de-daniel-hendler-representara-a-uruguay-en-los-premios-oscar-y-goya\/#listItem","name":"&#8216;Un cabo suelto&#8217;, de Daniel Hendler, representar\u00e1 a Uruguay en los premios \u00d3scar y Goya"},"previousItem":{"@type":"ListItem","@id":"https:\/\/semanariolaprensa.com\/avantpremiere\/category\/pantalla\/#listItem","name":"Pantalla"}},{"@type":"ListItem","@id":"https:\/\/semanariolaprensa.com\/avantpremiere\/un-cabo-suelto-de-daniel-hendler-representara-a-uruguay-en-los-premios-oscar-y-goya\/#listItem","position":4,"name":"&#8216;Un cabo suelto&#8217;, de Daniel Hendler, representar\u00e1 a Uruguay en los premios \u00d3scar y Goya","previousItem":{"@type":"ListItem","@id":"https:\/\/semanariolaprensa.com\/avantpremiere\/category\/pantalla\/cine\/#listItem","name":"Cine"}}]},{"@type":"Organization","@id":"https:\/\/semanariolaprensa.com\/avantpremiere\/#organization","name":"Avant-Premi\u00e8re","description":"La primera fila del entretenimiento","url":"https:\/\/semanariolaprensa.com\/avantpremiere\/","logo":{"@type":"ImageObject","url":"https:\/\/i0.wp.com\/semanariolaprensa.com\/avantpremiere\/wp-content\/uploads\/2026\/01\/cropped-iconoaureapremiere-1.png?fit=512%2C512&ssl=1","@id":"https:\/\/semanariolaprensa.com\/avantpremiere\/un-cabo-suelto-de-daniel-hendler-representara-a-uruguay-en-los-premios-oscar-y-goya\/#organizationLogo","width":512,"height":512},"image":{"@id":"https:\/\/semanariolaprensa.com\/avantpremiere\/un-cabo-suelto-de-daniel-hendler-representara-a-uruguay-en-los-premios-oscar-y-goya\/#organizationLogo"}},{"@type":"Person","@id":"https:\/\/semanariolaprensa.com\/avantpremiere\/author\/debaaureapremiere\/#author","url":"https:\/\/semanariolaprensa.com\/avantpremiere\/author\/debaaureapremiere\/","name":"Avant Premi\u00e8re","image":{"@type":"ImageObject","@id":"https:\/\/semanariolaprensa.com\/avantpremiere\/un-cabo-suelto-de-daniel-hendler-representara-a-uruguay-en-los-premios-oscar-y-goya\/#authorImage","url":"https:\/\/secure.gravatar.com\/avatar\/25bd2526a0e92945ea41f6e68d1a9ff9a0293e6dffd0f172fc718d13a924f236?s=96&d=mm&r=g","width":96,"height":96,"caption":"Avant Premi\u00e8re"}},{"@type":"WebPage","@id":"https:\/\/semanariolaprensa.com\/avantpremiere\/un-cabo-suelto-de-daniel-hendler-representara-a-uruguay-en-los-premios-oscar-y-goya\/#webpage","url":"https:\/\/semanariolaprensa.com\/avantpremiere\/un-cabo-suelto-de-daniel-hendler-representara-a-uruguay-en-los-premios-oscar-y-goya\/","name":"\u2018Un cabo suelto\u2019, de Daniel Hendler, representar\u00e1 a Uruguay en los premios \u00d3scar y Goya - Avant-Premi\u00e8re","description":"La Academia de Cine del Uruguay eligi\u00f3 la comedia con tintes de thriller policial protagonizada por Sergio Prina, Pilar Gamboa y C\u00e9sar Troncoso para la carrera internacional de 2027. El cine nacional ya tiene a su abanderada para la pr\u00f3xima temporada de premios internacionales. La Academia de Artes y Ciencias Cinematogr\u00e1ficas del Uruguay (ACCU) anunci\u00f3","inLanguage":"es-ES","isPartOf":{"@id":"https:\/\/semanariolaprensa.com\/avantpremiere\/#website"},"breadcrumb":{"@id":"https:\/\/semanariolaprensa.com\/avantpremiere\/un-cabo-suelto-de-daniel-hendler-representara-a-uruguay-en-los-premios-oscar-y-goya\/#breadcrumblist"},"author":{"@id":"https:\/\/semanariolaprensa.com\/avantpremiere\/author\/debaaureapremiere\/#author"},"creator":{"@id":"https:\/\/semanariolaprensa.com\/avantpremiere\/author\/debaaureapremiere\/#author"},"image":{"@type":"ImageObject","url":"https:\/\/i0.wp.com\/semanariolaprensa.com\/avantpremiere\/wp-content\/uploads\/2026\/08\/uncabosueltodanielhendler.png?fit=1200%2C532&ssl=1","@id":"https:\/\/semanariolaprensa.com\/avantpremiere\/un-cabo-suelto-de-daniel-hendler-representara-a-uruguay-en-los-premios-oscar-y-goya\/#mainImage","width":1200,"height":532},"primaryImageOfPage":{"@id":"https:\/\/semanariolaprensa.com\/avantpremiere\/un-cabo-suelto-de-daniel-hendler-representara-a-uruguay-en-los-premios-oscar-y-goya\/#mainImage"},"datePublished":"2026-08-31T19:22:05-03:00","dateModified":"2026-08-31T19:22:08-03:00"},{"@type":"WebSite","@id":"https:\/\/semanariolaprensa.com\/avantpremiere\/#website","url":"https:\/\/semanariolaprensa.com\/avantpremiere\/","name":"Avant-Premi\u00e8re","description":"La primera fila del entretenimiento","inLanguage":"es-ES","publisher":{"@id":"https:\/\/semanariolaprensa.com\/avantpremiere\/#organization"}}]},"og:locale":"es_ES","og:site_name":"Avant-Premi\u00e8re - La primera fila del entretenimiento","og:type":"article","og:title":"\u2018Un cabo suelto\u2019, de Daniel Hendler, representar\u00e1 a Uruguay en los premios \u00d3scar y Goya - Avant-Premi\u00e8re","og:description":"La Academia de Cine del Uruguay eligi\u00f3 la comedia con tintes de thriller policial protagonizada por Sergio Prina, Pilar Gamboa y C\u00e9sar Troncoso para la carrera internacional de 2027. El cine nacional ya tiene a su abanderada para la pr\u00f3xima temporada de premios internacionales. La Academia de Artes y Ciencias Cinematogr\u00e1ficas del Uruguay (ACCU) anunci\u00f3","og:url":"https:\/\/semanariolaprensa.com\/avantpremiere\/un-cabo-suelto-de-daniel-hendler-representara-a-uruguay-en-los-premios-oscar-y-goya\/","article:published_time":"2026-08-31T22:22:05+00:00","article:modified_time":"2026-08-31T22:22:08+00:00","twitter:card":"summary_large_image","twitter:title":"\u2018Un cabo suelto\u2019, de Daniel Hendler, representar\u00e1 a Uruguay en los premios \u00d3scar y Goya - Avant-Premi\u00e8re","twitter:description":"La Academia de Cine del Uruguay eligi\u00f3 la comedia con tintes de thriller policial protagonizada por Sergio Prina, Pilar Gamboa y C\u00e9sar Troncoso para la carrera internacional de 2027. El cine nacional ya tiene a su abanderada para la pr\u00f3xima temporada de premios internacionales. La Academia de Artes y Ciencias Cinematogr\u00e1ficas del Uruguay (ACCU) anunci\u00f3"},"aioseo_meta_data":{"post_id":"3243","title":null,"description":null,"keywords":null,"keyphrases":{"focus":{"keyphrase":"","score":0,"analysis":{"keyphraseInTitle":{"score":0,"maxScore":9,"error":1}}},"additional":[]},"primary_term":null,"canonical_url":null,"og_title":null,"og_description":null,"og_object_type":"default","og_image_type":"default","og_image_url":null,"og_image_width":null,"og_image_height":null,"og_image_custom_url":null,"og_image_custom_fields":null,"og_video":"","og_custom_url":null,"og_article_section":null,"og_article_tags":null,"twitter_use_og":false,"twitter_card":"default","twitter_image_type":"default","twitter_image_url":null,"twitter_image_custom_url":null,"twitter_image_custom_fields":null,"twitter_title":null,"twitter_description":null,"schema":{"blockGraphs":[],"customGraphs":[],"default":{"data":{"Article":[],"Course":[],"Dataset":[],"FAQPage":[],"Movie":[],"Person":[],"Product":[],"ProductReview":[],"Car":[],"Recipe":[],"Service":[],"SoftwareApplication":[],"WebPage":[]},"graphName":"BlogPosting","isEnabled":true},"graphs":[]},"schema_type":"default","schema_type_options":null,"pillar_content":false,"robots_default":true,"robots_noindex":false,"robots_noarchive":false,"robots_nosnippet":false,"robots_nofollow":false,"robots_noimageindex":false,"robots_noodp":false,"robots_notranslate":false,"robots_max_snippet":"-1","robots_max_videopreview":"-1","robots_max_imagepreview":"large","priority":null,"frequency":"default","local_seo":null,"breadcrumb_settings":null,"limit_modified_date":false,"ai":{"faqs":[],"keyPoints":[],"schemas":[],"titles":[],"descriptions":[],"socialPosts":{"email":{"subject":"","preview":"","content":""},"linkedin":[],"twitter":[],"facebook":[],"instagram":[]}},"created":"2026-08-31 22:22:08","updated":"2026-08-31 23:21:05","seo_analyzer_scan_date":null,"focus_keyword":null,"additional_keywords":null,"truseo_locale":null},"aioseo_breadcrumb":"<div class=\"aioseo-breadcrumbs\"><span class=\"aioseo-breadcrumb\">\n\t\t\t<a href=\"https:\/\/semanariolaprensa.com\/avantpremiere\" title=\"Home\">Home<\/a>\n\t\t<\/span><span class=\"aioseo-breadcrumb-separator\">&raquo;<\/span><span class=\"aioseo-breadcrumb\">\n\t\t\t<a href=\"https:\/\/semanariolaprensa.com\/avantpremiere\/category\/pantalla\/\" title=\"Pantalla\">Pantalla<\/a>\n\t\t<\/span><span class=\"aioseo-breadcrumb-separator\">&raquo;<\/span><span class=\"aioseo-breadcrumb\">\n\t\t\t<a href=\"https:\/\/semanariolaprensa.com\/avantpremiere\/category\/pantalla\/cine\/\" title=\"Cine\">Cine<\/a>\n\t\t<\/span><span class=\"aioseo-breadcrumb-separator\">&raquo;<\/span><span class=\"aioseo-breadcrumb\">\n\t\t\t\u2018Un cabo suelto\u2019, de Daniel Hendler, representar\u00e1 a Uruguay en los premios \u00d3scar y Goya\n\t\t<\/span><\/div>","aioseo_breadcrumb_json":[{"label":"Home","link":"https:\/\/semanariolaprensa.com\/avantpremiere"},{"label":"Pantalla","link":"https:\/\/semanariolaprensa.com\/avantpremiere\/category\/pantalla\/"},{"label":"Cine","link":"https:\/\/semanariolaprensa.com\/avantpremiere\/category\/pantalla\/cine\/"},{"label":"&#8216;Un cabo suelto&#8217;, de Daniel Hendler, representar\u00e1 a Uruguay en los premios \u00d3scar y Goya","link":"https:\/\/semanariolaprensa.com\/avantpremiere\/un-cabo-suelto-de-daniel-hendler-representara-a-uruguay-en-los-premios-oscar-y-goya\/"}],"jetpack_sharing_enabled":true,"jetpack_featured_media_url":"https:\/\/i0.wp.com\/semanariolaprensa.com\/avantpremiere\/wp-content\/uploads\/2026\/08\/uncabosueltodanielhendler.png?fit=1200%2C532&ssl=1","_links":{"self":[{"href":"https:\/\/semanariolaprensa.com\/avantpremiere\/wp-json\/wp\/v2\/posts\/3243","targetHints":{"allow":["GET"]}}],"collection":[{"href":"https:\/\/semanariolaprensa.com\/avantpremiere\/wp-json\/wp\/v2\/posts"}],"about":[{"href":"https:\/\/semanariolaprensa.com\/avantpremiere\/wp-json\/wp\/v2\/types\/post"}],"author":[{"embeddable":true,"href":"https:\/\/semanariolaprensa.com\/avantpremiere\/wp-json\/wp\/v2\/users\/1"}],"replies":[{"embeddable":true,"href":"https:\/\/semanariolaprensa.com\/avantpremiere\/wp-json\/wp\/v2\/comments?post=3243"}],"version-history":[{"count":1,"href":"https:\/\/semanariolaprensa.com\/avantpremiere\/wp-json\/wp\/v2\/posts\/3243\/revisions"}],"predecessor-version":[{"id":3245,"href":"https:\/\/semanariolaprensa.com\/avantpremiere\/wp-json\/wp\/v2\/posts\/3243\/revisions\/3245"}],"wp:featuredmedia":[{"embeddable":true,"href":"https:\/\/semanariolaprensa.com\/avantpremiere\/wp-json\/wp\/v2\/media\/3244"}],"wp:attachment":[{"href":"https:\/\/semanariolaprensa.com\/avantpremiere\/wp-json\/wp\/v2\/media?parent=3243"}],"wp:term":[{"taxonomy":"category","embeddable":true,"href":"https:\/\/semanariolaprensa.com\/avantpremiere\/wp-json\/wp\/v2\/categories?post=3243"},{"taxonomy":"post_tag","embeddable":true,"href":"https:\/\/semanariolaprensa.com\/avantpremiere\/wp-json\/wp\/v2\/tags?post=3243"}],"curies":[{"name":"wp","href":"https:\/\/api.w.org\/{rel}","templated":true}]}}