{"id":3234,"date":"2026-08-31T10:52:34","date_gmt":"2026-08-31T13:52:34","guid":{"rendered":"https:\/\/semanariolaprensa.com\/avantpremiere\/?p=3234"},"modified":"2026-08-31T16:30:47","modified_gmt":"2026-08-31T19:30:47","slug":"el-clasico-se-rindio-ante-el-negro-rada-emotivo-homenaje-en-el-campeon-del-siglo-con-tambores-y-camiseta-especial","status":"publish","type":"post","link":"https:\/\/semanariolaprensa.com\/avantpremiere\/el-clasico-se-rindio-ante-el-negro-rada-emotivo-homenaje-en-el-campeon-del-siglo-con-tambores-y-camiseta-especial\/","title":{"rendered":"El Cl\u00e1sico se rindi\u00f3 ante el \u00abNegro\u00bb Rada: emotivo homenaje en el Campe\u00f3n del Siglo con tambores y camiseta especial"},"content":{"rendered":"\n<p class=\"wp-block-paragraph\">La familia del m\u00fasico recibi\u00f3 el cari\u00f1o de la tribuna carbonera en la previa del partido ante Nacional, que cont\u00f3 con cuerda de tambores y el sentido recuerdo de Daniel Carre\u00f1o.<\/p>\n\n\n\n<figure class=\"wp-block-embed is-type-rich is-provider-instagram wp-block-embed-instagram\"><div class=\"wp-block-embed__wrapper\">\n<blockquote class=\"instagram-media\" data-instgrm-captioned data-instgrm-permalink=\"https:\/\/www.instagram.com\/p\/DcrDmyACf9A\/?utm_source=ig_embed&amp;utm_campaign=loading\" data-instgrm-version=\"14\" style=\" background:#FFF; border:0; border-radius:3px; box-shadow:0 0 1px 0 rgba(0,0,0,0.5),0 1px 10px 0 rgba(0,0,0,0.15); margin: 1px; max-width:500px; min-width:326px; padding:0; width:99.375%; width:-webkit-calc(100% - 2px); width:calc(100% - 2px);\"><div style=\"padding:16px;\"> <a href=\"https:\/\/www.instagram.com\/p\/DcrDmyACf9A\/?utm_source=ig_embed&amp;utm_campaign=loading\" style=\" background:#FFFFFF; line-height:0; padding:0 0; text-align:center; text-decoration:none; width:100%;\" target=\"_blank\"> <div style=\" display: flex; flex-direction: row; align-items: center;\"> <div style=\"background-color: #F4F4F4; border-radius: 50%; flex-grow: 0; height: 40px; margin-right: 14px; width: 40px;\"><\/div> <div style=\"display: flex; flex-direction: column; flex-grow: 1; justify-content: center;\"> <div style=\" background-color: #F4F4F4; border-radius: 4px; flex-grow: 0; height: 14px; margin-bottom: 6px; width: 100px;\"><\/div> <div style=\" background-color: #F4F4F4; border-radius: 4px; flex-grow: 0; height: 14px; width: 60px;\"><\/div><\/div><\/div><div style=\"padding: 19% 0;\"><\/div> <div style=\"display:block; height:50px; margin:0 auto 12px; width:50px;\"><svg width=\"50px\" height=\"50px\" viewBox=\"0 0 60 60\" version=\"1.1\" xmlns=\"https:\/\/www.w3.org\/2000\/svg\" xmlns:xlink=\"https:\/\/www.w3.org\/1999\/xlink\"><g stroke=\"none\" stroke-width=\"1\" fill=\"none\" fill-rule=\"evenodd\"><g transform=\"translate(-511.000000, -20.000000)\" fill=\"#000000\"><g><path d=\"M556.869,30.41 C554.814,30.41 553.148,32.076 553.148,34.131 C553.148,36.186 554.814,37.852 556.869,37.852 C558.924,37.852 560.59,36.186 560.59,34.131 C560.59,32.076 558.924,30.41 556.869,30.41 M541,60.657 C535.114,60.657 530.342,55.887 530.342,50 C530.342,44.114 535.114,39.342 541,39.342 C546.887,39.342 551.658,44.114 551.658,50 C551.658,55.887 546.887,60.657 541,60.657 M541,33.886 C532.1,33.886 524.886,41.1 524.886,50 C524.886,58.899 532.1,66.113 541,66.113 C549.9,66.113 557.115,58.899 557.115,50 C557.115,41.1 549.9,33.886 541,33.886 M565.378,62.101 C565.244,65.022 564.756,66.606 564.346,67.663 C563.803,69.06 563.154,70.057 562.106,71.106 C561.058,72.155 560.06,72.803 558.662,73.347 C557.607,73.757 556.021,74.244 553.102,74.378 C549.944,74.521 548.997,74.552 541,74.552 C533.003,74.552 532.056,74.521 528.898,74.378 C525.979,74.244 524.393,73.757 523.338,73.347 C521.94,72.803 520.942,72.155 519.894,71.106 C518.846,70.057 518.197,69.06 517.654,67.663 C517.244,66.606 516.755,65.022 516.623,62.101 C516.479,58.943 516.448,57.996 516.448,50 C516.448,42.003 516.479,41.056 516.623,37.899 C516.755,34.978 517.244,33.391 517.654,32.338 C518.197,30.938 518.846,29.942 519.894,28.894 C520.942,27.846 521.94,27.196 523.338,26.654 C524.393,26.244 525.979,25.756 528.898,25.623 C532.057,25.479 533.004,25.448 541,25.448 C548.997,25.448 549.943,25.479 553.102,25.623 C556.021,25.756 557.607,26.244 558.662,26.654 C560.06,27.196 561.058,27.846 562.106,28.894 C563.154,29.942 563.803,30.938 564.346,32.338 C564.756,33.391 565.244,34.978 565.378,37.899 C565.522,41.056 565.552,42.003 565.552,50 C565.552,57.996 565.522,58.943 565.378,62.101 M570.82,37.631 C570.674,34.438 570.167,32.258 569.425,30.349 C568.659,28.377 567.633,26.702 565.965,25.035 C564.297,23.368 562.623,22.342 560.652,21.575 C558.743,20.834 556.562,20.326 553.369,20.18 C550.169,20.033 549.148,20 541,20 C532.853,20 531.831,20.033 528.631,20.18 C525.438,20.326 523.257,20.834 521.349,21.575 C519.376,22.342 517.703,23.368 516.035,25.035 C514.368,26.702 513.342,28.377 512.574,30.349 C511.834,32.258 511.326,34.438 511.181,37.631 C511.035,40.831 511,41.851 511,50 C511,58.147 511.035,59.17 511.181,62.369 C511.326,65.562 511.834,67.743 512.574,69.651 C513.342,71.625 514.368,73.296 516.035,74.965 C517.703,76.634 519.376,77.658 521.349,78.425 C523.257,79.167 525.438,79.673 528.631,79.82 C531.831,79.965 532.853,80.001 541,80.001 C549.148,80.001 550.169,79.965 553.369,79.82 C556.562,79.673 558.743,79.167 560.652,78.425 C562.623,77.658 564.297,76.634 565.965,74.965 C567.633,73.296 568.659,71.625 569.425,69.651 C570.167,67.743 570.674,65.562 570.82,62.369 C570.966,59.17 571,58.147 571,50 C571,41.851 570.966,40.831 570.82,37.631\"><\/path><\/g><\/g><\/g><\/svg><\/div><div style=\"padding-top: 8px;\"> <div style=\" color:#3897f0; font-family:Arial,sans-serif; font-size:14px; font-style:normal; font-weight:550; line-height:18px;\">View this post on Instagram<\/div><\/div><div style=\"padding: 12.5% 0;\"><\/div> <div style=\"display: flex; flex-direction: row; margin-bottom: 14px; align-items: center;\"><div> <div style=\"background-color: #F4F4F4; border-radius: 50%; height: 12.5px; width: 12.5px; transform: translateX(0px) translateY(7px);\"><\/div> <div style=\"background-color: #F4F4F4; height: 12.5px; transform: rotate(-45deg) translateX(3px) translateY(1px); width: 12.5px; flex-grow: 0; margin-right: 14px; margin-left: 2px;\"><\/div> <div style=\"background-color: #F4F4F4; border-radius: 50%; height: 12.5px; width: 12.5px; transform: translateX(9px) translateY(-18px);\"><\/div><\/div><div style=\"margin-left: 8px;\"> <div style=\" background-color: #F4F4F4; border-radius: 50%; flex-grow: 0; height: 20px; width: 20px;\"><\/div> <div style=\" width: 0; height: 0; border-top: 2px solid transparent; border-left: 6px solid #f4f4f4; border-bottom: 2px solid transparent; transform: translateX(16px) translateY(-4px) rotate(30deg)\"><\/div><\/div><div style=\"margin-left: auto;\"> <div style=\" width: 0px; border-top: 8px solid #F4F4F4; border-right: 8px solid transparent; transform: translateY(16px);\"><\/div> <div style=\" background-color: #F4F4F4; flex-grow: 0; height: 12px; width: 16px; transform: translateY(-4px);\"><\/div> <div style=\" width: 0; height: 0; border-top: 8px solid #F4F4F4; border-left: 8px solid transparent; transform: translateY(-4px) translateX(8px);\"><\/div><\/div><\/div> <div style=\"display: flex; flex-direction: column; flex-grow: 1; justify-content: center; margin-bottom: 24px;\"> <div style=\" background-color: #F4F4F4; border-radius: 4px; flex-grow: 0; height: 14px; margin-bottom: 6px; width: 224px;\"><\/div> <div style=\" background-color: #F4F4F4; border-radius: 4px; flex-grow: 0; height: 14px; width: 144px;\"><\/div><\/div><\/a><\/div><\/blockquote><script async src=\"\/\/platform.instagram.com\/en_US\/embeds.js\"><\/script>\n<\/div><\/figure>\n\n\n\n<p class=\"wp-block-paragraph\">La figura de <strong>Rub\u00e9n Rada<\/strong> trascendi\u00f3 una vez m\u00e1s las divisiones de la sociedad uruguaya para recibir un sentido tributo en el partido m\u00e1s importante del f\u00fatbol local. En la antesala del Cl\u00e1sico por la cuarta fecha del Torneo Clausura disputado este domingo en el estadio Campe\u00f3n del Siglo, <strong>Pe\u00f1arol<\/strong> homenaje\u00f3 al legendario artista y confeso hincha aurinegro, fallecido el pasado mi\u00e9rcoles a los 83 a\u00f1os.<\/p>\n\n\n\n<p class=\"wp-block-paragraph\">Previo al inicio del juego, la familia del compositor ingres\u00f3 al campo de juego en medio de una ovaci\u00f3n de las tribunas, acompa\u00f1ada por el retumbar de una cuerda de tambores y banderas con su retrato en las cabeceras. Para la ocasi\u00f3n, el plantel mirasol disput\u00f3 el encuentro con una indumentaria especial que luci\u00f3 una ilustraci\u00f3n del rostro de Rada en el pecho, junto al escudo del club.<\/p>\n\n\n\n<h3 class=\"wp-block-heading\">El respeto que super\u00f3 los colores<\/h3>\n\n\n\n<p class=\"wp-block-paragraph\">El recuerdo hacia el m\u00fasico tambi\u00e9n se hizo presente desde la vereda tricolor. Tras la victoria cl\u00e1sica de <strong>Nacional<\/strong> por 1-0 \u2014definida con un gol de taco del zaguero costarricense Francisco Calvo\u2014, el director t\u00e9cnico albo, <strong>Daniel Carre\u00f1o<\/strong>, dedic\u00f3 sentidas palabras en conferencia de prensa hacia quien fue su amigo personal.<\/p>\n\n\n\n<p class=\"wp-block-paragraph\">\u00abHa sido una semana con mucha emoci\u00f3n. Quiz\u00e1 no encuentre las palabras en este momento; para Rada un abrazo. S\u00e9 que \u00e9l me hubiera dado un abrazo y me hubiera dicho: &#8216;Suerte, Daniel, menos el domingo&#8217;. Seguro me hubiera dicho eso Ruben; me lo dijo su hijo Mat\u00edas cuando lo fui a saludar\u00bb, expres\u00f3 el entrenador tricolor, quien ya se hab\u00eda hecho presente d\u00edas atr\u00e1s en el velatorio oficial llevado a cabo en el Palacio Legislativo.<\/p>\n\n\n\n<p class=\"wp-block-paragraph\">El tributo en el Campe\u00f3n del Siglo cerr\u00f3 una semana de duelo y reconocimiento nacional para una de las personalidades m\u00e1s queridas e influyentes de la cultura y la m\u00fasica popular uruguaya.<\/p>\n\n\n\n<p class=\"wp-block-paragraph\">Avant Premi\u00e8re \/ EFE<\/p>\n","protected":false},"excerpt":{"rendered":"<p>La familia del m\u00fasico recibi\u00f3 el cari\u00f1o de la tribuna carbonera en la previa del partido ante Nacional, que cont\u00f3 con cuerda de tambores y el sentido recuerdo de Daniel Carre\u00f1o. La figura de Rub\u00e9n Rada trascendi\u00f3 una vez m\u00e1s las divisiones de la sociedad uruguaya para recibir un sentido tributo en el partido m\u00e1s [&hellip;]<\/p>\n","protected":false},"author":2,"featured_media":3242,"comment_status":"open","ping_status":"open","sticky":false,"template":"","format":"standard","meta":{"om_disable_all_campaigns":false,"_monsterinsights_skip_tracking":false,"_jetpack_newsletter_access":"","_jetpack_dont_email_post_to_subs":false,"_jetpack_newsletter_tier_id":0,"_jetpack_memberships_contains_paywalled_content":false,"_jetpack_feature_clip_id":0,"_jetpack_memberships_contains_paid_content":false,"jnews-multi-image_gallery":[],"jnews_single_post":{"format":"standard"},"jnews_primary_category":[],"jnews_override_bookmark_settings":[],"jnews_social_meta":[],"jnews_review":[],"enable_review":"","type":"","name":"","summary":"","brand":"","sku":"","good":[],"bad":[],"score_override":"","override_value":"","rating":[],"price":[],"jnews_override_counter":[],"footnotes":"","jetpack_post_was_ever_published":false},"categories":[377,415,82,2119,2074],"tags":[3485,3490,3487,3486,3491,3489,3488,493,3484],"class_list":["post-3234","post","type-post","status-publish","format-standard","has-post-thumbnail","hentry","category-artistas","category-cultura","category-primer-plano","category-sociedad","category-tradicion","tag-campeon-del-siglo","tag-candombe-2","tag-clasico-uruguayo","tag-daniel-carreno","tag-futbol-uruguayo","tag-nacional","tag-penarol","tag-ruben-rada","tag-torneo-clausura"],"aioseo_notices":[],"aioseo_head":"\n\t\t<!-- All in One SEO 5.0.1 - aioseo.com -->\n\t<meta name=\"description\" content=\"La familia del m\u00fasico recibi\u00f3 el cari\u00f1o de la tribuna carbonera en la previa del partido ante Nacional, que cont\u00f3 con cuerda de tambores y el sentido recuerdo de Daniel Carre\u00f1o. La figura de Rub\u00e9n Rada trascendi\u00f3 una vez m\u00e1s las divisiones de la sociedad uruguaya para recibir un sentido tributo en el partido m\u00e1s\" \/>\n\t<meta name=\"robots\" content=\"max-image-preview:large\" \/>\n\t<meta name=\"author\" content=\"Avant Premi\u00e8re\"\/>\n\t<link rel=\"canonical\" href=\"https:\/\/semanariolaprensa.com\/avantpremiere\/el-clasico-se-rindio-ante-el-negro-rada-emotivo-homenaje-en-el-campeon-del-siglo-con-tambores-y-camiseta-especial\/\" \/>\n\t<meta name=\"generator\" content=\"All in One SEO (AIOSEO) 5.0.1\" \/>\n\t\t<meta property=\"og:locale\" content=\"es_ES\" \/>\n\t\t<meta property=\"og:site_name\" content=\"Avant-Premi\u00e8re - La primera fila del entretenimiento\" \/>\n\t\t<meta property=\"og:type\" content=\"article\" \/>\n\t\t<meta property=\"og:title\" content=\"El Cl\u00e1sico se rindi\u00f3 ante el \u00abNegro\u00bb Rada: emotivo homenaje en el Campe\u00f3n del Siglo con tambores y camiseta especial - Avant-Premi\u00e8re\" \/>\n\t\t<meta property=\"og:description\" content=\"La familia del m\u00fasico recibi\u00f3 el cari\u00f1o de la tribuna carbonera en la previa del partido ante Nacional, que cont\u00f3 con cuerda de tambores y el sentido recuerdo de Daniel Carre\u00f1o. La figura de Rub\u00e9n Rada trascendi\u00f3 una vez m\u00e1s las divisiones de la sociedad uruguaya para recibir un sentido tributo en el partido m\u00e1s\" \/>\n\t\t<meta property=\"og:url\" content=\"https:\/\/semanariolaprensa.com\/avantpremiere\/el-clasico-se-rindio-ante-el-negro-rada-emotivo-homenaje-en-el-campeon-del-siglo-con-tambores-y-camiseta-especial\/\" \/>\n\t\t<meta property=\"article:published_time\" content=\"2026-08-31T13:52:34+00:00\" \/>\n\t\t<meta property=\"article:modified_time\" content=\"2026-08-31T19:30:47+00:00\" \/>\n\t\t<meta name=\"twitter:card\" content=\"summary_large_image\" \/>\n\t\t<meta name=\"twitter:title\" content=\"El Cl\u00e1sico se rindi\u00f3 ante el \u00abNegro\u00bb Rada: emotivo homenaje en el Campe\u00f3n del Siglo con tambores y camiseta especial - Avant-Premi\u00e8re\" \/>\n\t\t<meta name=\"twitter:description\" content=\"La familia del m\u00fasico recibi\u00f3 el cari\u00f1o de la tribuna carbonera en la previa del partido ante Nacional, que cont\u00f3 con cuerda de tambores y el sentido recuerdo de Daniel Carre\u00f1o. La figura de Rub\u00e9n Rada trascendi\u00f3 una vez m\u00e1s las divisiones de la sociedad uruguaya para recibir un sentido tributo en el partido m\u00e1s\" \/>\n\t\t<script type=\"application\/ld+json\" class=\"aioseo-schema\">\n\t\t\t{\"@context\":\"https:\\\/\\\/schema.org\",\"@graph\":[{\"@type\":\"BlogPosting\",\"@id\":\"https:\\\/\\\/semanariolaprensa.com\\\/avantpremiere\\\/el-clasico-se-rindio-ante-el-negro-rada-emotivo-homenaje-en-el-campeon-del-siglo-con-tambores-y-camiseta-especial\\\/#blogposting\",\"name\":\"El Cl\\u00e1sico se rindi\\u00f3 ante el \\u00abNegro\\u00bb Rada: emotivo homenaje en el Campe\\u00f3n del Siglo con tambores y camiseta especial - Avant-Premi\\u00e8re\",\"headline\":\"El Cl\\u00e1sico se rindi\\u00f3 ante el \\u00abNegro\\u00bb Rada: emotivo homenaje en el Campe\\u00f3n del Siglo con tambores y camiseta especial\",\"author\":{\"@id\":\"https:\\\/\\\/semanariolaprensa.com\\\/avantpremiere\\\/author\\\/aqa\\\/#author\"},\"publisher\":{\"@id\":\"https:\\\/\\\/semanariolaprensa.com\\\/avantpremiere\\\/#organization\"},\"image\":{\"@type\":\"ImageObject\",\"url\":\"https:\\\/\\\/i0.wp.com\\\/semanariolaprensa.com\\\/avantpremiere\\\/wp-content\\\/uploads\\\/2026\\\/08\\\/radapenarol.jpg?fit=1200%2C664&ssl=1\",\"width\":1200,\"height\":664},\"datePublished\":\"2026-08-31T10:52:34-03:00\",\"dateModified\":\"2026-08-31T16:30:47-03:00\",\"inLanguage\":\"es-ES\",\"mainEntityOfPage\":{\"@id\":\"https:\\\/\\\/semanariolaprensa.com\\\/avantpremiere\\\/el-clasico-se-rindio-ante-el-negro-rada-emotivo-homenaje-en-el-campeon-del-siglo-con-tambores-y-camiseta-especial\\\/#webpage\"},\"isPartOf\":{\"@id\":\"https:\\\/\\\/semanariolaprensa.com\\\/avantpremiere\\\/el-clasico-se-rindio-ante-el-negro-rada-emotivo-homenaje-en-el-campeon-del-siglo-con-tambores-y-camiseta-especial\\\/#webpage\"},\"articleSection\":\"Artistas, Cultura, Primer Plano, Sociedad, Tradici\\u00f3n, Campeon del Siglo, Candombe., Clasico uruguayo, Daniel Carreno, Futbol uruguayo, Nacional, Penarol, Ruben Rada, Torneo Clausura\"},{\"@type\":\"BreadcrumbList\",\"@id\":\"https:\\\/\\\/semanariolaprensa.com\\\/avantpremiere\\\/el-clasico-se-rindio-ante-el-negro-rada-emotivo-homenaje-en-el-campeon-del-siglo-con-tambores-y-camiseta-especial\\\/#breadcrumblist\",\"itemListElement\":[{\"@type\":\"ListItem\",\"@id\":\"https:\\\/\\\/semanariolaprensa.com\\\/avantpremiere#listItem\",\"position\":1,\"name\":\"Home\",\"item\":\"https:\\\/\\\/semanariolaprensa.com\\\/avantpremiere\",\"nextItem\":{\"@type\":\"ListItem\",\"@id\":\"https:\\\/\\\/semanariolaprensa.com\\\/avantpremiere\\\/category\\\/musica\\\/#listItem\",\"name\":\"M\\u00fasica\"}},{\"@type\":\"ListItem\",\"@id\":\"https:\\\/\\\/semanariolaprensa.com\\\/avantpremiere\\\/category\\\/musica\\\/#listItem\",\"position\":2,\"name\":\"M\\u00fasica\",\"item\":\"https:\\\/\\\/semanariolaprensa.com\\\/avantpremiere\\\/category\\\/musica\\\/\",\"nextItem\":{\"@type\":\"ListItem\",\"@id\":\"https:\\\/\\\/semanariolaprensa.com\\\/avantpremiere\\\/category\\\/musica\\\/artistas\\\/#listItem\",\"name\":\"Artistas\"},\"previousItem\":{\"@type\":\"ListItem\",\"@id\":\"https:\\\/\\\/semanariolaprensa.com\\\/avantpremiere#listItem\",\"name\":\"Home\"}},{\"@type\":\"ListItem\",\"@id\":\"https:\\\/\\\/semanariolaprensa.com\\\/avantpremiere\\\/category\\\/musica\\\/artistas\\\/#listItem\",\"position\":3,\"name\":\"Artistas\",\"item\":\"https:\\\/\\\/semanariolaprensa.com\\\/avantpremiere\\\/category\\\/musica\\\/artistas\\\/\",\"nextItem\":{\"@type\":\"ListItem\",\"@id\":\"https:\\\/\\\/semanariolaprensa.com\\\/avantpremiere\\\/el-clasico-se-rindio-ante-el-negro-rada-emotivo-homenaje-en-el-campeon-del-siglo-con-tambores-y-camiseta-especial\\\/#listItem\",\"name\":\"El Cl\\u00e1sico se rindi\\u00f3 ante el \\u00abNegro\\u00bb Rada: emotivo homenaje en el Campe\\u00f3n del Siglo con tambores y camiseta especial\"},\"previousItem\":{\"@type\":\"ListItem\",\"@id\":\"https:\\\/\\\/semanariolaprensa.com\\\/avantpremiere\\\/category\\\/musica\\\/#listItem\",\"name\":\"M\\u00fasica\"}},{\"@type\":\"ListItem\",\"@id\":\"https:\\\/\\\/semanariolaprensa.com\\\/avantpremiere\\\/el-clasico-se-rindio-ante-el-negro-rada-emotivo-homenaje-en-el-campeon-del-siglo-con-tambores-y-camiseta-especial\\\/#listItem\",\"position\":4,\"name\":\"El Cl\\u00e1sico se rindi\\u00f3 ante el \\u00abNegro\\u00bb Rada: emotivo homenaje en el Campe\\u00f3n del Siglo con tambores y camiseta especial\",\"previousItem\":{\"@type\":\"ListItem\",\"@id\":\"https:\\\/\\\/semanariolaprensa.com\\\/avantpremiere\\\/category\\\/musica\\\/artistas\\\/#listItem\",\"name\":\"Artistas\"}}]},{\"@type\":\"Organization\",\"@id\":\"https:\\\/\\\/semanariolaprensa.com\\\/avantpremiere\\\/#organization\",\"name\":\"Avant-Premi\\u00e8re\",\"description\":\"La primera fila del entretenimiento\",\"url\":\"https:\\\/\\\/semanariolaprensa.com\\\/avantpremiere\\\/\",\"logo\":{\"@type\":\"ImageObject\",\"url\":\"https:\\\/\\\/i0.wp.com\\\/semanariolaprensa.com\\\/avantpremiere\\\/wp-content\\\/uploads\\\/2026\\\/01\\\/cropped-iconoaureapremiere-1.png?fit=512%2C512&ssl=1\",\"@id\":\"https:\\\/\\\/semanariolaprensa.com\\\/avantpremiere\\\/el-clasico-se-rindio-ante-el-negro-rada-emotivo-homenaje-en-el-campeon-del-siglo-con-tambores-y-camiseta-especial\\\/#organizationLogo\",\"width\":512,\"height\":512},\"image\":{\"@id\":\"https:\\\/\\\/semanariolaprensa.com\\\/avantpremiere\\\/el-clasico-se-rindio-ante-el-negro-rada-emotivo-homenaje-en-el-campeon-del-siglo-con-tambores-y-camiseta-especial\\\/#organizationLogo\"}},{\"@type\":\"Person\",\"@id\":\"https:\\\/\\\/semanariolaprensa.com\\\/avantpremiere\\\/author\\\/aqa\\\/#author\",\"url\":\"https:\\\/\\\/semanariolaprensa.com\\\/avantpremiere\\\/author\\\/aqa\\\/\",\"name\":\"Avant Premi\\u00e8re\",\"image\":{\"@type\":\"ImageObject\",\"@id\":\"https:\\\/\\\/semanariolaprensa.com\\\/avantpremiere\\\/el-clasico-se-rindio-ante-el-negro-rada-emotivo-homenaje-en-el-campeon-del-siglo-con-tambores-y-camiseta-especial\\\/#authorImage\",\"url\":\"https:\\\/\\\/secure.gravatar.com\\\/avatar\\\/8261467639c77d439ef0a6fe9fda067f57b7cec919c69df59f13e2d44eb9e4c8?s=96&d=mm&r=g\",\"width\":96,\"height\":96,\"caption\":\"Avant Premi\\u00e8re\"}},{\"@type\":\"WebPage\",\"@id\":\"https:\\\/\\\/semanariolaprensa.com\\\/avantpremiere\\\/el-clasico-se-rindio-ante-el-negro-rada-emotivo-homenaje-en-el-campeon-del-siglo-con-tambores-y-camiseta-especial\\\/#webpage\",\"url\":\"https:\\\/\\\/semanariolaprensa.com\\\/avantpremiere\\\/el-clasico-se-rindio-ante-el-negro-rada-emotivo-homenaje-en-el-campeon-del-siglo-con-tambores-y-camiseta-especial\\\/\",\"name\":\"El Cl\\u00e1sico se rindi\\u00f3 ante el \\u00abNegro\\u00bb Rada: emotivo homenaje en el Campe\\u00f3n del Siglo con tambores y camiseta especial - Avant-Premi\\u00e8re\",\"description\":\"La familia del m\\u00fasico recibi\\u00f3 el cari\\u00f1o de la tribuna carbonera en la previa del partido ante Nacional, que cont\\u00f3 con cuerda de tambores y el sentido recuerdo de Daniel Carre\\u00f1o. La figura de Rub\\u00e9n Rada trascendi\\u00f3 una vez m\\u00e1s las divisiones de la sociedad uruguaya para recibir un sentido tributo en el partido m\\u00e1s\",\"inLanguage\":\"es-ES\",\"isPartOf\":{\"@id\":\"https:\\\/\\\/semanariolaprensa.com\\\/avantpremiere\\\/#website\"},\"breadcrumb\":{\"@id\":\"https:\\\/\\\/semanariolaprensa.com\\\/avantpremiere\\\/el-clasico-se-rindio-ante-el-negro-rada-emotivo-homenaje-en-el-campeon-del-siglo-con-tambores-y-camiseta-especial\\\/#breadcrumblist\"},\"author\":{\"@id\":\"https:\\\/\\\/semanariolaprensa.com\\\/avantpremiere\\\/author\\\/aqa\\\/#author\"},\"creator\":{\"@id\":\"https:\\\/\\\/semanariolaprensa.com\\\/avantpremiere\\\/author\\\/aqa\\\/#author\"},\"image\":{\"@type\":\"ImageObject\",\"url\":\"https:\\\/\\\/i0.wp.com\\\/semanariolaprensa.com\\\/avantpremiere\\\/wp-content\\\/uploads\\\/2026\\\/08\\\/radapenarol.jpg?fit=1200%2C664&ssl=1\",\"@id\":\"https:\\\/\\\/semanariolaprensa.com\\\/avantpremiere\\\/el-clasico-se-rindio-ante-el-negro-rada-emotivo-homenaje-en-el-campeon-del-siglo-con-tambores-y-camiseta-especial\\\/#mainImage\",\"width\":1200,\"height\":664},\"primaryImageOfPage\":{\"@id\":\"https:\\\/\\\/semanariolaprensa.com\\\/avantpremiere\\\/el-clasico-se-rindio-ante-el-negro-rada-emotivo-homenaje-en-el-campeon-del-siglo-con-tambores-y-camiseta-especial\\\/#mainImage\"},\"datePublished\":\"2026-08-31T10:52:34-03:00\",\"dateModified\":\"2026-08-31T16:30:47-03:00\"},{\"@type\":\"WebSite\",\"@id\":\"https:\\\/\\\/semanariolaprensa.com\\\/avantpremiere\\\/#website\",\"url\":\"https:\\\/\\\/semanariolaprensa.com\\\/avantpremiere\\\/\",\"name\":\"Avant-Premi\\u00e8re\",\"description\":\"La primera fila del entretenimiento\",\"inLanguage\":\"es-ES\",\"publisher\":{\"@id\":\"https:\\\/\\\/semanariolaprensa.com\\\/avantpremiere\\\/#organization\"}}]}\n\t\t<\/script>\n\t\t<!-- All in One SEO -->\n\n","aioseo_head_json":{"title":"El Cl\u00e1sico se rindi\u00f3 ante el \u00abNegro\u00bb Rada: emotivo homenaje en el Campe\u00f3n del Siglo con tambores y camiseta especial - Avant-Premi\u00e8re","description":"La familia del m\u00fasico recibi\u00f3 el cari\u00f1o de la tribuna carbonera en la previa del partido ante Nacional, que cont\u00f3 con cuerda de tambores y el sentido recuerdo de Daniel Carre\u00f1o. La figura de Rub\u00e9n Rada trascendi\u00f3 una vez m\u00e1s las divisiones de la sociedad uruguaya para recibir un sentido tributo en el partido m\u00e1s","canonical_url":"https:\/\/semanariolaprensa.com\/avantpremiere\/el-clasico-se-rindio-ante-el-negro-rada-emotivo-homenaje-en-el-campeon-del-siglo-con-tambores-y-camiseta-especial\/","robots":"max-image-preview:large","keywords":"","webmasterTools":{"miscellaneous":""},"schema":{"@context":"https:\/\/schema.org","@graph":[{"@type":"BlogPosting","@id":"https:\/\/semanariolaprensa.com\/avantpremiere\/el-clasico-se-rindio-ante-el-negro-rada-emotivo-homenaje-en-el-campeon-del-siglo-con-tambores-y-camiseta-especial\/#blogposting","name":"El Cl\u00e1sico se rindi\u00f3 ante el \u00abNegro\u00bb Rada: emotivo homenaje en el Campe\u00f3n del Siglo con tambores y camiseta especial - Avant-Premi\u00e8re","headline":"El Cl\u00e1sico se rindi\u00f3 ante el \u00abNegro\u00bb Rada: emotivo homenaje en el Campe\u00f3n del Siglo con tambores y camiseta especial","author":{"@id":"https:\/\/semanariolaprensa.com\/avantpremiere\/author\/aqa\/#author"},"publisher":{"@id":"https:\/\/semanariolaprensa.com\/avantpremiere\/#organization"},"image":{"@type":"ImageObject","url":"https:\/\/i0.wp.com\/semanariolaprensa.com\/avantpremiere\/wp-content\/uploads\/2026\/08\/radapenarol.jpg?fit=1200%2C664&ssl=1","width":1200,"height":664},"datePublished":"2026-08-31T10:52:34-03:00","dateModified":"2026-08-31T16:30:47-03:00","inLanguage":"es-ES","mainEntityOfPage":{"@id":"https:\/\/semanariolaprensa.com\/avantpremiere\/el-clasico-se-rindio-ante-el-negro-rada-emotivo-homenaje-en-el-campeon-del-siglo-con-tambores-y-camiseta-especial\/#webpage"},"isPartOf":{"@id":"https:\/\/semanariolaprensa.com\/avantpremiere\/el-clasico-se-rindio-ante-el-negro-rada-emotivo-homenaje-en-el-campeon-del-siglo-con-tambores-y-camiseta-especial\/#webpage"},"articleSection":"Artistas, Cultura, Primer Plano, Sociedad, Tradici\u00f3n, Campeon del Siglo, Candombe., Clasico uruguayo, Daniel Carreno, Futbol uruguayo, Nacional, Penarol, Ruben Rada, Torneo Clausura"},{"@type":"BreadcrumbList","@id":"https:\/\/semanariolaprensa.com\/avantpremiere\/el-clasico-se-rindio-ante-el-negro-rada-emotivo-homenaje-en-el-campeon-del-siglo-con-tambores-y-camiseta-especial\/#breadcrumblist","itemListElement":[{"@type":"ListItem","@id":"https:\/\/semanariolaprensa.com\/avantpremiere#listItem","position":1,"name":"Home","item":"https:\/\/semanariolaprensa.com\/avantpremiere","nextItem":{"@type":"ListItem","@id":"https:\/\/semanariolaprensa.com\/avantpremiere\/category\/musica\/#listItem","name":"M\u00fasica"}},{"@type":"ListItem","@id":"https:\/\/semanariolaprensa.com\/avantpremiere\/category\/musica\/#listItem","position":2,"name":"M\u00fasica","item":"https:\/\/semanariolaprensa.com\/avantpremiere\/category\/musica\/","nextItem":{"@type":"ListItem","@id":"https:\/\/semanariolaprensa.com\/avantpremiere\/category\/musica\/artistas\/#listItem","name":"Artistas"},"previousItem":{"@type":"ListItem","@id":"https:\/\/semanariolaprensa.com\/avantpremiere#listItem","name":"Home"}},{"@type":"ListItem","@id":"https:\/\/semanariolaprensa.com\/avantpremiere\/category\/musica\/artistas\/#listItem","position":3,"name":"Artistas","item":"https:\/\/semanariolaprensa.com\/avantpremiere\/category\/musica\/artistas\/","nextItem":{"@type":"ListItem","@id":"https:\/\/semanariolaprensa.com\/avantpremiere\/el-clasico-se-rindio-ante-el-negro-rada-emotivo-homenaje-en-el-campeon-del-siglo-con-tambores-y-camiseta-especial\/#listItem","name":"El Cl\u00e1sico se rindi\u00f3 ante el \u00abNegro\u00bb Rada: emotivo homenaje en el Campe\u00f3n del Siglo con tambores y camiseta especial"},"previousItem":{"@type":"ListItem","@id":"https:\/\/semanariolaprensa.com\/avantpremiere\/category\/musica\/#listItem","name":"M\u00fasica"}},{"@type":"ListItem","@id":"https:\/\/semanariolaprensa.com\/avantpremiere\/el-clasico-se-rindio-ante-el-negro-rada-emotivo-homenaje-en-el-campeon-del-siglo-con-tambores-y-camiseta-especial\/#listItem","position":4,"name":"El Cl\u00e1sico se rindi\u00f3 ante el \u00abNegro\u00bb Rada: emotivo homenaje en el Campe\u00f3n del Siglo con tambores y camiseta especial","previousItem":{"@type":"ListItem","@id":"https:\/\/semanariolaprensa.com\/avantpremiere\/category\/musica\/artistas\/#listItem","name":"Artistas"}}]},{"@type":"Organization","@id":"https:\/\/semanariolaprensa.com\/avantpremiere\/#organization","name":"Avant-Premi\u00e8re","description":"La primera fila del entretenimiento","url":"https:\/\/semanariolaprensa.com\/avantpremiere\/","logo":{"@type":"ImageObject","url":"https:\/\/i0.wp.com\/semanariolaprensa.com\/avantpremiere\/wp-content\/uploads\/2026\/01\/cropped-iconoaureapremiere-1.png?fit=512%2C512&ssl=1","@id":"https:\/\/semanariolaprensa.com\/avantpremiere\/el-clasico-se-rindio-ante-el-negro-rada-emotivo-homenaje-en-el-campeon-del-siglo-con-tambores-y-camiseta-especial\/#organizationLogo","width":512,"height":512},"image":{"@id":"https:\/\/semanariolaprensa.com\/avantpremiere\/el-clasico-se-rindio-ante-el-negro-rada-emotivo-homenaje-en-el-campeon-del-siglo-con-tambores-y-camiseta-especial\/#organizationLogo"}},{"@type":"Person","@id":"https:\/\/semanariolaprensa.com\/avantpremiere\/author\/aqa\/#author","url":"https:\/\/semanariolaprensa.com\/avantpremiere\/author\/aqa\/","name":"Avant Premi\u00e8re","image":{"@type":"ImageObject","@id":"https:\/\/semanariolaprensa.com\/avantpremiere\/el-clasico-se-rindio-ante-el-negro-rada-emotivo-homenaje-en-el-campeon-del-siglo-con-tambores-y-camiseta-especial\/#authorImage","url":"https:\/\/secure.gravatar.com\/avatar\/8261467639c77d439ef0a6fe9fda067f57b7cec919c69df59f13e2d44eb9e4c8?s=96&d=mm&r=g","width":96,"height":96,"caption":"Avant Premi\u00e8re"}},{"@type":"WebPage","@id":"https:\/\/semanariolaprensa.com\/avantpremiere\/el-clasico-se-rindio-ante-el-negro-rada-emotivo-homenaje-en-el-campeon-del-siglo-con-tambores-y-camiseta-especial\/#webpage","url":"https:\/\/semanariolaprensa.com\/avantpremiere\/el-clasico-se-rindio-ante-el-negro-rada-emotivo-homenaje-en-el-campeon-del-siglo-con-tambores-y-camiseta-especial\/","name":"El Cl\u00e1sico se rindi\u00f3 ante el \u00abNegro\u00bb Rada: emotivo homenaje en el Campe\u00f3n del Siglo con tambores y camiseta especial - Avant-Premi\u00e8re","description":"La familia del m\u00fasico recibi\u00f3 el cari\u00f1o de la tribuna carbonera en la previa del partido ante Nacional, que cont\u00f3 con cuerda de tambores y el sentido recuerdo de Daniel Carre\u00f1o. La figura de Rub\u00e9n Rada trascendi\u00f3 una vez m\u00e1s las divisiones de la sociedad uruguaya para recibir un sentido tributo en el partido m\u00e1s","inLanguage":"es-ES","isPartOf":{"@id":"https:\/\/semanariolaprensa.com\/avantpremiere\/#website"},"breadcrumb":{"@id":"https:\/\/semanariolaprensa.com\/avantpremiere\/el-clasico-se-rindio-ante-el-negro-rada-emotivo-homenaje-en-el-campeon-del-siglo-con-tambores-y-camiseta-especial\/#breadcrumblist"},"author":{"@id":"https:\/\/semanariolaprensa.com\/avantpremiere\/author\/aqa\/#author"},"creator":{"@id":"https:\/\/semanariolaprensa.com\/avantpremiere\/author\/aqa\/#author"},"image":{"@type":"ImageObject","url":"https:\/\/i0.wp.com\/semanariolaprensa.com\/avantpremiere\/wp-content\/uploads\/2026\/08\/radapenarol.jpg?fit=1200%2C664&ssl=1","@id":"https:\/\/semanariolaprensa.com\/avantpremiere\/el-clasico-se-rindio-ante-el-negro-rada-emotivo-homenaje-en-el-campeon-del-siglo-con-tambores-y-camiseta-especial\/#mainImage","width":1200,"height":664},"primaryImageOfPage":{"@id":"https:\/\/semanariolaprensa.com\/avantpremiere\/el-clasico-se-rindio-ante-el-negro-rada-emotivo-homenaje-en-el-campeon-del-siglo-con-tambores-y-camiseta-especial\/#mainImage"},"datePublished":"2026-08-31T10:52:34-03:00","dateModified":"2026-08-31T16:30:47-03:00"},{"@type":"WebSite","@id":"https:\/\/semanariolaprensa.com\/avantpremiere\/#website","url":"https:\/\/semanariolaprensa.com\/avantpremiere\/","name":"Avant-Premi\u00e8re","description":"La primera fila del entretenimiento","inLanguage":"es-ES","publisher":{"@id":"https:\/\/semanariolaprensa.com\/avantpremiere\/#organization"}}]},"og:locale":"es_ES","og:site_name":"Avant-Premi\u00e8re - La primera fila del entretenimiento","og:type":"article","og:title":"El Cl\u00e1sico se rindi\u00f3 ante el \u00abNegro\u00bb Rada: emotivo homenaje en el Campe\u00f3n del Siglo con tambores y camiseta especial - Avant-Premi\u00e8re","og:description":"La familia del m\u00fasico recibi\u00f3 el cari\u00f1o de la tribuna carbonera en la previa del partido ante Nacional, que cont\u00f3 con cuerda de tambores y el sentido recuerdo de Daniel Carre\u00f1o. La figura de Rub\u00e9n Rada trascendi\u00f3 una vez m\u00e1s las divisiones de la sociedad uruguaya para recibir un sentido tributo en el partido m\u00e1s","og:url":"https:\/\/semanariolaprensa.com\/avantpremiere\/el-clasico-se-rindio-ante-el-negro-rada-emotivo-homenaje-en-el-campeon-del-siglo-con-tambores-y-camiseta-especial\/","article:published_time":"2026-08-31T13:52:34+00:00","article:modified_time":"2026-08-31T19:30:47+00:00","twitter:card":"summary_large_image","twitter:title":"El Cl\u00e1sico se rindi\u00f3 ante el \u00abNegro\u00bb Rada: emotivo homenaje en el Campe\u00f3n del Siglo con tambores y camiseta especial - Avant-Premi\u00e8re","twitter:description":"La familia del m\u00fasico recibi\u00f3 el cari\u00f1o de la tribuna carbonera en la previa del partido ante Nacional, que cont\u00f3 con cuerda de tambores y el sentido recuerdo de Daniel Carre\u00f1o. La figura de Rub\u00e9n Rada trascendi\u00f3 una vez m\u00e1s las divisiones de la sociedad uruguaya para recibir un sentido tributo en el partido m\u00e1s"},"aioseo_meta_data":{"post_id":"3234","title":null,"description":null,"keywords":null,"keyphrases":{"focus":{"keyphrase":"","score":0,"analysis":{"keyphraseInTitle":{"score":0,"maxScore":9,"error":1}}},"additional":[]},"primary_term":null,"canonical_url":null,"og_title":null,"og_description":null,"og_object_type":"default","og_image_type":"default","og_image_url":null,"og_image_width":null,"og_image_height":null,"og_image_custom_url":null,"og_image_custom_fields":null,"og_video":"","og_custom_url":null,"og_article_section":null,"og_article_tags":null,"twitter_use_og":false,"twitter_card":"default","twitter_image_type":"default","twitter_image_url":null,"twitter_image_custom_url":null,"twitter_image_custom_fields":null,"twitter_title":null,"twitter_description":null,"schema":{"blockGraphs":[],"customGraphs":[],"default":{"data":{"Article":[],"Course":[],"Dataset":[],"FAQPage":[],"Movie":[],"Person":[],"Product":[],"ProductReview":[],"Car":[],"Recipe":[],"Service":[],"SoftwareApplication":[],"WebPage":[]},"graphName":"BlogPosting","isEnabled":true},"graphs":[]},"schema_type":"default","schema_type_options":null,"pillar_content":false,"robots_default":true,"robots_noindex":false,"robots_noarchive":false,"robots_nosnippet":false,"robots_nofollow":false,"robots_noimageindex":false,"robots_noodp":false,"robots_notranslate":false,"robots_max_snippet":"-1","robots_max_videopreview":"-1","robots_max_imagepreview":"large","priority":null,"frequency":"default","local_seo":null,"breadcrumb_settings":null,"limit_modified_date":false,"ai":{"faqs":[],"keyPoints":[],"schemas":[],"titles":[],"descriptions":[],"socialPosts":{"email":{"subject":"","preview":"","content":""},"linkedin":[],"twitter":[],"facebook":[],"instagram":[]}},"created":"2026-08-31 13:52:36","updated":"2026-08-31 19:32:45","seo_analyzer_scan_date":null,"focus_keyword":null,"additional_keywords":null,"truseo_locale":null},"aioseo_breadcrumb":"<div class=\"aioseo-breadcrumbs\"><span class=\"aioseo-breadcrumb\">\n\t\t\t<a href=\"https:\/\/semanariolaprensa.com\/avantpremiere\" title=\"Home\">Home<\/a>\n\t\t<\/span><span class=\"aioseo-breadcrumb-separator\">&raquo;<\/span><span class=\"aioseo-breadcrumb\">\n\t\t\t<a href=\"https:\/\/semanariolaprensa.com\/avantpremiere\/category\/musica\/\" title=\"M\u00fasica\">M\u00fasica<\/a>\n\t\t<\/span><span class=\"aioseo-breadcrumb-separator\">&raquo;<\/span><span class=\"aioseo-breadcrumb\">\n\t\t\t<a href=\"https:\/\/semanariolaprensa.com\/avantpremiere\/category\/musica\/artistas\/\" title=\"Artistas\">Artistas<\/a>\n\t\t<\/span><span class=\"aioseo-breadcrumb-separator\">&raquo;<\/span><span class=\"aioseo-breadcrumb\">\n\t\t\tEl Cl\u00e1sico se rindi\u00f3 ante el \u00abNegro\u00bb Rada: emotivo homenaje en el Campe\u00f3n del Siglo con tambores y camiseta especial\n\t\t<\/span><\/div>","aioseo_breadcrumb_json":[{"label":"Home","link":"https:\/\/semanariolaprensa.com\/avantpremiere"},{"label":"M\u00fasica","link":"https:\/\/semanariolaprensa.com\/avantpremiere\/category\/musica\/"},{"label":"Artistas","link":"https:\/\/semanariolaprensa.com\/avantpremiere\/category\/musica\/artistas\/"},{"label":"El Cl\u00e1sico se rindi\u00f3 ante el \u00abNegro\u00bb Rada: emotivo homenaje en el Campe\u00f3n del Siglo con tambores y camiseta especial","link":"https:\/\/semanariolaprensa.com\/avantpremiere\/el-clasico-se-rindio-ante-el-negro-rada-emotivo-homenaje-en-el-campeon-del-siglo-con-tambores-y-camiseta-especial\/"}],"jetpack_sharing_enabled":true,"jetpack_featured_media_url":"https:\/\/i0.wp.com\/semanariolaprensa.com\/avantpremiere\/wp-content\/uploads\/2026\/08\/radapenarol.jpg?fit=1200%2C664&ssl=1","_links":{"self":[{"href":"https:\/\/semanariolaprensa.com\/avantpremiere\/wp-json\/wp\/v2\/posts\/3234","targetHints":{"allow":["GET"]}}],"collection":[{"href":"https:\/\/semanariolaprensa.com\/avantpremiere\/wp-json\/wp\/v2\/posts"}],"about":[{"href":"https:\/\/semanariolaprensa.com\/avantpremiere\/wp-json\/wp\/v2\/types\/post"}],"author":[{"embeddable":true,"href":"https:\/\/semanariolaprensa.com\/avantpremiere\/wp-json\/wp\/v2\/users\/2"}],"replies":[{"embeddable":true,"href":"https:\/\/semanariolaprensa.com\/avantpremiere\/wp-json\/wp\/v2\/comments?post=3234"}],"version-history":[{"count":2,"href":"https:\/\/semanariolaprensa.com\/avantpremiere\/wp-json\/wp\/v2\/posts\/3234\/revisions"}],"predecessor-version":[{"id":3241,"href":"https:\/\/semanariolaprensa.com\/avantpremiere\/wp-json\/wp\/v2\/posts\/3234\/revisions\/3241"}],"wp:featuredmedia":[{"embeddable":true,"href":"https:\/\/semanariolaprensa.com\/avantpremiere\/wp-json\/wp\/v2\/media\/3242"}],"wp:attachment":[{"href":"https:\/\/semanariolaprensa.com\/avantpremiere\/wp-json\/wp\/v2\/media?parent=3234"}],"wp:term":[{"taxonomy":"category","embeddable":true,"href":"https:\/\/semanariolaprensa.com\/avantpremiere\/wp-json\/wp\/v2\/categories?post=3234"},{"taxonomy":"post_tag","embeddable":true,"href":"https:\/\/semanariolaprensa.com\/avantpremiere\/wp-json\/wp\/v2\/tags?post=3234"}],"curies":[{"name":"wp","href":"https:\/\/api.w.org\/{rel}","templated":true}]}}