{"id":3228,"date":"2026-08-31T10:41:37","date_gmt":"2026-08-31T13:41:37","guid":{"rendered":"https:\/\/semanariolaprensa.com\/avantpremiere\/?p=3228"},"modified":"2026-08-31T10:41:40","modified_gmt":"2026-08-31T13:41:40","slug":"tom-cruise-vuelve-a-las-pistas-days-of-thunder-tendra-secuela-junto-a-anne-hathaway","status":"publish","type":"post","link":"https:\/\/semanariolaprensa.com\/avantpremiere\/tom-cruise-vuelve-a-las-pistas-days-of-thunder-tendra-secuela-junto-a-anne-hathaway\/","title":{"rendered":"Tom Cruise vuelve a las pistas: &#8216;Days of Thunder&#8217; tendr\u00e1 secuela junto a Anne Hathaway"},"content":{"rendered":"\n<p class=\"wp-block-paragraph\"><strong>A casi cuatro d\u00e9cadas del filme original, el actor retomar\u00e1 su rol como Cole Trickle en una producci\u00f3n dise\u00f1ada para salas Imax con fecha de estreno en 2028.<\/strong><\/p>\n\n\n\n<p class=\"wp-block-paragraph\">Treinta y seis a\u00f1os despu\u00e9s de su debut cinematogr\u00e1fico en el automovilismo de velocidad, <strong>Tom Cruise<\/strong> volver\u00e1 a ponerse al volante en la secuela oficial de <strong><em>&#8216;Days of Thunder&#8217;<\/em><\/strong> (<em>D\u00edas de trueno<\/em>, 1990). La nueva entrega sumar\u00e1 como coprotagonista a la ganadora del \u00d3scar <strong>Anne Hathaway<\/strong> y desembarcar\u00e1 en los cines el <strong>2 de junio de 2028<\/strong>, seg\u00fan confirm\u00f3 la revista <em>Variety<\/em>.<\/p>\n\n\n\n<p class=\"wp-block-paragraph\">En el cl\u00e1sico original dirigido por Tony Scott, Cruise interpretaba al impetuoso piloto de NASCAR Cole Trickle junto a Nicole Kidman en el papel de la m\u00e9dica Claire Lewicki. Para esta nueva etapa, Kidman no formar\u00e1 parte del reparto; Hathaway asumir\u00e1 un rol central in\u00e9dito al encarnar a la ingeniera y due\u00f1a de una escuder\u00eda de carreras que cruzar\u00e1 su camino con el experimentado corredor.<\/p>\n\n\n\n<h3 class=\"wp-block-heading\">Apuesta al formato Imax y equipo de producci\u00f3n<\/h3>\n\n\n\n<p class=\"wp-block-paragraph\">Bajo la direcci\u00f3n de <strong>Jonathan Levine<\/strong> y con libreto de <strong>Will Staples<\/strong>, el largometraje se filmar\u00e1 \u00edntegramente pensado para el formato de salas <strong>Imax<\/strong>, apuntando a trasladar el realismo y la adrenalina t\u00e9cnica de la competici\u00f3n automovil\u00edstica a gran escala.<\/p>\n\n\n\n<p class=\"wp-block-paragraph\">La producci\u00f3n marcar\u00e1 adem\u00e1s una nueva alianza entre Cruise, Tommy Harper y el veterano productor <strong>Jerry Bruckheimer<\/strong>, quien ya estuvo detr\u00e1s del \u00e9xito de la cinta original de 1990 y del posterior renacer en taquilla de franquicias cl\u00e1sicas protagonizadas por el actor estadounidense.<\/p>\n\n\n\n<p class=\"wp-block-paragraph\">Avant Premi\u00e8re \/ EFE<\/p>\n","protected":false},"excerpt":{"rendered":"<p>A casi cuatro d\u00e9cadas del filme original, el actor retomar\u00e1 su rol como Cole Trickle en una producci\u00f3n dise\u00f1ada para salas Imax con fecha de estreno en 2028. Treinta y seis a\u00f1os despu\u00e9s de su debut cinematogr\u00e1fico en el automovilismo de velocidad, Tom Cruise volver\u00e1 a ponerse al volante en la secuela oficial de &#8216;Days [&hellip;]<\/p>\n","protected":false},"author":2,"featured_media":3229,"comment_status":"open","ping_status":"open","sticky":false,"template":"","format":"standard","meta":{"om_disable_all_campaigns":false,"_monsterinsights_skip_tracking":false,"_jetpack_newsletter_access":"","_jetpack_dont_email_post_to_subs":false,"_jetpack_newsletter_tier_id":0,"_jetpack_memberships_contains_paywalled_content":false,"_jetpack_feature_clip_id":0,"_jetpack_memberships_contains_paid_content":false,"jnews-multi-image_gallery":[],"jnews_single_post":{"format":"standard"},"jnews_primary_category":[],"jnews_override_bookmark_settings":[],"jnews_social_meta":[],"jnews_review":[],"enable_review":"","type":"","name":"","summary":"","brand":"","sku":"","good":[],"bad":[],"score_override":"","override_value":"","rating":[],"price":[],"jnews_override_counter":[],"footnotes":"","jetpack_post_was_ever_published":false},"categories":[383,415],"tags":[102,3477,3479,357,3480,1052,3478,2562],"class_list":["post-3228","post","type-post","status-publish","format-standard","has-post-thumbnail","hentry","category-cine","category-cultura","tag-anne-hathaway","tag-cine-de-accion-2","tag-days-of-thunder","tag-estrenos-de-cine","tag-imax","tag-jerry-bruckheimer","tag-nascar","tag-tom-cruise"],"aioseo_notices":[],"aioseo_head":"\n\t\t<!-- All in One SEO 5.0.1 - aioseo.com -->\n\t<meta name=\"description\" content=\"A casi cuatro d\u00e9cadas del filme original, el actor retomar\u00e1 su rol como Cole Trickle en una producci\u00f3n dise\u00f1ada para salas Imax con fecha de estreno en 2028. Treinta y seis a\u00f1os despu\u00e9s de su debut cinematogr\u00e1fico en el automovilismo de velocidad, Tom Cruise volver\u00e1 a ponerse al volante en la secuela oficial de &#039;Days\" \/>\n\t<meta name=\"robots\" content=\"max-image-preview:large\" \/>\n\t<meta name=\"author\" content=\"Avant Premi\u00e8re\"\/>\n\t<link rel=\"canonical\" href=\"https:\/\/semanariolaprensa.com\/avantpremiere\/tom-cruise-vuelve-a-las-pistas-days-of-thunder-tendra-secuela-junto-a-anne-hathaway\/\" \/>\n\t<meta name=\"generator\" content=\"All in One SEO (AIOSEO) 5.0.1\" \/>\n\t\t<meta property=\"og:locale\" content=\"es_ES\" \/>\n\t\t<meta property=\"og:site_name\" content=\"Avant-Premi\u00e8re - La primera fila del entretenimiento\" \/>\n\t\t<meta property=\"og:type\" content=\"article\" \/>\n\t\t<meta property=\"og:title\" content=\"Tom Cruise vuelve a las pistas: \u2018Days of Thunder\u2019 tendr\u00e1 secuela junto a Anne Hathaway - Avant-Premi\u00e8re\" \/>\n\t\t<meta property=\"og:description\" content=\"A casi cuatro d\u00e9cadas del filme original, el actor retomar\u00e1 su rol como Cole Trickle en una producci\u00f3n dise\u00f1ada para salas Imax con fecha de estreno en 2028. Treinta y seis a\u00f1os despu\u00e9s de su debut cinematogr\u00e1fico en el automovilismo de velocidad, Tom Cruise volver\u00e1 a ponerse al volante en la secuela oficial de &#039;Days\" \/>\n\t\t<meta property=\"og:url\" content=\"https:\/\/semanariolaprensa.com\/avantpremiere\/tom-cruise-vuelve-a-las-pistas-days-of-thunder-tendra-secuela-junto-a-anne-hathaway\/\" \/>\n\t\t<meta property=\"article:published_time\" content=\"2026-08-31T13:41:37+00:00\" \/>\n\t\t<meta property=\"article:modified_time\" content=\"2026-08-31T13:41:40+00:00\" \/>\n\t\t<meta name=\"twitter:card\" content=\"summary_large_image\" \/>\n\t\t<meta name=\"twitter:title\" content=\"Tom Cruise vuelve a las pistas: \u2018Days of Thunder\u2019 tendr\u00e1 secuela junto a Anne Hathaway - Avant-Premi\u00e8re\" \/>\n\t\t<meta name=\"twitter:description\" content=\"A casi cuatro d\u00e9cadas del filme original, el actor retomar\u00e1 su rol como Cole Trickle en una producci\u00f3n dise\u00f1ada para salas Imax con fecha de estreno en 2028. Treinta y seis a\u00f1os despu\u00e9s de su debut cinematogr\u00e1fico en el automovilismo de velocidad, Tom Cruise volver\u00e1 a ponerse al volante en la secuela oficial de &#039;Days\" \/>\n\t\t<script type=\"application\/ld+json\" class=\"aioseo-schema\">\n\t\t\t{\"@context\":\"https:\\\/\\\/schema.org\",\"@graph\":[{\"@type\":\"BlogPosting\",\"@id\":\"https:\\\/\\\/semanariolaprensa.com\\\/avantpremiere\\\/tom-cruise-vuelve-a-las-pistas-days-of-thunder-tendra-secuela-junto-a-anne-hathaway\\\/#blogposting\",\"name\":\"Tom Cruise vuelve a las pistas: \\u2018Days of Thunder\\u2019 tendr\\u00e1 secuela junto a Anne Hathaway - Avant-Premi\\u00e8re\",\"headline\":\"Tom Cruise vuelve a las pistas: &#8216;Days of Thunder&#8217; tendr\\u00e1 secuela junto a Anne Hathaway\",\"author\":{\"@id\":\"https:\\\/\\\/semanariolaprensa.com\\\/avantpremiere\\\/author\\\/aqa\\\/#author\"},\"publisher\":{\"@id\":\"https:\\\/\\\/semanariolaprensa.com\\\/avantpremiere\\\/#organization\"},\"image\":{\"@type\":\"ImageObject\",\"url\":\"https:\\\/\\\/i0.wp.com\\\/semanariolaprensa.com\\\/avantpremiere\\\/wp-content\\\/uploads\\\/2026\\\/08\\\/tom-cruise-and-anne-hathaway-days-of-thunder-sequel-announcement.jpg?fit=1280%2C720&ssl=1\",\"width\":1280,\"height\":720},\"datePublished\":\"2026-08-31T10:41:37-03:00\",\"dateModified\":\"2026-08-31T10:41:40-03:00\",\"inLanguage\":\"es-ES\",\"mainEntityOfPage\":{\"@id\":\"https:\\\/\\\/semanariolaprensa.com\\\/avantpremiere\\\/tom-cruise-vuelve-a-las-pistas-days-of-thunder-tendra-secuela-junto-a-anne-hathaway\\\/#webpage\"},\"isPartOf\":{\"@id\":\"https:\\\/\\\/semanariolaprensa.com\\\/avantpremiere\\\/tom-cruise-vuelve-a-las-pistas-days-of-thunder-tendra-secuela-junto-a-anne-hathaway\\\/#webpage\"},\"articleSection\":\"Cine, Cultura, Anne Hathaway, Cine de accion, Days of Thunder, Estrenos de cine, Imax., jerry bruckheimer, NASCAR, Tom Cruise\"},{\"@type\":\"BreadcrumbList\",\"@id\":\"https:\\\/\\\/semanariolaprensa.com\\\/avantpremiere\\\/tom-cruise-vuelve-a-las-pistas-days-of-thunder-tendra-secuela-junto-a-anne-hathaway\\\/#breadcrumblist\",\"itemListElement\":[{\"@type\":\"ListItem\",\"@id\":\"https:\\\/\\\/semanariolaprensa.com\\\/avantpremiere#listItem\",\"position\":1,\"name\":\"Home\",\"item\":\"https:\\\/\\\/semanariolaprensa.com\\\/avantpremiere\",\"nextItem\":{\"@type\":\"ListItem\",\"@id\":\"https:\\\/\\\/semanariolaprensa.com\\\/avantpremiere\\\/category\\\/pantalla\\\/#listItem\",\"name\":\"Pantalla\"}},{\"@type\":\"ListItem\",\"@id\":\"https:\\\/\\\/semanariolaprensa.com\\\/avantpremiere\\\/category\\\/pantalla\\\/#listItem\",\"position\":2,\"name\":\"Pantalla\",\"item\":\"https:\\\/\\\/semanariolaprensa.com\\\/avantpremiere\\\/category\\\/pantalla\\\/\",\"nextItem\":{\"@type\":\"ListItem\",\"@id\":\"https:\\\/\\\/semanariolaprensa.com\\\/avantpremiere\\\/category\\\/pantalla\\\/cine\\\/#listItem\",\"name\":\"Cine\"},\"previousItem\":{\"@type\":\"ListItem\",\"@id\":\"https:\\\/\\\/semanariolaprensa.com\\\/avantpremiere#listItem\",\"name\":\"Home\"}},{\"@type\":\"ListItem\",\"@id\":\"https:\\\/\\\/semanariolaprensa.com\\\/avantpremiere\\\/category\\\/pantalla\\\/cine\\\/#listItem\",\"position\":3,\"name\":\"Cine\",\"item\":\"https:\\\/\\\/semanariolaprensa.com\\\/avantpremiere\\\/category\\\/pantalla\\\/cine\\\/\",\"nextItem\":{\"@type\":\"ListItem\",\"@id\":\"https:\\\/\\\/semanariolaprensa.com\\\/avantpremiere\\\/tom-cruise-vuelve-a-las-pistas-days-of-thunder-tendra-secuela-junto-a-anne-hathaway\\\/#listItem\",\"name\":\"Tom Cruise vuelve a las pistas: &#8216;Days of Thunder&#8217; tendr\\u00e1 secuela junto a Anne Hathaway\"},\"previousItem\":{\"@type\":\"ListItem\",\"@id\":\"https:\\\/\\\/semanariolaprensa.com\\\/avantpremiere\\\/category\\\/pantalla\\\/#listItem\",\"name\":\"Pantalla\"}},{\"@type\":\"ListItem\",\"@id\":\"https:\\\/\\\/semanariolaprensa.com\\\/avantpremiere\\\/tom-cruise-vuelve-a-las-pistas-days-of-thunder-tendra-secuela-junto-a-anne-hathaway\\\/#listItem\",\"position\":4,\"name\":\"Tom Cruise vuelve a las pistas: &#8216;Days of Thunder&#8217; tendr\\u00e1 secuela junto a Anne Hathaway\",\"previousItem\":{\"@type\":\"ListItem\",\"@id\":\"https:\\\/\\\/semanariolaprensa.com\\\/avantpremiere\\\/category\\\/pantalla\\\/cine\\\/#listItem\",\"name\":\"Cine\"}}]},{\"@type\":\"Organization\",\"@id\":\"https:\\\/\\\/semanariolaprensa.com\\\/avantpremiere\\\/#organization\",\"name\":\"Avant-Premi\\u00e8re\",\"description\":\"La primera fila del entretenimiento\",\"url\":\"https:\\\/\\\/semanariolaprensa.com\\\/avantpremiere\\\/\",\"logo\":{\"@type\":\"ImageObject\",\"url\":\"https:\\\/\\\/i0.wp.com\\\/semanariolaprensa.com\\\/avantpremiere\\\/wp-content\\\/uploads\\\/2026\\\/01\\\/cropped-iconoaureapremiere-1.png?fit=512%2C512&ssl=1\",\"@id\":\"https:\\\/\\\/semanariolaprensa.com\\\/avantpremiere\\\/tom-cruise-vuelve-a-las-pistas-days-of-thunder-tendra-secuela-junto-a-anne-hathaway\\\/#organizationLogo\",\"width\":512,\"height\":512},\"image\":{\"@id\":\"https:\\\/\\\/semanariolaprensa.com\\\/avantpremiere\\\/tom-cruise-vuelve-a-las-pistas-days-of-thunder-tendra-secuela-junto-a-anne-hathaway\\\/#organizationLogo\"}},{\"@type\":\"Person\",\"@id\":\"https:\\\/\\\/semanariolaprensa.com\\\/avantpremiere\\\/author\\\/aqa\\\/#author\",\"url\":\"https:\\\/\\\/semanariolaprensa.com\\\/avantpremiere\\\/author\\\/aqa\\\/\",\"name\":\"Avant Premi\\u00e8re\",\"image\":{\"@type\":\"ImageObject\",\"@id\":\"https:\\\/\\\/semanariolaprensa.com\\\/avantpremiere\\\/tom-cruise-vuelve-a-las-pistas-days-of-thunder-tendra-secuela-junto-a-anne-hathaway\\\/#authorImage\",\"url\":\"https:\\\/\\\/secure.gravatar.com\\\/avatar\\\/8261467639c77d439ef0a6fe9fda067f57b7cec919c69df59f13e2d44eb9e4c8?s=96&d=mm&r=g\",\"width\":96,\"height\":96,\"caption\":\"Avant Premi\\u00e8re\"}},{\"@type\":\"WebPage\",\"@id\":\"https:\\\/\\\/semanariolaprensa.com\\\/avantpremiere\\\/tom-cruise-vuelve-a-las-pistas-days-of-thunder-tendra-secuela-junto-a-anne-hathaway\\\/#webpage\",\"url\":\"https:\\\/\\\/semanariolaprensa.com\\\/avantpremiere\\\/tom-cruise-vuelve-a-las-pistas-days-of-thunder-tendra-secuela-junto-a-anne-hathaway\\\/\",\"name\":\"Tom Cruise vuelve a las pistas: \\u2018Days of Thunder\\u2019 tendr\\u00e1 secuela junto a Anne Hathaway - Avant-Premi\\u00e8re\",\"description\":\"A casi cuatro d\\u00e9cadas del filme original, el actor retomar\\u00e1 su rol como Cole Trickle en una producci\\u00f3n dise\\u00f1ada para salas Imax con fecha de estreno en 2028. Treinta y seis a\\u00f1os despu\\u00e9s de su debut cinematogr\\u00e1fico en el automovilismo de velocidad, Tom Cruise volver\\u00e1 a ponerse al volante en la secuela oficial de 'Days\",\"inLanguage\":\"es-ES\",\"isPartOf\":{\"@id\":\"https:\\\/\\\/semanariolaprensa.com\\\/avantpremiere\\\/#website\"},\"breadcrumb\":{\"@id\":\"https:\\\/\\\/semanariolaprensa.com\\\/avantpremiere\\\/tom-cruise-vuelve-a-las-pistas-days-of-thunder-tendra-secuela-junto-a-anne-hathaway\\\/#breadcrumblist\"},\"author\":{\"@id\":\"https:\\\/\\\/semanariolaprensa.com\\\/avantpremiere\\\/author\\\/aqa\\\/#author\"},\"creator\":{\"@id\":\"https:\\\/\\\/semanariolaprensa.com\\\/avantpremiere\\\/author\\\/aqa\\\/#author\"},\"image\":{\"@type\":\"ImageObject\",\"url\":\"https:\\\/\\\/i0.wp.com\\\/semanariolaprensa.com\\\/avantpremiere\\\/wp-content\\\/uploads\\\/2026\\\/08\\\/tom-cruise-and-anne-hathaway-days-of-thunder-sequel-announcement.jpg?fit=1280%2C720&ssl=1\",\"@id\":\"https:\\\/\\\/semanariolaprensa.com\\\/avantpremiere\\\/tom-cruise-vuelve-a-las-pistas-days-of-thunder-tendra-secuela-junto-a-anne-hathaway\\\/#mainImage\",\"width\":1280,\"height\":720},\"primaryImageOfPage\":{\"@id\":\"https:\\\/\\\/semanariolaprensa.com\\\/avantpremiere\\\/tom-cruise-vuelve-a-las-pistas-days-of-thunder-tendra-secuela-junto-a-anne-hathaway\\\/#mainImage\"},\"datePublished\":\"2026-08-31T10:41:37-03:00\",\"dateModified\":\"2026-08-31T10:41:40-03:00\"},{\"@type\":\"WebSite\",\"@id\":\"https:\\\/\\\/semanariolaprensa.com\\\/avantpremiere\\\/#website\",\"url\":\"https:\\\/\\\/semanariolaprensa.com\\\/avantpremiere\\\/\",\"name\":\"Avant-Premi\\u00e8re\",\"description\":\"La primera fila del entretenimiento\",\"inLanguage\":\"es-ES\",\"publisher\":{\"@id\":\"https:\\\/\\\/semanariolaprensa.com\\\/avantpremiere\\\/#organization\"}}]}\n\t\t<\/script>\n\t\t<!-- All in One SEO -->\n\n","aioseo_head_json":{"title":"Tom Cruise vuelve a las pistas: \u2018Days of Thunder\u2019 tendr\u00e1 secuela junto a Anne Hathaway - Avant-Premi\u00e8re","description":"A casi cuatro d\u00e9cadas del filme original, el actor retomar\u00e1 su rol como Cole Trickle en una producci\u00f3n dise\u00f1ada para salas Imax con fecha de estreno en 2028. Treinta y seis a\u00f1os despu\u00e9s de su debut cinematogr\u00e1fico en el automovilismo de velocidad, Tom Cruise volver\u00e1 a ponerse al volante en la secuela oficial de 'Days","canonical_url":"https:\/\/semanariolaprensa.com\/avantpremiere\/tom-cruise-vuelve-a-las-pistas-days-of-thunder-tendra-secuela-junto-a-anne-hathaway\/","robots":"max-image-preview:large","keywords":"","webmasterTools":{"miscellaneous":""},"schema":{"@context":"https:\/\/schema.org","@graph":[{"@type":"BlogPosting","@id":"https:\/\/semanariolaprensa.com\/avantpremiere\/tom-cruise-vuelve-a-las-pistas-days-of-thunder-tendra-secuela-junto-a-anne-hathaway\/#blogposting","name":"Tom Cruise vuelve a las pistas: \u2018Days of Thunder\u2019 tendr\u00e1 secuela junto a Anne Hathaway - Avant-Premi\u00e8re","headline":"Tom Cruise vuelve a las pistas: &#8216;Days of Thunder&#8217; tendr\u00e1 secuela junto a Anne Hathaway","author":{"@id":"https:\/\/semanariolaprensa.com\/avantpremiere\/author\/aqa\/#author"},"publisher":{"@id":"https:\/\/semanariolaprensa.com\/avantpremiere\/#organization"},"image":{"@type":"ImageObject","url":"https:\/\/i0.wp.com\/semanariolaprensa.com\/avantpremiere\/wp-content\/uploads\/2026\/08\/tom-cruise-and-anne-hathaway-days-of-thunder-sequel-announcement.jpg?fit=1280%2C720&ssl=1","width":1280,"height":720},"datePublished":"2026-08-31T10:41:37-03:00","dateModified":"2026-08-31T10:41:40-03:00","inLanguage":"es-ES","mainEntityOfPage":{"@id":"https:\/\/semanariolaprensa.com\/avantpremiere\/tom-cruise-vuelve-a-las-pistas-days-of-thunder-tendra-secuela-junto-a-anne-hathaway\/#webpage"},"isPartOf":{"@id":"https:\/\/semanariolaprensa.com\/avantpremiere\/tom-cruise-vuelve-a-las-pistas-days-of-thunder-tendra-secuela-junto-a-anne-hathaway\/#webpage"},"articleSection":"Cine, Cultura, Anne Hathaway, Cine de accion, Days of Thunder, Estrenos de cine, Imax., jerry bruckheimer, NASCAR, Tom Cruise"},{"@type":"BreadcrumbList","@id":"https:\/\/semanariolaprensa.com\/avantpremiere\/tom-cruise-vuelve-a-las-pistas-days-of-thunder-tendra-secuela-junto-a-anne-hathaway\/#breadcrumblist","itemListElement":[{"@type":"ListItem","@id":"https:\/\/semanariolaprensa.com\/avantpremiere#listItem","position":1,"name":"Home","item":"https:\/\/semanariolaprensa.com\/avantpremiere","nextItem":{"@type":"ListItem","@id":"https:\/\/semanariolaprensa.com\/avantpremiere\/category\/pantalla\/#listItem","name":"Pantalla"}},{"@type":"ListItem","@id":"https:\/\/semanariolaprensa.com\/avantpremiere\/category\/pantalla\/#listItem","position":2,"name":"Pantalla","item":"https:\/\/semanariolaprensa.com\/avantpremiere\/category\/pantalla\/","nextItem":{"@type":"ListItem","@id":"https:\/\/semanariolaprensa.com\/avantpremiere\/category\/pantalla\/cine\/#listItem","name":"Cine"},"previousItem":{"@type":"ListItem","@id":"https:\/\/semanariolaprensa.com\/avantpremiere#listItem","name":"Home"}},{"@type":"ListItem","@id":"https:\/\/semanariolaprensa.com\/avantpremiere\/category\/pantalla\/cine\/#listItem","position":3,"name":"Cine","item":"https:\/\/semanariolaprensa.com\/avantpremiere\/category\/pantalla\/cine\/","nextItem":{"@type":"ListItem","@id":"https:\/\/semanariolaprensa.com\/avantpremiere\/tom-cruise-vuelve-a-las-pistas-days-of-thunder-tendra-secuela-junto-a-anne-hathaway\/#listItem","name":"Tom Cruise vuelve a las pistas: &#8216;Days of Thunder&#8217; tendr\u00e1 secuela junto a Anne Hathaway"},"previousItem":{"@type":"ListItem","@id":"https:\/\/semanariolaprensa.com\/avantpremiere\/category\/pantalla\/#listItem","name":"Pantalla"}},{"@type":"ListItem","@id":"https:\/\/semanariolaprensa.com\/avantpremiere\/tom-cruise-vuelve-a-las-pistas-days-of-thunder-tendra-secuela-junto-a-anne-hathaway\/#listItem","position":4,"name":"Tom Cruise vuelve a las pistas: &#8216;Days of Thunder&#8217; tendr\u00e1 secuela junto a Anne Hathaway","previousItem":{"@type":"ListItem","@id":"https:\/\/semanariolaprensa.com\/avantpremiere\/category\/pantalla\/cine\/#listItem","name":"Cine"}}]},{"@type":"Organization","@id":"https:\/\/semanariolaprensa.com\/avantpremiere\/#organization","name":"Avant-Premi\u00e8re","description":"La primera fila del entretenimiento","url":"https:\/\/semanariolaprensa.com\/avantpremiere\/","logo":{"@type":"ImageObject","url":"https:\/\/i0.wp.com\/semanariolaprensa.com\/avantpremiere\/wp-content\/uploads\/2026\/01\/cropped-iconoaureapremiere-1.png?fit=512%2C512&ssl=1","@id":"https:\/\/semanariolaprensa.com\/avantpremiere\/tom-cruise-vuelve-a-las-pistas-days-of-thunder-tendra-secuela-junto-a-anne-hathaway\/#organizationLogo","width":512,"height":512},"image":{"@id":"https:\/\/semanariolaprensa.com\/avantpremiere\/tom-cruise-vuelve-a-las-pistas-days-of-thunder-tendra-secuela-junto-a-anne-hathaway\/#organizationLogo"}},{"@type":"Person","@id":"https:\/\/semanariolaprensa.com\/avantpremiere\/author\/aqa\/#author","url":"https:\/\/semanariolaprensa.com\/avantpremiere\/author\/aqa\/","name":"Avant Premi\u00e8re","image":{"@type":"ImageObject","@id":"https:\/\/semanariolaprensa.com\/avantpremiere\/tom-cruise-vuelve-a-las-pistas-days-of-thunder-tendra-secuela-junto-a-anne-hathaway\/#authorImage","url":"https:\/\/secure.gravatar.com\/avatar\/8261467639c77d439ef0a6fe9fda067f57b7cec919c69df59f13e2d44eb9e4c8?s=96&d=mm&r=g","width":96,"height":96,"caption":"Avant Premi\u00e8re"}},{"@type":"WebPage","@id":"https:\/\/semanariolaprensa.com\/avantpremiere\/tom-cruise-vuelve-a-las-pistas-days-of-thunder-tendra-secuela-junto-a-anne-hathaway\/#webpage","url":"https:\/\/semanariolaprensa.com\/avantpremiere\/tom-cruise-vuelve-a-las-pistas-days-of-thunder-tendra-secuela-junto-a-anne-hathaway\/","name":"Tom Cruise vuelve a las pistas: \u2018Days of Thunder\u2019 tendr\u00e1 secuela junto a Anne Hathaway - Avant-Premi\u00e8re","description":"A casi cuatro d\u00e9cadas del filme original, el actor retomar\u00e1 su rol como Cole Trickle en una producci\u00f3n dise\u00f1ada para salas Imax con fecha de estreno en 2028. Treinta y seis a\u00f1os despu\u00e9s de su debut cinematogr\u00e1fico en el automovilismo de velocidad, Tom Cruise volver\u00e1 a ponerse al volante en la secuela oficial de 'Days","inLanguage":"es-ES","isPartOf":{"@id":"https:\/\/semanariolaprensa.com\/avantpremiere\/#website"},"breadcrumb":{"@id":"https:\/\/semanariolaprensa.com\/avantpremiere\/tom-cruise-vuelve-a-las-pistas-days-of-thunder-tendra-secuela-junto-a-anne-hathaway\/#breadcrumblist"},"author":{"@id":"https:\/\/semanariolaprensa.com\/avantpremiere\/author\/aqa\/#author"},"creator":{"@id":"https:\/\/semanariolaprensa.com\/avantpremiere\/author\/aqa\/#author"},"image":{"@type":"ImageObject","url":"https:\/\/i0.wp.com\/semanariolaprensa.com\/avantpremiere\/wp-content\/uploads\/2026\/08\/tom-cruise-and-anne-hathaway-days-of-thunder-sequel-announcement.jpg?fit=1280%2C720&ssl=1","@id":"https:\/\/semanariolaprensa.com\/avantpremiere\/tom-cruise-vuelve-a-las-pistas-days-of-thunder-tendra-secuela-junto-a-anne-hathaway\/#mainImage","width":1280,"height":720},"primaryImageOfPage":{"@id":"https:\/\/semanariolaprensa.com\/avantpremiere\/tom-cruise-vuelve-a-las-pistas-days-of-thunder-tendra-secuela-junto-a-anne-hathaway\/#mainImage"},"datePublished":"2026-08-31T10:41:37-03:00","dateModified":"2026-08-31T10:41:40-03:00"},{"@type":"WebSite","@id":"https:\/\/semanariolaprensa.com\/avantpremiere\/#website","url":"https:\/\/semanariolaprensa.com\/avantpremiere\/","name":"Avant-Premi\u00e8re","description":"La primera fila del entretenimiento","inLanguage":"es-ES","publisher":{"@id":"https:\/\/semanariolaprensa.com\/avantpremiere\/#organization"}}]},"og:locale":"es_ES","og:site_name":"Avant-Premi\u00e8re - La primera fila del entretenimiento","og:type":"article","og:title":"Tom Cruise vuelve a las pistas: \u2018Days of Thunder\u2019 tendr\u00e1 secuela junto a Anne Hathaway - Avant-Premi\u00e8re","og:description":"A casi cuatro d\u00e9cadas del filme original, el actor retomar\u00e1 su rol como Cole Trickle en una producci\u00f3n dise\u00f1ada para salas Imax con fecha de estreno en 2028. Treinta y seis a\u00f1os despu\u00e9s de su debut cinematogr\u00e1fico en el automovilismo de velocidad, Tom Cruise volver\u00e1 a ponerse al volante en la secuela oficial de 'Days","og:url":"https:\/\/semanariolaprensa.com\/avantpremiere\/tom-cruise-vuelve-a-las-pistas-days-of-thunder-tendra-secuela-junto-a-anne-hathaway\/","article:published_time":"2026-08-31T13:41:37+00:00","article:modified_time":"2026-08-31T13:41:40+00:00","twitter:card":"summary_large_image","twitter:title":"Tom Cruise vuelve a las pistas: \u2018Days of Thunder\u2019 tendr\u00e1 secuela junto a Anne Hathaway - Avant-Premi\u00e8re","twitter:description":"A casi cuatro d\u00e9cadas del filme original, el actor retomar\u00e1 su rol como Cole Trickle en una producci\u00f3n dise\u00f1ada para salas Imax con fecha de estreno en 2028. Treinta y seis a\u00f1os despu\u00e9s de su debut cinematogr\u00e1fico en el automovilismo de velocidad, Tom Cruise volver\u00e1 a ponerse al volante en la secuela oficial de 'Days"},"aioseo_meta_data":{"post_id":"3228","title":null,"description":null,"keywords":null,"keyphrases":{"focus":{"keyphrase":"","score":0,"analysis":{"keyphraseInTitle":{"score":0,"maxScore":9,"error":1}}},"additional":[]},"primary_term":null,"canonical_url":null,"og_title":null,"og_description":null,"og_object_type":"default","og_image_type":"default","og_image_url":null,"og_image_width":null,"og_image_height":null,"og_image_custom_url":null,"og_image_custom_fields":null,"og_video":"","og_custom_url":null,"og_article_section":null,"og_article_tags":null,"twitter_use_og":false,"twitter_card":"default","twitter_image_type":"default","twitter_image_url":null,"twitter_image_custom_url":null,"twitter_image_custom_fields":null,"twitter_title":null,"twitter_description":null,"schema":{"blockGraphs":[],"customGraphs":[],"default":{"data":{"Article":[],"Course":[],"Dataset":[],"FAQPage":[],"Movie":[],"Person":[],"Product":[],"ProductReview":[],"Car":[],"Recipe":[],"Service":[],"SoftwareApplication":[],"WebPage":[]},"graphName":"BlogPosting","isEnabled":true},"graphs":[]},"schema_type":"default","schema_type_options":null,"pillar_content":false,"robots_default":true,"robots_noindex":false,"robots_noarchive":false,"robots_nosnippet":false,"robots_nofollow":false,"robots_noimageindex":false,"robots_noodp":false,"robots_notranslate":false,"robots_max_snippet":"-1","robots_max_videopreview":"-1","robots_max_imagepreview":"large","priority":null,"frequency":"default","local_seo":null,"breadcrumb_settings":null,"limit_modified_date":false,"ai":{"faqs":[],"keyPoints":[],"schemas":[],"titles":[],"descriptions":[],"socialPosts":{"email":{"subject":"","preview":"","content":""},"linkedin":[],"twitter":[],"facebook":[],"instagram":[]}},"created":"2026-08-31 13:41:40","updated":"2026-08-31 19:27:59","seo_analyzer_scan_date":null,"focus_keyword":null,"additional_keywords":null,"truseo_locale":null},"aioseo_breadcrumb":"<div class=\"aioseo-breadcrumbs\"><span class=\"aioseo-breadcrumb\">\n\t\t\t<a href=\"https:\/\/semanariolaprensa.com\/avantpremiere\" title=\"Home\">Home<\/a>\n\t\t<\/span><span class=\"aioseo-breadcrumb-separator\">&raquo;<\/span><span class=\"aioseo-breadcrumb\">\n\t\t\t<a href=\"https:\/\/semanariolaprensa.com\/avantpremiere\/category\/pantalla\/\" title=\"Pantalla\">Pantalla<\/a>\n\t\t<\/span><span class=\"aioseo-breadcrumb-separator\">&raquo;<\/span><span class=\"aioseo-breadcrumb\">\n\t\t\t<a href=\"https:\/\/semanariolaprensa.com\/avantpremiere\/category\/pantalla\/cine\/\" title=\"Cine\">Cine<\/a>\n\t\t<\/span><span class=\"aioseo-breadcrumb-separator\">&raquo;<\/span><span class=\"aioseo-breadcrumb\">\n\t\t\tTom Cruise vuelve a las pistas: \u2018Days of Thunder\u2019 tendr\u00e1 secuela junto a Anne Hathaway\n\t\t<\/span><\/div>","aioseo_breadcrumb_json":[{"label":"Home","link":"https:\/\/semanariolaprensa.com\/avantpremiere"},{"label":"Pantalla","link":"https:\/\/semanariolaprensa.com\/avantpremiere\/category\/pantalla\/"},{"label":"Cine","link":"https:\/\/semanariolaprensa.com\/avantpremiere\/category\/pantalla\/cine\/"},{"label":"Tom Cruise vuelve a las pistas: &#8216;Days of Thunder&#8217; tendr\u00e1 secuela junto a Anne Hathaway","link":"https:\/\/semanariolaprensa.com\/avantpremiere\/tom-cruise-vuelve-a-las-pistas-days-of-thunder-tendra-secuela-junto-a-anne-hathaway\/"}],"jetpack_sharing_enabled":true,"jetpack_featured_media_url":"https:\/\/i0.wp.com\/semanariolaprensa.com\/avantpremiere\/wp-content\/uploads\/2026\/08\/tom-cruise-and-anne-hathaway-days-of-thunder-sequel-announcement.jpg?fit=1280%2C720&ssl=1","_links":{"self":[{"href":"https:\/\/semanariolaprensa.com\/avantpremiere\/wp-json\/wp\/v2\/posts\/3228","targetHints":{"allow":["GET"]}}],"collection":[{"href":"https:\/\/semanariolaprensa.com\/avantpremiere\/wp-json\/wp\/v2\/posts"}],"about":[{"href":"https:\/\/semanariolaprensa.com\/avantpremiere\/wp-json\/wp\/v2\/types\/post"}],"author":[{"embeddable":true,"href":"https:\/\/semanariolaprensa.com\/avantpremiere\/wp-json\/wp\/v2\/users\/2"}],"replies":[{"embeddable":true,"href":"https:\/\/semanariolaprensa.com\/avantpremiere\/wp-json\/wp\/v2\/comments?post=3228"}],"version-history":[{"count":1,"href":"https:\/\/semanariolaprensa.com\/avantpremiere\/wp-json\/wp\/v2\/posts\/3228\/revisions"}],"predecessor-version":[{"id":3230,"href":"https:\/\/semanariolaprensa.com\/avantpremiere\/wp-json\/wp\/v2\/posts\/3228\/revisions\/3230"}],"wp:featuredmedia":[{"embeddable":true,"href":"https:\/\/semanariolaprensa.com\/avantpremiere\/wp-json\/wp\/v2\/media\/3229"}],"wp:attachment":[{"href":"https:\/\/semanariolaprensa.com\/avantpremiere\/wp-json\/wp\/v2\/media?parent=3228"}],"wp:term":[{"taxonomy":"category","embeddable":true,"href":"https:\/\/semanariolaprensa.com\/avantpremiere\/wp-json\/wp\/v2\/categories?post=3228"},{"taxonomy":"post_tag","embeddable":true,"href":"https:\/\/semanariolaprensa.com\/avantpremiere\/wp-json\/wp\/v2\/tags?post=3228"}],"curies":[{"name":"wp","href":"https:\/\/api.w.org\/{rel}","templated":true}]}}