{"id":3220,"date":"2026-08-31T10:28:34","date_gmt":"2026-08-31T13:28:34","guid":{"rendered":"https:\/\/semanariolaprensa.com\/avantpremiere\/?p=3220"},"modified":"2026-08-31T10:28:36","modified_gmt":"2026-08-31T13:28:36","slug":"menudo-celebra-medio-siglo-de-historia-con-una-gira-que-reune-a-siete-de-sus-exintegrantes","status":"publish","type":"post","link":"https:\/\/semanariolaprensa.com\/avantpremiere\/menudo-celebra-medio-siglo-de-historia-con-una-gira-que-reune-a-siete-de-sus-exintegrantes\/","title":{"rendered":"Menudo celebra medio siglo de historia con una gira que re\u00fane a siete de sus exintegrantes"},"content":{"rendered":"\n<p class=\"wp-block-paragraph\"><strong>El legendario grupo puertorrique\u00f1o festeja sus 50 a\u00f1os con una serie de shows desde octubre, adaptando cl\u00e1sicos como &#8216;S\u00fabete a mi moto&#8217; y &#8216;Claridad&#8217; al tono adulto de sus miembros.<\/strong><\/p>\n\n\n\n<p class=\"wp-block-paragraph\">A 50 a\u00f1os de su creaci\u00f3n en 1977 bajo la batuta del productor Edgardo D\u00edaz, el fen\u00f3meno juvenil puertorrique\u00f1o <strong>Menudo<\/strong> volver\u00e1 a los escenarios. Siete de sus exintegrantes confirmaron una gira aniversario que comenzar\u00e1 en octubre en California y culminar\u00e1 en diciembre en Puerto Rico, revisitando el repertorio que marc\u00f3 a la m\u00fasica pop latina durante las d\u00e9cadas de los ochenta y noventa.<\/p>\n\n\n\n<p class=\"wp-block-paragraph\">La formaci\u00f3n para esta gira homenaje re\u00fane a <strong>Ren\u00e9 Farrait<\/strong>, <strong>Roy Rossell\u00f3<\/strong>, <strong>Raymond Acevedo<\/strong>, <strong>Ralphy Rodr\u00edguez<\/strong>, <strong>Sergio Blass<\/strong>, <strong>Rub\u00e9n G\u00f3mez<\/strong> y <strong>Robert Avellanet<\/strong>. Ni Ricky Martin ni Draco Rosa \u2014quienes ingresaron a la alineaci\u00f3n en 1984\u2014 formar\u00e1n parte de este reencuentro.<\/p>\n\n\n\n<p class=\"wp-block-paragraph\">\u00abLas canciones se adaptan a nuestros tonos ahora de hombre, pero suena a Menudo porque somos las mismas voces; solo le bajamos un tonito\u00bb, explic\u00f3 Acevedo. Por su parte, Farrait y Rossell\u00f3 ratificaron la presencia asegurada de himnos intergeneracionales como <em>&#8216;S\u00fabete a mi moto&#8217;<\/em> y <em>&#8216;Claridad&#8217;<\/em>.<\/p>\n\n\n\n<h3 class=\"wp-block-heading\">Nostalgia, exigencia f\u00edsica y fechas del tour<\/h3>\n\n\n\n<p class=\"wp-block-paragraph\">El espect\u00e1culo apunta a reunir a tres generaciones de fan\u00e1ticos, sumando a nuevos p\u00fablicos gracias al auge del coleccionismo retro y las redes sociales:<\/p>\n\n\n\n<ul class=\"wp-block-list\">\n<li><strong>Puesta en escena:<\/strong> Los integrantes debieron someterse a meses de entrenamiento para replicar las recordadas coreograf\u00edas originales, caracterizadas por una fusi\u00f3n de jazz y movimientos de corte marcial.<\/li>\n\n\n\n<li><strong>Recorrido:<\/strong> El periplo comenzar\u00e1 el 10 de octubre en Los \u00c1ngeles, continuar\u00e1 por Chicago (17 de octubre), Nueva York (7 de noviembre), Ciudad de M\u00e9xico (28 de noviembre), Hollywood, Florida (4 de diciembre) y finalizar\u00e1 el 12 de diciembre en San Juan de Puerto Rico.<\/li>\n<\/ul>\n\n\n\n<p class=\"wp-block-paragraph\">Avant Premi\u00e8re \/ EFE<\/p>\n","protected":false},"excerpt":{"rendered":"<p>El legendario grupo puertorrique\u00f1o festeja sus 50 a\u00f1os con una serie de shows desde octubre, adaptando cl\u00e1sicos como &#8216;S\u00fabete a mi moto&#8217; y &#8216;Claridad&#8217; al tono adulto de sus miembros. A 50 a\u00f1os de su creaci\u00f3n en 1977 bajo la batuta del productor Edgardo D\u00edaz, el fen\u00f3meno juvenil puertorrique\u00f1o Menudo volver\u00e1 a los escenarios. Siete [&hellip;]<\/p>\n","protected":false},"author":2,"featured_media":3221,"comment_status":"open","ping_status":"open","sticky":false,"template":"","format":"standard","meta":{"om_disable_all_campaigns":false,"_monsterinsights_skip_tracking":false,"_jetpack_newsletter_access":"","_jetpack_dont_email_post_to_subs":false,"_jetpack_newsletter_tier_id":0,"_jetpack_memberships_contains_paywalled_content":false,"_jetpack_feature_clip_id":0,"_jetpack_memberships_contains_paid_content":false,"jnews-multi-image_gallery":[],"jnews_single_post":{"format":"standard"},"jnews_primary_category":[],"jnews_override_bookmark_settings":[],"jnews_social_meta":[],"jnews_review":[],"enable_review":"","type":"","name":"","summary":"","brand":"","sku":"","good":[],"bad":[],"score_override":"","override_value":"","rating":[],"price":[],"jnews_override_counter":[],"footnotes":"","jetpack_post_was_ever_published":false},"categories":[379,376,64,79],"tags":[3465,1028,3466,3467,3468,647,2719,3469],"class_list":["post-3220","post","type-post","status-publish","format-standard","has-post-thumbnail","hentry","category-conciertos","category-en-vivo","category-proximamente","category-radar-digital","tag-boy-bands","tag-conciertos","tag-gira-aniversario","tag-menudo","tag-musica-de-los-80-2","tag-pop-latino","tag-puerto-rico","tag-subete-a-mi-moto"],"aioseo_notices":[],"aioseo_head":"\n\t\t<!-- All in One SEO 5.0.1 - aioseo.com -->\n\t<meta name=\"description\" content=\"El legendario grupo puertorrique\u00f1o festeja sus 50 a\u00f1os con una serie de shows desde octubre, adaptando cl\u00e1sicos como &#039;S\u00fabete a mi moto&#039; y &#039;Claridad&#039; al tono adulto de sus miembros. A 50 a\u00f1os de su creaci\u00f3n en 1977 bajo la batuta del productor Edgardo D\u00edaz, el fen\u00f3meno juvenil puertorrique\u00f1o Menudo volver\u00e1 a los escenarios. Siete\" \/>\n\t<meta name=\"robots\" content=\"max-image-preview:large\" \/>\n\t<meta name=\"author\" content=\"Avant Premi\u00e8re\"\/>\n\t<link rel=\"canonical\" href=\"https:\/\/semanariolaprensa.com\/avantpremiere\/menudo-celebra-medio-siglo-de-historia-con-una-gira-que-reune-a-siete-de-sus-exintegrantes\/\" \/>\n\t<meta name=\"generator\" content=\"All in One SEO (AIOSEO) 5.0.1\" \/>\n\t\t<meta property=\"og:locale\" content=\"es_ES\" \/>\n\t\t<meta property=\"og:site_name\" content=\"Avant-Premi\u00e8re - La primera fila del entretenimiento\" \/>\n\t\t<meta property=\"og:type\" content=\"article\" \/>\n\t\t<meta property=\"og:title\" content=\"Menudo celebra medio siglo de historia con una gira que re\u00fane a siete de sus exintegrantes - Avant-Premi\u00e8re\" \/>\n\t\t<meta property=\"og:description\" content=\"El legendario grupo puertorrique\u00f1o festeja sus 50 a\u00f1os con una serie de shows desde octubre, adaptando cl\u00e1sicos como &#039;S\u00fabete a mi moto&#039; y &#039;Claridad&#039; al tono adulto de sus miembros. A 50 a\u00f1os de su creaci\u00f3n en 1977 bajo la batuta del productor Edgardo D\u00edaz, el fen\u00f3meno juvenil puertorrique\u00f1o Menudo volver\u00e1 a los escenarios. Siete\" \/>\n\t\t<meta property=\"og:url\" content=\"https:\/\/semanariolaprensa.com\/avantpremiere\/menudo-celebra-medio-siglo-de-historia-con-una-gira-que-reune-a-siete-de-sus-exintegrantes\/\" \/>\n\t\t<meta property=\"article:published_time\" content=\"2026-08-31T13:28:34+00:00\" \/>\n\t\t<meta property=\"article:modified_time\" content=\"2026-08-31T13:28:36+00:00\" \/>\n\t\t<meta name=\"twitter:card\" content=\"summary_large_image\" \/>\n\t\t<meta name=\"twitter:title\" content=\"Menudo celebra medio siglo de historia con una gira que re\u00fane a siete de sus exintegrantes - Avant-Premi\u00e8re\" \/>\n\t\t<meta name=\"twitter:description\" content=\"El legendario grupo puertorrique\u00f1o festeja sus 50 a\u00f1os con una serie de shows desde octubre, adaptando cl\u00e1sicos como &#039;S\u00fabete a mi moto&#039; y &#039;Claridad&#039; al tono adulto de sus miembros. A 50 a\u00f1os de su creaci\u00f3n en 1977 bajo la batuta del productor Edgardo D\u00edaz, el fen\u00f3meno juvenil puertorrique\u00f1o Menudo volver\u00e1 a los escenarios. Siete\" \/>\n\t\t<script type=\"application\/ld+json\" class=\"aioseo-schema\">\n\t\t\t{\"@context\":\"https:\\\/\\\/schema.org\",\"@graph\":[{\"@type\":\"BlogPosting\",\"@id\":\"https:\\\/\\\/semanariolaprensa.com\\\/avantpremiere\\\/menudo-celebra-medio-siglo-de-historia-con-una-gira-que-reune-a-siete-de-sus-exintegrantes\\\/#blogposting\",\"name\":\"Menudo celebra medio siglo de historia con una gira que re\\u00fane a siete de sus exintegrantes - Avant-Premi\\u00e8re\",\"headline\":\"Menudo celebra medio siglo de historia con una gira que re\\u00fane a siete de sus exintegrantes\",\"author\":{\"@id\":\"https:\\\/\\\/semanariolaprensa.com\\\/avantpremiere\\\/author\\\/aqa\\\/#author\"},\"publisher\":{\"@id\":\"https:\\\/\\\/semanariolaprensa.com\\\/avantpremiere\\\/#organization\"},\"image\":{\"@type\":\"ImageObject\",\"url\":\"https:\\\/\\\/i0.wp.com\\\/semanariolaprensa.com\\\/avantpremiere\\\/wp-content\\\/uploads\\\/2026\\\/08\\\/b730d7255cd5377ae5bdcb83b653105a.jpg?fit=959%2C1200&ssl=1\",\"width\":959,\"height\":1200},\"datePublished\":\"2026-08-31T10:28:34-03:00\",\"dateModified\":\"2026-08-31T10:28:36-03:00\",\"inLanguage\":\"es-ES\",\"mainEntityOfPage\":{\"@id\":\"https:\\\/\\\/semanariolaprensa.com\\\/avantpremiere\\\/menudo-celebra-medio-siglo-de-historia-con-una-gira-que-reune-a-siete-de-sus-exintegrantes\\\/#webpage\"},\"isPartOf\":{\"@id\":\"https:\\\/\\\/semanariolaprensa.com\\\/avantpremiere\\\/menudo-celebra-medio-siglo-de-historia-con-una-gira-que-reune-a-siete-de-sus-exintegrantes\\\/#webpage\"},\"articleSection\":\"Conciertos, En Vivo, Pr\\u00f3ximamente, Radar Digital, Boy bands, Conciertos, Gira aniversario, Menudo, Musica de los 80, Pop Latino, Puerto Rico, Subete a mi moto.\"},{\"@type\":\"BreadcrumbList\",\"@id\":\"https:\\\/\\\/semanariolaprensa.com\\\/avantpremiere\\\/menudo-celebra-medio-siglo-de-historia-con-una-gira-que-reune-a-siete-de-sus-exintegrantes\\\/#breadcrumblist\",\"itemListElement\":[{\"@type\":\"ListItem\",\"@id\":\"https:\\\/\\\/semanariolaprensa.com\\\/avantpremiere#listItem\",\"position\":1,\"name\":\"Home\",\"item\":\"https:\\\/\\\/semanariolaprensa.com\\\/avantpremiere\",\"nextItem\":{\"@type\":\"ListItem\",\"@id\":\"https:\\\/\\\/semanariolaprensa.com\\\/avantpremiere\\\/category\\\/musica\\\/#listItem\",\"name\":\"M\\u00fasica\"}},{\"@type\":\"ListItem\",\"@id\":\"https:\\\/\\\/semanariolaprensa.com\\\/avantpremiere\\\/category\\\/musica\\\/#listItem\",\"position\":2,\"name\":\"M\\u00fasica\",\"item\":\"https:\\\/\\\/semanariolaprensa.com\\\/avantpremiere\\\/category\\\/musica\\\/\",\"nextItem\":{\"@type\":\"ListItem\",\"@id\":\"https:\\\/\\\/semanariolaprensa.com\\\/avantpremiere\\\/category\\\/musica\\\/en-vivo\\\/#listItem\",\"name\":\"En Vivo\"},\"previousItem\":{\"@type\":\"ListItem\",\"@id\":\"https:\\\/\\\/semanariolaprensa.com\\\/avantpremiere#listItem\",\"name\":\"Home\"}},{\"@type\":\"ListItem\",\"@id\":\"https:\\\/\\\/semanariolaprensa.com\\\/avantpremiere\\\/category\\\/musica\\\/en-vivo\\\/#listItem\",\"position\":3,\"name\":\"En Vivo\",\"item\":\"https:\\\/\\\/semanariolaprensa.com\\\/avantpremiere\\\/category\\\/musica\\\/en-vivo\\\/\",\"nextItem\":{\"@type\":\"ListItem\",\"@id\":\"https:\\\/\\\/semanariolaprensa.com\\\/avantpremiere\\\/menudo-celebra-medio-siglo-de-historia-con-una-gira-que-reune-a-siete-de-sus-exintegrantes\\\/#listItem\",\"name\":\"Menudo celebra medio siglo de historia con una gira que re\\u00fane a siete de sus exintegrantes\"},\"previousItem\":{\"@type\":\"ListItem\",\"@id\":\"https:\\\/\\\/semanariolaprensa.com\\\/avantpremiere\\\/category\\\/musica\\\/#listItem\",\"name\":\"M\\u00fasica\"}},{\"@type\":\"ListItem\",\"@id\":\"https:\\\/\\\/semanariolaprensa.com\\\/avantpremiere\\\/menudo-celebra-medio-siglo-de-historia-con-una-gira-que-reune-a-siete-de-sus-exintegrantes\\\/#listItem\",\"position\":4,\"name\":\"Menudo celebra medio siglo de historia con una gira que re\\u00fane a siete de sus exintegrantes\",\"previousItem\":{\"@type\":\"ListItem\",\"@id\":\"https:\\\/\\\/semanariolaprensa.com\\\/avantpremiere\\\/category\\\/musica\\\/en-vivo\\\/#listItem\",\"name\":\"En Vivo\"}}]},{\"@type\":\"Organization\",\"@id\":\"https:\\\/\\\/semanariolaprensa.com\\\/avantpremiere\\\/#organization\",\"name\":\"Avant-Premi\\u00e8re\",\"description\":\"La primera fila del entretenimiento\",\"url\":\"https:\\\/\\\/semanariolaprensa.com\\\/avantpremiere\\\/\",\"logo\":{\"@type\":\"ImageObject\",\"url\":\"https:\\\/\\\/i0.wp.com\\\/semanariolaprensa.com\\\/avantpremiere\\\/wp-content\\\/uploads\\\/2026\\\/01\\\/cropped-iconoaureapremiere-1.png?fit=512%2C512&ssl=1\",\"@id\":\"https:\\\/\\\/semanariolaprensa.com\\\/avantpremiere\\\/menudo-celebra-medio-siglo-de-historia-con-una-gira-que-reune-a-siete-de-sus-exintegrantes\\\/#organizationLogo\",\"width\":512,\"height\":512},\"image\":{\"@id\":\"https:\\\/\\\/semanariolaprensa.com\\\/avantpremiere\\\/menudo-celebra-medio-siglo-de-historia-con-una-gira-que-reune-a-siete-de-sus-exintegrantes\\\/#organizationLogo\"}},{\"@type\":\"Person\",\"@id\":\"https:\\\/\\\/semanariolaprensa.com\\\/avantpremiere\\\/author\\\/aqa\\\/#author\",\"url\":\"https:\\\/\\\/semanariolaprensa.com\\\/avantpremiere\\\/author\\\/aqa\\\/\",\"name\":\"Avant Premi\\u00e8re\",\"image\":{\"@type\":\"ImageObject\",\"@id\":\"https:\\\/\\\/semanariolaprensa.com\\\/avantpremiere\\\/menudo-celebra-medio-siglo-de-historia-con-una-gira-que-reune-a-siete-de-sus-exintegrantes\\\/#authorImage\",\"url\":\"https:\\\/\\\/secure.gravatar.com\\\/avatar\\\/8261467639c77d439ef0a6fe9fda067f57b7cec919c69df59f13e2d44eb9e4c8?s=96&d=mm&r=g\",\"width\":96,\"height\":96,\"caption\":\"Avant Premi\\u00e8re\"}},{\"@type\":\"WebPage\",\"@id\":\"https:\\\/\\\/semanariolaprensa.com\\\/avantpremiere\\\/menudo-celebra-medio-siglo-de-historia-con-una-gira-que-reune-a-siete-de-sus-exintegrantes\\\/#webpage\",\"url\":\"https:\\\/\\\/semanariolaprensa.com\\\/avantpremiere\\\/menudo-celebra-medio-siglo-de-historia-con-una-gira-que-reune-a-siete-de-sus-exintegrantes\\\/\",\"name\":\"Menudo celebra medio siglo de historia con una gira que re\\u00fane a siete de sus exintegrantes - Avant-Premi\\u00e8re\",\"description\":\"El legendario grupo puertorrique\\u00f1o festeja sus 50 a\\u00f1os con una serie de shows desde octubre, adaptando cl\\u00e1sicos como 'S\\u00fabete a mi moto' y 'Claridad' al tono adulto de sus miembros. A 50 a\\u00f1os de su creaci\\u00f3n en 1977 bajo la batuta del productor Edgardo D\\u00edaz, el fen\\u00f3meno juvenil puertorrique\\u00f1o Menudo volver\\u00e1 a los escenarios. Siete\",\"inLanguage\":\"es-ES\",\"isPartOf\":{\"@id\":\"https:\\\/\\\/semanariolaprensa.com\\\/avantpremiere\\\/#website\"},\"breadcrumb\":{\"@id\":\"https:\\\/\\\/semanariolaprensa.com\\\/avantpremiere\\\/menudo-celebra-medio-siglo-de-historia-con-una-gira-que-reune-a-siete-de-sus-exintegrantes\\\/#breadcrumblist\"},\"author\":{\"@id\":\"https:\\\/\\\/semanariolaprensa.com\\\/avantpremiere\\\/author\\\/aqa\\\/#author\"},\"creator\":{\"@id\":\"https:\\\/\\\/semanariolaprensa.com\\\/avantpremiere\\\/author\\\/aqa\\\/#author\"},\"image\":{\"@type\":\"ImageObject\",\"url\":\"https:\\\/\\\/i0.wp.com\\\/semanariolaprensa.com\\\/avantpremiere\\\/wp-content\\\/uploads\\\/2026\\\/08\\\/b730d7255cd5377ae5bdcb83b653105a.jpg?fit=959%2C1200&ssl=1\",\"@id\":\"https:\\\/\\\/semanariolaprensa.com\\\/avantpremiere\\\/menudo-celebra-medio-siglo-de-historia-con-una-gira-que-reune-a-siete-de-sus-exintegrantes\\\/#mainImage\",\"width\":959,\"height\":1200},\"primaryImageOfPage\":{\"@id\":\"https:\\\/\\\/semanariolaprensa.com\\\/avantpremiere\\\/menudo-celebra-medio-siglo-de-historia-con-una-gira-que-reune-a-siete-de-sus-exintegrantes\\\/#mainImage\"},\"datePublished\":\"2026-08-31T10:28:34-03:00\",\"dateModified\":\"2026-08-31T10:28:36-03:00\"},{\"@type\":\"WebSite\",\"@id\":\"https:\\\/\\\/semanariolaprensa.com\\\/avantpremiere\\\/#website\",\"url\":\"https:\\\/\\\/semanariolaprensa.com\\\/avantpremiere\\\/\",\"name\":\"Avant-Premi\\u00e8re\",\"description\":\"La primera fila del entretenimiento\",\"inLanguage\":\"es-ES\",\"publisher\":{\"@id\":\"https:\\\/\\\/semanariolaprensa.com\\\/avantpremiere\\\/#organization\"}}]}\n\t\t<\/script>\n\t\t<!-- All in One SEO -->\n\n","aioseo_head_json":{"title":"Menudo celebra medio siglo de historia con una gira que re\u00fane a siete de sus exintegrantes - Avant-Premi\u00e8re","description":"El legendario grupo puertorrique\u00f1o festeja sus 50 a\u00f1os con una serie de shows desde octubre, adaptando cl\u00e1sicos como 'S\u00fabete a mi moto' y 'Claridad' al tono adulto de sus miembros. A 50 a\u00f1os de su creaci\u00f3n en 1977 bajo la batuta del productor Edgardo D\u00edaz, el fen\u00f3meno juvenil puertorrique\u00f1o Menudo volver\u00e1 a los escenarios. Siete","canonical_url":"https:\/\/semanariolaprensa.com\/avantpremiere\/menudo-celebra-medio-siglo-de-historia-con-una-gira-que-reune-a-siete-de-sus-exintegrantes\/","robots":"max-image-preview:large","keywords":"","webmasterTools":{"miscellaneous":""},"schema":{"@context":"https:\/\/schema.org","@graph":[{"@type":"BlogPosting","@id":"https:\/\/semanariolaprensa.com\/avantpremiere\/menudo-celebra-medio-siglo-de-historia-con-una-gira-que-reune-a-siete-de-sus-exintegrantes\/#blogposting","name":"Menudo celebra medio siglo de historia con una gira que re\u00fane a siete de sus exintegrantes - Avant-Premi\u00e8re","headline":"Menudo celebra medio siglo de historia con una gira que re\u00fane a siete de sus exintegrantes","author":{"@id":"https:\/\/semanariolaprensa.com\/avantpremiere\/author\/aqa\/#author"},"publisher":{"@id":"https:\/\/semanariolaprensa.com\/avantpremiere\/#organization"},"image":{"@type":"ImageObject","url":"https:\/\/i0.wp.com\/semanariolaprensa.com\/avantpremiere\/wp-content\/uploads\/2026\/08\/b730d7255cd5377ae5bdcb83b653105a.jpg?fit=959%2C1200&ssl=1","width":959,"height":1200},"datePublished":"2026-08-31T10:28:34-03:00","dateModified":"2026-08-31T10:28:36-03:00","inLanguage":"es-ES","mainEntityOfPage":{"@id":"https:\/\/semanariolaprensa.com\/avantpremiere\/menudo-celebra-medio-siglo-de-historia-con-una-gira-que-reune-a-siete-de-sus-exintegrantes\/#webpage"},"isPartOf":{"@id":"https:\/\/semanariolaprensa.com\/avantpremiere\/menudo-celebra-medio-siglo-de-historia-con-una-gira-que-reune-a-siete-de-sus-exintegrantes\/#webpage"},"articleSection":"Conciertos, En Vivo, Pr\u00f3ximamente, Radar Digital, Boy bands, Conciertos, Gira aniversario, Menudo, Musica de los 80, Pop Latino, Puerto Rico, Subete a mi moto."},{"@type":"BreadcrumbList","@id":"https:\/\/semanariolaprensa.com\/avantpremiere\/menudo-celebra-medio-siglo-de-historia-con-una-gira-que-reune-a-siete-de-sus-exintegrantes\/#breadcrumblist","itemListElement":[{"@type":"ListItem","@id":"https:\/\/semanariolaprensa.com\/avantpremiere#listItem","position":1,"name":"Home","item":"https:\/\/semanariolaprensa.com\/avantpremiere","nextItem":{"@type":"ListItem","@id":"https:\/\/semanariolaprensa.com\/avantpremiere\/category\/musica\/#listItem","name":"M\u00fasica"}},{"@type":"ListItem","@id":"https:\/\/semanariolaprensa.com\/avantpremiere\/category\/musica\/#listItem","position":2,"name":"M\u00fasica","item":"https:\/\/semanariolaprensa.com\/avantpremiere\/category\/musica\/","nextItem":{"@type":"ListItem","@id":"https:\/\/semanariolaprensa.com\/avantpremiere\/category\/musica\/en-vivo\/#listItem","name":"En Vivo"},"previousItem":{"@type":"ListItem","@id":"https:\/\/semanariolaprensa.com\/avantpremiere#listItem","name":"Home"}},{"@type":"ListItem","@id":"https:\/\/semanariolaprensa.com\/avantpremiere\/category\/musica\/en-vivo\/#listItem","position":3,"name":"En Vivo","item":"https:\/\/semanariolaprensa.com\/avantpremiere\/category\/musica\/en-vivo\/","nextItem":{"@type":"ListItem","@id":"https:\/\/semanariolaprensa.com\/avantpremiere\/menudo-celebra-medio-siglo-de-historia-con-una-gira-que-reune-a-siete-de-sus-exintegrantes\/#listItem","name":"Menudo celebra medio siglo de historia con una gira que re\u00fane a siete de sus exintegrantes"},"previousItem":{"@type":"ListItem","@id":"https:\/\/semanariolaprensa.com\/avantpremiere\/category\/musica\/#listItem","name":"M\u00fasica"}},{"@type":"ListItem","@id":"https:\/\/semanariolaprensa.com\/avantpremiere\/menudo-celebra-medio-siglo-de-historia-con-una-gira-que-reune-a-siete-de-sus-exintegrantes\/#listItem","position":4,"name":"Menudo celebra medio siglo de historia con una gira que re\u00fane a siete de sus exintegrantes","previousItem":{"@type":"ListItem","@id":"https:\/\/semanariolaprensa.com\/avantpremiere\/category\/musica\/en-vivo\/#listItem","name":"En Vivo"}}]},{"@type":"Organization","@id":"https:\/\/semanariolaprensa.com\/avantpremiere\/#organization","name":"Avant-Premi\u00e8re","description":"La primera fila del entretenimiento","url":"https:\/\/semanariolaprensa.com\/avantpremiere\/","logo":{"@type":"ImageObject","url":"https:\/\/i0.wp.com\/semanariolaprensa.com\/avantpremiere\/wp-content\/uploads\/2026\/01\/cropped-iconoaureapremiere-1.png?fit=512%2C512&ssl=1","@id":"https:\/\/semanariolaprensa.com\/avantpremiere\/menudo-celebra-medio-siglo-de-historia-con-una-gira-que-reune-a-siete-de-sus-exintegrantes\/#organizationLogo","width":512,"height":512},"image":{"@id":"https:\/\/semanariolaprensa.com\/avantpremiere\/menudo-celebra-medio-siglo-de-historia-con-una-gira-que-reune-a-siete-de-sus-exintegrantes\/#organizationLogo"}},{"@type":"Person","@id":"https:\/\/semanariolaprensa.com\/avantpremiere\/author\/aqa\/#author","url":"https:\/\/semanariolaprensa.com\/avantpremiere\/author\/aqa\/","name":"Avant Premi\u00e8re","image":{"@type":"ImageObject","@id":"https:\/\/semanariolaprensa.com\/avantpremiere\/menudo-celebra-medio-siglo-de-historia-con-una-gira-que-reune-a-siete-de-sus-exintegrantes\/#authorImage","url":"https:\/\/secure.gravatar.com\/avatar\/8261467639c77d439ef0a6fe9fda067f57b7cec919c69df59f13e2d44eb9e4c8?s=96&d=mm&r=g","width":96,"height":96,"caption":"Avant Premi\u00e8re"}},{"@type":"WebPage","@id":"https:\/\/semanariolaprensa.com\/avantpremiere\/menudo-celebra-medio-siglo-de-historia-con-una-gira-que-reune-a-siete-de-sus-exintegrantes\/#webpage","url":"https:\/\/semanariolaprensa.com\/avantpremiere\/menudo-celebra-medio-siglo-de-historia-con-una-gira-que-reune-a-siete-de-sus-exintegrantes\/","name":"Menudo celebra medio siglo de historia con una gira que re\u00fane a siete de sus exintegrantes - Avant-Premi\u00e8re","description":"El legendario grupo puertorrique\u00f1o festeja sus 50 a\u00f1os con una serie de shows desde octubre, adaptando cl\u00e1sicos como 'S\u00fabete a mi moto' y 'Claridad' al tono adulto de sus miembros. A 50 a\u00f1os de su creaci\u00f3n en 1977 bajo la batuta del productor Edgardo D\u00edaz, el fen\u00f3meno juvenil puertorrique\u00f1o Menudo volver\u00e1 a los escenarios. Siete","inLanguage":"es-ES","isPartOf":{"@id":"https:\/\/semanariolaprensa.com\/avantpremiere\/#website"},"breadcrumb":{"@id":"https:\/\/semanariolaprensa.com\/avantpremiere\/menudo-celebra-medio-siglo-de-historia-con-una-gira-que-reune-a-siete-de-sus-exintegrantes\/#breadcrumblist"},"author":{"@id":"https:\/\/semanariolaprensa.com\/avantpremiere\/author\/aqa\/#author"},"creator":{"@id":"https:\/\/semanariolaprensa.com\/avantpremiere\/author\/aqa\/#author"},"image":{"@type":"ImageObject","url":"https:\/\/i0.wp.com\/semanariolaprensa.com\/avantpremiere\/wp-content\/uploads\/2026\/08\/b730d7255cd5377ae5bdcb83b653105a.jpg?fit=959%2C1200&ssl=1","@id":"https:\/\/semanariolaprensa.com\/avantpremiere\/menudo-celebra-medio-siglo-de-historia-con-una-gira-que-reune-a-siete-de-sus-exintegrantes\/#mainImage","width":959,"height":1200},"primaryImageOfPage":{"@id":"https:\/\/semanariolaprensa.com\/avantpremiere\/menudo-celebra-medio-siglo-de-historia-con-una-gira-que-reune-a-siete-de-sus-exintegrantes\/#mainImage"},"datePublished":"2026-08-31T10:28:34-03:00","dateModified":"2026-08-31T10:28:36-03:00"},{"@type":"WebSite","@id":"https:\/\/semanariolaprensa.com\/avantpremiere\/#website","url":"https:\/\/semanariolaprensa.com\/avantpremiere\/","name":"Avant-Premi\u00e8re","description":"La primera fila del entretenimiento","inLanguage":"es-ES","publisher":{"@id":"https:\/\/semanariolaprensa.com\/avantpremiere\/#organization"}}]},"og:locale":"es_ES","og:site_name":"Avant-Premi\u00e8re - La primera fila del entretenimiento","og:type":"article","og:title":"Menudo celebra medio siglo de historia con una gira que re\u00fane a siete de sus exintegrantes - Avant-Premi\u00e8re","og:description":"El legendario grupo puertorrique\u00f1o festeja sus 50 a\u00f1os con una serie de shows desde octubre, adaptando cl\u00e1sicos como 'S\u00fabete a mi moto' y 'Claridad' al tono adulto de sus miembros. A 50 a\u00f1os de su creaci\u00f3n en 1977 bajo la batuta del productor Edgardo D\u00edaz, el fen\u00f3meno juvenil puertorrique\u00f1o Menudo volver\u00e1 a los escenarios. Siete","og:url":"https:\/\/semanariolaprensa.com\/avantpremiere\/menudo-celebra-medio-siglo-de-historia-con-una-gira-que-reune-a-siete-de-sus-exintegrantes\/","article:published_time":"2026-08-31T13:28:34+00:00","article:modified_time":"2026-08-31T13:28:36+00:00","twitter:card":"summary_large_image","twitter:title":"Menudo celebra medio siglo de historia con una gira que re\u00fane a siete de sus exintegrantes - Avant-Premi\u00e8re","twitter:description":"El legendario grupo puertorrique\u00f1o festeja sus 50 a\u00f1os con una serie de shows desde octubre, adaptando cl\u00e1sicos como 'S\u00fabete a mi moto' y 'Claridad' al tono adulto de sus miembros. A 50 a\u00f1os de su creaci\u00f3n en 1977 bajo la batuta del productor Edgardo D\u00edaz, el fen\u00f3meno juvenil puertorrique\u00f1o Menudo volver\u00e1 a los escenarios. Siete"},"aioseo_meta_data":{"post_id":"3220","title":null,"description":null,"keywords":null,"keyphrases":{"focus":{"keyphrase":"","score":0,"analysis":{"keyphraseInTitle":{"score":0,"maxScore":9,"error":1}}},"additional":[]},"primary_term":null,"canonical_url":null,"og_title":null,"og_description":null,"og_object_type":"default","og_image_type":"default","og_image_url":null,"og_image_width":null,"og_image_height":null,"og_image_custom_url":null,"og_image_custom_fields":null,"og_video":"","og_custom_url":null,"og_article_section":null,"og_article_tags":null,"twitter_use_og":false,"twitter_card":"default","twitter_image_type":"default","twitter_image_url":null,"twitter_image_custom_url":null,"twitter_image_custom_fields":null,"twitter_title":null,"twitter_description":null,"schema":{"blockGraphs":[],"customGraphs":[],"default":{"data":{"Article":[],"Course":[],"Dataset":[],"FAQPage":[],"Movie":[],"Person":[],"Product":[],"ProductReview":[],"Car":[],"Recipe":[],"Service":[],"SoftwareApplication":[],"WebPage":[]},"graphName":"BlogPosting","isEnabled":true},"graphs":[]},"schema_type":"default","schema_type_options":null,"pillar_content":false,"robots_default":true,"robots_noindex":false,"robots_noarchive":false,"robots_nosnippet":false,"robots_nofollow":false,"robots_noimageindex":false,"robots_noodp":false,"robots_notranslate":false,"robots_max_snippet":"-1","robots_max_videopreview":"-1","robots_max_imagepreview":"large","priority":null,"frequency":"default","local_seo":null,"breadcrumb_settings":null,"limit_modified_date":false,"ai":{"faqs":[],"keyPoints":[],"schemas":[],"titles":[],"descriptions":[],"socialPosts":{"email":{"subject":"","preview":"","content":""},"linkedin":[],"twitter":[],"facebook":[],"instagram":[]}},"created":"2026-08-31 13:28:36","updated":"2026-08-31 19:26:49","seo_analyzer_scan_date":null,"focus_keyword":null,"additional_keywords":null,"truseo_locale":null},"aioseo_breadcrumb":"<div class=\"aioseo-breadcrumbs\"><span class=\"aioseo-breadcrumb\">\n\t\t\t<a href=\"https:\/\/semanariolaprensa.com\/avantpremiere\" title=\"Home\">Home<\/a>\n\t\t<\/span><span class=\"aioseo-breadcrumb-separator\">&raquo;<\/span><span class=\"aioseo-breadcrumb\">\n\t\t\t<a href=\"https:\/\/semanariolaprensa.com\/avantpremiere\/category\/musica\/\" title=\"M\u00fasica\">M\u00fasica<\/a>\n\t\t<\/span><span class=\"aioseo-breadcrumb-separator\">&raquo;<\/span><span class=\"aioseo-breadcrumb\">\n\t\t\t<a href=\"https:\/\/semanariolaprensa.com\/avantpremiere\/category\/musica\/en-vivo\/\" title=\"En Vivo\">En Vivo<\/a>\n\t\t<\/span><span class=\"aioseo-breadcrumb-separator\">&raquo;<\/span><span class=\"aioseo-breadcrumb\">\n\t\t\tMenudo celebra medio siglo de historia con una gira que re\u00fane a siete de sus exintegrantes\n\t\t<\/span><\/div>","aioseo_breadcrumb_json":[{"label":"Home","link":"https:\/\/semanariolaprensa.com\/avantpremiere"},{"label":"M\u00fasica","link":"https:\/\/semanariolaprensa.com\/avantpremiere\/category\/musica\/"},{"label":"En Vivo","link":"https:\/\/semanariolaprensa.com\/avantpremiere\/category\/musica\/en-vivo\/"},{"label":"Menudo celebra medio siglo de historia con una gira que re\u00fane a siete de sus exintegrantes","link":"https:\/\/semanariolaprensa.com\/avantpremiere\/menudo-celebra-medio-siglo-de-historia-con-una-gira-que-reune-a-siete-de-sus-exintegrantes\/"}],"jetpack_sharing_enabled":true,"jetpack_featured_media_url":"https:\/\/i0.wp.com\/semanariolaprensa.com\/avantpremiere\/wp-content\/uploads\/2026\/08\/b730d7255cd5377ae5bdcb83b653105a.jpg?fit=959%2C1200&ssl=1","_links":{"self":[{"href":"https:\/\/semanariolaprensa.com\/avantpremiere\/wp-json\/wp\/v2\/posts\/3220","targetHints":{"allow":["GET"]}}],"collection":[{"href":"https:\/\/semanariolaprensa.com\/avantpremiere\/wp-json\/wp\/v2\/posts"}],"about":[{"href":"https:\/\/semanariolaprensa.com\/avantpremiere\/wp-json\/wp\/v2\/types\/post"}],"author":[{"embeddable":true,"href":"https:\/\/semanariolaprensa.com\/avantpremiere\/wp-json\/wp\/v2\/users\/2"}],"replies":[{"embeddable":true,"href":"https:\/\/semanariolaprensa.com\/avantpremiere\/wp-json\/wp\/v2\/comments?post=3220"}],"version-history":[{"count":1,"href":"https:\/\/semanariolaprensa.com\/avantpremiere\/wp-json\/wp\/v2\/posts\/3220\/revisions"}],"predecessor-version":[{"id":3222,"href":"https:\/\/semanariolaprensa.com\/avantpremiere\/wp-json\/wp\/v2\/posts\/3220\/revisions\/3222"}],"wp:featuredmedia":[{"embeddable":true,"href":"https:\/\/semanariolaprensa.com\/avantpremiere\/wp-json\/wp\/v2\/media\/3221"}],"wp:attachment":[{"href":"https:\/\/semanariolaprensa.com\/avantpremiere\/wp-json\/wp\/v2\/media?parent=3220"}],"wp:term":[{"taxonomy":"category","embeddable":true,"href":"https:\/\/semanariolaprensa.com\/avantpremiere\/wp-json\/wp\/v2\/categories?post=3220"},{"taxonomy":"post_tag","embeddable":true,"href":"https:\/\/semanariolaprensa.com\/avantpremiere\/wp-json\/wp\/v2\/tags?post=3220"}],"curies":[{"name":"wp","href":"https:\/\/api.w.org\/{rel}","templated":true}]}}