{"id":3201,"date":"2026-08-29T21:31:17","date_gmt":"2026-08-30T00:31:17","guid":{"rendered":"https:\/\/semanariolaprensa.com\/avantpremiere\/?p=3201"},"modified":"2026-08-29T21:33:07","modified_gmt":"2026-08-30T00:33:07","slug":"223-anos-del-escudo-de-maldonado-una-historia-que-comenzo-con-una-ballena-un-ancla-y-la-busqueda-de-identidad","status":"publish","type":"post","link":"https:\/\/semanariolaprensa.com\/avantpremiere\/223-anos-del-escudo-de-maldonado-una-historia-que-comenzo-con-una-ballena-un-ancla-y-la-busqueda-de-identidad\/","title":{"rendered":"223 a\u00f1os del Escudo de Maldonado: una historia que comenz\u00f3 con una ballena, un ancla y la b\u00fasqueda de identidad"},"content":{"rendered":"\n<p class=\"wp-block-paragraph\"><strong>La historia del Escudo de Maldonado, su origen colonial, los cambios que experiment\u00f3 y el valor que mantiene como s\u00edmbolo de identidad departamental fueron el eje de la conferencia brindada por el profesor Leandro Scasso Burghi en el Cuartel de Dragones, que cont\u00f3 con la presencia del intendente de Maldonado, Miguel Abella y su se\u00f1ora esposa, Marita S\u00e1nchez, entre otras autoridades departamentales y nacionales. El escudo fue autorizado por el rey Carlos IV el 29 de agosto de 1803 y es considerado el s\u00edmbolo oficial en uso m\u00e1s antiguo de Uruguay.<\/strong><\/p>\n\n\n\n<p class=\"wp-block-paragraph\">En el marco de los <strong>223 a\u00f1os de la creaci\u00f3n del Escudo de Maldonado<\/strong>, el Museo Did\u00e1ctico Artiguista, en el hist\u00f3rico Cuartel de Dragones, fue escenario de una conferencia dedicada a conocer la historia detr\u00e1s de uno de los s\u00edmbolos m\u00e1s representativos del departamento.<\/p>\n\n\n\n<p class=\"wp-block-paragraph\">La exposici\u00f3n estuvo a cargo del <strong>M.Ed. profesor Leandro Scasso Burghi<\/strong>, quien repas\u00f3 el proceso hist\u00f3rico que llev\u00f3 a Maldonado a contar con un escudo propio y explic\u00f3 el significado de los principales elementos que lo componen.<\/p>\n\n\n\n<p class=\"wp-block-paragraph\">La actividad permiti\u00f3 comprender que detr\u00e1s de la conocida imagen de la <strong>ballena y el ancla<\/strong> existe una historia que se remonta a los \u00faltimos a\u00f1os del per\u00edodo colonial y que est\u00e1 directamente vinculada con la importancia estrat\u00e9gica que ten\u00eda Maldonado por su ubicaci\u00f3n geogr\u00e1fica, su puerto y sus actividades mar\u00edtimas.<\/p>\n\n\n\n<h5 class=\"wp-block-heading\"><strong>De un lobo marino y una pluma a la ballena y el ancla<\/strong><\/h5>\n\n\n\n<p class=\"wp-block-paragraph\">Uno de los aspectos destacados de la charla fue el proceso de creaci\u00f3n del escudo.<\/p>\n\n\n\n<p class=\"wp-block-paragraph\">En 1798, el Cabildo de Maldonado decidi\u00f3 solicitar a la Corona espa\u00f1ola la autorizaci\u00f3n para contar con un s\u00edmbolo propio. La primera propuesta contemplaba la presencia de un lobo marino y una pluma como elementos representativos de la ciudad.<\/p>\n\n\n\n<p class=\"wp-block-paragraph\">Sin embargo, algunos a\u00f1os despu\u00e9s se present\u00f3 una nueva solicitud. El dise\u00f1o fue modificado: el lobo marino dej\u00f3 su lugar a una ballena, mientras que la pluma fue sustituida por un ancla.<\/p>\n\n\n\n<p class=\"wp-block-paragraph\">La modificaci\u00f3n no fue casual. Los nuevos elementos estaban relacionados con las caracter\u00edsticas de Maldonado y, particularmente, con la importancia de su puerto y las actividades mar\u00edtimas desarrolladas en la zona.<\/p>\n\n\n\n<p class=\"wp-block-paragraph\">Finalmente, el 29 de agosto de 1803, el rey Carlos IV de Espa\u00f1a firm\u00f3 la Real C\u00e9dula mediante la cual autoriz\u00f3 al Cabildo de San Fernando de Maldonado a incorporar la ballena y el ancla a sus armas.<\/p>\n\n\n\n<p class=\"wp-block-paragraph\">Ese documento constituye, de acuerdo con la investigaci\u00f3n de Scasso, el verdadero <strong>\u201ccertificado de nacimiento\u201d del escudo de Maldonado<\/strong>.<\/p>\n\n\n\n<h5 class=\"wp-block-heading\"><strong>Un s\u00edmbolo vinculado al puerto y al mar<\/strong><\/h5>\n\n\n\n<p class=\"wp-block-paragraph\">La charla tambi\u00e9n permiti\u00f3 detenerse en el significado de los elementos que aparecen en el escudo.<\/p>\n\n\n\n<p class=\"wp-block-paragraph\">La <strong>ballena<\/strong> remite a la actividad mar\u00edtima y a la presencia de la industria ballenera en la zona, mientras que el <strong>ancla<\/strong> representa la condici\u00f3n portuaria de Maldonado y la importancia estrat\u00e9gica de sus aguas.<\/p>\n\n\n\n<p class=\"wp-block-paragraph\">El conjunto refleja la relaci\u00f3n que la ciudad manten\u00eda con el mar y con las actividades comerciales, defensivas y productivas que se desarrollaban en torno al puerto.<\/p>\n\n\n\n<p class=\"wp-block-paragraph\">Seg\u00fan explic\u00f3 Scasso, aquellos elementos no fueron escogidos al azar: representan las condiciones que hac\u00edan de Maldonado un punto de especial importancia dentro del territorio colonial.<\/p>\n\n\n\n<h5 class=\"wp-block-heading\"><strong>Un documento que sobrevivi\u00f3 a la historia<\/strong><\/h5>\n\n\n\n<p class=\"wp-block-paragraph\">Uno de los aspectos m\u00e1s interesantes de la investigaci\u00f3n es la propia historia del documento que dio origen al escudo.<\/p>\n\n\n\n<p class=\"wp-block-paragraph\">La Real C\u00e9dula de 1803 atraves\u00f3 diferentes circunstancias hist\u00f3ricas y permaneci\u00f3 durante d\u00e9cadas fuera del conocimiento p\u00fablico. La documentaci\u00f3n vinculada al Cabildo sufri\u00f3 adem\u00e1s las consecuencias de las invasiones inglesas de <strong>1806 y 1807<\/strong>, cuando numerosos documentos y archivos fueron destruidos o utilizados para otros fines.<\/p>\n\n\n\n<p class=\"wp-block-paragraph\">El documento fue posteriormente encontrado y, ya en el siglo XIX, volvi\u00f3 a cobrar protagonismo la representaci\u00f3n del escudo.<\/p>\n\n\n\n<p class=\"wp-block-paragraph\">En <strong>1894<\/strong>, el exjefe pol\u00edtico de Maldonado y diputado nacional <strong>El\u00edas Devincenzi<\/strong> encarg\u00f3 la confecci\u00f3n de un escudo basado en la documentaci\u00f3n hist\u00f3rica, destinado a la sala de sesiones de la Junta Econ\u00f3mico Administrativa.<\/p>\n\n\n\n<p class=\"wp-block-paragraph\">De esta manera, aquel emblema que hab\u00eda nacido durante el per\u00edodo colonial comenz\u00f3 a consolidarse como s\u00edmbolo de la Maldonado republicana y, posteriormente, como representaci\u00f3n de todo el departamento.<\/p>\n\n\n\n<h5 class=\"wp-block-heading\"><strong>El escudo m\u00e1s antiguo en uso oficial en Uruguay<\/strong><\/h5>\n\n\n\n<p class=\"wp-block-paragraph\">Uno de los conceptos centrales de la conferencia fue precisamente la singularidad hist\u00f3rica del emblema. El Escudo de Maldonado es considerado <strong>el s\u00edmbolo oficial en uso m\u00e1s antiguo del pa\u00eds<\/strong>, ya que sus ra\u00edces documentadas se remontan a la Real C\u00e9dula del 29 de agosto de 1803 y sus elementos esenciales contin\u00faan formando parte de la identidad institucional del departamento.<\/p>\n\n\n\n<p class=\"wp-block-paragraph\">Con el paso del tiempo, dej\u00f3 de ser solamente el escudo de la ciudad de Maldonado para convertirse en el emblema representativo del departamento.<\/p>\n\n\n\n<p class=\"wp-block-paragraph\">Est\u00e1 presente en documentos oficiales, edificios p\u00fablicos y distintas expresiones institucionales, manteniendo vigente una simbolog\u00eda que naci\u00f3 hace m\u00e1s de dos siglos.<\/p>\n\n\n\n<h5 class=\"wp-block-heading\"><strong>Mucho m\u00e1s que un escudo<\/strong><\/h5>\n\n\n\n<p class=\"wp-block-paragraph\">La exposici\u00f3n de Scasso plante\u00f3, en definitiva, una mirada sobre el escudo como parte del patrimonio y de la memoria colectiva de Maldonado.<\/p>\n\n\n\n<p class=\"wp-block-paragraph\">M\u00e1s all\u00e1 de la her\u00e1ldica, la ballena, el ancla, el mar y las fortificaciones evocan una \u00e9poca en la que Maldonado ocupaba una posici\u00f3n estrat\u00e9gica dentro del territorio colonial y reflejan la relaci\u00f3n hist\u00f3rica de sus habitantes con el oc\u00e9ano y el puerto.<\/p>\n\n\n\n<p class=\"wp-block-paragraph\">\u201cEs una insignia patrimonial que nos representa y une a todos\u201d, se\u00f1al\u00f3 Scasso, destacando que se trata de un s\u00edmbolo que permite vincular el pasado con el presente y fortalecer la identidad departamental.<\/p>\n\n\n\n<p class=\"wp-block-paragraph\">La conferencia, realizada el 27 de agosto en la Sala Espa\u00f1a del Museo Did\u00e1ctico Artiguista, permiti\u00f3 as\u00ed recuperar una parte de la historia de Maldonado que muchas veces queda escondida detr\u00e1s de una imagen que todos reconocen, pero cuyo origen y significado no siempre se conocen.<\/p>\n\n\n\n<p class=\"wp-block-paragraph\">Este 29 de agosto, el Escudo de Maldonado cumple 223 a\u00f1os. M\u00e1s de dos siglos despu\u00e9s de aquella Real C\u00e9dula firmada por Carlos IV, la ballena y el ancla contin\u00faan representando a un departamento que encuentra en su patrimonio hist\u00f3rico una parte fundamental de su identidad.<\/p>\n\n\n\n<h2 class=\"wp-block-heading\"><strong>Joaqu\u00edn Garlo recuper\u00f3 importante documento en la Biblioteca Nacional <\/strong><\/h2>\n\n\n\n<p class=\"wp-block-paragraph\">El diputado Joaqu\u00edn Garlo relat\u00f3 una particular historia vinculada a uno de los s\u00edmbolos m\u00e1s importantes del departamento: el escudo de Maldonado. Cont\u00f3 que, tras una extensa b\u00fasqueda junto a funcionarias de la Biblioteca Nacional, logr\u00f3 encontrar la Real C\u00e9dula de Carlos IV que dispon\u00eda su creaci\u00f3n, un documento de m\u00e1s de 200 a\u00f1os cuya ubicaci\u00f3n se hab\u00eda perdido. \u201cDije: hasta que no aparezca no me voy\u201d, record\u00f3.<\/p>\n\n\n\n<p class=\"wp-block-paragraph\">El diputado por Maldonado <strong>Joaqu\u00edn Garlo<\/strong> (Frente Amplio) protagoniz\u00f3 una historia poco conocida vinculada directamente con la identidad del departamento: la recuperaci\u00f3n de un documento hist\u00f3rico fundamental para conocer el origen del <strong>escudo de Maldonado<\/strong>.<\/p>\n\n\n\n<p class=\"wp-block-paragraph\">En di\u00e1logo con semanario La Prensa, Garlo record\u00f3 c\u00f3mo surgi\u00f3 la b\u00fasqueda a partir de su amistad con <strong>Leandro Scasso<\/strong>, con quien comparte, seg\u00fan expres\u00f3, \u201cel amor por la historia de Maldonado y el amor por Maldonado\u201d.<\/p>\n\n\n\n<p class=\"wp-block-paragraph\">\u201cHace muchos a\u00f1os atr\u00e1s me dice: \u2018Estamos buscando un documento que Maruja D\u00edaz de Guerra referencia en un libro respecto a la creaci\u00f3n del escudo de Maldonado, la Real C\u00e9dula de Carlos IV que dispone la creaci\u00f3n del escudo, que aparentemente est\u00e1 en la Biblioteca Nacional pero no aparece\u2019\u201d, relat\u00f3 el legislador.<\/p>\n\n\n\n<p class=\"wp-block-paragraph\">Ante esa situaci\u00f3n, Garlo decidi\u00f3 intentar encontrarlo personalmente. \u201cUn d\u00eda en Montevideo me instal\u00e9 en la Biblioteca Nacional y dije: <strong>\u2018Hasta que no aparezca no me voy\u2019<\/strong>. Y apareci\u00f3\u201d, record\u00f3.<\/p>\n\n\n\n<h5 class=\"wp-block-heading\"><strong>Una tarde entre carpetas y documentos de m\u00e1s de 200 a\u00f1os<\/strong><\/h5>\n\n\n\n<p class=\"wp-block-paragraph\">El diputado explic\u00f3 que la b\u00fasqueda demand\u00f3 una tarde completa y que cont\u00f3 con la colaboraci\u00f3n de funcionarias de la Biblioteca Nacional. \u201cNos pusimos a buscar en carpetas, carpetines, guantes mediante para proteger documentos que tienen m\u00e1s de 200 a\u00f1os de historia\u201d, se\u00f1al\u00f3.<\/p>\n\n\n\n<p class=\"wp-block-paragraph\">Finalmente, lograron dar con la documentaci\u00f3n, que posteriormente fue digitalizada. \u201cLeandro lo rescat\u00f3, lo public\u00f3 en la <strong>Revista Hist\u00f3rica de Maldonado<\/strong> y es parte de la identidad de los maldonadenses\u201d, destac\u00f3 Garlo.<\/p>\n\n\n\n<p class=\"wp-block-paragraph\">El hallazgo tuvo adem\u00e1s una particularidad: el documento apareci\u00f3 en un lugar donde, en principio, no deb\u00eda encontrarse. \u201cEn un momento dijimos: \u2018Bueno, no aparece, no est\u00e1\u2019, y all\u00e1 en una carpeta que no deb\u00eda estar&#8230; cosas maravillosas que suelen suceder\u201d, record\u00f3.<\/p>\n\n\n\n<p class=\"wp-block-paragraph\"><strong>\u201cFue muy emocionante\u201d<\/strong><br>Garlo afirm\u00f3 que el momento del hallazgo estuvo cargado de emoci\u00f3n, no solamente por el valor hist\u00f3rico del documento, sino tambi\u00e9n por la historia que hab\u00eda detr\u00e1s de su conservaci\u00f3n.<\/p>\n\n\n\n<p class=\"wp-block-paragraph\">Explic\u00f3 que El\u00edas Devincenzi, uno de los primeros diputados de Maldonado en el siglo XIX, hab\u00eda rescatado el documento y posteriormente lo hab\u00eda donado a la Biblioteca Nacional.<\/p>\n\n\n\n<p class=\"wp-block-paragraph\">\u201c<strong>Fue muy emocionante<\/strong>, porque adem\u00e1s uno de los primeros diputados de Maldonado del siglo XIX, El\u00edas Devicenzi, fue quien lo rescat\u00f3 y lo don\u00f3 a la Biblioteca Nacional, y 130, 140 a\u00f1os despu\u00e9s lo pudimos ubicar de nuevo porque no hab\u00eda registro, no sab\u00edamos d\u00f3nde estaba guardado\u201d, expres\u00f3.<\/p>\n\n\n\n<p class=\"wp-block-paragraph\">Tras ser localizado, el documento pudo ser digitalizado y difundido nuevamente como parte del patrimonio hist\u00f3rico del departamento.<\/p>\n\n\n\n<p class=\"wp-block-paragraph\"><strong>El escudo que Garlo lleva siempre en su saco<\/strong><br>La an\u00e9cdota tiene adem\u00e1s un componente personal para el legislador. Garlo revel\u00f3 que el peque\u00f1o <strong>escudo de Maldonado que habitualmente lleva en la solapa de su saco<\/strong> fue un regalo de Leandro Scasso.<\/p>\n\n\n\n<p class=\"wp-block-paragraph\">\u201cEs un escudo que yo conservo y que lo llevo siempre en la solapa de mi saco porque es el recuerdo permanente que represento al departamento de Maldonado, a la gente de Maldonado, y que <strong>Maldonado es mi lugar en el mundo<\/strong>\u201d, afirm\u00f3.<\/p>\n\n\n\n<p class=\"wp-block-paragraph\">Para Garlo, aquel hallazgo trascendi\u00f3 la simple recuperaci\u00f3n de un documento y pas\u00f3 a formar parte de una historia vinculada con la conservaci\u00f3n de la memoria y la identidad departamental.<\/p>\n\n\n\n<div class=\"wp-block-jetpack-slideshow alignwide\" data-effect=\"slide\" style=\"--aspect-ratio:calc(1024 \/ 580)\"><div class=\"wp-block-jetpack-slideshow_container swiper\"><ul class=\"wp-block-jetpack-slideshow_swiper-wrapper swiper-wrapper\"><li class=\"wp-block-jetpack-slideshow_slide swiper-slide\"><figure><img data-recalc-dims=\"1\" fetchpriority=\"high\" decoding=\"async\" width=\"1024\" height=\"580\" alt=\"\" class=\"wp-block-jetpack-slideshow_image wp-image-3210\" data-id=\"3210\" data-aspect-ratio=\"1024 \/ 580\" src=\"https:\/\/i0.wp.com\/semanariolaprensa.com\/avantpremiere\/wp-content\/uploads\/2026\/08\/charla-escudo1-1024x580.jpeg?resize=1024%2C580&#038;ssl=1\" srcset=\"https:\/\/i0.wp.com\/semanariolaprensa.com\/avantpremiere\/wp-content\/uploads\/2026\/08\/charla-escudo1.jpeg?resize=1024%2C580&amp;ssl=1 1024w, https:\/\/i0.wp.com\/semanariolaprensa.com\/avantpremiere\/wp-content\/uploads\/2026\/08\/charla-escudo1.jpeg?resize=767%2C434&amp;ssl=1 767w, https:\/\/i0.wp.com\/semanariolaprensa.com\/avantpremiere\/wp-content\/uploads\/2026\/08\/charla-escudo1.jpeg?resize=300%2C170&amp;ssl=1 300w, https:\/\/i0.wp.com\/semanariolaprensa.com\/avantpremiere\/wp-content\/uploads\/2026\/08\/charla-escudo1.jpeg?resize=750%2C424&amp;ssl=1 750w, https:\/\/i0.wp.com\/semanariolaprensa.com\/avantpremiere\/wp-content\/uploads\/2026\/08\/charla-escudo1.jpeg?resize=1140%2C645&amp;ssl=1 1140w, https:\/\/i0.wp.com\/semanariolaprensa.com\/avantpremiere\/wp-content\/uploads\/2026\/08\/charla-escudo1.jpeg?w=1200&amp;ssl=1 1200w\" sizes=\"(max-width: 1000px) 100vw, 1000px\" \/><\/figure><\/li><li class=\"wp-block-jetpack-slideshow_slide swiper-slide\"><figure><img data-recalc-dims=\"1\" decoding=\"async\" width=\"1024\" height=\"683\" alt=\"\" class=\"wp-block-jetpack-slideshow_image wp-image-3209\" data-id=\"3209\" data-aspect-ratio=\"1024 \/ 683\" src=\"https:\/\/i0.wp.com\/semanariolaprensa.com\/avantpremiere\/wp-content\/uploads\/2026\/08\/WhatsApp-Image-2026-08-27-at-18.55.15.jpeg?resize=1024%2C683&#038;ssl=1\" srcset=\"https:\/\/i0.wp.com\/semanariolaprensa.com\/avantpremiere\/wp-content\/uploads\/2026\/08\/WhatsApp-Image-2026-08-27-at-18.55.15.jpeg?resize=1024%2C683&amp;ssl=1 1024w, https:\/\/i0.wp.com\/semanariolaprensa.com\/avantpremiere\/wp-content\/uploads\/2026\/08\/WhatsApp-Image-2026-08-27-at-18.55.15.jpeg?resize=300%2C200&amp;ssl=1 300w, https:\/\/i0.wp.com\/semanariolaprensa.com\/avantpremiere\/wp-content\/uploads\/2026\/08\/WhatsApp-Image-2026-08-27-at-18.55.15.jpeg?resize=767%2C511&amp;ssl=1 767w, https:\/\/i0.wp.com\/semanariolaprensa.com\/avantpremiere\/wp-content\/uploads\/2026\/08\/WhatsApp-Image-2026-08-27-at-18.55.15.jpeg?resize=750%2C499&amp;ssl=1 750w, https:\/\/i0.wp.com\/semanariolaprensa.com\/avantpremiere\/wp-content\/uploads\/2026\/08\/WhatsApp-Image-2026-08-27-at-18.55.15.jpeg?resize=1140%2C759&amp;ssl=1 1140w, https:\/\/i0.wp.com\/semanariolaprensa.com\/avantpremiere\/wp-content\/uploads\/2026\/08\/WhatsApp-Image-2026-08-27-at-18.55.15.jpeg?w=1200&amp;ssl=1 1200w\" sizes=\"(max-width: 1000px) 100vw, 1000px\" \/><\/figure><\/li><li class=\"wp-block-jetpack-slideshow_slide swiper-slide\"><figure><img data-recalc-dims=\"1\" decoding=\"async\" width=\"1024\" height=\"683\" alt=\"\" class=\"wp-block-jetpack-slideshow_image wp-image-3206\" data-id=\"3206\" data-aspect-ratio=\"1024 \/ 683\" src=\"https:\/\/i0.wp.com\/semanariolaprensa.com\/avantpremiere\/wp-content\/uploads\/2026\/08\/WhatsApp-Image-2026-08-27-at-18.55.18.jpeg?resize=1024%2C683&#038;ssl=1\" srcset=\"https:\/\/i0.wp.com\/semanariolaprensa.com\/avantpremiere\/wp-content\/uploads\/2026\/08\/WhatsApp-Image-2026-08-27-at-18.55.18.jpeg?resize=1024%2C683&amp;ssl=1 1024w, https:\/\/i0.wp.com\/semanariolaprensa.com\/avantpremiere\/wp-content\/uploads\/2026\/08\/WhatsApp-Image-2026-08-27-at-18.55.18.jpeg?resize=300%2C200&amp;ssl=1 300w, https:\/\/i0.wp.com\/semanariolaprensa.com\/avantpremiere\/wp-content\/uploads\/2026\/08\/WhatsApp-Image-2026-08-27-at-18.55.18.jpeg?resize=767%2C511&amp;ssl=1 767w, https:\/\/i0.wp.com\/semanariolaprensa.com\/avantpremiere\/wp-content\/uploads\/2026\/08\/WhatsApp-Image-2026-08-27-at-18.55.18.jpeg?resize=750%2C499&amp;ssl=1 750w, https:\/\/i0.wp.com\/semanariolaprensa.com\/avantpremiere\/wp-content\/uploads\/2026\/08\/WhatsApp-Image-2026-08-27-at-18.55.18.jpeg?resize=1140%2C759&amp;ssl=1 1140w, https:\/\/i0.wp.com\/semanariolaprensa.com\/avantpremiere\/wp-content\/uploads\/2026\/08\/WhatsApp-Image-2026-08-27-at-18.55.18.jpeg?w=1200&amp;ssl=1 1200w\" sizes=\"(max-width: 1000px) 100vw, 1000px\" \/><\/figure><\/li><li class=\"wp-block-jetpack-slideshow_slide swiper-slide\"><figure><img data-recalc-dims=\"1\" loading=\"lazy\" decoding=\"async\" width=\"1024\" height=\"683\" alt=\"\" class=\"wp-block-jetpack-slideshow_image wp-image-3208\" data-id=\"3208\" data-aspect-ratio=\"1024 \/ 683\" src=\"https:\/\/i0.wp.com\/semanariolaprensa.com\/avantpremiere\/wp-content\/uploads\/2026\/08\/WhatsApp-Image-2026-08-27-at-18.55.17-2.jpeg?resize=1024%2C683&#038;ssl=1\" srcset=\"https:\/\/i0.wp.com\/semanariolaprensa.com\/avantpremiere\/wp-content\/uploads\/2026\/08\/WhatsApp-Image-2026-08-27-at-18.55.17-2.jpeg?resize=1024%2C683&amp;ssl=1 1024w, https:\/\/i0.wp.com\/semanariolaprensa.com\/avantpremiere\/wp-content\/uploads\/2026\/08\/WhatsApp-Image-2026-08-27-at-18.55.17-2.jpeg?resize=300%2C200&amp;ssl=1 300w, https:\/\/i0.wp.com\/semanariolaprensa.com\/avantpremiere\/wp-content\/uploads\/2026\/08\/WhatsApp-Image-2026-08-27-at-18.55.17-2.jpeg?resize=767%2C511&amp;ssl=1 767w, https:\/\/i0.wp.com\/semanariolaprensa.com\/avantpremiere\/wp-content\/uploads\/2026\/08\/WhatsApp-Image-2026-08-27-at-18.55.17-2.jpeg?resize=750%2C499&amp;ssl=1 750w, https:\/\/i0.wp.com\/semanariolaprensa.com\/avantpremiere\/wp-content\/uploads\/2026\/08\/WhatsApp-Image-2026-08-27-at-18.55.17-2.jpeg?resize=1140%2C759&amp;ssl=1 1140w, https:\/\/i0.wp.com\/semanariolaprensa.com\/avantpremiere\/wp-content\/uploads\/2026\/08\/WhatsApp-Image-2026-08-27-at-18.55.17-2.jpeg?w=1200&amp;ssl=1 1200w\" sizes=\"(max-width: 1000px) 100vw, 1000px\" \/><\/figure><\/li><li class=\"wp-block-jetpack-slideshow_slide swiper-slide\"><figure><img data-recalc-dims=\"1\" loading=\"lazy\" decoding=\"async\" width=\"1024\" height=\"683\" alt=\"\" class=\"wp-block-jetpack-slideshow_image wp-image-3205\" data-id=\"3205\" data-aspect-ratio=\"1024 \/ 683\" src=\"https:\/\/i0.wp.com\/semanariolaprensa.com\/avantpremiere\/wp-content\/uploads\/2026\/08\/WhatsApp-Image-2026-08-27-at-18.55.14.jpeg?resize=1024%2C683&#038;ssl=1\" srcset=\"https:\/\/i0.wp.com\/semanariolaprensa.com\/avantpremiere\/wp-content\/uploads\/2026\/08\/WhatsApp-Image-2026-08-27-at-18.55.14.jpeg?resize=1024%2C683&amp;ssl=1 1024w, https:\/\/i0.wp.com\/semanariolaprensa.com\/avantpremiere\/wp-content\/uploads\/2026\/08\/WhatsApp-Image-2026-08-27-at-18.55.14.jpeg?resize=300%2C200&amp;ssl=1 300w, https:\/\/i0.wp.com\/semanariolaprensa.com\/avantpremiere\/wp-content\/uploads\/2026\/08\/WhatsApp-Image-2026-08-27-at-18.55.14.jpeg?resize=767%2C511&amp;ssl=1 767w, https:\/\/i0.wp.com\/semanariolaprensa.com\/avantpremiere\/wp-content\/uploads\/2026\/08\/WhatsApp-Image-2026-08-27-at-18.55.14.jpeg?resize=750%2C499&amp;ssl=1 750w, https:\/\/i0.wp.com\/semanariolaprensa.com\/avantpremiere\/wp-content\/uploads\/2026\/08\/WhatsApp-Image-2026-08-27-at-18.55.14.jpeg?resize=1140%2C759&amp;ssl=1 1140w, https:\/\/i0.wp.com\/semanariolaprensa.com\/avantpremiere\/wp-content\/uploads\/2026\/08\/WhatsApp-Image-2026-08-27-at-18.55.14.jpeg?w=1200&amp;ssl=1 1200w\" sizes=\"(max-width: 1000px) 100vw, 1000px\" \/><\/figure><\/li><li class=\"wp-block-jetpack-slideshow_slide swiper-slide\"><figure><img data-recalc-dims=\"1\" loading=\"lazy\" decoding=\"async\" width=\"1024\" height=\"683\" alt=\"\" class=\"wp-block-jetpack-slideshow_image wp-image-3204\" data-id=\"3204\" data-aspect-ratio=\"1024 \/ 683\" src=\"https:\/\/i0.wp.com\/semanariolaprensa.com\/avantpremiere\/wp-content\/uploads\/2026\/08\/WhatsApp-Image-2026-08-27-at-18.55.16-1.jpeg?resize=1024%2C683&#038;ssl=1\" srcset=\"https:\/\/i0.wp.com\/semanariolaprensa.com\/avantpremiere\/wp-content\/uploads\/2026\/08\/WhatsApp-Image-2026-08-27-at-18.55.16-1.jpeg?resize=1024%2C683&amp;ssl=1 1024w, https:\/\/i0.wp.com\/semanariolaprensa.com\/avantpremiere\/wp-content\/uploads\/2026\/08\/WhatsApp-Image-2026-08-27-at-18.55.16-1.jpeg?resize=767%2C511&amp;ssl=1 767w, https:\/\/i0.wp.com\/semanariolaprensa.com\/avantpremiere\/wp-content\/uploads\/2026\/08\/WhatsApp-Image-2026-08-27-at-18.55.16-1.jpeg?resize=300%2C200&amp;ssl=1 300w, https:\/\/i0.wp.com\/semanariolaprensa.com\/avantpremiere\/wp-content\/uploads\/2026\/08\/WhatsApp-Image-2026-08-27-at-18.55.16-1.jpeg?resize=750%2C499&amp;ssl=1 750w, https:\/\/i0.wp.com\/semanariolaprensa.com\/avantpremiere\/wp-content\/uploads\/2026\/08\/WhatsApp-Image-2026-08-27-at-18.55.16-1.jpeg?resize=1140%2C759&amp;ssl=1 1140w, https:\/\/i0.wp.com\/semanariolaprensa.com\/avantpremiere\/wp-content\/uploads\/2026\/08\/WhatsApp-Image-2026-08-27-at-18.55.16-1.jpeg?w=1200&amp;ssl=1 1200w\" sizes=\"(max-width: 1000px) 100vw, 1000px\" \/><\/figure><\/li><li class=\"wp-block-jetpack-slideshow_slide swiper-slide\"><figure><img data-recalc-dims=\"1\" loading=\"lazy\" decoding=\"async\" width=\"1024\" height=\"683\" alt=\"\" class=\"wp-block-jetpack-slideshow_image wp-image-3203\" data-id=\"3203\" data-aspect-ratio=\"1024 \/ 683\" src=\"https:\/\/i0.wp.com\/semanariolaprensa.com\/avantpremiere\/wp-content\/uploads\/2026\/08\/WhatsApp-Image-2026-08-27-at-18.54.50.jpeg?resize=1024%2C683&#038;ssl=1\" srcset=\"https:\/\/i0.wp.com\/semanariolaprensa.com\/avantpremiere\/wp-content\/uploads\/2026\/08\/WhatsApp-Image-2026-08-27-at-18.54.50.jpeg?resize=1024%2C683&amp;ssl=1 1024w, https:\/\/i0.wp.com\/semanariolaprensa.com\/avantpremiere\/wp-content\/uploads\/2026\/08\/WhatsApp-Image-2026-08-27-at-18.54.50.jpeg?resize=767%2C511&amp;ssl=1 767w, https:\/\/i0.wp.com\/semanariolaprensa.com\/avantpremiere\/wp-content\/uploads\/2026\/08\/WhatsApp-Image-2026-08-27-at-18.54.50.jpeg?resize=300%2C200&amp;ssl=1 300w, https:\/\/i0.wp.com\/semanariolaprensa.com\/avantpremiere\/wp-content\/uploads\/2026\/08\/WhatsApp-Image-2026-08-27-at-18.54.50.jpeg?resize=750%2C499&amp;ssl=1 750w, https:\/\/i0.wp.com\/semanariolaprensa.com\/avantpremiere\/wp-content\/uploads\/2026\/08\/WhatsApp-Image-2026-08-27-at-18.54.50.jpeg?resize=1140%2C759&amp;ssl=1 1140w, https:\/\/i0.wp.com\/semanariolaprensa.com\/avantpremiere\/wp-content\/uploads\/2026\/08\/WhatsApp-Image-2026-08-27-at-18.54.50.jpeg?w=1200&amp;ssl=1 1200w\" sizes=\"(max-width: 1000px) 100vw, 1000px\" \/><\/figure><\/li><\/ul><a class=\"wp-block-jetpack-slideshow_button-prev swiper-button-prev swiper-button-white\" role=\"button\"><\/a><a class=\"wp-block-jetpack-slideshow_button-next swiper-button-next swiper-button-white\" role=\"button\"><\/a><a aria-label=\"Pause Slideshow\" class=\"wp-block-jetpack-slideshow_button-pause\" role=\"button\"><\/a><div class=\"wp-block-jetpack-slideshow_pagination swiper-pagination swiper-pagination-white\"><\/div><\/div><\/div>\n","protected":false},"excerpt":{"rendered":"<p>La historia del Escudo de Maldonado, su origen colonial, los cambios que experiment\u00f3 y el valor que mantiene como s\u00edmbolo de identidad departamental fueron el eje de la conferencia brindada por el profesor Leandro Scasso Burghi en el Cuartel de Dragones, que cont\u00f3 con la presencia del intendente de Maldonado, Miguel Abella y su se\u00f1ora [&hellip;]<\/p>\n","protected":false},"author":1,"featured_media":3202,"comment_status":"open","ping_status":"open","sticky":false,"template":"","format":"standard","meta":{"om_disable_all_campaigns":false,"_monsterinsights_skip_tracking":false,"_jetpack_newsletter_access":"","_jetpack_dont_email_post_to_subs":false,"_jetpack_newsletter_tier_id":0,"_jetpack_memberships_contains_paywalled_content":false,"_jetpack_feature_clip_id":0,"_jetpack_memberships_contains_paid_content":false,"jnews-multi-image_gallery":[],"jnews_single_post":{"format":"standard"},"jnews_primary_category":[],"jnews_override_bookmark_settings":[],"jnews_social_meta":[],"jnews_review":[],"enable_review":"","type":"","name":"","summary":"","brand":"","sku":"","good":[],"bad":[],"score_override":"","override_value":"","rating":[],"price":[],"jnews_override_counter":[],"footnotes":"","jetpack_post_was_ever_published":false},"categories":[415,416,82],"tags":[],"class_list":["post-3201","post","type-post","status-publish","format-standard","has-post-thumbnail","hentry","category-cultura","category-locales","category-primer-plano"],"aioseo_notices":[],"aioseo_head":"\n\t\t<!-- All in One SEO 5.0.1 - aioseo.com -->\n\t<meta name=\"description\" content=\"La historia del Escudo de Maldonado, su origen colonial, los cambios que experiment\u00f3 y el valor que mantiene como s\u00edmbolo de identidad departamental fueron el eje de la conferencia brindada por el profesor Leandro Scasso Burghi en el Cuartel de Dragones, que cont\u00f3 con la presencia del intendente de Maldonado, Miguel Abella y su se\u00f1ora\" \/>\n\t<meta name=\"robots\" content=\"max-image-preview:large\" \/>\n\t<meta name=\"author\" content=\"Avant Premi\u00e8re\"\/>\n\t<link rel=\"canonical\" href=\"https:\/\/semanariolaprensa.com\/avantpremiere\/223-anos-del-escudo-de-maldonado-una-historia-que-comenzo-con-una-ballena-un-ancla-y-la-busqueda-de-identidad\/\" \/>\n\t<meta name=\"generator\" content=\"All in One SEO (AIOSEO) 5.0.1\" \/>\n\t\t<meta property=\"og:locale\" content=\"es_ES\" \/>\n\t\t<meta property=\"og:site_name\" content=\"Avant-Premi\u00e8re - La primera fila del entretenimiento\" \/>\n\t\t<meta property=\"og:type\" content=\"article\" \/>\n\t\t<meta property=\"og:title\" content=\"223 a\u00f1os del Escudo de Maldonado: una historia que comenz\u00f3 con una ballena, un ancla y la b\u00fasqueda de identidad - Avant-Premi\u00e8re\" \/>\n\t\t<meta property=\"og:description\" content=\"La historia del Escudo de Maldonado, su origen colonial, los cambios que experiment\u00f3 y el valor que mantiene como s\u00edmbolo de identidad departamental fueron el eje de la conferencia brindada por el profesor Leandro Scasso Burghi en el Cuartel de Dragones, que cont\u00f3 con la presencia del intendente de Maldonado, Miguel Abella y su se\u00f1ora\" \/>\n\t\t<meta property=\"og:url\" content=\"https:\/\/semanariolaprensa.com\/avantpremiere\/223-anos-del-escudo-de-maldonado-una-historia-que-comenzo-con-una-ballena-un-ancla-y-la-busqueda-de-identidad\/\" \/>\n\t\t<meta property=\"article:published_time\" content=\"2026-08-30T00:31:17+00:00\" \/>\n\t\t<meta property=\"article:modified_time\" content=\"2026-08-30T00:33:07+00:00\" \/>\n\t\t<meta name=\"twitter:card\" content=\"summary_large_image\" \/>\n\t\t<meta name=\"twitter:title\" content=\"223 a\u00f1os del Escudo de Maldonado: una historia que comenz\u00f3 con una ballena, un ancla y la b\u00fasqueda de identidad - Avant-Premi\u00e8re\" \/>\n\t\t<meta name=\"twitter:description\" content=\"La historia del Escudo de Maldonado, su origen colonial, los cambios que experiment\u00f3 y el valor que mantiene como s\u00edmbolo de identidad departamental fueron el eje de la conferencia brindada por el profesor Leandro Scasso Burghi en el Cuartel de Dragones, que cont\u00f3 con la presencia del intendente de Maldonado, Miguel Abella y su se\u00f1ora\" \/>\n\t\t<script type=\"application\/ld+json\" class=\"aioseo-schema\">\n\t\t\t{\"@context\":\"https:\\\/\\\/schema.org\",\"@graph\":[{\"@type\":\"BlogPosting\",\"@id\":\"https:\\\/\\\/semanariolaprensa.com\\\/avantpremiere\\\/223-anos-del-escudo-de-maldonado-una-historia-que-comenzo-con-una-ballena-un-ancla-y-la-busqueda-de-identidad\\\/#blogposting\",\"name\":\"223 a\\u00f1os del Escudo de Maldonado: una historia que comenz\\u00f3 con una ballena, un ancla y la b\\u00fasqueda de identidad - Avant-Premi\\u00e8re\",\"headline\":\"223 a\\u00f1os del Escudo de Maldonado: una historia que comenz\\u00f3 con una ballena, un ancla y la b\\u00fasqueda de identidad\",\"author\":{\"@id\":\"https:\\\/\\\/semanariolaprensa.com\\\/avantpremiere\\\/author\\\/debaaureapremiere\\\/#author\"},\"publisher\":{\"@id\":\"https:\\\/\\\/semanariolaprensa.com\\\/avantpremiere\\\/#organization\"},\"image\":{\"@type\":\"ImageObject\",\"url\":\"https:\\\/\\\/i0.wp.com\\\/semanariolaprensa.com\\\/avantpremiere\\\/wp-content\\\/uploads\\\/2026\\\/08\\\/escudo-charla-maldondo.png?fit=1200%2C675&ssl=1\",\"width\":1200,\"height\":675},\"datePublished\":\"2026-08-29T21:31:17-03:00\",\"dateModified\":\"2026-08-29T21:33:07-03:00\",\"inLanguage\":\"es-ES\",\"mainEntityOfPage\":{\"@id\":\"https:\\\/\\\/semanariolaprensa.com\\\/avantpremiere\\\/223-anos-del-escudo-de-maldonado-una-historia-que-comenzo-con-una-ballena-un-ancla-y-la-busqueda-de-identidad\\\/#webpage\"},\"isPartOf\":{\"@id\":\"https:\\\/\\\/semanariolaprensa.com\\\/avantpremiere\\\/223-anos-del-escudo-de-maldonado-una-historia-que-comenzo-con-una-ballena-un-ancla-y-la-busqueda-de-identidad\\\/#webpage\"},\"articleSection\":\"Cultura, Locales, Primer Plano\"},{\"@type\":\"BreadcrumbList\",\"@id\":\"https:\\\/\\\/semanariolaprensa.com\\\/avantpremiere\\\/223-anos-del-escudo-de-maldonado-una-historia-que-comenzo-con-una-ballena-un-ancla-y-la-busqueda-de-identidad\\\/#breadcrumblist\",\"itemListElement\":[{\"@type\":\"ListItem\",\"@id\":\"https:\\\/\\\/semanariolaprensa.com\\\/avantpremiere#listItem\",\"position\":1,\"name\":\"Home\",\"item\":\"https:\\\/\\\/semanariolaprensa.com\\\/avantpremiere\",\"nextItem\":{\"@type\":\"ListItem\",\"@id\":\"https:\\\/\\\/semanariolaprensa.com\\\/avantpremiere\\\/category\\\/primer-plano\\\/#listItem\",\"name\":\"Primer Plano\"}},{\"@type\":\"ListItem\",\"@id\":\"https:\\\/\\\/semanariolaprensa.com\\\/avantpremiere\\\/category\\\/primer-plano\\\/#listItem\",\"position\":2,\"name\":\"Primer Plano\",\"item\":\"https:\\\/\\\/semanariolaprensa.com\\\/avantpremiere\\\/category\\\/primer-plano\\\/\",\"nextItem\":{\"@type\":\"ListItem\",\"@id\":\"https:\\\/\\\/semanariolaprensa.com\\\/avantpremiere\\\/223-anos-del-escudo-de-maldonado-una-historia-que-comenzo-con-una-ballena-un-ancla-y-la-busqueda-de-identidad\\\/#listItem\",\"name\":\"223 a\\u00f1os del Escudo de Maldonado: una historia que comenz\\u00f3 con una ballena, un ancla y la b\\u00fasqueda de identidad\"},\"previousItem\":{\"@type\":\"ListItem\",\"@id\":\"https:\\\/\\\/semanariolaprensa.com\\\/avantpremiere#listItem\",\"name\":\"Home\"}},{\"@type\":\"ListItem\",\"@id\":\"https:\\\/\\\/semanariolaprensa.com\\\/avantpremiere\\\/223-anos-del-escudo-de-maldonado-una-historia-que-comenzo-con-una-ballena-un-ancla-y-la-busqueda-de-identidad\\\/#listItem\",\"position\":3,\"name\":\"223 a\\u00f1os del Escudo de Maldonado: una historia que comenz\\u00f3 con una ballena, un ancla y la b\\u00fasqueda de identidad\",\"previousItem\":{\"@type\":\"ListItem\",\"@id\":\"https:\\\/\\\/semanariolaprensa.com\\\/avantpremiere\\\/category\\\/primer-plano\\\/#listItem\",\"name\":\"Primer Plano\"}}]},{\"@type\":\"Organization\",\"@id\":\"https:\\\/\\\/semanariolaprensa.com\\\/avantpremiere\\\/#organization\",\"name\":\"Avant-Premi\\u00e8re\",\"description\":\"La primera fila del entretenimiento\",\"url\":\"https:\\\/\\\/semanariolaprensa.com\\\/avantpremiere\\\/\",\"logo\":{\"@type\":\"ImageObject\",\"url\":\"https:\\\/\\\/i0.wp.com\\\/semanariolaprensa.com\\\/avantpremiere\\\/wp-content\\\/uploads\\\/2026\\\/01\\\/cropped-iconoaureapremiere-1.png?fit=512%2C512&ssl=1\",\"@id\":\"https:\\\/\\\/semanariolaprensa.com\\\/avantpremiere\\\/223-anos-del-escudo-de-maldonado-una-historia-que-comenzo-con-una-ballena-un-ancla-y-la-busqueda-de-identidad\\\/#organizationLogo\",\"width\":512,\"height\":512},\"image\":{\"@id\":\"https:\\\/\\\/semanariolaprensa.com\\\/avantpremiere\\\/223-anos-del-escudo-de-maldonado-una-historia-que-comenzo-con-una-ballena-un-ancla-y-la-busqueda-de-identidad\\\/#organizationLogo\"}},{\"@type\":\"Person\",\"@id\":\"https:\\\/\\\/semanariolaprensa.com\\\/avantpremiere\\\/author\\\/debaaureapremiere\\\/#author\",\"url\":\"https:\\\/\\\/semanariolaprensa.com\\\/avantpremiere\\\/author\\\/debaaureapremiere\\\/\",\"name\":\"Avant Premi\\u00e8re\",\"image\":{\"@type\":\"ImageObject\",\"@id\":\"https:\\\/\\\/semanariolaprensa.com\\\/avantpremiere\\\/223-anos-del-escudo-de-maldonado-una-historia-que-comenzo-con-una-ballena-un-ancla-y-la-busqueda-de-identidad\\\/#authorImage\",\"url\":\"https:\\\/\\\/secure.gravatar.com\\\/avatar\\\/25bd2526a0e92945ea41f6e68d1a9ff9a0293e6dffd0f172fc718d13a924f236?s=96&d=mm&r=g\",\"width\":96,\"height\":96,\"caption\":\"Avant Premi\\u00e8re\"}},{\"@type\":\"WebPage\",\"@id\":\"https:\\\/\\\/semanariolaprensa.com\\\/avantpremiere\\\/223-anos-del-escudo-de-maldonado-una-historia-que-comenzo-con-una-ballena-un-ancla-y-la-busqueda-de-identidad\\\/#webpage\",\"url\":\"https:\\\/\\\/semanariolaprensa.com\\\/avantpremiere\\\/223-anos-del-escudo-de-maldonado-una-historia-que-comenzo-con-una-ballena-un-ancla-y-la-busqueda-de-identidad\\\/\",\"name\":\"223 a\\u00f1os del Escudo de Maldonado: una historia que comenz\\u00f3 con una ballena, un ancla y la b\\u00fasqueda de identidad - Avant-Premi\\u00e8re\",\"description\":\"La historia del Escudo de Maldonado, su origen colonial, los cambios que experiment\\u00f3 y el valor que mantiene como s\\u00edmbolo de identidad departamental fueron el eje de la conferencia brindada por el profesor Leandro Scasso Burghi en el Cuartel de Dragones, que cont\\u00f3 con la presencia del intendente de Maldonado, Miguel Abella y su se\\u00f1ora\",\"inLanguage\":\"es-ES\",\"isPartOf\":{\"@id\":\"https:\\\/\\\/semanariolaprensa.com\\\/avantpremiere\\\/#website\"},\"breadcrumb\":{\"@id\":\"https:\\\/\\\/semanariolaprensa.com\\\/avantpremiere\\\/223-anos-del-escudo-de-maldonado-una-historia-que-comenzo-con-una-ballena-un-ancla-y-la-busqueda-de-identidad\\\/#breadcrumblist\"},\"author\":{\"@id\":\"https:\\\/\\\/semanariolaprensa.com\\\/avantpremiere\\\/author\\\/debaaureapremiere\\\/#author\"},\"creator\":{\"@id\":\"https:\\\/\\\/semanariolaprensa.com\\\/avantpremiere\\\/author\\\/debaaureapremiere\\\/#author\"},\"image\":{\"@type\":\"ImageObject\",\"url\":\"https:\\\/\\\/i0.wp.com\\\/semanariolaprensa.com\\\/avantpremiere\\\/wp-content\\\/uploads\\\/2026\\\/08\\\/escudo-charla-maldondo.png?fit=1200%2C675&ssl=1\",\"@id\":\"https:\\\/\\\/semanariolaprensa.com\\\/avantpremiere\\\/223-anos-del-escudo-de-maldonado-una-historia-que-comenzo-con-una-ballena-un-ancla-y-la-busqueda-de-identidad\\\/#mainImage\",\"width\":1200,\"height\":675},\"primaryImageOfPage\":{\"@id\":\"https:\\\/\\\/semanariolaprensa.com\\\/avantpremiere\\\/223-anos-del-escudo-de-maldonado-una-historia-que-comenzo-con-una-ballena-un-ancla-y-la-busqueda-de-identidad\\\/#mainImage\"},\"datePublished\":\"2026-08-29T21:31:17-03:00\",\"dateModified\":\"2026-08-29T21:33:07-03:00\"},{\"@type\":\"WebSite\",\"@id\":\"https:\\\/\\\/semanariolaprensa.com\\\/avantpremiere\\\/#website\",\"url\":\"https:\\\/\\\/semanariolaprensa.com\\\/avantpremiere\\\/\",\"name\":\"Avant-Premi\\u00e8re\",\"description\":\"La primera fila del entretenimiento\",\"inLanguage\":\"es-ES\",\"publisher\":{\"@id\":\"https:\\\/\\\/semanariolaprensa.com\\\/avantpremiere\\\/#organization\"}}]}\n\t\t<\/script>\n\t\t<!-- All in One SEO -->\n\n","aioseo_head_json":{"title":"223 a\u00f1os del Escudo de Maldonado: una historia que comenz\u00f3 con una ballena, un ancla y la b\u00fasqueda de identidad - Avant-Premi\u00e8re","description":"La historia del Escudo de Maldonado, su origen colonial, los cambios que experiment\u00f3 y el valor que mantiene como s\u00edmbolo de identidad departamental fueron el eje de la conferencia brindada por el profesor Leandro Scasso Burghi en el Cuartel de Dragones, que cont\u00f3 con la presencia del intendente de Maldonado, Miguel Abella y su se\u00f1ora","canonical_url":"https:\/\/semanariolaprensa.com\/avantpremiere\/223-anos-del-escudo-de-maldonado-una-historia-que-comenzo-con-una-ballena-un-ancla-y-la-busqueda-de-identidad\/","robots":"max-image-preview:large","keywords":"","webmasterTools":{"miscellaneous":""},"schema":{"@context":"https:\/\/schema.org","@graph":[{"@type":"BlogPosting","@id":"https:\/\/semanariolaprensa.com\/avantpremiere\/223-anos-del-escudo-de-maldonado-una-historia-que-comenzo-con-una-ballena-un-ancla-y-la-busqueda-de-identidad\/#blogposting","name":"223 a\u00f1os del Escudo de Maldonado: una historia que comenz\u00f3 con una ballena, un ancla y la b\u00fasqueda de identidad - Avant-Premi\u00e8re","headline":"223 a\u00f1os del Escudo de Maldonado: una historia que comenz\u00f3 con una ballena, un ancla y la b\u00fasqueda de identidad","author":{"@id":"https:\/\/semanariolaprensa.com\/avantpremiere\/author\/debaaureapremiere\/#author"},"publisher":{"@id":"https:\/\/semanariolaprensa.com\/avantpremiere\/#organization"},"image":{"@type":"ImageObject","url":"https:\/\/i0.wp.com\/semanariolaprensa.com\/avantpremiere\/wp-content\/uploads\/2026\/08\/escudo-charla-maldondo.png?fit=1200%2C675&ssl=1","width":1200,"height":675},"datePublished":"2026-08-29T21:31:17-03:00","dateModified":"2026-08-29T21:33:07-03:00","inLanguage":"es-ES","mainEntityOfPage":{"@id":"https:\/\/semanariolaprensa.com\/avantpremiere\/223-anos-del-escudo-de-maldonado-una-historia-que-comenzo-con-una-ballena-un-ancla-y-la-busqueda-de-identidad\/#webpage"},"isPartOf":{"@id":"https:\/\/semanariolaprensa.com\/avantpremiere\/223-anos-del-escudo-de-maldonado-una-historia-que-comenzo-con-una-ballena-un-ancla-y-la-busqueda-de-identidad\/#webpage"},"articleSection":"Cultura, Locales, Primer Plano"},{"@type":"BreadcrumbList","@id":"https:\/\/semanariolaprensa.com\/avantpremiere\/223-anos-del-escudo-de-maldonado-una-historia-que-comenzo-con-una-ballena-un-ancla-y-la-busqueda-de-identidad\/#breadcrumblist","itemListElement":[{"@type":"ListItem","@id":"https:\/\/semanariolaprensa.com\/avantpremiere#listItem","position":1,"name":"Home","item":"https:\/\/semanariolaprensa.com\/avantpremiere","nextItem":{"@type":"ListItem","@id":"https:\/\/semanariolaprensa.com\/avantpremiere\/category\/primer-plano\/#listItem","name":"Primer Plano"}},{"@type":"ListItem","@id":"https:\/\/semanariolaprensa.com\/avantpremiere\/category\/primer-plano\/#listItem","position":2,"name":"Primer Plano","item":"https:\/\/semanariolaprensa.com\/avantpremiere\/category\/primer-plano\/","nextItem":{"@type":"ListItem","@id":"https:\/\/semanariolaprensa.com\/avantpremiere\/223-anos-del-escudo-de-maldonado-una-historia-que-comenzo-con-una-ballena-un-ancla-y-la-busqueda-de-identidad\/#listItem","name":"223 a\u00f1os del Escudo de Maldonado: una historia que comenz\u00f3 con una ballena, un ancla y la b\u00fasqueda de identidad"},"previousItem":{"@type":"ListItem","@id":"https:\/\/semanariolaprensa.com\/avantpremiere#listItem","name":"Home"}},{"@type":"ListItem","@id":"https:\/\/semanariolaprensa.com\/avantpremiere\/223-anos-del-escudo-de-maldonado-una-historia-que-comenzo-con-una-ballena-un-ancla-y-la-busqueda-de-identidad\/#listItem","position":3,"name":"223 a\u00f1os del Escudo de Maldonado: una historia que comenz\u00f3 con una ballena, un ancla y la b\u00fasqueda de identidad","previousItem":{"@type":"ListItem","@id":"https:\/\/semanariolaprensa.com\/avantpremiere\/category\/primer-plano\/#listItem","name":"Primer Plano"}}]},{"@type":"Organization","@id":"https:\/\/semanariolaprensa.com\/avantpremiere\/#organization","name":"Avant-Premi\u00e8re","description":"La primera fila del entretenimiento","url":"https:\/\/semanariolaprensa.com\/avantpremiere\/","logo":{"@type":"ImageObject","url":"https:\/\/i0.wp.com\/semanariolaprensa.com\/avantpremiere\/wp-content\/uploads\/2026\/01\/cropped-iconoaureapremiere-1.png?fit=512%2C512&ssl=1","@id":"https:\/\/semanariolaprensa.com\/avantpremiere\/223-anos-del-escudo-de-maldonado-una-historia-que-comenzo-con-una-ballena-un-ancla-y-la-busqueda-de-identidad\/#organizationLogo","width":512,"height":512},"image":{"@id":"https:\/\/semanariolaprensa.com\/avantpremiere\/223-anos-del-escudo-de-maldonado-una-historia-que-comenzo-con-una-ballena-un-ancla-y-la-busqueda-de-identidad\/#organizationLogo"}},{"@type":"Person","@id":"https:\/\/semanariolaprensa.com\/avantpremiere\/author\/debaaureapremiere\/#author","url":"https:\/\/semanariolaprensa.com\/avantpremiere\/author\/debaaureapremiere\/","name":"Avant Premi\u00e8re","image":{"@type":"ImageObject","@id":"https:\/\/semanariolaprensa.com\/avantpremiere\/223-anos-del-escudo-de-maldonado-una-historia-que-comenzo-con-una-ballena-un-ancla-y-la-busqueda-de-identidad\/#authorImage","url":"https:\/\/secure.gravatar.com\/avatar\/25bd2526a0e92945ea41f6e68d1a9ff9a0293e6dffd0f172fc718d13a924f236?s=96&d=mm&r=g","width":96,"height":96,"caption":"Avant Premi\u00e8re"}},{"@type":"WebPage","@id":"https:\/\/semanariolaprensa.com\/avantpremiere\/223-anos-del-escudo-de-maldonado-una-historia-que-comenzo-con-una-ballena-un-ancla-y-la-busqueda-de-identidad\/#webpage","url":"https:\/\/semanariolaprensa.com\/avantpremiere\/223-anos-del-escudo-de-maldonado-una-historia-que-comenzo-con-una-ballena-un-ancla-y-la-busqueda-de-identidad\/","name":"223 a\u00f1os del Escudo de Maldonado: una historia que comenz\u00f3 con una ballena, un ancla y la b\u00fasqueda de identidad - Avant-Premi\u00e8re","description":"La historia del Escudo de Maldonado, su origen colonial, los cambios que experiment\u00f3 y el valor que mantiene como s\u00edmbolo de identidad departamental fueron el eje de la conferencia brindada por el profesor Leandro Scasso Burghi en el Cuartel de Dragones, que cont\u00f3 con la presencia del intendente de Maldonado, Miguel Abella y su se\u00f1ora","inLanguage":"es-ES","isPartOf":{"@id":"https:\/\/semanariolaprensa.com\/avantpremiere\/#website"},"breadcrumb":{"@id":"https:\/\/semanariolaprensa.com\/avantpremiere\/223-anos-del-escudo-de-maldonado-una-historia-que-comenzo-con-una-ballena-un-ancla-y-la-busqueda-de-identidad\/#breadcrumblist"},"author":{"@id":"https:\/\/semanariolaprensa.com\/avantpremiere\/author\/debaaureapremiere\/#author"},"creator":{"@id":"https:\/\/semanariolaprensa.com\/avantpremiere\/author\/debaaureapremiere\/#author"},"image":{"@type":"ImageObject","url":"https:\/\/i0.wp.com\/semanariolaprensa.com\/avantpremiere\/wp-content\/uploads\/2026\/08\/escudo-charla-maldondo.png?fit=1200%2C675&ssl=1","@id":"https:\/\/semanariolaprensa.com\/avantpremiere\/223-anos-del-escudo-de-maldonado-una-historia-que-comenzo-con-una-ballena-un-ancla-y-la-busqueda-de-identidad\/#mainImage","width":1200,"height":675},"primaryImageOfPage":{"@id":"https:\/\/semanariolaprensa.com\/avantpremiere\/223-anos-del-escudo-de-maldonado-una-historia-que-comenzo-con-una-ballena-un-ancla-y-la-busqueda-de-identidad\/#mainImage"},"datePublished":"2026-08-29T21:31:17-03:00","dateModified":"2026-08-29T21:33:07-03:00"},{"@type":"WebSite","@id":"https:\/\/semanariolaprensa.com\/avantpremiere\/#website","url":"https:\/\/semanariolaprensa.com\/avantpremiere\/","name":"Avant-Premi\u00e8re","description":"La primera fila del entretenimiento","inLanguage":"es-ES","publisher":{"@id":"https:\/\/semanariolaprensa.com\/avantpremiere\/#organization"}}]},"og:locale":"es_ES","og:site_name":"Avant-Premi\u00e8re - La primera fila del entretenimiento","og:type":"article","og:title":"223 a\u00f1os del Escudo de Maldonado: una historia que comenz\u00f3 con una ballena, un ancla y la b\u00fasqueda de identidad - Avant-Premi\u00e8re","og:description":"La historia del Escudo de Maldonado, su origen colonial, los cambios que experiment\u00f3 y el valor que mantiene como s\u00edmbolo de identidad departamental fueron el eje de la conferencia brindada por el profesor Leandro Scasso Burghi en el Cuartel de Dragones, que cont\u00f3 con la presencia del intendente de Maldonado, Miguel Abella y su se\u00f1ora","og:url":"https:\/\/semanariolaprensa.com\/avantpremiere\/223-anos-del-escudo-de-maldonado-una-historia-que-comenzo-con-una-ballena-un-ancla-y-la-busqueda-de-identidad\/","article:published_time":"2026-08-30T00:31:17+00:00","article:modified_time":"2026-08-30T00:33:07+00:00","twitter:card":"summary_large_image","twitter:title":"223 a\u00f1os del Escudo de Maldonado: una historia que comenz\u00f3 con una ballena, un ancla y la b\u00fasqueda de identidad - Avant-Premi\u00e8re","twitter:description":"La historia del Escudo de Maldonado, su origen colonial, los cambios que experiment\u00f3 y el valor que mantiene como s\u00edmbolo de identidad departamental fueron el eje de la conferencia brindada por el profesor Leandro Scasso Burghi en el Cuartel de Dragones, que cont\u00f3 con la presencia del intendente de Maldonado, Miguel Abella y su se\u00f1ora"},"aioseo_meta_data":{"post_id":"3201","title":null,"description":null,"keywords":null,"keyphrases":{"focus":{"keyphrase":"","score":0,"analysis":{"keyphraseInTitle":{"score":0,"maxScore":9,"error":1}}},"additional":[]},"primary_term":null,"canonical_url":null,"og_title":null,"og_description":null,"og_object_type":"default","og_image_type":"default","og_image_url":null,"og_image_width":null,"og_image_height":null,"og_image_custom_url":null,"og_image_custom_fields":null,"og_video":"","og_custom_url":null,"og_article_section":null,"og_article_tags":null,"twitter_use_og":false,"twitter_card":"default","twitter_image_type":"default","twitter_image_url":null,"twitter_image_custom_url":null,"twitter_image_custom_fields":null,"twitter_title":null,"twitter_description":null,"schema":{"blockGraphs":[],"customGraphs":[],"default":{"data":{"Article":[],"Course":[],"Dataset":[],"FAQPage":[],"Movie":[],"Person":[],"Product":[],"ProductReview":[],"Car":[],"Recipe":[],"Service":[],"SoftwareApplication":[],"WebPage":[]},"graphName":"BlogPosting","isEnabled":true},"graphs":[]},"schema_type":"default","schema_type_options":null,"pillar_content":false,"robots_default":true,"robots_noindex":false,"robots_noarchive":false,"robots_nosnippet":false,"robots_nofollow":false,"robots_noimageindex":false,"robots_noodp":false,"robots_notranslate":false,"robots_max_snippet":"-1","robots_max_videopreview":"-1","robots_max_imagepreview":"large","priority":null,"frequency":"default","local_seo":null,"breadcrumb_settings":null,"limit_modified_date":false,"ai":{"faqs":[],"keyPoints":[],"schemas":[],"titles":[],"descriptions":[],"socialPosts":{"email":{"subject":"","preview":"","content":""},"linkedin":[],"twitter":[],"facebook":[],"instagram":[]}},"created":"2026-08-30 00:31:20","updated":"2026-08-30 02:26:40","seo_analyzer_scan_date":null,"focus_keyword":null,"additional_keywords":null,"truseo_locale":null},"aioseo_breadcrumb":"<div class=\"aioseo-breadcrumbs\"><span class=\"aioseo-breadcrumb\">\n\t\t\t<a href=\"https:\/\/semanariolaprensa.com\/avantpremiere\" title=\"Home\">Home<\/a>\n\t\t<\/span><span class=\"aioseo-breadcrumb-separator\">&raquo;<\/span><span class=\"aioseo-breadcrumb\">\n\t\t\t<a href=\"https:\/\/semanariolaprensa.com\/avantpremiere\/category\/primer-plano\/\" title=\"Primer Plano\">Primer Plano<\/a>\n\t\t<\/span><span class=\"aioseo-breadcrumb-separator\">&raquo;<\/span><span class=\"aioseo-breadcrumb\">\n\t\t\t223 a\u00f1os del Escudo de Maldonado: una historia que comenz\u00f3 con una ballena, un ancla y la b\u00fasqueda de identidad\n\t\t<\/span><\/div>","aioseo_breadcrumb_json":[{"label":"Home","link":"https:\/\/semanariolaprensa.com\/avantpremiere"},{"label":"Primer Plano","link":"https:\/\/semanariolaprensa.com\/avantpremiere\/category\/primer-plano\/"},{"label":"223 a\u00f1os del Escudo de Maldonado: una historia que comenz\u00f3 con una ballena, un ancla y la b\u00fasqueda de identidad","link":"https:\/\/semanariolaprensa.com\/avantpremiere\/223-anos-del-escudo-de-maldonado-una-historia-que-comenzo-con-una-ballena-un-ancla-y-la-busqueda-de-identidad\/"}],"jetpack_sharing_enabled":true,"jetpack_featured_media_url":"https:\/\/i0.wp.com\/semanariolaprensa.com\/avantpremiere\/wp-content\/uploads\/2026\/08\/escudo-charla-maldondo.png?fit=1200%2C675&ssl=1","_links":{"self":[{"href":"https:\/\/semanariolaprensa.com\/avantpremiere\/wp-json\/wp\/v2\/posts\/3201","targetHints":{"allow":["GET"]}}],"collection":[{"href":"https:\/\/semanariolaprensa.com\/avantpremiere\/wp-json\/wp\/v2\/posts"}],"about":[{"href":"https:\/\/semanariolaprensa.com\/avantpremiere\/wp-json\/wp\/v2\/types\/post"}],"author":[{"embeddable":true,"href":"https:\/\/semanariolaprensa.com\/avantpremiere\/wp-json\/wp\/v2\/users\/1"}],"replies":[{"embeddable":true,"href":"https:\/\/semanariolaprensa.com\/avantpremiere\/wp-json\/wp\/v2\/comments?post=3201"}],"version-history":[{"count":1,"href":"https:\/\/semanariolaprensa.com\/avantpremiere\/wp-json\/wp\/v2\/posts\/3201\/revisions"}],"predecessor-version":[{"id":3211,"href":"https:\/\/semanariolaprensa.com\/avantpremiere\/wp-json\/wp\/v2\/posts\/3201\/revisions\/3211"}],"wp:featuredmedia":[{"embeddable":true,"href":"https:\/\/semanariolaprensa.com\/avantpremiere\/wp-json\/wp\/v2\/media\/3202"}],"wp:attachment":[{"href":"https:\/\/semanariolaprensa.com\/avantpremiere\/wp-json\/wp\/v2\/media?parent=3201"}],"wp:term":[{"taxonomy":"category","embeddable":true,"href":"https:\/\/semanariolaprensa.com\/avantpremiere\/wp-json\/wp\/v2\/categories?post=3201"},{"taxonomy":"post_tag","embeddable":true,"href":"https:\/\/semanariolaprensa.com\/avantpremiere\/wp-json\/wp\/v2\/tags?post=3201"}],"curies":[{"name":"wp","href":"https:\/\/api.w.org\/{rel}","templated":true}]}}