{"id":3200,"date":"2026-08-29T21:55:35","date_gmt":"2026-08-30T00:55:35","guid":{"rendered":"https:\/\/semanariolaprensa.com\/avantpremiere\/?p=3200"},"modified":"2026-08-29T23:27:44","modified_gmt":"2026-08-30T02:27:44","slug":"garlo-recordo-como-encontro-en-la-biblioteca-nacional-el-documento-historico-que-dio-origen-al-escudo-de-maldonado","status":"publish","type":"post","link":"https:\/\/semanariolaprensa.com\/avantpremiere\/garlo-recordo-como-encontro-en-la-biblioteca-nacional-el-documento-historico-que-dio-origen-al-escudo-de-maldonado\/","title":{"rendered":"Garlo record\u00f3 c\u00f3mo encontr\u00f3 en la Biblioteca Nacional el documento hist\u00f3rico que dio origen al escudo de Maldonado"},"content":{"rendered":"\n<p class=\"wp-block-paragraph\"><strong>El diputado Joaqu\u00edn Garlo relat\u00f3 una particular historia vinculada a uno de los s\u00edmbolos m\u00e1s importantes del departamento: el escudo de Maldonado. Cont\u00f3 que, tras una extensa b\u00fasqueda junto a funcionarias de la Biblioteca Nacional, logr\u00f3 encontrar la Real C\u00e9dula de Carlos IV que dispon\u00eda su creaci\u00f3n, un documento de m\u00e1s de 200 a\u00f1os cuya ubicaci\u00f3n se hab\u00eda perdido. \u201cDije: hasta que no aparezca no me voy\u201d, record\u00f3.<\/strong><\/p>\n\n\n\n<p class=\"wp-block-paragraph\">El diputado por Maldonado <strong>Joaqu\u00edn Garlo<\/strong> (Frente Amplio) protagoniz\u00f3 una historia poco conocida vinculada directamente con la identidad del departamento: la recuperaci\u00f3n de un documento hist\u00f3rico fundamental para conocer el origen del <strong>escudo de Maldonado<\/strong>.<\/p>\n\n\n\n<p class=\"wp-block-paragraph\">En di\u00e1logo con semanario La Prensa, Garlo record\u00f3 c\u00f3mo surgi\u00f3 la b\u00fasqueda a partir de su amistad con <strong>Leandro Scasso<\/strong>, con quien comparte, seg\u00fan expres\u00f3, \u201cel amor por la historia de Maldonado y el amor por Maldonado\u201d.<\/p>\n\n\n\n<p class=\"wp-block-paragraph\">\u201cHace muchos a\u00f1os atr\u00e1s me dice: \u2018Estamos buscando un documento que Maruja D\u00edaz de Guerra referencia en un libro respecto a la creaci\u00f3n del escudo de Maldonado, la Real C\u00e9dula de Carlos IV que dispone la creaci\u00f3n del escudo, que aparentemente est\u00e1 en la Biblioteca Nacional pero no aparece\u2019\u201d, relat\u00f3 el legislador.<\/p>\n\n\n\n<p class=\"wp-block-paragraph\">Ante esa situaci\u00f3n, Garlo decidi\u00f3 intentar encontrarlo personalmente. \u201cUn d\u00eda en Montevideo me instal\u00e9 en la Biblioteca Nacional y dije: <strong>\u2018Hasta que no aparezca no me voy\u2019<\/strong>. Y apareci\u00f3\u201d, record\u00f3.<\/p>\n\n\n\n<p class=\"wp-block-paragraph\">Ver declaraciones de Garlo a partir del minuto 1:11:40<\/p>\n\n\n\n<iframe width=\"560\" height=\"315\" src=\"https:\/\/www.youtube.com\/embed\/wP22hjB8kgs?si=i9hXwoKN9_HO4eEw\" title=\"YouTube video player\" frameborder=\"0\" allow=\"accelerometer; autoplay; clipboard-write; encrypted-media; gyroscope; picture-in-picture; web-share\" referrerpolicy=\"strict-origin-when-cross-origin\" allowfullscreen><\/iframe>\n\n\n\n<h5 class=\"wp-block-heading\"><strong>Una tarde entre carpetas y documentos de m\u00e1s de 200 a\u00f1os<\/strong><\/h5>\n\n\n\n<p class=\"wp-block-paragraph\">El diputado explic\u00f3 que la b\u00fasqueda demand\u00f3 una tarde completa y que cont\u00f3 con la colaboraci\u00f3n de funcionarias de la Biblioteca Nacional. \u201cNos pusimos a buscar en carpetas, carpetines, guantes mediante para proteger documentos que tienen m\u00e1s de 200 a\u00f1os de historia\u201d, se\u00f1al\u00f3.<\/p>\n\n\n\n<p class=\"wp-block-paragraph\">Finalmente, lograron dar con la documentaci\u00f3n, que posteriormente fue digitalizada. \u201cLeandro lo rescat\u00f3, lo public\u00f3 en la <strong>Revista Hist\u00f3rica de Maldonado<\/strong> y es parte de la identidad de los maldonadenses\u201d, destac\u00f3 Garlo.<\/p>\n\n\n\n<p class=\"wp-block-paragraph\">El hallazgo tuvo adem\u00e1s una particularidad: el documento apareci\u00f3 en un lugar donde, en principio, no deb\u00eda encontrarse. \u201cEn un momento dijimos: \u2018Bueno, no aparece, no est\u00e1\u2019, y all\u00e1 en una carpeta que no deb\u00eda estar&#8230; cosas maravillosas que suelen suceder\u201d, record\u00f3.<\/p>\n\n\n\n<p class=\"wp-block-paragraph\"><strong>\u201cFue muy emocionante\u201d<\/strong><br>Garlo afirm\u00f3 que el momento del hallazgo estuvo cargado de emoci\u00f3n, no solamente por el valor hist\u00f3rico del documento, sino tambi\u00e9n por la historia que hab\u00eda detr\u00e1s de su conservaci\u00f3n.<\/p>\n\n\n\n<p class=\"wp-block-paragraph\">Explic\u00f3 que El\u00edas Devincenzi, uno de los primeros diputados de Maldonado en el siglo XIX, hab\u00eda rescatado el documento y posteriormente lo hab\u00eda donado a la Biblioteca Nacional.<\/p>\n\n\n\n<p class=\"wp-block-paragraph\">\u201c<strong>Fue muy emocionante<\/strong>, porque adem\u00e1s uno de los primeros diputados de Maldonado del siglo XIX, El\u00edas Devicenzi, fue quien lo rescat\u00f3 y lo don\u00f3 a la Biblioteca Nacional, y 130, 140 a\u00f1os despu\u00e9s lo pudimos ubicar de nuevo porque no hab\u00eda registro, no sab\u00edamos d\u00f3nde estaba guardado\u201d, expres\u00f3.<\/p>\n\n\n\n<p class=\"wp-block-paragraph\">Tras ser localizado, el documento pudo ser digitalizado y difundido nuevamente como parte del patrimonio hist\u00f3rico del departamento.<\/p>\n\n\n<div class=\"wp-block-image\">\n<figure class=\"aligncenter size-full\"><img data-recalc-dims=\"1\" fetchpriority=\"high\" decoding=\"async\" width=\"797\" height=\"459\" src=\"https:\/\/i0.wp.com\/semanariolaprensa.com\/avantpremiere\/wp-content\/uploads\/2026\/08\/Captura-de-pantalla-2026-08-29-210322.png?resize=797%2C459&#038;ssl=1\" alt=\"\" class=\"wp-image-3216\" srcset=\"https:\/\/i0.wp.com\/semanariolaprensa.com\/avantpremiere\/wp-content\/uploads\/2026\/08\/Captura-de-pantalla-2026-08-29-210322.png?w=797&amp;ssl=1 797w, https:\/\/i0.wp.com\/semanariolaprensa.com\/avantpremiere\/wp-content\/uploads\/2026\/08\/Captura-de-pantalla-2026-08-29-210322.png?resize=300%2C173&amp;ssl=1 300w, https:\/\/i0.wp.com\/semanariolaprensa.com\/avantpremiere\/wp-content\/uploads\/2026\/08\/Captura-de-pantalla-2026-08-29-210322.png?resize=767%2C442&amp;ssl=1 767w, https:\/\/i0.wp.com\/semanariolaprensa.com\/avantpremiere\/wp-content\/uploads\/2026\/08\/Captura-de-pantalla-2026-08-29-210322.png?resize=750%2C431&amp;ssl=1 750w\" sizes=\"(max-width: 797px) 100vw, 797px\" \/><\/figure>\n<\/div>\n\n\n<p class=\"wp-block-paragraph\"><strong>El escudo que Garlo lleva siempre en su saco<\/strong><br>La an\u00e9cdota tiene adem\u00e1s un componente personal para el legislador. Garlo revel\u00f3 que el peque\u00f1o <strong>escudo de Maldonado que habitualmente lleva en la solapa de su saco<\/strong> fue un regalo de Leandro Scasso.<\/p>\n\n\n\n<p class=\"wp-block-paragraph\">\u201cEs un escudo que yo conservo y que lo llevo siempre en la solapa de mi saco porque es el recuerdo permanente que represento al departamento de Maldonado, a la gente de Maldonado, y que <strong>Maldonado es mi lugar en el mundo<\/strong>\u201d, afirm\u00f3.<\/p>\n\n\n\n<p class=\"wp-block-paragraph\">Para Garlo, aquel hallazgo trascendi\u00f3 la simple recuperaci\u00f3n de un documento y pas\u00f3 a formar parte de una historia vinculada con la conservaci\u00f3n de la memoria y la identidad departamental.<\/p>\n\n\n\n<p class=\"wp-block-paragraph\"><strong>Tambi\u00e9n habl\u00f3 del futuro Liceo N\u00ba 2 de Piri\u00e1polis<\/strong><br>Durante la misma entrevista, el diputado se refiri\u00f3 adem\u00e1s al anuncio realizado por ANEP sobre la futura construcci\u00f3n del <strong>Liceo N\u00ba 2 de Piri\u00e1polis<\/strong>.<\/p>\n\n\n\n<p class=\"wp-block-paragraph\">Garlo destac\u00f3 el trabajo conjunto entre distintos organismos y se\u00f1al\u00f3 que la licitaci\u00f3n se concretar\u00eda en los pr\u00f3ximos meses, con la intenci\u00f3n de comenzar las obras durante el pr\u00f3ximo a\u00f1o.<\/p>\n\n\n\n<p class=\"wp-block-paragraph\">Tambi\u00e9n aclar\u00f3 que el nuevo centro educativo no se construir\u00e1 exactamente en el predio donde durante meses estuvo colocado el cartel que anunciaba el proyecto, sino en un terreno ubicado del otro lado, enfrente, en un predio lindero al parque La Cascada.<\/p>\n\n\n\n<p class=\"wp-block-paragraph\">\u201cEl liceo va a estar, pero enfrente\u201d, resumi\u00f3 el legislador.<\/p>\n","protected":false},"excerpt":{"rendered":"<p>El diputado Joaqu\u00edn Garlo relat\u00f3 una particular historia vinculada a uno de los s\u00edmbolos m\u00e1s importantes del departamento: el escudo de Maldonado. Cont\u00f3 que, tras una extensa b\u00fasqueda junto a funcionarias de la Biblioteca Nacional, logr\u00f3 encontrar la Real C\u00e9dula de Carlos IV que dispon\u00eda su creaci\u00f3n, un documento de m\u00e1s de 200 a\u00f1os cuya [&hellip;]<\/p>\n","protected":false},"author":1,"featured_media":3213,"comment_status":"open","ping_status":"open","sticky":false,"template":"","format":"standard","meta":{"om_disable_all_campaigns":false,"_monsterinsights_skip_tracking":false,"_jetpack_newsletter_access":"","_jetpack_dont_email_post_to_subs":false,"_jetpack_newsletter_tier_id":0,"_jetpack_memberships_contains_paywalled_content":false,"_jetpack_feature_clip_id":0,"_jetpack_memberships_contains_paid_content":false,"jnews-multi-image_gallery":[],"jnews_single_post":{"format":"standard"},"jnews_primary_category":[],"jnews_override_bookmark_settings":[],"jnews_social_meta":[],"jnews_review":[],"enable_review":"","type":"","name":"","summary":"","brand":"","sku":"","good":[],"bad":[],"score_override":"","override_value":"","rating":[],"price":[],"jnews_override_counter":[],"footnotes":"","jetpack_post_was_ever_published":false},"categories":[415,416,82,2074],"tags":[],"class_list":["post-3200","post","type-post","status-publish","format-standard","has-post-thumbnail","hentry","category-cultura","category-locales","category-primer-plano","category-tradicion"],"aioseo_notices":[],"aioseo_head":"\n\t\t<!-- All in One SEO 5.0.1 - aioseo.com -->\n\t<meta name=\"description\" content=\"El diputado Joaqu\u00edn Garlo relat\u00f3 una particular historia vinculada a uno de los s\u00edmbolos m\u00e1s importantes del departamento: el escudo de Maldonado. Cont\u00f3 que, tras una extensa b\u00fasqueda junto a funcionarias de la Biblioteca Nacional, logr\u00f3 encontrar la Real C\u00e9dula de Carlos IV que dispon\u00eda su creaci\u00f3n, un documento de m\u00e1s de 200 a\u00f1os cuya\" \/>\n\t<meta name=\"robots\" content=\"max-image-preview:large\" \/>\n\t<meta name=\"author\" content=\"Avant Premi\u00e8re\"\/>\n\t<link rel=\"canonical\" href=\"https:\/\/semanariolaprensa.com\/avantpremiere\/garlo-recordo-como-encontro-en-la-biblioteca-nacional-el-documento-historico-que-dio-origen-al-escudo-de-maldonado\/\" \/>\n\t<meta name=\"generator\" content=\"All in One SEO (AIOSEO) 5.0.1\" \/>\n\t\t<meta property=\"og:locale\" content=\"es_ES\" \/>\n\t\t<meta property=\"og:site_name\" content=\"Avant-Premi\u00e8re - La primera fila del entretenimiento\" \/>\n\t\t<meta property=\"og:type\" content=\"article\" \/>\n\t\t<meta property=\"og:title\" content=\"Garlo record\u00f3 c\u00f3mo encontr\u00f3 en la Biblioteca Nacional el documento hist\u00f3rico que dio origen al escudo de Maldonado - Avant-Premi\u00e8re\" \/>\n\t\t<meta property=\"og:description\" content=\"El diputado Joaqu\u00edn Garlo relat\u00f3 una particular historia vinculada a uno de los s\u00edmbolos m\u00e1s importantes del departamento: el escudo de Maldonado. Cont\u00f3 que, tras una extensa b\u00fasqueda junto a funcionarias de la Biblioteca Nacional, logr\u00f3 encontrar la Real C\u00e9dula de Carlos IV que dispon\u00eda su creaci\u00f3n, un documento de m\u00e1s de 200 a\u00f1os cuya\" \/>\n\t\t<meta property=\"og:url\" content=\"https:\/\/semanariolaprensa.com\/avantpremiere\/garlo-recordo-como-encontro-en-la-biblioteca-nacional-el-documento-historico-que-dio-origen-al-escudo-de-maldonado\/\" \/>\n\t\t<meta property=\"article:published_time\" content=\"2026-08-30T00:55:35+00:00\" \/>\n\t\t<meta property=\"article:modified_time\" content=\"2026-08-30T02:27:44+00:00\" \/>\n\t\t<meta name=\"twitter:card\" content=\"summary_large_image\" \/>\n\t\t<meta name=\"twitter:title\" content=\"Garlo record\u00f3 c\u00f3mo encontr\u00f3 en la Biblioteca Nacional el documento hist\u00f3rico que dio origen al escudo de Maldonado - Avant-Premi\u00e8re\" \/>\n\t\t<meta name=\"twitter:description\" content=\"El diputado Joaqu\u00edn Garlo relat\u00f3 una particular historia vinculada a uno de los s\u00edmbolos m\u00e1s importantes del departamento: el escudo de Maldonado. Cont\u00f3 que, tras una extensa b\u00fasqueda junto a funcionarias de la Biblioteca Nacional, logr\u00f3 encontrar la Real C\u00e9dula de Carlos IV que dispon\u00eda su creaci\u00f3n, un documento de m\u00e1s de 200 a\u00f1os cuya\" \/>\n\t\t<script type=\"application\/ld+json\" class=\"aioseo-schema\">\n\t\t\t{\"@context\":\"https:\\\/\\\/schema.org\",\"@graph\":[{\"@type\":\"BlogPosting\",\"@id\":\"https:\\\/\\\/semanariolaprensa.com\\\/avantpremiere\\\/garlo-recordo-como-encontro-en-la-biblioteca-nacional-el-documento-historico-que-dio-origen-al-escudo-de-maldonado\\\/#blogposting\",\"name\":\"Garlo record\\u00f3 c\\u00f3mo encontr\\u00f3 en la Biblioteca Nacional el documento hist\\u00f3rico que dio origen al escudo de Maldonado - Avant-Premi\\u00e8re\",\"headline\":\"Garlo record\\u00f3 c\\u00f3mo encontr\\u00f3 en la Biblioteca Nacional el documento hist\\u00f3rico que dio origen al escudo de Maldonado\",\"author\":{\"@id\":\"https:\\\/\\\/semanariolaprensa.com\\\/avantpremiere\\\/author\\\/debaaureapremiere\\\/#author\"},\"publisher\":{\"@id\":\"https:\\\/\\\/semanariolaprensa.com\\\/avantpremiere\\\/#organization\"},\"image\":{\"@type\":\"ImageObject\",\"url\":\"https:\\\/\\\/i0.wp.com\\\/semanariolaprensa.com\\\/avantpremiere\\\/wp-content\\\/uploads\\\/2026\\\/08\\\/Captura-de-pantalla-2026-08-29-214423.png?fit=953%2C501&ssl=1\",\"width\":953,\"height\":501},\"datePublished\":\"2026-08-29T21:55:35-03:00\",\"dateModified\":\"2026-08-29T23:27:44-03:00\",\"inLanguage\":\"es-ES\",\"mainEntityOfPage\":{\"@id\":\"https:\\\/\\\/semanariolaprensa.com\\\/avantpremiere\\\/garlo-recordo-como-encontro-en-la-biblioteca-nacional-el-documento-historico-que-dio-origen-al-escudo-de-maldonado\\\/#webpage\"},\"isPartOf\":{\"@id\":\"https:\\\/\\\/semanariolaprensa.com\\\/avantpremiere\\\/garlo-recordo-como-encontro-en-la-biblioteca-nacional-el-documento-historico-que-dio-origen-al-escudo-de-maldonado\\\/#webpage\"},\"articleSection\":\"Cultura, Locales, Primer Plano, Tradici\\u00f3n\"},{\"@type\":\"BreadcrumbList\",\"@id\":\"https:\\\/\\\/semanariolaprensa.com\\\/avantpremiere\\\/garlo-recordo-como-encontro-en-la-biblioteca-nacional-el-documento-historico-que-dio-origen-al-escudo-de-maldonado\\\/#breadcrumblist\",\"itemListElement\":[{\"@type\":\"ListItem\",\"@id\":\"https:\\\/\\\/semanariolaprensa.com\\\/avantpremiere#listItem\",\"position\":1,\"name\":\"Home\",\"item\":\"https:\\\/\\\/semanariolaprensa.com\\\/avantpremiere\",\"nextItem\":{\"@type\":\"ListItem\",\"@id\":\"https:\\\/\\\/semanariolaprensa.com\\\/avantpremiere\\\/category\\\/primer-plano\\\/#listItem\",\"name\":\"Primer Plano\"}},{\"@type\":\"ListItem\",\"@id\":\"https:\\\/\\\/semanariolaprensa.com\\\/avantpremiere\\\/category\\\/primer-plano\\\/#listItem\",\"position\":2,\"name\":\"Primer Plano\",\"item\":\"https:\\\/\\\/semanariolaprensa.com\\\/avantpremiere\\\/category\\\/primer-plano\\\/\",\"nextItem\":{\"@type\":\"ListItem\",\"@id\":\"https:\\\/\\\/semanariolaprensa.com\\\/avantpremiere\\\/garlo-recordo-como-encontro-en-la-biblioteca-nacional-el-documento-historico-que-dio-origen-al-escudo-de-maldonado\\\/#listItem\",\"name\":\"Garlo record\\u00f3 c\\u00f3mo encontr\\u00f3 en la Biblioteca Nacional el documento hist\\u00f3rico que dio origen al escudo de Maldonado\"},\"previousItem\":{\"@type\":\"ListItem\",\"@id\":\"https:\\\/\\\/semanariolaprensa.com\\\/avantpremiere#listItem\",\"name\":\"Home\"}},{\"@type\":\"ListItem\",\"@id\":\"https:\\\/\\\/semanariolaprensa.com\\\/avantpremiere\\\/garlo-recordo-como-encontro-en-la-biblioteca-nacional-el-documento-historico-que-dio-origen-al-escudo-de-maldonado\\\/#listItem\",\"position\":3,\"name\":\"Garlo record\\u00f3 c\\u00f3mo encontr\\u00f3 en la Biblioteca Nacional el documento hist\\u00f3rico que dio origen al escudo de Maldonado\",\"previousItem\":{\"@type\":\"ListItem\",\"@id\":\"https:\\\/\\\/semanariolaprensa.com\\\/avantpremiere\\\/category\\\/primer-plano\\\/#listItem\",\"name\":\"Primer Plano\"}}]},{\"@type\":\"Organization\",\"@id\":\"https:\\\/\\\/semanariolaprensa.com\\\/avantpremiere\\\/#organization\",\"name\":\"Avant-Premi\\u00e8re\",\"description\":\"La primera fila del entretenimiento\",\"url\":\"https:\\\/\\\/semanariolaprensa.com\\\/avantpremiere\\\/\",\"logo\":{\"@type\":\"ImageObject\",\"url\":\"https:\\\/\\\/i0.wp.com\\\/semanariolaprensa.com\\\/avantpremiere\\\/wp-content\\\/uploads\\\/2026\\\/01\\\/cropped-iconoaureapremiere-1.png?fit=512%2C512&ssl=1\",\"@id\":\"https:\\\/\\\/semanariolaprensa.com\\\/avantpremiere\\\/garlo-recordo-como-encontro-en-la-biblioteca-nacional-el-documento-historico-que-dio-origen-al-escudo-de-maldonado\\\/#organizationLogo\",\"width\":512,\"height\":512},\"image\":{\"@id\":\"https:\\\/\\\/semanariolaprensa.com\\\/avantpremiere\\\/garlo-recordo-como-encontro-en-la-biblioteca-nacional-el-documento-historico-que-dio-origen-al-escudo-de-maldonado\\\/#organizationLogo\"}},{\"@type\":\"Person\",\"@id\":\"https:\\\/\\\/semanariolaprensa.com\\\/avantpremiere\\\/author\\\/debaaureapremiere\\\/#author\",\"url\":\"https:\\\/\\\/semanariolaprensa.com\\\/avantpremiere\\\/author\\\/debaaureapremiere\\\/\",\"name\":\"Avant Premi\\u00e8re\",\"image\":{\"@type\":\"ImageObject\",\"@id\":\"https:\\\/\\\/semanariolaprensa.com\\\/avantpremiere\\\/garlo-recordo-como-encontro-en-la-biblioteca-nacional-el-documento-historico-que-dio-origen-al-escudo-de-maldonado\\\/#authorImage\",\"url\":\"https:\\\/\\\/secure.gravatar.com\\\/avatar\\\/25bd2526a0e92945ea41f6e68d1a9ff9a0293e6dffd0f172fc718d13a924f236?s=96&d=mm&r=g\",\"width\":96,\"height\":96,\"caption\":\"Avant Premi\\u00e8re\"}},{\"@type\":\"WebPage\",\"@id\":\"https:\\\/\\\/semanariolaprensa.com\\\/avantpremiere\\\/garlo-recordo-como-encontro-en-la-biblioteca-nacional-el-documento-historico-que-dio-origen-al-escudo-de-maldonado\\\/#webpage\",\"url\":\"https:\\\/\\\/semanariolaprensa.com\\\/avantpremiere\\\/garlo-recordo-como-encontro-en-la-biblioteca-nacional-el-documento-historico-que-dio-origen-al-escudo-de-maldonado\\\/\",\"name\":\"Garlo record\\u00f3 c\\u00f3mo encontr\\u00f3 en la Biblioteca Nacional el documento hist\\u00f3rico que dio origen al escudo de Maldonado - Avant-Premi\\u00e8re\",\"description\":\"El diputado Joaqu\\u00edn Garlo relat\\u00f3 una particular historia vinculada a uno de los s\\u00edmbolos m\\u00e1s importantes del departamento: el escudo de Maldonado. Cont\\u00f3 que, tras una extensa b\\u00fasqueda junto a funcionarias de la Biblioteca Nacional, logr\\u00f3 encontrar la Real C\\u00e9dula de Carlos IV que dispon\\u00eda su creaci\\u00f3n, un documento de m\\u00e1s de 200 a\\u00f1os cuya\",\"inLanguage\":\"es-ES\",\"isPartOf\":{\"@id\":\"https:\\\/\\\/semanariolaprensa.com\\\/avantpremiere\\\/#website\"},\"breadcrumb\":{\"@id\":\"https:\\\/\\\/semanariolaprensa.com\\\/avantpremiere\\\/garlo-recordo-como-encontro-en-la-biblioteca-nacional-el-documento-historico-que-dio-origen-al-escudo-de-maldonado\\\/#breadcrumblist\"},\"author\":{\"@id\":\"https:\\\/\\\/semanariolaprensa.com\\\/avantpremiere\\\/author\\\/debaaureapremiere\\\/#author\"},\"creator\":{\"@id\":\"https:\\\/\\\/semanariolaprensa.com\\\/avantpremiere\\\/author\\\/debaaureapremiere\\\/#author\"},\"image\":{\"@type\":\"ImageObject\",\"url\":\"https:\\\/\\\/i0.wp.com\\\/semanariolaprensa.com\\\/avantpremiere\\\/wp-content\\\/uploads\\\/2026\\\/08\\\/Captura-de-pantalla-2026-08-29-214423.png?fit=953%2C501&ssl=1\",\"@id\":\"https:\\\/\\\/semanariolaprensa.com\\\/avantpremiere\\\/garlo-recordo-como-encontro-en-la-biblioteca-nacional-el-documento-historico-que-dio-origen-al-escudo-de-maldonado\\\/#mainImage\",\"width\":953,\"height\":501},\"primaryImageOfPage\":{\"@id\":\"https:\\\/\\\/semanariolaprensa.com\\\/avantpremiere\\\/garlo-recordo-como-encontro-en-la-biblioteca-nacional-el-documento-historico-que-dio-origen-al-escudo-de-maldonado\\\/#mainImage\"},\"datePublished\":\"2026-08-29T21:55:35-03:00\",\"dateModified\":\"2026-08-29T23:27:44-03:00\"},{\"@type\":\"WebSite\",\"@id\":\"https:\\\/\\\/semanariolaprensa.com\\\/avantpremiere\\\/#website\",\"url\":\"https:\\\/\\\/semanariolaprensa.com\\\/avantpremiere\\\/\",\"name\":\"Avant-Premi\\u00e8re\",\"description\":\"La primera fila del entretenimiento\",\"inLanguage\":\"es-ES\",\"publisher\":{\"@id\":\"https:\\\/\\\/semanariolaprensa.com\\\/avantpremiere\\\/#organization\"}}]}\n\t\t<\/script>\n\t\t<!-- All in One SEO -->\n\n","aioseo_head_json":{"title":"Garlo record\u00f3 c\u00f3mo encontr\u00f3 en la Biblioteca Nacional el documento hist\u00f3rico que dio origen al escudo de Maldonado - Avant-Premi\u00e8re","description":"El diputado Joaqu\u00edn Garlo relat\u00f3 una particular historia vinculada a uno de los s\u00edmbolos m\u00e1s importantes del departamento: el escudo de Maldonado. Cont\u00f3 que, tras una extensa b\u00fasqueda junto a funcionarias de la Biblioteca Nacional, logr\u00f3 encontrar la Real C\u00e9dula de Carlos IV que dispon\u00eda su creaci\u00f3n, un documento de m\u00e1s de 200 a\u00f1os cuya","canonical_url":"https:\/\/semanariolaprensa.com\/avantpremiere\/garlo-recordo-como-encontro-en-la-biblioteca-nacional-el-documento-historico-que-dio-origen-al-escudo-de-maldonado\/","robots":"max-image-preview:large","keywords":"","webmasterTools":{"miscellaneous":""},"schema":{"@context":"https:\/\/schema.org","@graph":[{"@type":"BlogPosting","@id":"https:\/\/semanariolaprensa.com\/avantpremiere\/garlo-recordo-como-encontro-en-la-biblioteca-nacional-el-documento-historico-que-dio-origen-al-escudo-de-maldonado\/#blogposting","name":"Garlo record\u00f3 c\u00f3mo encontr\u00f3 en la Biblioteca Nacional el documento hist\u00f3rico que dio origen al escudo de Maldonado - Avant-Premi\u00e8re","headline":"Garlo record\u00f3 c\u00f3mo encontr\u00f3 en la Biblioteca Nacional el documento hist\u00f3rico que dio origen al escudo de Maldonado","author":{"@id":"https:\/\/semanariolaprensa.com\/avantpremiere\/author\/debaaureapremiere\/#author"},"publisher":{"@id":"https:\/\/semanariolaprensa.com\/avantpremiere\/#organization"},"image":{"@type":"ImageObject","url":"https:\/\/i0.wp.com\/semanariolaprensa.com\/avantpremiere\/wp-content\/uploads\/2026\/08\/Captura-de-pantalla-2026-08-29-214423.png?fit=953%2C501&ssl=1","width":953,"height":501},"datePublished":"2026-08-29T21:55:35-03:00","dateModified":"2026-08-29T23:27:44-03:00","inLanguage":"es-ES","mainEntityOfPage":{"@id":"https:\/\/semanariolaprensa.com\/avantpremiere\/garlo-recordo-como-encontro-en-la-biblioteca-nacional-el-documento-historico-que-dio-origen-al-escudo-de-maldonado\/#webpage"},"isPartOf":{"@id":"https:\/\/semanariolaprensa.com\/avantpremiere\/garlo-recordo-como-encontro-en-la-biblioteca-nacional-el-documento-historico-que-dio-origen-al-escudo-de-maldonado\/#webpage"},"articleSection":"Cultura, Locales, Primer Plano, Tradici\u00f3n"},{"@type":"BreadcrumbList","@id":"https:\/\/semanariolaprensa.com\/avantpremiere\/garlo-recordo-como-encontro-en-la-biblioteca-nacional-el-documento-historico-que-dio-origen-al-escudo-de-maldonado\/#breadcrumblist","itemListElement":[{"@type":"ListItem","@id":"https:\/\/semanariolaprensa.com\/avantpremiere#listItem","position":1,"name":"Home","item":"https:\/\/semanariolaprensa.com\/avantpremiere","nextItem":{"@type":"ListItem","@id":"https:\/\/semanariolaprensa.com\/avantpremiere\/category\/primer-plano\/#listItem","name":"Primer Plano"}},{"@type":"ListItem","@id":"https:\/\/semanariolaprensa.com\/avantpremiere\/category\/primer-plano\/#listItem","position":2,"name":"Primer Plano","item":"https:\/\/semanariolaprensa.com\/avantpremiere\/category\/primer-plano\/","nextItem":{"@type":"ListItem","@id":"https:\/\/semanariolaprensa.com\/avantpremiere\/garlo-recordo-como-encontro-en-la-biblioteca-nacional-el-documento-historico-que-dio-origen-al-escudo-de-maldonado\/#listItem","name":"Garlo record\u00f3 c\u00f3mo encontr\u00f3 en la Biblioteca Nacional el documento hist\u00f3rico que dio origen al escudo de Maldonado"},"previousItem":{"@type":"ListItem","@id":"https:\/\/semanariolaprensa.com\/avantpremiere#listItem","name":"Home"}},{"@type":"ListItem","@id":"https:\/\/semanariolaprensa.com\/avantpremiere\/garlo-recordo-como-encontro-en-la-biblioteca-nacional-el-documento-historico-que-dio-origen-al-escudo-de-maldonado\/#listItem","position":3,"name":"Garlo record\u00f3 c\u00f3mo encontr\u00f3 en la Biblioteca Nacional el documento hist\u00f3rico que dio origen al escudo de Maldonado","previousItem":{"@type":"ListItem","@id":"https:\/\/semanariolaprensa.com\/avantpremiere\/category\/primer-plano\/#listItem","name":"Primer Plano"}}]},{"@type":"Organization","@id":"https:\/\/semanariolaprensa.com\/avantpremiere\/#organization","name":"Avant-Premi\u00e8re","description":"La primera fila del entretenimiento","url":"https:\/\/semanariolaprensa.com\/avantpremiere\/","logo":{"@type":"ImageObject","url":"https:\/\/i0.wp.com\/semanariolaprensa.com\/avantpremiere\/wp-content\/uploads\/2026\/01\/cropped-iconoaureapremiere-1.png?fit=512%2C512&ssl=1","@id":"https:\/\/semanariolaprensa.com\/avantpremiere\/garlo-recordo-como-encontro-en-la-biblioteca-nacional-el-documento-historico-que-dio-origen-al-escudo-de-maldonado\/#organizationLogo","width":512,"height":512},"image":{"@id":"https:\/\/semanariolaprensa.com\/avantpremiere\/garlo-recordo-como-encontro-en-la-biblioteca-nacional-el-documento-historico-que-dio-origen-al-escudo-de-maldonado\/#organizationLogo"}},{"@type":"Person","@id":"https:\/\/semanariolaprensa.com\/avantpremiere\/author\/debaaureapremiere\/#author","url":"https:\/\/semanariolaprensa.com\/avantpremiere\/author\/debaaureapremiere\/","name":"Avant Premi\u00e8re","image":{"@type":"ImageObject","@id":"https:\/\/semanariolaprensa.com\/avantpremiere\/garlo-recordo-como-encontro-en-la-biblioteca-nacional-el-documento-historico-que-dio-origen-al-escudo-de-maldonado\/#authorImage","url":"https:\/\/secure.gravatar.com\/avatar\/25bd2526a0e92945ea41f6e68d1a9ff9a0293e6dffd0f172fc718d13a924f236?s=96&d=mm&r=g","width":96,"height":96,"caption":"Avant Premi\u00e8re"}},{"@type":"WebPage","@id":"https:\/\/semanariolaprensa.com\/avantpremiere\/garlo-recordo-como-encontro-en-la-biblioteca-nacional-el-documento-historico-que-dio-origen-al-escudo-de-maldonado\/#webpage","url":"https:\/\/semanariolaprensa.com\/avantpremiere\/garlo-recordo-como-encontro-en-la-biblioteca-nacional-el-documento-historico-que-dio-origen-al-escudo-de-maldonado\/","name":"Garlo record\u00f3 c\u00f3mo encontr\u00f3 en la Biblioteca Nacional el documento hist\u00f3rico que dio origen al escudo de Maldonado - Avant-Premi\u00e8re","description":"El diputado Joaqu\u00edn Garlo relat\u00f3 una particular historia vinculada a uno de los s\u00edmbolos m\u00e1s importantes del departamento: el escudo de Maldonado. Cont\u00f3 que, tras una extensa b\u00fasqueda junto a funcionarias de la Biblioteca Nacional, logr\u00f3 encontrar la Real C\u00e9dula de Carlos IV que dispon\u00eda su creaci\u00f3n, un documento de m\u00e1s de 200 a\u00f1os cuya","inLanguage":"es-ES","isPartOf":{"@id":"https:\/\/semanariolaprensa.com\/avantpremiere\/#website"},"breadcrumb":{"@id":"https:\/\/semanariolaprensa.com\/avantpremiere\/garlo-recordo-como-encontro-en-la-biblioteca-nacional-el-documento-historico-que-dio-origen-al-escudo-de-maldonado\/#breadcrumblist"},"author":{"@id":"https:\/\/semanariolaprensa.com\/avantpremiere\/author\/debaaureapremiere\/#author"},"creator":{"@id":"https:\/\/semanariolaprensa.com\/avantpremiere\/author\/debaaureapremiere\/#author"},"image":{"@type":"ImageObject","url":"https:\/\/i0.wp.com\/semanariolaprensa.com\/avantpremiere\/wp-content\/uploads\/2026\/08\/Captura-de-pantalla-2026-08-29-214423.png?fit=953%2C501&ssl=1","@id":"https:\/\/semanariolaprensa.com\/avantpremiere\/garlo-recordo-como-encontro-en-la-biblioteca-nacional-el-documento-historico-que-dio-origen-al-escudo-de-maldonado\/#mainImage","width":953,"height":501},"primaryImageOfPage":{"@id":"https:\/\/semanariolaprensa.com\/avantpremiere\/garlo-recordo-como-encontro-en-la-biblioteca-nacional-el-documento-historico-que-dio-origen-al-escudo-de-maldonado\/#mainImage"},"datePublished":"2026-08-29T21:55:35-03:00","dateModified":"2026-08-29T23:27:44-03:00"},{"@type":"WebSite","@id":"https:\/\/semanariolaprensa.com\/avantpremiere\/#website","url":"https:\/\/semanariolaprensa.com\/avantpremiere\/","name":"Avant-Premi\u00e8re","description":"La primera fila del entretenimiento","inLanguage":"es-ES","publisher":{"@id":"https:\/\/semanariolaprensa.com\/avantpremiere\/#organization"}}]},"og:locale":"es_ES","og:site_name":"Avant-Premi\u00e8re - La primera fila del entretenimiento","og:type":"article","og:title":"Garlo record\u00f3 c\u00f3mo encontr\u00f3 en la Biblioteca Nacional el documento hist\u00f3rico que dio origen al escudo de Maldonado - Avant-Premi\u00e8re","og:description":"El diputado Joaqu\u00edn Garlo relat\u00f3 una particular historia vinculada a uno de los s\u00edmbolos m\u00e1s importantes del departamento: el escudo de Maldonado. Cont\u00f3 que, tras una extensa b\u00fasqueda junto a funcionarias de la Biblioteca Nacional, logr\u00f3 encontrar la Real C\u00e9dula de Carlos IV que dispon\u00eda su creaci\u00f3n, un documento de m\u00e1s de 200 a\u00f1os cuya","og:url":"https:\/\/semanariolaprensa.com\/avantpremiere\/garlo-recordo-como-encontro-en-la-biblioteca-nacional-el-documento-historico-que-dio-origen-al-escudo-de-maldonado\/","article:published_time":"2026-08-30T00:55:35+00:00","article:modified_time":"2026-08-30T02:27:44+00:00","twitter:card":"summary_large_image","twitter:title":"Garlo record\u00f3 c\u00f3mo encontr\u00f3 en la Biblioteca Nacional el documento hist\u00f3rico que dio origen al escudo de Maldonado - Avant-Premi\u00e8re","twitter:description":"El diputado Joaqu\u00edn Garlo relat\u00f3 una particular historia vinculada a uno de los s\u00edmbolos m\u00e1s importantes del departamento: el escudo de Maldonado. Cont\u00f3 que, tras una extensa b\u00fasqueda junto a funcionarias de la Biblioteca Nacional, logr\u00f3 encontrar la Real C\u00e9dula de Carlos IV que dispon\u00eda su creaci\u00f3n, un documento de m\u00e1s de 200 a\u00f1os cuya"},"aioseo_meta_data":{"post_id":"3200","title":null,"description":null,"keywords":null,"keyphrases":{"focus":{"keyphrase":"","score":0,"analysis":{"keyphraseInTitle":{"score":0,"maxScore":9,"error":1}}},"additional":[]},"primary_term":null,"canonical_url":null,"og_title":null,"og_description":null,"og_object_type":"default","og_image_type":"default","og_image_url":null,"og_image_width":null,"og_image_height":null,"og_image_custom_url":null,"og_image_custom_fields":null,"og_video":"","og_custom_url":null,"og_article_section":null,"og_article_tags":null,"twitter_use_og":false,"twitter_card":"default","twitter_image_type":"default","twitter_image_url":null,"twitter_image_custom_url":null,"twitter_image_custom_fields":null,"twitter_title":null,"twitter_description":null,"schema":{"blockGraphs":[],"customGraphs":[],"default":{"data":{"Article":[],"Course":[],"Dataset":[],"FAQPage":[],"Movie":[],"Person":[],"Product":[],"ProductReview":[],"Car":[],"Recipe":[],"Service":[],"SoftwareApplication":[],"WebPage":[]},"graphName":"BlogPosting","isEnabled":true},"graphs":[]},"schema_type":"default","schema_type_options":null,"pillar_content":false,"robots_default":true,"robots_noindex":false,"robots_noarchive":false,"robots_nosnippet":false,"robots_nofollow":false,"robots_noimageindex":false,"robots_noodp":false,"robots_notranslate":false,"robots_max_snippet":"-1","robots_max_videopreview":"-1","robots_max_imagepreview":"large","priority":null,"frequency":"default","local_seo":null,"breadcrumb_settings":null,"limit_modified_date":false,"ai":{"faqs":[],"keyPoints":[],"schemas":[],"titles":[],"descriptions":[],"socialPosts":{"email":{"subject":"","preview":"","content":""},"linkedin":[],"twitter":[],"facebook":[],"instagram":[]}},"created":"2026-08-30 00:55:38","updated":"2026-08-30 02:28:15","seo_analyzer_scan_date":null,"focus_keyword":null,"additional_keywords":null,"truseo_locale":null},"aioseo_breadcrumb":"<div class=\"aioseo-breadcrumbs\"><span class=\"aioseo-breadcrumb\">\n\t\t\t<a href=\"https:\/\/semanariolaprensa.com\/avantpremiere\" title=\"Home\">Home<\/a>\n\t\t<\/span><span class=\"aioseo-breadcrumb-separator\">&raquo;<\/span><span class=\"aioseo-breadcrumb\">\n\t\t\t<a href=\"https:\/\/semanariolaprensa.com\/avantpremiere\/category\/primer-plano\/\" title=\"Primer Plano\">Primer Plano<\/a>\n\t\t<\/span><span class=\"aioseo-breadcrumb-separator\">&raquo;<\/span><span class=\"aioseo-breadcrumb\">\n\t\t\tGarlo record\u00f3 c\u00f3mo encontr\u00f3 en la Biblioteca Nacional el documento hist\u00f3rico que dio origen al escudo de Maldonado\n\t\t<\/span><\/div>","aioseo_breadcrumb_json":[{"label":"Home","link":"https:\/\/semanariolaprensa.com\/avantpremiere"},{"label":"Primer Plano","link":"https:\/\/semanariolaprensa.com\/avantpremiere\/category\/primer-plano\/"},{"label":"Garlo record\u00f3 c\u00f3mo encontr\u00f3 en la Biblioteca Nacional el documento hist\u00f3rico que dio origen al escudo de Maldonado","link":"https:\/\/semanariolaprensa.com\/avantpremiere\/garlo-recordo-como-encontro-en-la-biblioteca-nacional-el-documento-historico-que-dio-origen-al-escudo-de-maldonado\/"}],"jetpack_sharing_enabled":true,"jetpack_featured_media_url":"https:\/\/i0.wp.com\/semanariolaprensa.com\/avantpremiere\/wp-content\/uploads\/2026\/08\/Captura-de-pantalla-2026-08-29-214423.png?fit=953%2C501&ssl=1","_links":{"self":[{"href":"https:\/\/semanariolaprensa.com\/avantpremiere\/wp-json\/wp\/v2\/posts\/3200","targetHints":{"allow":["GET"]}}],"collection":[{"href":"https:\/\/semanariolaprensa.com\/avantpremiere\/wp-json\/wp\/v2\/posts"}],"about":[{"href":"https:\/\/semanariolaprensa.com\/avantpremiere\/wp-json\/wp\/v2\/types\/post"}],"author":[{"embeddable":true,"href":"https:\/\/semanariolaprensa.com\/avantpremiere\/wp-json\/wp\/v2\/users\/1"}],"replies":[{"embeddable":true,"href":"https:\/\/semanariolaprensa.com\/avantpremiere\/wp-json\/wp\/v2\/comments?post=3200"}],"version-history":[{"count":2,"href":"https:\/\/semanariolaprensa.com\/avantpremiere\/wp-json\/wp\/v2\/posts\/3200\/revisions"}],"predecessor-version":[{"id":3219,"href":"https:\/\/semanariolaprensa.com\/avantpremiere\/wp-json\/wp\/v2\/posts\/3200\/revisions\/3219"}],"wp:featuredmedia":[{"embeddable":true,"href":"https:\/\/semanariolaprensa.com\/avantpremiere\/wp-json\/wp\/v2\/media\/3213"}],"wp:attachment":[{"href":"https:\/\/semanariolaprensa.com\/avantpremiere\/wp-json\/wp\/v2\/media?parent=3200"}],"wp:term":[{"taxonomy":"category","embeddable":true,"href":"https:\/\/semanariolaprensa.com\/avantpremiere\/wp-json\/wp\/v2\/categories?post=3200"},{"taxonomy":"post_tag","embeddable":true,"href":"https:\/\/semanariolaprensa.com\/avantpremiere\/wp-json\/wp\/v2\/tags?post=3200"}],"curies":[{"name":"wp","href":"https:\/\/api.w.org\/{rel}","templated":true}]}}