{"id":1477,"date":"2026-04-28T20:38:01","date_gmt":"2026-04-28T23:38:01","guid":{"rendered":"https:\/\/semanariolaprensa.com\/avantpremiere\/?p=1477"},"modified":"2026-04-28T20:38:43","modified_gmt":"2026-04-28T23:38:43","slug":"shakira-rompe-el-silencio-y-lanza-poderoso-mensaje-llorar-ya-no-basta","status":"publish","type":"post","link":"https:\/\/semanariolaprensa.com\/avantpremiere\/shakira-rompe-el-silencio-y-lanza-poderoso-mensaje-llorar-ya-no-basta\/","title":{"rendered":"Shakira rompe el silencio y lanza poderoso mensaje: \u00abLlorar ya no basta\u00bb"},"content":{"rendered":"\n<p>En medio del impacto por la muerte de un trabajador durante el montaje de su gira en\u00a0<strong>Brasil, Shakira<\/strong>\u00a0decidi\u00f3 hablar. No lo hizo a trav\u00e9s de un comunicado tradicional, sino mediante una columna en el peri\u00f3dico brasile\u00f1o\u00a0<a href=\"https:\/\/oglobo.globo.com\/opiniao\/artigos\/coluna\/2026\/04\/chorar-ja-nao-basta.ghtml?fbclid=PAZXh0bgNhZW0CMTEAc3J0YwZhcHBfaWQMMjU2MjgxMDQwNTU4AAGncns8YLMHXeWsCorE29MZyy_dzGWKuZtLcR8yWrb-ATSaHHLmuOQ09aJvLBA_aem_Gtdd8sbPJim_sYqwjO8hzw&amp;utm_id=97760_v0_s00_e0_tv6_a1dennhazqjqyd\" target=\"_blank\" rel=\"noreferrer noopener\"><em>O Globo<\/em><\/a>\u00a0la que entrelaza el duelo, su historia reciente y una poderosa reflexi\u00f3n sobre las mujeres latinoamericanas.<\/p>\n\n\n<div class=\"wp-block-image\">\n<figure class=\"alignleft size-full is-resized\"><img data-recalc-dims=\"1\" fetchpriority=\"high\" decoding=\"async\" width=\"418\" height=\"538\" src=\"https:\/\/i0.wp.com\/semanariolaprensa.com\/avantpremiere\/wp-content\/uploads\/2026\/04\/AA21W7XK.jpeg?resize=418%2C538&#038;ssl=1\" alt=\"\" class=\"wp-image-1478\" style=\"width:396px;height:auto\" srcset=\"https:\/\/i0.wp.com\/semanariolaprensa.com\/avantpremiere\/wp-content\/uploads\/2026\/04\/AA21W7XK.jpeg?w=418&amp;ssl=1 418w, https:\/\/i0.wp.com\/semanariolaprensa.com\/avantpremiere\/wp-content\/uploads\/2026\/04\/AA21W7XK.jpeg?resize=233%2C300&amp;ssl=1 233w\" sizes=\"(max-width: 418px) 100vw, 418px\" \/><\/figure>\n<\/div>\n\n\n<p>Bajo el t\u00edtulo \u201c<strong>Chorar j\u00e1 n\u00e3o basta\u201d (Llorar ya no basta<\/strong>), la artista plantea una pregunta que la acompa\u00f1\u00f3 desde que recibi\u00f3 la invitaci\u00f3n para presentarse en Copacabana: \u201c\u00bfPor qu\u00e9 yo? \u00bfPor qu\u00e9 Copacabana? \u00bfPor qu\u00e9 R\u00edo de Janeiro? \u00bfPor qu\u00e9 ahora?\u201d. La respuesta, confiesa, no lleg\u00f3 de inmediato, sino tras un proceso personal marcado por la reconstrucci\u00f3n de su vida.<\/p>\n\n\n\n<p>Shakira recuerda el momento en que todo cambi\u00f3 de forma abrupta: \u201cNo fue un proceso largo\u2026 fue una sola ma\u00f1ana en la que despert\u00e9 siendo una mujer diferente, con una vida diferente\u201d. Aun as\u00ed, describe c\u00f3mo tuvo que continuar con la rutina, sosteniendo su rol como madre, artista y proveedora. \u201cLa vida no da descanso a las mujeres cuando se ven repentinamente solas, con todo sobre los hombros\u201d, escribi\u00f3.<\/p>\n\n\n\n<p>De esa transformaci\u00f3n surgi\u00f3 su actual tour, Las mujeres ya no lloran World Tour, que, seg\u00fan explica, no representa venganza ni victimizaci\u00f3n, sino una postura firme frente a la vida: \u201cEs la serena constataci\u00f3n de que llorar ya no basta\u2026 hay hijos que sostener, cuentas que pagar, vidas que construir\u201d.<\/p>\n\n\n\n<p>Durante la gira, la cantante asegura haber encontrado un espejo en su p\u00fablico: mujeres que, tras los conciertos, se acercan a compartir sus propias historias de lucha. \u201cEstaban solas, pero no derrotadas\u201d, se\u00f1ala, concluyendo que su experiencia personal es tambi\u00e9n \u201cla biograf\u00eda de toda una generaci\u00f3n de mujeres latinas\u201d.<\/p>\n\n\n\n<h2 class=\"wp-block-heading\">Un retrato de la mujer latina actual<\/h2>\n\n\n<div class=\"wp-block-image\">\n<figure class=\"alignright size-full is-resized\"><img data-recalc-dims=\"1\" decoding=\"async\" width=\"768\" height=\"576\" src=\"https:\/\/i0.wp.com\/semanariolaprensa.com\/avantpremiere\/wp-content\/uploads\/2026\/04\/AA21VSNv.jpeg?resize=768%2C576&#038;ssl=1\" alt=\"\" class=\"wp-image-1479\" style=\"width:348px;height:auto\" srcset=\"https:\/\/i0.wp.com\/semanariolaprensa.com\/avantpremiere\/wp-content\/uploads\/2026\/04\/AA21VSNv.jpeg?w=768&amp;ssl=1 768w, https:\/\/i0.wp.com\/semanariolaprensa.com\/avantpremiere\/wp-content\/uploads\/2026\/04\/AA21VSNv.jpeg?resize=300%2C225&amp;ssl=1 300w, https:\/\/i0.wp.com\/semanariolaprensa.com\/avantpremiere\/wp-content\/uploads\/2026\/04\/AA21VSNv.jpeg?resize=750%2C563&amp;ssl=1 750w\" sizes=\"(max-width: 768px) 100vw, 768px\" \/><\/figure>\n<\/div>\n\n\n<p>En su texto, Shakira subraya un cambio generacional: la mujer latina ya no responde al estereotipo de sumisi\u00f3n. Hoy \u2014afirma\u2014 lidera hogares, toma decisiones y sostiene familias enteras.<\/p>\n\n\n\n<p>Ese mensaje cobra mayor fuerza al llegar a Brasil, donde descubri\u00f3 que m\u00e1s de 40 millones de hogares son encabezados por mujeres. \u201cPens\u00e9: yo soy una de ellas\u201d, escribe, reconoci\u00e9ndose en esa realidad colectiva.<\/p>\n\n\n\n<h2 class=\"wp-block-heading\"><br><br>Copacabana como s\u00edmbolo y homenaje<\/h2>\n\n\n\n<p>La cantante tambi\u00e9n explica por qu\u00e9 eligi\u00f3 R\u00edo de Janeiro y, en particular, Copacabana como escenario. Para ella, este lugar representa una especie de \u201caltar\u201d natural donde convergen la vida, la m\u00fasica y el sentido de comunidad.<\/p>\n\n\n\n<p><strong>\u201cQuiero dedicar el 2 de mayo a esas mujere<\/strong>s\u201d, expresa, en referencia a su presentaci\u00f3n, que busca ser un espejo donde ellas puedan verse reflejadas, aunque sea por una noche.<\/p>\n\n\n\n<p>En uno de los pasajes m\u00e1s po\u00e9ticos, describe a la ciudad como un recordatorio de lo esencial: \u201cEl mar, la luna, el atardecer\u2026 un pueblo que entendi\u00f3 hace mucho que la vida se baila\u201d.<\/p>\n\n\n\n<h2 class=\"wp-block-heading\">Un mensaje tras la tragedia<\/h2>\n\n\n\n<p>Aunque la columna no se centra directamente en el accidente ocurrido durante el montaje \u2014donde un trabajador perdi\u00f3 la vida\u2014, el contexto dota al texto de un tono m\u00e1s profundo y humano.<\/p>\n\n\n\n<p>Lejos de un posicionamiento fr\u00edo, Shakira opta por una reflexi\u00f3n \u00edntima que conecta el dolor con la resiliencia, y el duelo con la responsabilidad de seguir adelante.<\/p>\n\n\n\n<p>\u201cNos encontramos donde la marea humana se funde con la del mar\u201d, escribe hacia el final, invitando a un encuentro colectivo en el que la m\u00fasica pueda recordar lo esencial.<\/p>\n","protected":false},"excerpt":{"rendered":"<p>En medio del impacto por la muerte de un trabajador durante el montaje de su gira en\u00a0Brasil, Shakira\u00a0decidi\u00f3 hablar. No lo hizo a trav\u00e9s de un comunicado tradicional, sino mediante una columna en el peri\u00f3dico brasile\u00f1o\u00a0O Globo\u00a0la que entrelaza el duelo, su historia reciente y una poderosa reflexi\u00f3n sobre las mujeres latinoamericanas. Bajo el t\u00edtulo [&hellip;]<\/p>\n","protected":false},"author":2,"featured_media":1480,"comment_status":"open","ping_status":"open","sticky":false,"template":"","format":"standard","meta":{"om_disable_all_campaigns":false,"_monsterinsights_skip_tracking":false,"_monsterinsights_sitenote_active":false,"_monsterinsights_sitenote_note":"","_monsterinsights_sitenote_category":0,"_jetpack_memberships_contains_paid_content":false,"jnews-multi-image_gallery":[],"jnews_single_post":{"format":"standard"},"jnews_primary_category":[],"jnews_override_bookmark_settings":[],"jnews_social_meta":[],"jnews_review":[],"enable_review":"","type":"","name":"","summary":"","brand":"","sku":"","good":[],"bad":[],"score_override":"","override_value":"","rating":[],"price":[],"jnews_override_counter":[],"footnotes":""},"categories":[377,66,326],"tags":[1215,424,1213,645,619,1216,1210,1211,1209,1212,1208,355,1214,641,1207],"class_list":["post-1477","post","type-post","status-publish","format-standard","has-post-thumbnail","hentry","category-artistas","category-celebridades","category-musica","tag-actualidad","tag-avant-premiere-3","tag-brasil","tag-copacabana","tag-cultura","tag-derechos-de-la-mujer","tag-internacional","tag-justicia-social","tag-liderazgo-femenino","tag-llorar-ya-no-basta","tag-mensaje-solidario","tag-musica","tag-rio-de-janeiro-2","tag-shakira","tag-sociedad"],"aioseo_notices":[],"jetpack_featured_media_url":"https:\/\/i0.wp.com\/semanariolaprensa.com\/avantpremiere\/wp-content\/uploads\/2026\/04\/OIP-44.webp?fit=736%2C736&ssl=1","jetpack_sharing_enabled":true,"_links":{"self":[{"href":"https:\/\/semanariolaprensa.com\/avantpremiere\/wp-json\/wp\/v2\/posts\/1477","targetHints":{"allow":["GET"]}}],"collection":[{"href":"https:\/\/semanariolaprensa.com\/avantpremiere\/wp-json\/wp\/v2\/posts"}],"about":[{"href":"https:\/\/semanariolaprensa.com\/avantpremiere\/wp-json\/wp\/v2\/types\/post"}],"author":[{"embeddable":true,"href":"https:\/\/semanariolaprensa.com\/avantpremiere\/wp-json\/wp\/v2\/users\/2"}],"replies":[{"embeddable":true,"href":"https:\/\/semanariolaprensa.com\/avantpremiere\/wp-json\/wp\/v2\/comments?post=1477"}],"version-history":[{"count":1,"href":"https:\/\/semanariolaprensa.com\/avantpremiere\/wp-json\/wp\/v2\/posts\/1477\/revisions"}],"predecessor-version":[{"id":1481,"href":"https:\/\/semanariolaprensa.com\/avantpremiere\/wp-json\/wp\/v2\/posts\/1477\/revisions\/1481"}],"wp:featuredmedia":[{"embeddable":true,"href":"https:\/\/semanariolaprensa.com\/avantpremiere\/wp-json\/wp\/v2\/media\/1480"}],"wp:attachment":[{"href":"https:\/\/semanariolaprensa.com\/avantpremiere\/wp-json\/wp\/v2\/media?parent=1477"}],"wp:term":[{"taxonomy":"category","embeddable":true,"href":"https:\/\/semanariolaprensa.com\/avantpremiere\/wp-json\/wp\/v2\/categories?post=1477"},{"taxonomy":"post_tag","embeddable":true,"href":"https:\/\/semanariolaprensa.com\/avantpremiere\/wp-json\/wp\/v2\/tags?post=1477"}],"curies":[{"name":"wp","href":"https:\/\/api.w.org\/{rel}","templated":true}]}}