{"id":1472,"date":"2026-04-28T14:59:51","date_gmt":"2026-04-28T17:59:51","guid":{"rendered":"https:\/\/semanariolaprensa.com\/avantpremiere\/?p=1472"},"modified":"2026-04-28T14:59:53","modified_gmt":"2026-04-28T17:59:53","slug":"voces-de-la-azotea-abren-inscripciones-para-integrar-un-grupo-de-canto-gregoriano","status":"publish","type":"post","link":"https:\/\/semanariolaprensa.com\/avantpremiere\/voces-de-la-azotea-abren-inscripciones-para-integrar-un-grupo-de-canto-gregoriano\/","title":{"rendered":"\u00abVoces de la Azotea\u00bb: abren inscripciones para integrar un grupo de canto gregoriano"},"content":{"rendered":"\n<p>La iniciativa del Departamento de Cultura de la IDM busca conformar una escuela dedicada al estudio y la interpretaci\u00f3n de este g\u00e9nero. Los ensayos se realizar\u00e1n en la Capilla de la Azotea de Haedo y la participaci\u00f3n ser\u00e1 gratuita.<\/p>\n\n\n\n<p>Bajo el nombre \u00abVoces de la Azotea\u00bb, surge esta nueva propuesta de capacitaci\u00f3n y recreaci\u00f3n enmarcada en el proyecto \u201cEnfoques\u201d, de los docentes Facundo Garandan Fr\u00edas y Mariana Correa Civila. La formaci\u00f3n est\u00e1 orientada a recrear un timbre homog\u00e9neo y c\u00e1lido, cercano a la tradici\u00f3n mon\u00e1stica, abarcando desde el estudio de neumas hasta la t\u00e9cnica vocal aplicada al canto llano.<\/p>\n\n\n\n<p><strong>Requisitos y perfiles de voz<\/strong><\/p>\n\n\n\n<p>La convocatoria est\u00e1 dirigida a voces masculinas y voces graves femeninas de todas las edades. Debido a la naturaleza est\u00e9tica del repertorio, se buscan especialmente los siguientes perfiles:<\/p>\n\n\n\n<ul class=\"wp-block-list\">\n<li><strong>Tenores, bar\u00edtonos y bajos.<\/strong><\/li>\n\n\n\n<li><strong>Contraltos y mezzos<\/strong> con registro central-grave.<\/li>\n<\/ul>\n\n\n\n<p>Se priorizar\u00e1n voces de emisi\u00f3n natural, sin vibrato excesivo, con buena afinaci\u00f3n y sensibilidad para el fraseo libre. No es indispensable contar con experiencia previa en canto gregoriano, aunque se valorar\u00e1 el inter\u00e9s por la m\u00fasica sacra, el lat\u00edn lit\u00fargico y el trabajo vocal en conjunto.<\/p>\n\n\n\n<p><strong>Ensayos e inscripciones<\/strong><\/p>\n\n\n\n<p>Las clases y ensayos se llevar\u00e1n a cabo en la Capilla de la Azotea de Haedo los d\u00edas viernes, de 17:00 a 19:00 horas, comenzando el pr\u00f3ximo 8 de mayo. A medida que el grupo avance, se prev\u00e9 su participaci\u00f3n en diversas actividades culturales.<\/p>\n\n\n\n<p>Las inscripciones se realizan \u00fanicamente mediante mensaje de WhatsApp a los celulares <strong>098 305 936<\/strong> o <strong>099 576 178<\/strong>.<\/p>\n","protected":false},"excerpt":{"rendered":"<p>La iniciativa del Departamento de Cultura de la IDM busca conformar una escuela dedicada al estudio y la interpretaci\u00f3n de este g\u00e9nero. Los ensayos se realizar\u00e1n en la Capilla de la Azotea de Haedo y la participaci\u00f3n ser\u00e1 gratuita. Bajo el nombre \u00abVoces de la Azotea\u00bb, surge esta nueva propuesta de capacitaci\u00f3n y recreaci\u00f3n enmarcada [&hellip;]<\/p>\n","protected":false},"author":1,"featured_media":1473,"comment_status":"open","ping_status":"open","sticky":false,"template":"","format":"standard","meta":{"om_disable_all_campaigns":false,"_monsterinsights_skip_tracking":false,"_monsterinsights_sitenote_active":false,"_monsterinsights_sitenote_note":"","_monsterinsights_sitenote_category":0,"_jetpack_memberships_contains_paid_content":false,"jnews-multi-image_gallery":[],"jnews_single_post":{"format":"standard"},"jnews_primary_category":[],"jnews_override_bookmark_settings":[],"jnews_social_meta":[],"jnews_review":[],"enable_review":"","type":"","name":"","summary":"","brand":"","sku":"","good":[],"bad":[],"score_override":"","override_value":"","rating":[],"price":[],"jnews_override_counter":[],"footnotes":""},"categories":[415,416,326,82],"tags":[1027,1205,619,627,1192,620,1206],"class_list":["post-1472","post","type-post","status-publish","format-standard","has-post-thumbnail","hentry","category-cultura","category-locales","category-musica","category-primer-plano","tag-azotea-de-haedo","tag-canto-gregoriano","tag-cultura","tag-idm","tag-inscripciones","tag-maldonado","tag-musica-sacra"],"aioseo_notices":[],"jetpack_featured_media_url":"https:\/\/i0.wp.com\/semanariolaprensa.com\/avantpremiere\/wp-content\/uploads\/2026\/04\/Canto-Gregoriano.png?fit=1200%2C675&ssl=1","jetpack_sharing_enabled":true,"_links":{"self":[{"href":"https:\/\/semanariolaprensa.com\/avantpremiere\/wp-json\/wp\/v2\/posts\/1472","targetHints":{"allow":["GET"]}}],"collection":[{"href":"https:\/\/semanariolaprensa.com\/avantpremiere\/wp-json\/wp\/v2\/posts"}],"about":[{"href":"https:\/\/semanariolaprensa.com\/avantpremiere\/wp-json\/wp\/v2\/types\/post"}],"author":[{"embeddable":true,"href":"https:\/\/semanariolaprensa.com\/avantpremiere\/wp-json\/wp\/v2\/users\/1"}],"replies":[{"embeddable":true,"href":"https:\/\/semanariolaprensa.com\/avantpremiere\/wp-json\/wp\/v2\/comments?post=1472"}],"version-history":[{"count":2,"href":"https:\/\/semanariolaprensa.com\/avantpremiere\/wp-json\/wp\/v2\/posts\/1472\/revisions"}],"predecessor-version":[{"id":1475,"href":"https:\/\/semanariolaprensa.com\/avantpremiere\/wp-json\/wp\/v2\/posts\/1472\/revisions\/1475"}],"wp:featuredmedia":[{"embeddable":true,"href":"https:\/\/semanariolaprensa.com\/avantpremiere\/wp-json\/wp\/v2\/media\/1473"}],"wp:attachment":[{"href":"https:\/\/semanariolaprensa.com\/avantpremiere\/wp-json\/wp\/v2\/media?parent=1472"}],"wp:term":[{"taxonomy":"category","embeddable":true,"href":"https:\/\/semanariolaprensa.com\/avantpremiere\/wp-json\/wp\/v2\/categories?post=1472"},{"taxonomy":"post_tag","embeddable":true,"href":"https:\/\/semanariolaprensa.com\/avantpremiere\/wp-json\/wp\/v2\/tags?post=1472"}],"curies":[{"name":"wp","href":"https:\/\/api.w.org\/{rel}","templated":true}]}}