{"id":1465,"date":"2026-04-28T13:50:30","date_gmt":"2026-04-28T16:50:30","guid":{"rendered":"https:\/\/semanariolaprensa.com\/avantpremiere\/?p=1465"},"modified":"2026-04-28T13:57:13","modified_gmt":"2026-04-28T16:57:13","slug":"daddy-yankee-y-shenseea-presentan-echo-el-nuevo-sencillo-oficial-del-mundial-2026","status":"publish","type":"post","link":"https:\/\/semanariolaprensa.com\/avantpremiere\/daddy-yankee-y-shenseea-presentan-echo-el-nuevo-sencillo-oficial-del-mundial-2026\/","title":{"rendered":"Daddy Yankee y Shenseea presentan \u00abEcho\u00bb, la nueva canci\u00f3n oficial del Mundial 2026"},"content":{"rendered":"\n<p>La banda sonora de la Copa Mundial de la FIFA 2026\u2122 suma un nuevo cap\u00edtulo de alto impacto con el estreno de <strong>\u00abEcho\u00bb<\/strong>. Se trata del tercer sencillo oficial del \u00e1lbum del torneo, que une por primera vez a la leyenda del reguet\u00f3n <strong>Daddy Yankee<\/strong> con la estrella del dancehall jamaiquino <strong>Shenseea<\/strong>.<\/p>\n\n\n\n<p>La canci\u00f3n, que ya se encuentra disponible en todas las plataformas de streaming, cuenta con la producci\u00f3n ejecutiva de <strong>Tainy<\/strong>, el multipremiado productor puertorrique\u00f1o. \u00abEcho\u00bb destaca por una propuesta sonora que trasciende fronteras, fusionando la energ\u00eda del Caribe con una base electr\u00f3nica y un sample de la canci\u00f3n <em>Red &amp; Black Light<\/em> del reconocido trompetista Ibrahim Maalouf.<\/p>\n\n\n\n<figure class=\"wp-block-embed is-type-rich is-provider-spotify wp-block-embed-spotify wp-embed-aspect-21-9 wp-has-aspect-ratio\"><div class=\"wp-block-embed__wrapper\">\n<iframe title=\"Spotify Embed: Echo (FIFA World Cup 2026\u2122)\" style=\"border-radius: 12px\" width=\"100%\" height=\"352\" frameborder=\"0\" allowfullscreen allow=\"autoplay; clipboard-write; encrypted-media; fullscreen; picture-in-picture\" loading=\"lazy\" src=\"https:\/\/open.spotify.com\/embed\/album\/7k1aRcg1pB0wDlOyB3HwrH?utm_source=oembed\"><\/iframe>\n<\/div><\/figure>\n\n\n\n<p><strong>Un lenguaje universal<\/strong><\/p>\n\n\n\n<p>Para Daddy Yankee, esta colaboraci\u00f3n representa m\u00e1s que un lanzamiento comercial: <em>\u00abEs maravilloso unir el mundo a trav\u00e9s de la m\u00fasica y el f\u00fatbol. Permite entablar relaciones que trascienden los idiomas y las fronteras\u00bb<\/em>, afirm\u00f3 el \u00abBig Boss\u00bb. Por su parte, Shenseea destac\u00f3 la importancia de esta uni\u00f3n cultural entre los sonidos latinos y el dancehall: <em>\u00abLa m\u00fasica y el f\u00fatbol hablan un idioma universal, y formar parte de algo que une al mundo de esta manera es especial\u00bb<\/em>.<\/p>\n\n\n\n<p>El sencillo llega tras los lanzamientos previos de \u00abLighter\u00bb y \u00abPor Ella\u00bb, consolidando una identidad sonora para el Mundial que busca representar la diversidad de las sedes y la conexi\u00f3n global que genera el deporte. Con la participaci\u00f3n de sellos de primer nivel como Def Jam Recordings y la visi\u00f3n de productores como Massari y Jota Rosa, el proyecto musical de la FIFA sigue ganando terreno en el camino hacia la competici\u00f3n.<\/p>\n\n\n\n<figure class=\"wp-block-image size-full\"><img data-recalc-dims=\"1\" fetchpriority=\"high\" decoding=\"async\" width=\"1200\" height=\"675\" src=\"https:\/\/i0.wp.com\/semanariolaprensa.com\/avantpremiere\/wp-content\/uploads\/2026\/04\/echodaddyyankeeshenseeamundial.png?resize=1200%2C675&#038;ssl=1\" alt=\"\" class=\"wp-image-1466\" srcset=\"https:\/\/i0.wp.com\/semanariolaprensa.com\/avantpremiere\/wp-content\/uploads\/2026\/04\/echodaddyyankeeshenseeamundial.png?w=1200&amp;ssl=1 1200w, https:\/\/i0.wp.com\/semanariolaprensa.com\/avantpremiere\/wp-content\/uploads\/2026\/04\/echodaddyyankeeshenseeamundial.png?resize=300%2C169&amp;ssl=1 300w, https:\/\/i0.wp.com\/semanariolaprensa.com\/avantpremiere\/wp-content\/uploads\/2026\/04\/echodaddyyankeeshenseeamundial.png?resize=1024%2C576&amp;ssl=1 1024w, https:\/\/i0.wp.com\/semanariolaprensa.com\/avantpremiere\/wp-content\/uploads\/2026\/04\/echodaddyyankeeshenseeamundial.png?resize=768%2C432&amp;ssl=1 768w, https:\/\/i0.wp.com\/semanariolaprensa.com\/avantpremiere\/wp-content\/uploads\/2026\/04\/echodaddyyankeeshenseeamundial.png?resize=750%2C422&amp;ssl=1 750w, https:\/\/i0.wp.com\/semanariolaprensa.com\/avantpremiere\/wp-content\/uploads\/2026\/04\/echodaddyyankeeshenseeamundial.png?resize=1140%2C641&amp;ssl=1 1140w\" sizes=\"(max-width: 1000px) 100vw, 1000px\" \/><\/figure>\n","protected":false},"excerpt":{"rendered":"<p>La banda sonora de la Copa Mundial de la FIFA 2026\u2122 suma un nuevo cap\u00edtulo de alto impacto con el estreno de \u00abEcho\u00bb. Se trata del tercer sencillo oficial del \u00e1lbum del torneo, que une por primera vez a la leyenda del reguet\u00f3n Daddy Yankee con la estrella del dancehall jamaiquino Shenseea. La canci\u00f3n, que [&hellip;]<\/p>\n","protected":false},"author":1,"featured_media":1468,"comment_status":"open","ping_status":"open","sticky":false,"template":"","format":"standard","meta":{"om_disable_all_campaigns":false,"_monsterinsights_skip_tracking":false,"_monsterinsights_sitenote_active":false,"_monsterinsights_sitenote_note":"","_monsterinsights_sitenote_category":0,"_jetpack_memberships_contains_paid_content":false,"jnews-multi-image_gallery":[],"jnews_single_post":{"format":"standard"},"jnews_primary_category":[],"jnews_override_bookmark_settings":[],"jnews_social_meta":[],"jnews_review":[],"enable_review":"","type":"","name":"","summary":"","brand":"","sku":"","good":[],"bad":[],"score_override":"","override_value":"","rating":[],"price":[],"jnews_override_counter":[],"footnotes":""},"categories":[331,326,82],"tags":[1203,1204,1197,1200,1199,1201,613,1196,355,1202,1195,1198],"class_list":["post-1465","post","type-post","status-publish","format-standard","has-post-thumbnail","hentry","category-lanzamientos","category-musica","category-primer-plano","tag-cancion-del-mundial","tag-cancion-del-mundial-2026","tag-copa-mundial-2026","tag-daddy-yankee","tag-dancehall","tag-echo","tag-estrenos","tag-fifa-world-cup-2026","tag-musica","tag-regueton","tag-shenseea","tag-tainy"],"aioseo_notices":[],"jetpack_featured_media_url":"https:\/\/i0.wp.com\/semanariolaprensa.com\/avantpremiere\/wp-content\/uploads\/2026\/04\/cancionmundial.jpg?fit=1080%2C824&ssl=1","jetpack_sharing_enabled":true,"_links":{"self":[{"href":"https:\/\/semanariolaprensa.com\/avantpremiere\/wp-json\/wp\/v2\/posts\/1465","targetHints":{"allow":["GET"]}}],"collection":[{"href":"https:\/\/semanariolaprensa.com\/avantpremiere\/wp-json\/wp\/v2\/posts"}],"about":[{"href":"https:\/\/semanariolaprensa.com\/avantpremiere\/wp-json\/wp\/v2\/types\/post"}],"author":[{"embeddable":true,"href":"https:\/\/semanariolaprensa.com\/avantpremiere\/wp-json\/wp\/v2\/users\/1"}],"replies":[{"embeddable":true,"href":"https:\/\/semanariolaprensa.com\/avantpremiere\/wp-json\/wp\/v2\/comments?post=1465"}],"version-history":[{"count":3,"href":"https:\/\/semanariolaprensa.com\/avantpremiere\/wp-json\/wp\/v2\/posts\/1465\/revisions"}],"predecessor-version":[{"id":1470,"href":"https:\/\/semanariolaprensa.com\/avantpremiere\/wp-json\/wp\/v2\/posts\/1465\/revisions\/1470"}],"wp:featuredmedia":[{"embeddable":true,"href":"https:\/\/semanariolaprensa.com\/avantpremiere\/wp-json\/wp\/v2\/media\/1468"}],"wp:attachment":[{"href":"https:\/\/semanariolaprensa.com\/avantpremiere\/wp-json\/wp\/v2\/media?parent=1465"}],"wp:term":[{"taxonomy":"category","embeddable":true,"href":"https:\/\/semanariolaprensa.com\/avantpremiere\/wp-json\/wp\/v2\/categories?post=1465"},{"taxonomy":"post_tag","embeddable":true,"href":"https:\/\/semanariolaprensa.com\/avantpremiere\/wp-json\/wp\/v2\/tags?post=1465"}],"curies":[{"name":"wp","href":"https:\/\/api.w.org\/{rel}","templated":true}]}}