{"id":1455,"date":"2026-04-27T18:57:20","date_gmt":"2026-04-27T21:57:20","guid":{"rendered":"https:\/\/semanariolaprensa.com\/avantpremiere\/?p=1455"},"modified":"2026-04-27T19:03:33","modified_gmt":"2026-04-27T22:03:33","slug":"premios-produ-2026-abren-las-inscripciones-para-la-edicion-decimo-aniversario","status":"publish","type":"post","link":"https:\/\/semanariolaprensa.com\/avantpremiere\/premios-produ-2026-abren-las-inscripciones-para-la-edicion-decimo-aniversario\/","title":{"rendered":"Premios PRODU 2026: abren las inscripciones para la edici\u00f3n d\u00e9cimo aniversario"},"content":{"rendered":"\n<p>Los Premios PRODU, el galard\u00f3n que reconoce la excelencia en la producci\u00f3n audiovisual iberoamericana, celebra su d\u00e9cimo aniversario con la apertura de postulaciones para su edici\u00f3n 2026. Esta entrega, que distingue a las mejores estrellas, contenidos y creativos de la regi\u00f3n, llega con m\u00e1s de 100 categor\u00edas y novedades que reflejan los cambios en el consumo de medios, incluyendo por primera vez rubros dedicados a series verticales y logros en tecnolog\u00eda.<\/p>\n\n\n\n<p>El prestigio de estos premios se apoya en un panel de m\u00e1s de 800 jurados expertos, entre los que se encuentran productores, directores, programadores y periodistas, lo que asegura una evaluaci\u00f3n exhaustiva de cada pieza. En esta edici\u00f3n mundialista, los contenidos deportivos tendr\u00e1n un lugar central con un rubro espec\u00edfico para la Copa Mundial de la FIFA 2026, adem\u00e1s de los siete \u00abGrandes Premios\u00bb que se entregar\u00e1n, incluyendo el Gran Premio PRODU 10\u00b0 Aniversario.<\/p>\n\n\n\n<p>La premiaci\u00f3n se organiza en ejes tem\u00e1ticos que abarcan desde Contenido y Talento Art\u00edstico hasta Podcast, Mercadeo y Sostenibilidad. Este \u00faltimo eje re\u00fane categor\u00edas vinculadas a la diversidad y el medio ambiente, reforzando el compromiso de la industria con el impacto social. Adem\u00e1s, se mantendr\u00e1n los Premios Honor\u00edficos, que en a\u00f1os anteriores destacaron a figuras como Ricardo Dar\u00edn, Ver\u00f3nica Castro y \u00darsula Corber\u00f3.<\/p>\n\n\n\n<figure class=\"wp-block-gallery has-nested-images columns-default is-cropped wp-block-gallery-1 is-layout-flex wp-block-gallery-is-layout-flex\">\n<figure class=\"wp-block-image size-full\"><img data-recalc-dims=\"1\" fetchpriority=\"high\" decoding=\"async\" width=\"828\" height=\"1200\" data-id=\"1460\" src=\"https:\/\/i0.wp.com\/semanariolaprensa.com\/avantpremiere\/wp-content\/uploads\/2026\/04\/darinpremiosprodu.jpg?resize=828%2C1200&#038;ssl=1\" alt=\"\" class=\"wp-image-1460\" srcset=\"https:\/\/i0.wp.com\/semanariolaprensa.com\/avantpremiere\/wp-content\/uploads\/2026\/04\/darinpremiosprodu.jpg?w=828&amp;ssl=1 828w, https:\/\/i0.wp.com\/semanariolaprensa.com\/avantpremiere\/wp-content\/uploads\/2026\/04\/darinpremiosprodu.jpg?resize=207%2C300&amp;ssl=1 207w, https:\/\/i0.wp.com\/semanariolaprensa.com\/avantpremiere\/wp-content\/uploads\/2026\/04\/darinpremiosprodu.jpg?resize=707%2C1024&amp;ssl=1 707w, https:\/\/i0.wp.com\/semanariolaprensa.com\/avantpremiere\/wp-content\/uploads\/2026\/04\/darinpremiosprodu.jpg?resize=768%2C1113&amp;ssl=1 768w, https:\/\/i0.wp.com\/semanariolaprensa.com\/avantpremiere\/wp-content\/uploads\/2026\/04\/darinpremiosprodu.jpg?resize=750%2C1087&amp;ssl=1 750w\" sizes=\"(max-width: 828px) 100vw, 828px\" \/><\/figure>\n\n\n\n<figure class=\"wp-block-image size-full\"><img data-recalc-dims=\"1\" decoding=\"async\" width=\"948\" height=\"594\" data-id=\"1457\" src=\"https:\/\/i0.wp.com\/semanariolaprensa.com\/avantpremiere\/wp-content\/uploads\/2026\/04\/UrsulaCorberopremiosprodu.jpg?resize=948%2C594&#038;ssl=1\" alt=\"\" class=\"wp-image-1457\" srcset=\"https:\/\/i0.wp.com\/semanariolaprensa.com\/avantpremiere\/wp-content\/uploads\/2026\/04\/UrsulaCorberopremiosprodu.jpg?w=948&amp;ssl=1 948w, https:\/\/i0.wp.com\/semanariolaprensa.com\/avantpremiere\/wp-content\/uploads\/2026\/04\/UrsulaCorberopremiosprodu.jpg?resize=300%2C188&amp;ssl=1 300w, https:\/\/i0.wp.com\/semanariolaprensa.com\/avantpremiere\/wp-content\/uploads\/2026\/04\/UrsulaCorberopremiosprodu.jpg?resize=768%2C481&amp;ssl=1 768w, https:\/\/i0.wp.com\/semanariolaprensa.com\/avantpremiere\/wp-content\/uploads\/2026\/04\/UrsulaCorberopremiosprodu.jpg?resize=750%2C470&amp;ssl=1 750w\" sizes=\"(max-width: 948px) 100vw, 948px\" \/><\/figure>\n<\/figure>\n\n\n\n<p>El \u00e9xito de la edici\u00f3n 2025 respalda la relevancia del evento: la transmisi\u00f3n alcanz\u00f3 los 13 millones de visualizaciones en redes sociales, impactando a una audiencia potencial de casi 150 millones de personas.<\/p>\n\n\n\n<p>El proceso de inscripci\u00f3n ya se encuentra disponible a trav\u00e9s del sitio oficial <strong>premiosprodu.com<\/strong> y permanecer\u00e1 abierto hasta el pr\u00f3ximo 9 de junio. Quienes completen el registro antes del 19 de mayo podr\u00e1n acceder a un beneficio por inscripci\u00f3n temprana, iniciando as\u00ed el camino hacia la gran gala de ganadores que tendr\u00e1 lugar en noviembre.<\/p>\n\n\n\n<p>Avant-Premi\u00e8re \/ Fotos \u00a9 Premios Produ<\/p>\n\n\n\n<figure class=\"wp-block-image alignwide size-full\"><img data-recalc-dims=\"1\" decoding=\"async\" width=\"998\" height=\"625\" src=\"https:\/\/i0.wp.com\/semanariolaprensa.com\/avantpremiere\/wp-content\/uploads\/2026\/04\/image-15.png?resize=998%2C625&#038;ssl=1\" alt=\"\" class=\"wp-image-1456\" srcset=\"https:\/\/i0.wp.com\/semanariolaprensa.com\/avantpremiere\/wp-content\/uploads\/2026\/04\/image-15.png?w=998&amp;ssl=1 998w, https:\/\/i0.wp.com\/semanariolaprensa.com\/avantpremiere\/wp-content\/uploads\/2026\/04\/image-15.png?resize=300%2C188&amp;ssl=1 300w, https:\/\/i0.wp.com\/semanariolaprensa.com\/avantpremiere\/wp-content\/uploads\/2026\/04\/image-15.png?resize=768%2C481&amp;ssl=1 768w, https:\/\/i0.wp.com\/semanariolaprensa.com\/avantpremiere\/wp-content\/uploads\/2026\/04\/image-15.png?resize=750%2C470&amp;ssl=1 750w\" sizes=\"(max-width: 998px) 100vw, 998px\" \/><\/figure>\n","protected":false},"excerpt":{"rendered":"<p>Los Premios PRODU, el galard\u00f3n que reconoce la excelencia en la producci\u00f3n audiovisual iberoamericana, celebra su d\u00e9cimo aniversario con la apertura de postulaciones para su edici\u00f3n 2026. Esta entrega, que distingue a las mejores estrellas, contenidos y creativos de la regi\u00f3n, llega con m\u00e1s de 100 categor\u00edas y novedades que reflejan los cambios en el [&hellip;]<\/p>\n","protected":false},"author":1,"featured_media":1458,"comment_status":"open","ping_status":"open","sticky":false,"template":"","format":"standard","meta":{"om_disable_all_campaigns":false,"_monsterinsights_skip_tracking":false,"_monsterinsights_sitenote_active":false,"_monsterinsights_sitenote_note":"","_monsterinsights_sitenote_category":0,"_jetpack_memberships_contains_paid_content":false,"jnews-multi-image_gallery":[],"jnews_single_post":{"format":"standard"},"jnews_primary_category":[],"jnews_override_bookmark_settings":[],"jnews_social_meta":[],"jnews_review":[],"enable_review":"","type":"","name":"","summary":"","brand":"","sku":"","good":[],"bad":[],"score_override":"","override_value":"","rating":[],"price":[],"jnews_override_counter":[],"footnotes":""},"categories":[1194,92,1],"tags":[1189,1186,1192,1191,1190,853,1193,371,1187,1188,1185],"class_list":["post-1455","post","type-post","status-publish","format-standard","has-post-thumbnail","hentry","category-industria","category-pantalla","category-uncategorized","tag-contenido-iberoamericano","tag-industria-audiovisual","tag-inscripciones","tag-premios-produ-10-anos","tag-premios-produ-2026","tag-produccion-audiovisual","tag-ricardo-darin","tag-streaming","tag-talento-latino","tag-television-latina","tag-ursula-corbero"],"aioseo_notices":[],"jetpack_featured_media_url":"https:\/\/i0.wp.com\/semanariolaprensa.com\/avantpremiere\/wp-content\/uploads\/2026\/04\/premiosprodu.jpg?fit=1134%2C709&ssl=1","jetpack_sharing_enabled":true,"_links":{"self":[{"href":"https:\/\/semanariolaprensa.com\/avantpremiere\/wp-json\/wp\/v2\/posts\/1455","targetHints":{"allow":["GET"]}}],"collection":[{"href":"https:\/\/semanariolaprensa.com\/avantpremiere\/wp-json\/wp\/v2\/posts"}],"about":[{"href":"https:\/\/semanariolaprensa.com\/avantpremiere\/wp-json\/wp\/v2\/types\/post"}],"author":[{"embeddable":true,"href":"https:\/\/semanariolaprensa.com\/avantpremiere\/wp-json\/wp\/v2\/users\/1"}],"replies":[{"embeddable":true,"href":"https:\/\/semanariolaprensa.com\/avantpremiere\/wp-json\/wp\/v2\/comments?post=1455"}],"version-history":[{"count":3,"href":"https:\/\/semanariolaprensa.com\/avantpremiere\/wp-json\/wp\/v2\/posts\/1455\/revisions"}],"predecessor-version":[{"id":1463,"href":"https:\/\/semanariolaprensa.com\/avantpremiere\/wp-json\/wp\/v2\/posts\/1455\/revisions\/1463"}],"wp:featuredmedia":[{"embeddable":true,"href":"https:\/\/semanariolaprensa.com\/avantpremiere\/wp-json\/wp\/v2\/media\/1458"}],"wp:attachment":[{"href":"https:\/\/semanariolaprensa.com\/avantpremiere\/wp-json\/wp\/v2\/media?parent=1455"}],"wp:term":[{"taxonomy":"category","embeddable":true,"href":"https:\/\/semanariolaprensa.com\/avantpremiere\/wp-json\/wp\/v2\/categories?post=1455"},{"taxonomy":"post_tag","embeddable":true,"href":"https:\/\/semanariolaprensa.com\/avantpremiere\/wp-json\/wp\/v2\/tags?post=1455"}],"curies":[{"name":"wp","href":"https:\/\/api.w.org\/{rel}","templated":true}]}}