{"id":1445,"date":"2026-04-27T18:23:20","date_gmt":"2026-04-27T21:23:20","guid":{"rendered":"https:\/\/semanariolaprensa.com\/avantpremiere\/?p=1445"},"modified":"2026-04-27T18:46:59","modified_gmt":"2026-04-27T21:46:59","slug":"nueva-carrara-se-prepara-para-una-nueva-edicion-del-festival-del-guayabo","status":"publish","type":"post","link":"https:\/\/semanariolaprensa.com\/avantpremiere\/nueva-carrara-se-prepara-para-una-nueva-edicion-del-festival-del-guayabo\/","title":{"rendered":"Nueva Carrara se prepara para una nueva edici\u00f3n del Festival del Guayabo"},"content":{"rendered":"\n<p>El pr\u00f3ximo domingo 3 de mayo, la localidad de Nueva Carrara ser\u00e1 sede de una jornada que celebra la identidad local y la producci\u00f3n de este fruto nativo. Con el apoyo del Municipio de Pan de Az\u00facar, el evento ofrecer\u00e1 talleres, actividades recreativas y una variada grilla de espect\u00e1culos musicales desde las 10:00 hasta las 23:00 horas.<\/p>\n\n\n\n<p>El Festival del Guayabo, una iniciativa nacida de los vecinos para destacar la producci\u00f3n artesanal y las propiedades de este fruto rico en vitaminas y antioxidantes, regresa con una propuesta para toda la familia en el Sal\u00f3n Comunal de Nueva Carrara.<\/p>\n\n\n\n<p><strong>Programa de Talleres y Actividades<\/strong><\/p>\n\n\n\n<p>La jornada comenzar\u00e1 con un ciclo de charlas y talleres en el sal\u00f3n comunal enfocados en el saber popular y la producci\u00f3n sustentable:<\/p>\n\n\n\n<ul class=\"wp-block-list\">\n<li><strong>12:00 hs:<\/strong> Taller de Chakana \u2013 Ritualidad y Celebraci\u00f3n (Angie Y\u00e1\u00f1ez \u00d1usta Tamblay).<\/li>\n\n\n\n<li><strong>13:00 hs:<\/strong> Entre Yuyos \u2013 Compartiendo saberes (Yanina Mach\u00edn, La India Salud Herbal).<\/li>\n\n\n\n<li><strong>14:00 hs:<\/strong> Producir Regenerando \u2013 Introducci\u00f3n al bosque comestible (Campus Centro de Experiencias).<\/li>\n\n\n\n<li><strong>15:00 hs:<\/strong> Mesa de Intercambio \u2013 Trabajo cooperativo y autogesti\u00f3n comunitaria (Modera: Daniel Erman).<\/li>\n<\/ul>\n\n\n\n<p>En paralelo, la <strong>cancha <\/strong>ser\u00e1 escenario de actividades de integraci\u00f3n:<\/p>\n\n\n\n<ul class=\"wp-block-list\">\n<li><strong>14:00 hs:<\/strong> Danzas Folkl\u00f3ricas \u00abSembrando Tradici\u00f3n\u00bb.<\/li>\n\n\n\n<li><strong>15:00 hs:<\/strong> Biodanza (Facilitan Nicole y Maca).<\/li>\n\n\n\n<li><strong>16:00 hs:<\/strong> Tango Comunitario (Facilita Nazario Osano).<\/li>\n<\/ul>\n\n\n\n<p><strong>Grilla de Espect\u00e1culos<\/strong><\/p>\n\n\n\n<p>A partir de la tarde, el escenario principal recibir\u00e1 a diversos artistas:<\/p>\n\n\n\n<ul class=\"wp-block-list\">\n<li><strong>16:45 hs:<\/strong> Melania D\u2019Acosta (M\u00fasica para las infancias).<\/li>\n\n\n\n<li><strong>17:30 hs:<\/strong> Ezequiel Fascioli (Cantautor).<\/li>\n\n\n\n<li><strong>18:00 hs:<\/strong> EIA (Cantautora).<\/li>\n\n\n\n<li><strong>18:30 hs:<\/strong> Jos\u00e9 Luis Perera (Canto Popular).<\/li>\n\n\n\n<li><strong>19:00 hs:<\/strong> Axel y Juli (Cantautores).<\/li>\n\n\n\n<li><strong>19:45 hs:<\/strong> La Chirimurga (Chirigota).<\/li>\n\n\n\n<li><strong>20:30 hs:<\/strong> La Encandilada (Murga).<\/li>\n\n\n\n<li><strong>21:15 hs:<\/strong> La Papayera Sintr\u00f3pica (Cumbia colombiana).<\/li>\n<\/ul>\n\n\n\n<figure class=\"wp-block-gallery has-nested-images columns-default is-cropped wp-block-gallery-1 is-layout-flex wp-block-gallery-is-layout-flex\">\n<figure class=\"wp-block-image size-full\"><img data-recalc-dims=\"1\" fetchpriority=\"high\" decoding=\"async\" width=\"1080\" height=\"1080\" data-id=\"1446\" src=\"https:\/\/i0.wp.com\/semanariolaprensa.com\/avantpremiere\/wp-content\/uploads\/2026\/04\/grillafestivalguayabo.jpg?resize=1080%2C1080&#038;ssl=1\" alt=\"\" class=\"wp-image-1446\" srcset=\"https:\/\/i0.wp.com\/semanariolaprensa.com\/avantpremiere\/wp-content\/uploads\/2026\/04\/grillafestivalguayabo.jpg?w=1080&amp;ssl=1 1080w, https:\/\/i0.wp.com\/semanariolaprensa.com\/avantpremiere\/wp-content\/uploads\/2026\/04\/grillafestivalguayabo.jpg?resize=300%2C300&amp;ssl=1 300w, https:\/\/i0.wp.com\/semanariolaprensa.com\/avantpremiere\/wp-content\/uploads\/2026\/04\/grillafestivalguayabo.jpg?resize=1024%2C1024&amp;ssl=1 1024w, https:\/\/i0.wp.com\/semanariolaprensa.com\/avantpremiere\/wp-content\/uploads\/2026\/04\/grillafestivalguayabo.jpg?resize=150%2C150&amp;ssl=1 150w, https:\/\/i0.wp.com\/semanariolaprensa.com\/avantpremiere\/wp-content\/uploads\/2026\/04\/grillafestivalguayabo.jpg?resize=768%2C768&amp;ssl=1 768w, https:\/\/i0.wp.com\/semanariolaprensa.com\/avantpremiere\/wp-content\/uploads\/2026\/04\/grillafestivalguayabo.jpg?resize=75%2C75&amp;ssl=1 75w, https:\/\/i0.wp.com\/semanariolaprensa.com\/avantpremiere\/wp-content\/uploads\/2026\/04\/grillafestivalguayabo.jpg?resize=350%2C350&amp;ssl=1 350w, https:\/\/i0.wp.com\/semanariolaprensa.com\/avantpremiere\/wp-content\/uploads\/2026\/04\/grillafestivalguayabo.jpg?resize=750%2C750&amp;ssl=1 750w\" sizes=\"(max-width: 1000px) 100vw, 1000px\" \/><\/figure>\n\n\n\n<figure class=\"wp-block-image size-full\"><img data-recalc-dims=\"1\" decoding=\"async\" width=\"1080\" height=\"1080\" data-id=\"1447\" src=\"https:\/\/i0.wp.com\/semanariolaprensa.com\/avantpremiere\/wp-content\/uploads\/2026\/04\/festivalguayabohorarios.jpg?resize=1080%2C1080&#038;ssl=1\" alt=\"\" class=\"wp-image-1447\" srcset=\"https:\/\/i0.wp.com\/semanariolaprensa.com\/avantpremiere\/wp-content\/uploads\/2026\/04\/festivalguayabohorarios.jpg?w=1080&amp;ssl=1 1080w, https:\/\/i0.wp.com\/semanariolaprensa.com\/avantpremiere\/wp-content\/uploads\/2026\/04\/festivalguayabohorarios.jpg?resize=300%2C300&amp;ssl=1 300w, https:\/\/i0.wp.com\/semanariolaprensa.com\/avantpremiere\/wp-content\/uploads\/2026\/04\/festivalguayabohorarios.jpg?resize=1024%2C1024&amp;ssl=1 1024w, https:\/\/i0.wp.com\/semanariolaprensa.com\/avantpremiere\/wp-content\/uploads\/2026\/04\/festivalguayabohorarios.jpg?resize=150%2C150&amp;ssl=1 150w, https:\/\/i0.wp.com\/semanariolaprensa.com\/avantpremiere\/wp-content\/uploads\/2026\/04\/festivalguayabohorarios.jpg?resize=768%2C768&amp;ssl=1 768w, https:\/\/i0.wp.com\/semanariolaprensa.com\/avantpremiere\/wp-content\/uploads\/2026\/04\/festivalguayabohorarios.jpg?resize=75%2C75&amp;ssl=1 75w, https:\/\/i0.wp.com\/semanariolaprensa.com\/avantpremiere\/wp-content\/uploads\/2026\/04\/festivalguayabohorarios.jpg?resize=350%2C350&amp;ssl=1 350w, https:\/\/i0.wp.com\/semanariolaprensa.com\/avantpremiere\/wp-content\/uploads\/2026\/04\/festivalguayabohorarios.jpg?resize=750%2C750&amp;ssl=1 750w\" sizes=\"(max-width: 1000px) 100vw, 1000px\" \/><\/figure>\n<\/figure>\n\n\n\n<p><strong>Turismo y desarrollo en Nueva Carrara<\/strong><\/p>\n\n\n\n<p>Ubicada a 10 km al oeste de Pan de Az\u00facar, Nueva Carrara se ha consolidado como un punto de atracci\u00f3n tur\u00edstica, especialmente tras la pavimentaci\u00f3n del Camino Charles Darwin y la construcci\u00f3n de miradores sobre la emblem\u00e1tica cantera de m\u00e1rmol.<\/p>\n\n\n\n<p>La zona, caracterizada por su actividad extractiva y sus paisajes serranos, cuenta hoy con peque\u00f1os productores de vid, olivos y elaboradores artesanales que encuentran en este festival una ventana para dar a conocer el potencial del guayabo del pa\u00eds, fruto que se destaca por su versatilidad en dulces, jugos y licuados.<\/p>\n\n\n\n<figure class=\"wp-block-image size-large\"><img data-recalc-dims=\"1\" decoding=\"async\" width=\"1024\" height=\"1024\" src=\"https:\/\/i0.wp.com\/semanariolaprensa.com\/avantpremiere\/wp-content\/uploads\/2026\/04\/festivalguayabo2.jpg?resize=1024%2C1024&#038;ssl=1\" alt=\"\" class=\"wp-image-1448\" srcset=\"https:\/\/i0.wp.com\/semanariolaprensa.com\/avantpremiere\/wp-content\/uploads\/2026\/04\/festivalguayabo2.jpg?resize=1024%2C1024&amp;ssl=1 1024w, https:\/\/i0.wp.com\/semanariolaprensa.com\/avantpremiere\/wp-content\/uploads\/2026\/04\/festivalguayabo2.jpg?resize=300%2C300&amp;ssl=1 300w, https:\/\/i0.wp.com\/semanariolaprensa.com\/avantpremiere\/wp-content\/uploads\/2026\/04\/festivalguayabo2.jpg?resize=150%2C150&amp;ssl=1 150w, https:\/\/i0.wp.com\/semanariolaprensa.com\/avantpremiere\/wp-content\/uploads\/2026\/04\/festivalguayabo2.jpg?resize=768%2C768&amp;ssl=1 768w, https:\/\/i0.wp.com\/semanariolaprensa.com\/avantpremiere\/wp-content\/uploads\/2026\/04\/festivalguayabo2.jpg?resize=75%2C75&amp;ssl=1 75w, https:\/\/i0.wp.com\/semanariolaprensa.com\/avantpremiere\/wp-content\/uploads\/2026\/04\/festivalguayabo2.jpg?resize=350%2C350&amp;ssl=1 350w, https:\/\/i0.wp.com\/semanariolaprensa.com\/avantpremiere\/wp-content\/uploads\/2026\/04\/festivalguayabo2.jpg?resize=750%2C750&amp;ssl=1 750w, https:\/\/i0.wp.com\/semanariolaprensa.com\/avantpremiere\/wp-content\/uploads\/2026\/04\/festivalguayabo2.jpg?w=1080&amp;ssl=1 1080w\" sizes=\"(max-width: 1000px) 100vw, 1000px\" \/><\/figure>\n\n\n\n<p><\/p>\n","protected":false},"excerpt":{"rendered":"<p>El pr\u00f3ximo domingo 3 de mayo, la localidad de Nueva Carrara ser\u00e1 sede de una jornada que celebra la identidad local y la producci\u00f3n de este fruto nativo. Con el apoyo del Municipio de Pan de Az\u00facar, el evento ofrecer\u00e1 talleres, actividades recreativas y una variada grilla de espect\u00e1culos musicales desde las 10:00 hasta las [&hellip;]<\/p>\n","protected":false},"author":1,"featured_media":1451,"comment_status":"open","ping_status":"open","sticky":false,"template":"","format":"standard","meta":{"om_disable_all_campaigns":false,"_monsterinsights_skip_tracking":false,"_monsterinsights_sitenote_active":false,"_monsterinsights_sitenote_note":"","_monsterinsights_sitenote_category":0,"_jetpack_memberships_contains_paid_content":false,"jnews-multi-image_gallery":[],"jnews_single_post":{"format":"standard"},"jnews_primary_category":[],"jnews_override_bookmark_settings":[],"jnews_social_meta":[],"jnews_review":[],"enable_review":"","type":"","name":"","summary":"","brand":"","sku":"","good":[],"bad":[],"score_override":"","override_value":"","rating":[],"price":[],"jnews_override_counter":[],"footnotes":""},"categories":[96,415,416,82],"tags":[619,1182,620,1181,1183,632,1184,629],"class_list":["post-1445","post","type-post","status-publish","format-standard","has-post-thumbnail","hentry","category-cartelera","category-cultura","category-locales","category-primer-plano","tag-cultura","tag-festival-del-guayabo","tag-maldonado","tag-municipio-de-pan-de-azucar","tag-nueva-carrara","tag-pan-de-azucar","tag-que-hacer-en-pan-de-azucar","tag-turismo"],"aioseo_notices":[],"jetpack_featured_media_url":"https:\/\/i0.wp.com\/semanariolaprensa.com\/avantpremiere\/wp-content\/uploads\/2026\/04\/festguayabo-1.jpg?fit=1200%2C702&ssl=1","jetpack_sharing_enabled":true,"_links":{"self":[{"href":"https:\/\/semanariolaprensa.com\/avantpremiere\/wp-json\/wp\/v2\/posts\/1445","targetHints":{"allow":["GET"]}}],"collection":[{"href":"https:\/\/semanariolaprensa.com\/avantpremiere\/wp-json\/wp\/v2\/posts"}],"about":[{"href":"https:\/\/semanariolaprensa.com\/avantpremiere\/wp-json\/wp\/v2\/types\/post"}],"author":[{"embeddable":true,"href":"https:\/\/semanariolaprensa.com\/avantpremiere\/wp-json\/wp\/v2\/users\/1"}],"replies":[{"embeddable":true,"href":"https:\/\/semanariolaprensa.com\/avantpremiere\/wp-json\/wp\/v2\/comments?post=1445"}],"version-history":[{"count":2,"href":"https:\/\/semanariolaprensa.com\/avantpremiere\/wp-json\/wp\/v2\/posts\/1445\/revisions"}],"predecessor-version":[{"id":1454,"href":"https:\/\/semanariolaprensa.com\/avantpremiere\/wp-json\/wp\/v2\/posts\/1445\/revisions\/1454"}],"wp:featuredmedia":[{"embeddable":true,"href":"https:\/\/semanariolaprensa.com\/avantpremiere\/wp-json\/wp\/v2\/media\/1451"}],"wp:attachment":[{"href":"https:\/\/semanariolaprensa.com\/avantpremiere\/wp-json\/wp\/v2\/media?parent=1445"}],"wp:term":[{"taxonomy":"category","embeddable":true,"href":"https:\/\/semanariolaprensa.com\/avantpremiere\/wp-json\/wp\/v2\/categories?post=1445"},{"taxonomy":"post_tag","embeddable":true,"href":"https:\/\/semanariolaprensa.com\/avantpremiere\/wp-json\/wp\/v2\/tags?post=1445"}],"curies":[{"name":"wp","href":"https:\/\/api.w.org\/{rel}","templated":true}]}}