{"id":1439,"date":"2026-04-27T16:22:46","date_gmt":"2026-04-27T19:22:46","guid":{"rendered":"https:\/\/semanariolaprensa.com\/avantpremiere\/?p=1439"},"modified":"2026-04-27T21:48:33","modified_gmt":"2026-04-28T00:48:33","slug":"el-peso-de-ser-bandana","status":"publish","type":"post","link":"https:\/\/semanariolaprensa.com\/avantpremiere\/el-peso-de-ser-bandana\/","title":{"rendered":"El peso de ser Bandana"},"content":{"rendered":"\n<p>Bandana Day en OLGA: Una jornada hist\u00f3rica de nostalgia, pop y confesiones en el coraz\u00f3n de Palermo<\/p>\n\n\n\n<p>Lo que se vivi\u00f3 este mediod\u00eda en el estudio de <strong>OLGA<\/strong> no fue solo una entrevista, fue un evento cultural que paraliz\u00f3 las calles de Palermo y bati\u00f3 r\u00e9cords en el streaming. En el marco del <strong>\u00abBandana Day\u00bb<\/strong>, el grupo que marc\u00f3 a fuego el pop de los 2000 regres\u00f3 para celebrar sus <strong>25 a\u00f1os<\/strong> de historia en una charla \u00edntima y un despliegue musical que dej\u00f3 en claro por qu\u00e9 su legado permanece intacto.<\/p>\n\n\n\n<p>Desde temprano, la esquina de Humboldt y Cabrera comenz\u00f3 a llenarse de fan\u00e1ticos que, con vinchas y glitter, esperaban ver a sus \u00eddolos. La entrada de <strong>Lowrdez, Lissa, Virginia y Valeria<\/strong> al estudio de <em>So\u00f1\u00e9 que Volaba<\/em> fue el punto de partida para un bloque que combin\u00f3 la frescura de la charla con Migue Granados y la potencia de sus voces en vivo.<\/p>\n\n\n\n<h3 class=\"wp-block-heading\"><strong>La m\u00edstica del I Ching y el \u00abfinal\u00bb necesario<\/strong><\/h3>\n\n\n\n<p>Uno de los momentos m\u00e1s reveladores de la cr\u00f3nica fue cuando las integrantes profundizaron en la famosa separaci\u00f3n del grupo en 2004. Lejos de las versiones de conflictos internos, confirmaron que la decisi\u00f3n se tom\u00f3 tras una consulta al <strong>I Ching<\/strong>.<\/p>\n\n\n<div class=\"wp-block-image\">\n<figure class=\"alignleft size-full is-resized\"><img data-recalc-dims=\"1\" fetchpriority=\"high\" decoding=\"async\" width=\"780\" height=\"448\" src=\"https:\/\/i0.wp.com\/semanariolaprensa.com\/avantpremiere\/wp-content\/uploads\/2026\/04\/20251212150037_la-decepcion-de-virginia-da-cunha-tras-el-show-del-regreso-de-bandana-foto-instagramvirginiadacunha-ub2flg4bvrc5hkivw2uziizilu.webp?resize=780%2C448&#038;ssl=1\" alt=\"\" class=\"wp-image-1441\" style=\"aspect-ratio:1.741079327631967;width:451px;height:auto\" srcset=\"https:\/\/i0.wp.com\/semanariolaprensa.com\/avantpremiere\/wp-content\/uploads\/2026\/04\/20251212150037_la-decepcion-de-virginia-da-cunha-tras-el-show-del-regreso-de-bandana-foto-instagramvirginiadacunha-ub2flg4bvrc5hkivw2uziizilu.webp?w=780&amp;ssl=1 780w, https:\/\/i0.wp.com\/semanariolaprensa.com\/avantpremiere\/wp-content\/uploads\/2026\/04\/20251212150037_la-decepcion-de-virginia-da-cunha-tras-el-show-del-regreso-de-bandana-foto-instagramvirginiadacunha-ub2flg4bvrc5hkivw2uziizilu.webp?resize=300%2C172&amp;ssl=1 300w, https:\/\/i0.wp.com\/semanariolaprensa.com\/avantpremiere\/wp-content\/uploads\/2026\/04\/20251212150037_la-decepcion-de-virginia-da-cunha-tras-el-show-del-regreso-de-bandana-foto-instagramvirginiadacunha-ub2flg4bvrc5hkivw2uziizilu.webp?resize=768%2C441&amp;ssl=1 768w, https:\/\/i0.wp.com\/semanariolaprensa.com\/avantpremiere\/wp-content\/uploads\/2026\/04\/20251212150037_la-decepcion-de-virginia-da-cunha-tras-el-show-del-regreso-de-bandana-foto-instagramvirginiadacunha-ub2flg4bvrc5hkivw2uziizilu.webp?resize=750%2C431&amp;ssl=1 750w\" sizes=\"(max-width: 780px) 100vw, 780px\" \/><\/figure>\n<\/div>\n\n\n<p><em>\u00abSent\u00edamos que hab\u00edamos llegado al techo y quer\u00edamos que Bandana quedara en lo m\u00e1s alto, como algo sagrado\u00bb<\/em>, explicaron. Esa honestidad para hablar del pasado permiti\u00f3 entender la armon\u00eda que muestran hoy: una relaci\u00f3n de hermandad que trasciende los escenarios y que les permite disfrutar de este reencuentro sin las presiones de aquella primera etapa de furor absoluto.<\/p>\n\n\n\n<h3 class=\"wp-block-heading\"><strong>El estudio convertido en concierto<\/strong><\/h3>\n\n\n\n<p>El cl\u00edmax de la jornada lleg\u00f3 cuando las chicas se adue\u00f1aron de los micr\u00f3fonos. Acompa\u00f1adas por la banda del programa, interpretaron sus hits m\u00e1s emblem\u00e1ticos. <strong>\u00abGuapas\u00bb<\/strong>, <strong>\u00abLlega la noche\u00bb<\/strong> y <strong>\u00abMaldita noche\u00bb<\/strong> sonaron con una vigencia asombrosa.<\/p>\n\n\n\n<p>La capacidad vocal del cuarteto, que se mantuvo afinad\u00edsima en cada armon\u00eda, gener\u00f3 un clima de emoci\u00f3n que traspas\u00f3 la pantalla. En el chat de YouTube, la cifra de espectadores super\u00f3 los <strong>28.000 usuarios en simult\u00e1neo<\/strong>, mientras que en la calle, el p\u00fablico coreaba cada estrofa, transformando la vereda en una verdadera fiesta popular.<\/p>\n\n\n\n<h3 class=\"wp-block-heading\"><strong>El repaso de la historia: De Popstars al \u00abcaos\u00bb de la fama<\/strong><\/h3>\n\n\n<div class=\"wp-block-image\">\n<figure class=\"alignright size-full is-resized\"><img data-recalc-dims=\"1\" decoding=\"async\" width=\"474\" height=\"315\" src=\"https:\/\/i0.wp.com\/semanariolaprensa.com\/avantpremiere\/wp-content\/uploads\/2026\/04\/OIP-43.webp?resize=474%2C315&#038;ssl=1\" alt=\"\" class=\"wp-image-1440\" style=\"aspect-ratio:1.504835345426964;width:533px;height:auto\" srcset=\"https:\/\/i0.wp.com\/semanariolaprensa.com\/avantpremiere\/wp-content\/uploads\/2026\/04\/OIP-43.webp?w=474&amp;ssl=1 474w, https:\/\/i0.wp.com\/semanariolaprensa.com\/avantpremiere\/wp-content\/uploads\/2026\/04\/OIP-43.webp?resize=300%2C199&amp;ssl=1 300w\" sizes=\"(max-width: 474px) 100vw, 474px\" \/><\/figure>\n<\/div>\n\n\n<ul class=\"wp-block-list\">\n<li><strong>La p\u00e9rdida del anonimato:<\/strong> Recordaron c\u00f3mo fue el d\u00eda despu\u00e9s de que se formara la banda.<em>\u00abPasamos de tomar el colectivo para ir a ensayar a no poder caminar por la vereda en menos de una semana. No hubo proceso, fue un Big Bang\u00bb<\/em>, coment\u00f3 <strong>Lissa<\/strong> sobre el impacto inicial de 2001.<\/li>\n\n\n\n<li><strong>La vor\u00e1gine del \u00e9xito:<\/strong> Repasaron lo que significaba hacer 150 funciones en el Gran Rex y giras donde no sab\u00edan en qu\u00e9 ciudad se despertaban.<em>\u00ab\u00c9ramos cuatro chicas de 20 a\u00f1os sosteniendo una estructura gigante. No \u00e9ramos solo nosotras, eran familias enteras trabajando y la presi\u00f3n de no poder fallar nunca\u00bb<\/em>, reflexion\u00f3 <strong>Virginia<\/strong> sobre la responsabilidad que sent\u00edan.<\/li>\n\n\n\n<li><strong>La identidad propia vs. el \u00abpersonaje\u00bb:<\/strong> Hablaron de c\u00f3mo cada una tuvo que luchar para no perderse en el estereotipo que les hab\u00edan asignado (la rebelde, la dulce, etc.).<em>\u00abEn un momento sos m\u00e1s el producto que la persona. Volver hoy, 25 a\u00f1os despu\u00e9s, es nuestra forma de decir: &#8216;Estas somos nosotras de verdad, las que sobrevivieron a todo eso'\u00bb<\/em>, destac\u00f3 <strong>Lowrdez<\/strong> con mucha emoci\u00f3n.<\/li>\n\n\n\n<li><strong>El \u00ablegado\u00bb en las nuevas generaciones:<\/strong> Fue muy fuerte cuando mencionaron que hoy ven a las artistas actuales (como Lali o Tini) y se sienten identificadas con el camino que ellas abrieron.<em>\u00abNos llena de orgullo ver que hoy las pibas tienen otras herramientas que nosotras no tuvimos, pero que la esencia de querer comerse el mundo es la misma que ten\u00edamos en el 2000\u00bb<\/em>, concluy\u00f3 <strong>Valeria<\/strong>.<\/li>\n<\/ul>\n\n\n\n<p><\/p>\n\n\n\n<h3 class=\"wp-block-heading\"><strong>Rumbo al Teatro de Verano: El v\u00ednculo con Uruguay<\/strong><\/h3>\n\n\n\n<p>Para el p\u00fablico rioplatense, el anuncio m\u00e1s esperado fue la ratificaci\u00f3n de las fechas internacionales. Con gran entusiasmo, las integrantes de Bandana destacaron su especial v\u00ednculo con el p\u00fablico uruguayo. Confirmaron que el show del <strong>9 de mayo en el Teatro de Verano de Montevideo<\/strong> ser\u00e1 uno de los pilares de esta gira aniversario.<\/p>\n\n\n\n<h3 class=\"wp-block-heading\"><strong>Un cierre a pura emoci\u00f3n<\/strong><\/h3>\n\n\n\n<p><em>\u00abUruguay siempre nos recibi\u00f3 con un amor distinto, y el escenario del &#8216;Ram\u00f3n Collazo&#8217; tiene una energ\u00eda que estamos ansiosas por volver a sentir\u00bb<\/em>, comentaron durante el cierre del bloque. Prometieron un espect\u00e1culo que no solo repasar\u00e1 sus \u00e9xitos, sino que contar\u00e1 con una puesta en escena renovada para celebrar este cuarto de siglo con sus seguidores.<\/p>\n\n\n\n<p>La transmisi\u00f3n finaliz\u00f3 con una ovaci\u00f3n tanto dentro como fuera del estudio. Bandana demostr\u00f3 en <strong>OLGA<\/strong> que no son un simple ejercicio de nostalgia, sino un grupo de mujeres empoderadas que han sabido gestionar su carrera y su amistad. Se retiraron entre fotos y abrazos con los fans, dejando la sensaci\u00f3n de que este <strong>Bandana Day<\/strong> fue apenas el comienzo de un a\u00f1o que las tendr\u00e1 como protagonistas absolutas de la escena musical.<\/p>\n\n\n<div class=\"wp-block-image\">\n<figure class=\"aligncenter size-large is-resized\"><img data-recalc-dims=\"1\" decoding=\"async\" width=\"1024\" height=\"1024\" src=\"https:\/\/i0.wp.com\/semanariolaprensa.com\/avantpremiere\/wp-content\/uploads\/2026\/04\/1200x1200bf-60.jpg?resize=1024%2C1024&#038;ssl=1\" alt=\"\" class=\"wp-image-1442\" style=\"width:553px;height:auto\" srcset=\"https:\/\/i0.wp.com\/semanariolaprensa.com\/avantpremiere\/wp-content\/uploads\/2026\/04\/1200x1200bf-60.jpg?resize=1024%2C1024&amp;ssl=1 1024w, https:\/\/i0.wp.com\/semanariolaprensa.com\/avantpremiere\/wp-content\/uploads\/2026\/04\/1200x1200bf-60.jpg?resize=300%2C300&amp;ssl=1 300w, https:\/\/i0.wp.com\/semanariolaprensa.com\/avantpremiere\/wp-content\/uploads\/2026\/04\/1200x1200bf-60.jpg?resize=150%2C150&amp;ssl=1 150w, https:\/\/i0.wp.com\/semanariolaprensa.com\/avantpremiere\/wp-content\/uploads\/2026\/04\/1200x1200bf-60.jpg?resize=768%2C768&amp;ssl=1 768w, https:\/\/i0.wp.com\/semanariolaprensa.com\/avantpremiere\/wp-content\/uploads\/2026\/04\/1200x1200bf-60.jpg?resize=75%2C75&amp;ssl=1 75w, https:\/\/i0.wp.com\/semanariolaprensa.com\/avantpremiere\/wp-content\/uploads\/2026\/04\/1200x1200bf-60.jpg?resize=350%2C350&amp;ssl=1 350w, https:\/\/i0.wp.com\/semanariolaprensa.com\/avantpremiere\/wp-content\/uploads\/2026\/04\/1200x1200bf-60.jpg?resize=750%2C750&amp;ssl=1 750w, https:\/\/i0.wp.com\/semanariolaprensa.com\/avantpremiere\/wp-content\/uploads\/2026\/04\/1200x1200bf-60.jpg?resize=1140%2C1140&amp;ssl=1 1140w, https:\/\/i0.wp.com\/semanariolaprensa.com\/avantpremiere\/wp-content\/uploads\/2026\/04\/1200x1200bf-60.jpg?w=1200&amp;ssl=1 1200w\" sizes=\"(max-width: 1000px) 100vw, 1000px\" \/><\/figure>\n<\/div>","protected":false},"excerpt":{"rendered":"<p>Bandana Day en OLGA: Una jornada hist\u00f3rica de nostalgia, pop y confesiones en el coraz\u00f3n de Palermo Lo que se vivi\u00f3 este mediod\u00eda en el estudio de OLGA no fue solo una entrevista, fue un evento cultural que paraliz\u00f3 las calles de Palermo y bati\u00f3 r\u00e9cords en el streaming. En el marco del \u00abBandana Day\u00bb, [&hellip;]<\/p>\n","protected":false},"author":2,"featured_media":1443,"comment_status":"open","ping_status":"open","sticky":false,"template":"","format":"standard","meta":{"om_disable_all_campaigns":false,"_monsterinsights_skip_tracking":false,"_monsterinsights_sitenote_active":false,"_monsterinsights_sitenote_note":"","_monsterinsights_sitenote_category":0,"_jetpack_memberships_contains_paid_content":false,"jnews-multi-image_gallery":[],"jnews_single_post":{"format":"standard"},"jnews_primary_category":[],"jnews_override_bookmark_settings":[],"jnews_social_meta":[],"jnews_review":[],"enable_review":"","type":"","name":"","summary":"","brand":"","sku":"","good":[],"bad":[],"score_override":"","override_value":"","rating":[],"price":[],"jnews_override_counter":[],"footnotes":""},"categories":[326,81,54],"tags":[1177,151,1174,1173,582,1175,1178,1171,1179,1170,367,1176,1169,1180,1172],"class_list":["post-1439","post","type-post","status-publish","format-standard","has-post-thumbnail","hentry","category-musica","category-seleccion-premiere","category-streaming","tag-alfombra-roja-bandana","tag-avant-premiere","tag-bandana","tag-bandana-2026","tag-cine-argentino","tag-cobertura-exclusiva","tag-estrellas-argentinas","tag-estreno-bandana","tag-evento-exclusivo","tag-lanzamiento-bandana","tag-musica-argentina","tag-noche-de-gala","tag-pop-argentino","tag-premiere-bandana-oficial","tag-regreso-de-bandana"],"aioseo_notices":[],"jetpack_featured_media_url":"https:\/\/i0.wp.com\/semanariolaprensa.com\/avantpremiere\/wp-content\/uploads\/2026\/04\/20200608-073228.jpg?fit=1200%2C600&ssl=1","jetpack_sharing_enabled":true,"_links":{"self":[{"href":"https:\/\/semanariolaprensa.com\/avantpremiere\/wp-json\/wp\/v2\/posts\/1439","targetHints":{"allow":["GET"]}}],"collection":[{"href":"https:\/\/semanariolaprensa.com\/avantpremiere\/wp-json\/wp\/v2\/posts"}],"about":[{"href":"https:\/\/semanariolaprensa.com\/avantpremiere\/wp-json\/wp\/v2\/types\/post"}],"author":[{"embeddable":true,"href":"https:\/\/semanariolaprensa.com\/avantpremiere\/wp-json\/wp\/v2\/users\/2"}],"replies":[{"embeddable":true,"href":"https:\/\/semanariolaprensa.com\/avantpremiere\/wp-json\/wp\/v2\/comments?post=1439"}],"version-history":[{"count":1,"href":"https:\/\/semanariolaprensa.com\/avantpremiere\/wp-json\/wp\/v2\/posts\/1439\/revisions"}],"predecessor-version":[{"id":1444,"href":"https:\/\/semanariolaprensa.com\/avantpremiere\/wp-json\/wp\/v2\/posts\/1439\/revisions\/1444"}],"wp:featuredmedia":[{"embeddable":true,"href":"https:\/\/semanariolaprensa.com\/avantpremiere\/wp-json\/wp\/v2\/media\/1443"}],"wp:attachment":[{"href":"https:\/\/semanariolaprensa.com\/avantpremiere\/wp-json\/wp\/v2\/media?parent=1439"}],"wp:term":[{"taxonomy":"category","embeddable":true,"href":"https:\/\/semanariolaprensa.com\/avantpremiere\/wp-json\/wp\/v2\/categories?post=1439"},{"taxonomy":"post_tag","embeddable":true,"href":"https:\/\/semanariolaprensa.com\/avantpremiere\/wp-json\/wp\/v2\/tags?post=1439"}],"curies":[{"name":"wp","href":"https:\/\/api.w.org\/{rel}","templated":true}]}}