{"id":1432,"date":"2026-04-25T19:50:36","date_gmt":"2026-04-25T22:50:36","guid":{"rendered":"https:\/\/semanariolaprensa.com\/avantpremiere\/?p=1432"},"modified":"2026-04-25T19:50:38","modified_gmt":"2026-04-25T22:50:38","slug":"midnight-in-paris-la-seductora-trampa-del-tiempo-dorado","status":"publish","type":"post","link":"https:\/\/semanariolaprensa.com\/avantpremiere\/midnight-in-paris-la-seductora-trampa-del-tiempo-dorado\/","title":{"rendered":"Midnight in Paris: La seductora trampa del \u00abtiempo dorado\u00bb"},"content":{"rendered":"\n<p>La capital francesa bajo la lluvia, acordes de jazz en el aire y la constante sensaci\u00f3n de que la vida verdadera est\u00e1 sucediendo en otra parte. As\u00ed nos recibe <em>Midnight in Paris<\/em> (2011), una obra que, bajo su envoltorio de comedia ligera y visualmente encantadora, esconde una aguda cr\u00edtica a una de las trampas psicol\u00f3gicas m\u00e1s comunes del ser humano: la falacia de la edad de oro.<\/p>\n\n\n\n<h1 class=\"wp-block-heading\">Midnight in Paris: La seductora trampa del \u00abtiempo dorado\u00bb<\/h1>\n\n\n\n<p><strong>Por: Diego Sebasti\u00e1n Debali Escoz<\/strong><\/p>\n\n\n\n<p>La capital francesa bajo la lluvia, acordes de jazz en el aire y la constante sensaci\u00f3n de que la vida verdadera est\u00e1 sucediendo en otra parte. As\u00ed nos recibe <em>Midnight in Paris<\/em> (2011), una obra que, bajo su envoltorio de comedia ligera y visualmente encantadora, esconde una aguda cr\u00edtica a una de las trampas psicol\u00f3gicas m\u00e1s comunes del ser humano: la falacia de la edad de oro.<\/p>\n\n\n\n<h3 class=\"wp-block-heading\">La ilusi\u00f3n de la \u00e9poca perfecta<\/h3>\n\n\n<div class=\"wp-block-image\">\n<figure class=\"alignright size-full is-resized\"><img data-recalc-dims=\"1\" fetchpriority=\"high\" decoding=\"async\" width=\"474\" height=\"266\" src=\"https:\/\/i0.wp.com\/semanariolaprensa.com\/avantpremiere\/wp-content\/uploads\/2026\/04\/OIP-42.webp?resize=474%2C266&#038;ssl=1\" alt=\"\" class=\"wp-image-1434\" style=\"width:572px;height:auto\" srcset=\"https:\/\/i0.wp.com\/semanariolaprensa.com\/avantpremiere\/wp-content\/uploads\/2026\/04\/OIP-42.webp?w=474&amp;ssl=1 474w, https:\/\/i0.wp.com\/semanariolaprensa.com\/avantpremiere\/wp-content\/uploads\/2026\/04\/OIP-42.webp?resize=300%2C168&amp;ssl=1 300w\" sizes=\"(max-width: 474px) 100vw, 474px\" \/><\/figure>\n<\/div>\n\n\n<p>El protagonista, Gil Pender, es un guionista frustrado que idealiza el Par\u00eds de los a\u00f1os 20. A trav\u00e9s de un recurso fant\u00e1stico, Gil viaja en el tiempo cada medianoche para codearse con gigantes como Ernest Hemingway, F. Scott Fitzgerald y Salvador Dal\u00ed. Sin embargo, lo que parece ser el sue\u00f1o supremo de cualquier amante del arte se convierte r\u00e1pidamente en un espejo donde se refleja la \u00abfalacia del tiempo dorado\u00bb: la creencia err\u00f3nea de que una \u00e9poca diferente a la actual es intr\u00ednsecamente superior.<\/p>\n\n\n\n<p>Esta insatisfacci\u00f3n cr\u00f3nica con el presente no es exclusiva del protagonista. La brillantez de la narrativa radica en mostrar c\u00f3mo la musa de los a\u00f1os 20, Adriana (interpretada por Marion Cotillard), anhela a su vez la <em>Belle \u00c9poque<\/em> de finales del siglo XIX, considerando a su propia d\u00e9cada como vac\u00eda y carente de imaginaci\u00f3n. Cuando ambos viajan a ese siglo XIX, descubren que figuras como Toulouse-Lautrec y Paul Gauguin desprecian su presente y a\u00f1oran el Renacimiento.<\/p>\n\n\n\n<p>Es una mu\u00f1eca rusa de nostalgias que demuestra un punto fundamental: el pasado siempre parece perfecto simplemente porque ya no exige nada de nosotros; ha sido editado por la memoria colectiva, eliminando sus asperezas, incertidumbres y crisis cotidianas.<\/p>\n\n\n\n<h3 class=\"wp-block-heading\">La est\u00e9tica como veh\u00edculo del enga\u00f1o<\/h3>\n\n\n\n<p>Visualmente, la pel\u00edcula juega a favor de esta enso\u00f1aci\u00f3n y nos hace c\u00f3mplices del protagonista. La fotograf\u00eda c\u00e1lida, los tonos \u00e1mbar y los escenarios meticulosamente reconstruidos nos invitan a caer en la misma trampa que Gil. La direcci\u00f3n nos seduce con un Par\u00eds iluminado por farolas de gas, tertulias literarias interminables y copas de absenta, utilizando el dise\u00f1o de producci\u00f3n para materializar esa idealizaci\u00f3n mental.<\/p>\n\n\n\n<p>La obra es ingeniosa precisamente porque nos da exactamente lo que queremos ver, para luego desarmar el mito frente a nuestros ojos. Nos confronta con la realidad de que la nostalgia, cuando se usa como refugio permanente, es paralizante.<\/p>\n\n\n\n<h3 class=\"wp-block-heading\">El coraje de habitar el hoy<\/h3>\n\n\n\n<p><em>Midnight in Paris<\/em> deja una lecci\u00f3n indispensable para quienes consumimos y analizamos la cultura. Es completamente v\u00e1lido, e incluso necesario, mirar hacia atr\u00e1s para buscar inspiraci\u00f3n, referencias est\u00e9ticas o simplemente el consuelo de una obra de arte cl\u00e1sica. Pero habitar la nostalgia en detrimento del aqu\u00ed y ahora es una forma de negaci\u00f3n.<\/p>\n\n\n\n<p>La pel\u00edcula no condena el acto de recordar, sino la inacci\u00f3n. Nos invita a disfrutar del indiscutible encanto del pasado, s\u00ed, pero sobre todo, a tener el valor de enfrentar la hoja en blanco y caminar bajo la lluvia en nuestro propio presente. Es all\u00ed, con todas sus imperfecciones, el \u00fanico lugar donde realmente se puede vivir y crear.<\/p>\n\n\n<div class=\"wp-block-image\">\n<figure class=\"aligncenter size-full is-resized\"><img data-recalc-dims=\"1\" decoding=\"async\" width=\"286\" height=\"345\" src=\"https:\/\/i0.wp.com\/semanariolaprensa.com\/avantpremiere\/wp-content\/uploads\/2026\/04\/midnight-in-paris.jpg?resize=286%2C345&#038;ssl=1\" alt=\"\" class=\"wp-image-1436\" style=\"aspect-ratio:0.8289885297184567;width:488px;height:auto\" srcset=\"https:\/\/i0.wp.com\/semanariolaprensa.com\/avantpremiere\/wp-content\/uploads\/2026\/04\/midnight-in-paris.jpg?w=286&amp;ssl=1 286w, https:\/\/i0.wp.com\/semanariolaprensa.com\/avantpremiere\/wp-content\/uploads\/2026\/04\/midnight-in-paris.jpg?resize=249%2C300&amp;ssl=1 249w\" sizes=\"(max-width: 286px) 100vw, 286px\" \/><\/figure>\n<\/div>","protected":false},"excerpt":{"rendered":"<p>La capital francesa bajo la lluvia, acordes de jazz en el aire y la constante sensaci\u00f3n de que la vida verdadera est\u00e1 sucediendo en otra parte. As\u00ed nos recibe Midnight in Paris (2011), una obra que, bajo su envoltorio de comedia ligera y visualmente encantadora, esconde una aguda cr\u00edtica a una de las trampas psicol\u00f3gicas [&hellip;]<\/p>\n","protected":false},"author":2,"featured_media":1433,"comment_status":"open","ping_status":"open","sticky":false,"template":"","format":"standard","meta":{"om_disable_all_campaigns":false,"_monsterinsights_skip_tracking":false,"_monsterinsights_sitenote_active":false,"_monsterinsights_sitenote_note":"","_monsterinsights_sitenote_category":0,"_jetpack_memberships_contains_paid_content":false,"jnews-multi-image_gallery":[],"jnews_single_post":{"format":"standard"},"jnews_primary_category":[],"jnews_override_bookmark_settings":[],"jnews_social_meta":[],"jnews_review":[],"enable_review":"","type":"","name":"","summary":"","brand":"","sku":"","good":[],"bad":[],"score_override":"","override_value":"","rating":[],"price":[],"jnews_override_counter":[],"footnotes":""},"categories":[383,415,81],"tags":[1165,1167,1161,413,1166,1164,307,1160,1158,1168,1163,1162,1147,872,1159],"class_list":["post-1432","post","type-post","status-publish","format-standard","has-post-thumbnail","hentry","category-cine","category-cultura","category-seleccion-premiere","tag-analisis-cinematografico","tag-anos-20","tag-arte-y-cultura","tag-avant-premiere-2","tag-belle-epoque","tag-cine-y-psicologia","tag-critica-de-cine","tag-edad-de-oro","tag-falacia-del-tiempo-dorado","tag-generacion-perdida","tag-gil-pender","tag-midnight-in-paris","tag-nostalgia","tag-paris","tag-viajes-en-el-tiempo"],"aioseo_notices":[],"jetpack_featured_media_url":"https:\/\/i0.wp.com\/semanariolaprensa.com\/avantpremiere\/wp-content\/uploads\/2026\/04\/b0680540d5e5961aa0c4aed208e73222.jpg?fit=675%2C1200&ssl=1","jetpack_sharing_enabled":true,"_links":{"self":[{"href":"https:\/\/semanariolaprensa.com\/avantpremiere\/wp-json\/wp\/v2\/posts\/1432","targetHints":{"allow":["GET"]}}],"collection":[{"href":"https:\/\/semanariolaprensa.com\/avantpremiere\/wp-json\/wp\/v2\/posts"}],"about":[{"href":"https:\/\/semanariolaprensa.com\/avantpremiere\/wp-json\/wp\/v2\/types\/post"}],"author":[{"embeddable":true,"href":"https:\/\/semanariolaprensa.com\/avantpremiere\/wp-json\/wp\/v2\/users\/2"}],"replies":[{"embeddable":true,"href":"https:\/\/semanariolaprensa.com\/avantpremiere\/wp-json\/wp\/v2\/comments?post=1432"}],"version-history":[{"count":1,"href":"https:\/\/semanariolaprensa.com\/avantpremiere\/wp-json\/wp\/v2\/posts\/1432\/revisions"}],"predecessor-version":[{"id":1437,"href":"https:\/\/semanariolaprensa.com\/avantpremiere\/wp-json\/wp\/v2\/posts\/1432\/revisions\/1437"}],"wp:featuredmedia":[{"embeddable":true,"href":"https:\/\/semanariolaprensa.com\/avantpremiere\/wp-json\/wp\/v2\/media\/1433"}],"wp:attachment":[{"href":"https:\/\/semanariolaprensa.com\/avantpremiere\/wp-json\/wp\/v2\/media?parent=1432"}],"wp:term":[{"taxonomy":"category","embeddable":true,"href":"https:\/\/semanariolaprensa.com\/avantpremiere\/wp-json\/wp\/v2\/categories?post=1432"},{"taxonomy":"post_tag","embeddable":true,"href":"https:\/\/semanariolaprensa.com\/avantpremiere\/wp-json\/wp\/v2\/tags?post=1432"}],"curies":[{"name":"wp","href":"https:\/\/api.w.org\/{rel}","templated":true}]}}