{"id":1426,"date":"2026-04-25T17:38:11","date_gmt":"2026-04-25T20:38:11","guid":{"rendered":"https:\/\/semanariolaprensa.com\/avantpremiere\/?p=1426"},"modified":"2026-04-25T17:38:13","modified_gmt":"2026-04-25T20:38:13","slug":"stand-by-me-1986","status":"publish","type":"post","link":"https:\/\/semanariolaprensa.com\/avantpremiere\/stand-by-me-1986\/","title":{"rendered":"Stand by Me: (1986)"},"content":{"rendered":"\n<p><\/p>\n\n\n\n<p>Hay una frase que sentencia el final de una de las pel\u00edculas m\u00e1s emblem\u00e1ticas de los a\u00f1os 80 y que, hasta el d\u00eda de hoy, resuena con una verdad escalofriante: <em>\u201cNunca volv\u00ed a tener amigos como los que tuve a los doce a\u00f1os. Dios, \u00bfacaso alguien los tiene?\u201d<\/em>. Con esa premisa, <strong>Stand by Me<\/strong> (1986), dirigida por Rob Reiner y basada en la novela de Stephen King, deja de ser una simple aventura de verano para transformarse en un tratado sobre la p\u00e9rdida de la inocencia.<\/p>\n\n\n\n<h3 class=\"wp-block-heading\">El viaje hacia lo inevitable<\/h3>\n\n\n<div class=\"wp-block-image\">\n<figure class=\"alignleft size-full\"><img data-recalc-dims=\"1\" fetchpriority=\"high\" decoding=\"async\" width=\"200\" height=\"300\" src=\"https:\/\/i0.wp.com\/semanariolaprensa.com\/avantpremiere\/wp-content\/uploads\/2026\/04\/OIP-40-1.webp?resize=200%2C300&#038;ssl=1\" alt=\"\" class=\"wp-image-1428\"\/><\/figure>\n<\/div>\n\n\n<p>La historia es, en apariencia, sencilla: cuatro amigos de la infancia en el ficticio pueblo de Castle Rock emprenden una traves\u00eda a pie siguiendo las v\u00edas del tren para encontrar el cuerpo de un chico desaparecido. Sin embargo, el cad\u00e1ver es solo el macabro pretexto. El verdadero motor del relato es el tiempo; ese que se desliza entre los dedos mientras Gordie, Chris, Teddy y Vern caminan por los bosques de Oreg\u00f3n.<\/p>\n\n\n\n<p>La pel\u00edcula logra capturar esa <strong>dimensi\u00f3n profunda de la nostalgia<\/strong> que no se basa solo en recordar momentos felices, sino en el reconocimiento de que esos momentos son irrepetibles. Los protagonistas habitan ese breve y m\u00e1gico instante de la pre-adolescencia donde el mundo es inmenso, peligroso y fascinante a la vez, justo antes de que las presiones sociales y las tragedias personales comiencen a moldear sus vidas adultas.<\/p>\n\n\n\n<p><\/p>\n\n\n\n<h3 class=\"wp-block-heading\">La melancol\u00eda de las v\u00edas del tren<\/h3>\n\n\n\n<p>Visualmente, la obra utiliza el paisaje rural y una banda sonora cargada de cl\u00e1sicos de los 50 \u2014encabezada por el inolvidable tema de Ben E. King\u2014 para envolver al espectador en una atm\u00f3sfera de calidez oto\u00f1al. Pero es la actuaci\u00f3n de <strong>River Phoenix<\/strong> la que otorga a la pel\u00edcula su carga emocional m\u00e1s pesada. Su interpretaci\u00f3n de Chris Chambers, un ni\u00f1o que lucha contra el estigma de su familia mientras protege a sus amigos, se siente hoy m\u00e1s nost\u00e1lgica que nunca, dado el destino real del actor.<\/p>\n\n\n<div class=\"wp-block-image\">\n<figure class=\"alignright size-full is-resized\"><img data-recalc-dims=\"1\" decoding=\"async\" width=\"736\" height=\"1059\" src=\"https:\/\/i0.wp.com\/semanariolaprensa.com\/avantpremiere\/wp-content\/uploads\/2026\/04\/d15b607bb0dd0a7ac51bcef00d921298.jpg?resize=736%2C1059&#038;ssl=1\" alt=\"\" class=\"wp-image-1430\" style=\"aspect-ratio:0.6950137656775772;width:267px;height:auto\" srcset=\"https:\/\/i0.wp.com\/semanariolaprensa.com\/avantpremiere\/wp-content\/uploads\/2026\/04\/d15b607bb0dd0a7ac51bcef00d921298.jpg?w=736&amp;ssl=1 736w, https:\/\/i0.wp.com\/semanariolaprensa.com\/avantpremiere\/wp-content\/uploads\/2026\/04\/d15b607bb0dd0a7ac51bcef00d921298.jpg?resize=208%2C300&amp;ssl=1 208w, https:\/\/i0.wp.com\/semanariolaprensa.com\/avantpremiere\/wp-content\/uploads\/2026\/04\/d15b607bb0dd0a7ac51bcef00d921298.jpg?resize=712%2C1024&amp;ssl=1 712w\" sizes=\"(max-width: 736px) 100vw, 736px\" \/><\/figure>\n<\/div>\n\n\n<h3 class=\"wp-block-heading\">\u00bfPor qu\u00e9 volver a verla hoy?<\/h3>\n\n\n\n<p>Invitar al lector a ver <em>Stand by Me<\/em> es invitarlo a un ejercicio de introspecci\u00f3n. En un mundo hiperconectado y vertiginoso, la pel\u00edcula nos obliga a bajar el ritmo y recordar:<\/p>\n\n\n\n<ul class=\"wp-block-list\">\n<li>La importancia de los silencios compartidos.<\/li>\n\n\n\n<li>La lealtad incondicional que solo se tiene cuando no se espera nada a cambio.<\/li>\n\n\n\n<li>El dolor sordo de entender que, a veces, crecer significa dejar atr\u00e1s a las personas que m\u00e1s quisimos.<\/li>\n<\/ul>\n\n\n\n<p>Al final, la nostalgia que transmite la cinta no es triste, sino <strong>reivindicativa<\/strong>. Nos recuerda que fuimos vulnerables, que fuimos valientes y que, aunque los caminos se hayan bifurcado, aquel verano en las v\u00edas del tren sigue vivo en alg\u00fan rinc\u00f3n de nuestra memoria.<\/p>\n\n\n\n<p>Si usted busca reencontrarse con ese ni\u00f1o que alguna vez crey\u00f3 que una caminata con amigos era la aventura m\u00e1s grande del universo, dele una oportunidad a este cl\u00e1sico. Quiz\u00e1s descubra que, aunque ya no tenga los mismos amigos, el sentimiento sigue intacto.<\/p>\n\n\n\n<p><\/p>\n","protected":false},"excerpt":{"rendered":"<p>Hay una frase que sentencia el final de una de las pel\u00edculas m\u00e1s emblem\u00e1ticas de los a\u00f1os 80 y que, hasta el d\u00eda de hoy, resuena con una verdad escalofriante: \u201cNunca volv\u00ed a tener amigos como los que tuve a los doce a\u00f1os. Dios, \u00bfacaso alguien los tiene?\u201d. Con esa premisa, Stand by Me (1986), [&hellip;]<\/p>\n","protected":false},"author":2,"featured_media":1429,"comment_status":"open","ping_status":"open","sticky":false,"template":"","format":"standard","meta":{"om_disable_all_campaigns":false,"_monsterinsights_skip_tracking":false,"_monsterinsights_sitenote_active":false,"_monsterinsights_sitenote_note":"","_monsterinsights_sitenote_category":0,"_jetpack_memberships_contains_paid_content":false,"jnews-multi-image_gallery":[],"jnews_single_post":{"format":"standard"},"jnews_primary_category":[],"jnews_override_bookmark_settings":[],"jnews_social_meta":[],"jnews_review":[],"enable_review":"","type":"","name":"","summary":"","brand":"","sku":"","good":[],"bad":[],"score_override":"","override_value":"","rating":[],"price":[],"jnews_override_counter":[],"footnotes":""},"categories":[383,415,81],"tags":[1155,203,1152,1157,1156,307,1151,1143,1147,211,1144,1153,1154,1149,1146,1150,1145,1142,1148],"class_list":["post-1426","post","type-post","status-publish","format-standard","has-post-thumbnail","hentry","category-cine","category-cultura","category-seleccion-premiere","tag-amistad-eterna","tag-cine-clasico","tag-cine-de-culto","tag-cine-de-los-80","tag-cine-y-emociones","tag-critica-de-cine","tag-cuenta-conmigo","tag-memorias","tag-nostalgia","tag-nostalgia-cinematografica","tag-perdida-de-la-inocencia","tag-recomendacion-de-cine","tag-relatos-de-infancia","tag-river-phoenix","tag-rob-reiner","tag-septimo-arte","tag-stand-by-me","tag-standbyme","tag-stephen-king"],"aioseo_notices":[],"jetpack_featured_media_url":"https:\/\/i0.wp.com\/semanariolaprensa.com\/avantpremiere\/wp-content\/uploads\/2026\/04\/OIP-41.webp?fit=260%2C476&ssl=1","jetpack_sharing_enabled":true,"_links":{"self":[{"href":"https:\/\/semanariolaprensa.com\/avantpremiere\/wp-json\/wp\/v2\/posts\/1426","targetHints":{"allow":["GET"]}}],"collection":[{"href":"https:\/\/semanariolaprensa.com\/avantpremiere\/wp-json\/wp\/v2\/posts"}],"about":[{"href":"https:\/\/semanariolaprensa.com\/avantpremiere\/wp-json\/wp\/v2\/types\/post"}],"author":[{"embeddable":true,"href":"https:\/\/semanariolaprensa.com\/avantpremiere\/wp-json\/wp\/v2\/users\/2"}],"replies":[{"embeddable":true,"href":"https:\/\/semanariolaprensa.com\/avantpremiere\/wp-json\/wp\/v2\/comments?post=1426"}],"version-history":[{"count":1,"href":"https:\/\/semanariolaprensa.com\/avantpremiere\/wp-json\/wp\/v2\/posts\/1426\/revisions"}],"predecessor-version":[{"id":1431,"href":"https:\/\/semanariolaprensa.com\/avantpremiere\/wp-json\/wp\/v2\/posts\/1426\/revisions\/1431"}],"wp:featuredmedia":[{"embeddable":true,"href":"https:\/\/semanariolaprensa.com\/avantpremiere\/wp-json\/wp\/v2\/media\/1429"}],"wp:attachment":[{"href":"https:\/\/semanariolaprensa.com\/avantpremiere\/wp-json\/wp\/v2\/media?parent=1426"}],"wp:term":[{"taxonomy":"category","embeddable":true,"href":"https:\/\/semanariolaprensa.com\/avantpremiere\/wp-json\/wp\/v2\/categories?post=1426"},{"taxonomy":"post_tag","embeddable":true,"href":"https:\/\/semanariolaprensa.com\/avantpremiere\/wp-json\/wp\/v2\/tags?post=1426"}],"curies":[{"name":"wp","href":"https:\/\/api.w.org\/{rel}","templated":true}]}}