{"id":1409,"date":"2026-04-25T11:41:38","date_gmt":"2026-04-25T14:41:38","guid":{"rendered":"https:\/\/semanariolaprensa.com\/avantpremiere\/?p=1409"},"modified":"2026-04-25T12:04:10","modified_gmt":"2026-04-25T15:04:10","slug":"natalia-figueroa-la-escritora-uruguaya-que-pone-voz-al-exilio-y-rescata-las-raices-afroindigenas-desde-australia","status":"publish","type":"post","link":"https:\/\/semanariolaprensa.com\/avantpremiere\/natalia-figueroa-la-escritora-uruguaya-que-pone-voz-al-exilio-y-rescata-las-raices-afroindigenas-desde-australia\/","title":{"rendered":"Natalia Figueroa: la escritora uruguaya que pone voz al exilio y rescata las ra\u00edces afroind\u00edgenas desde Australia"},"content":{"rendered":"\n<p>\u201c<strong><em>Cuando piso Uruguay, me pongo a llorar<\/em><\/strong>\u201d, confiesa Natalia Figueroa, la escritora que convierte la historia de su familia en una potente exploraci\u00f3n del exilio, la identidad y las ra\u00edces afroind\u00edgenas.<\/p>\n\n\n\n<p>Para Natalia Figueroa Barroso, el v\u00ednculo con Uruguay est\u00e1 atravesado por la emoci\u00f3n y la memoria. La escritora australiana-uruguaya utiliza su obra como un puente para reconectar con su pasado familiar y entender sus or\u00edgenes. Hija de emigrantes que abandonaron el pa\u00eds durante la dictadura militar (1973-1985), ha construido una trayectoria marcada por el desarraigo, la reconstrucci\u00f3n y la necesidad de dar voz a historias silenciadas.<\/p>\n\n\n\n<p>Sus padres llegaron a S\u00eddney tras sufrir persecuci\u00f3n pol\u00edtica: su madre emigr\u00f3 debido a la actividad militante de su entorno familiar, mientras que su padre fue detenido durante varios d\u00edas por retirar propaganda pol\u00edtica de las calles. A esa historia se suma la de sus abuelos paternos, de origen afroind\u00edgena, que buscaron en Australia una comunidad donde escapar del racismo experimentado en Uruguay. \u201c<strong><em>Vinieron con una valija, una olla, un sart\u00e9n y poco m\u00e1s<\/em><\/strong>\u201d, recuerda sobre aquel comienzo en barrios populares.<\/p>\n\n\n\n<p>Aunque naci\u00f3 en Australia, Figueroa pas\u00f3 parte de su infancia en Montevideo antes de regresar definitivamente siendo ni\u00f1a. Esa experiencia marc\u00f3 su identidad de forma permanente: \u201c<strong><em>siempre me sent\u00ed inmigrante, aunque nac\u00ed ac\u00e1<\/em><\/strong>\u201d, explic\u00f3 en una entrevista con EFE.<\/p>\n\n\n\n<h3 class=\"wp-block-heading\"><strong>Del exilio familiar a la escritura<\/strong><\/h3>\n\n\n\n<p>En 2024 public\u00f3 su primera novela, <em>Hailstones fell without rain<\/em> (Granizos cayeron sin lluvia), que ha recibido elogios de medios internacionales como <em><strong>The Guardian<\/strong><\/em>. La cr\u00edtica la describe como una obra \u201c<strong><em>exuberante<\/em><\/strong>\u201d que celebra la conexi\u00f3n entre tres generaciones de mujeres uruguayas \u2014Grachu, Rita y Chula\u2014, saltando entre el presente en S\u00eddney y el pasado en Uruguay durante la dictadura.<\/p>\n\n\n\n<p>Seg\u00fan el prestigioso medio, la novela no solo explora el trauma y el dolor, sino que tambi\u00e9n propone la alegr\u00eda como una forma de resistencia. Su estilo se destaca por mezclar el lirismo del espa\u00f1ol con el dialecto urbano de S\u00eddney, evocando influencias que van desde Isabel Allende y Gabriel Garc\u00eda M\u00e1rquez hasta el drama de las telenovelas.<\/p>\n\n\n\n<p>En su di\u00e1logo con EFE, la autora profundiz\u00f3 en los ejes de su obra: la memoria hist\u00f3rica, abordada desde una perspectiva \u00edntima y familiar; las ra\u00edces afroind\u00edgenas, con foco en identidades y saberes invisibilizados en los relatos oficiales; y la reconstrucci\u00f3n colectiva, como una forma de acercarse a tradiciones hist\u00f3ricamente ignoradas.<\/p>\n\n\n\n<h3 class=\"wp-block-heading\"><strong>Una obra que cruza memoria y generaciones<\/strong><\/h3>\n\n\n\n<p>Lejos de los circuitos literarios tradicionales, Figueroa compagina su carrera con un trabajo en el sector de la construcci\u00f3n en Australia, con jornadas de hasta doce horas diarias. Para la autora, ese entorno tambi\u00e9n alimenta su mirada: \u201c<strong><em>ah\u00ed tambi\u00e9n hay poes\u00eda, hay filosof\u00eda<\/em><\/strong>\u201d, sostiene.<\/p>\n\n\n\n<p>Adem\u00e1s de su novela, ha publicado el ensayo <em>A guide to the colonisation of my mother tongue<\/em> (Gu\u00eda de la colonizaci\u00f3n de mi lengua materna), estudiado en \u00e1mbitos acad\u00e9micos internacionales. Actualmente trabaja en una nueva novela con elementos dist\u00f3picos y participar\u00e1 en mayo en el Festival de Escritores de S\u00eddney.<\/p>\n\n\n\n<p>Avant-Premi\u00e8re con informaci\u00f3n de EFE<\/p>\n\n\n<div class=\"wp-block-image\">\n<figure class=\"aligncenter size-full is-resized\"><img data-recalc-dims=\"1\" fetchpriority=\"high\" decoding=\"async\" width=\"900\" height=\"1200\" src=\"https:\/\/i0.wp.com\/semanariolaprensa.com\/avantpremiere\/wp-content\/uploads\/2026\/04\/528301678_18075242945055178_5381408426825955286_n.jpg?resize=900%2C1200&#038;ssl=1\" alt=\"\" class=\"wp-image-1413\" style=\"width:900px;height:auto\" srcset=\"https:\/\/i0.wp.com\/semanariolaprensa.com\/avantpremiere\/wp-content\/uploads\/2026\/04\/528301678_18075242945055178_5381408426825955286_n.jpg?w=900&amp;ssl=1 900w, https:\/\/i0.wp.com\/semanariolaprensa.com\/avantpremiere\/wp-content\/uploads\/2026\/04\/528301678_18075242945055178_5381408426825955286_n.jpg?resize=225%2C300&amp;ssl=1 225w, https:\/\/i0.wp.com\/semanariolaprensa.com\/avantpremiere\/wp-content\/uploads\/2026\/04\/528301678_18075242945055178_5381408426825955286_n.jpg?resize=768%2C1024&amp;ssl=1 768w, https:\/\/i0.wp.com\/semanariolaprensa.com\/avantpremiere\/wp-content\/uploads\/2026\/04\/528301678_18075242945055178_5381408426825955286_n.jpg?resize=750%2C1000&amp;ssl=1 750w\" sizes=\"(max-width: 900px) 100vw, 900px\" \/><figcaption class=\"wp-element-caption\">Natalia FIGUEROA Barroso \u00a9 Instagram @ms_figueroa_barroso<\/figcaption><\/figure>\n<\/div>","protected":false},"excerpt":{"rendered":"<p>\u201cCuando piso Uruguay, me pongo a llorar\u201d, confiesa Natalia Figueroa, la escritora que convierte la historia de su familia en una potente exploraci\u00f3n del exilio, la identidad y las ra\u00edces afroind\u00edgenas. Para Natalia Figueroa Barroso, el v\u00ednculo con Uruguay est\u00e1 atravesado por la emoci\u00f3n y la memoria. La escritora australiana-uruguaya utiliza su obra como un [&hellip;]<\/p>\n","protected":false},"author":1,"featured_media":1412,"comment_status":"open","ping_status":"open","sticky":false,"template":"","format":"standard","meta":{"om_disable_all_campaigns":false,"_monsterinsights_skip_tracking":false,"_monsterinsights_sitenote_active":false,"_monsterinsights_sitenote_note":"","_monsterinsights_sitenote_category":0,"_jetpack_memberships_contains_paid_content":false,"jnews-multi-image_gallery":[],"jnews_single_post":{"format":"standard"},"jnews_primary_category":[],"jnews_override_bookmark_settings":[],"jnews_social_meta":[],"jnews_review":[],"enable_review":"","type":"","name":"","summary":"","brand":"","sku":"","good":[],"bad":[],"score_override":"","override_value":"","rating":[],"price":[],"jnews_override_counter":[],"footnotes":""},"categories":[415,82],"tags":[1117,1133,1119,1115,1136,1126,1123,1120,1127,1132,1140,1128,1138,1122,1139,1116,1129,1124,1113,1141,1131,1125,1121,1137,1112,1114,1130,1134,1118,1135],"class_list":["post-1409","post","type-post","status-publish","format-standard","has-post-thumbnail","hentry","category-cultura","category-primer-plano","tag-afrodescendientes-en-uruguay","tag-cultura-uruguaya","tag-dictadura-uruguaya-1973-1985","tag-escritora-uruguaya-en-australia","tag-escritoras-emergentes","tag-escritoras-latinoamericanas","tag-escritores-uruguayos-en-el-exterior","tag-exilio-uruguayo","tag-exilio-y-literatura","tag-hailstones-fell-without-rain","tag-historia-reciente-uruguay","tag-historias-de-migracion","tag-identidad-cultural","tag-identidad-migrante","tag-literatura-de-identidad","tag-literatura-de-la-diaspora","tag-literatura-femenina-contemporanea","tag-literatura-sobre-exilio","tag-literatura-uruguaya-contemporanea","tag-literatura-y-memoria","tag-memoria-familiar","tag-memoria-historica-uruguay","tag-narrativa-latinoamericana","tag-narrativa-sobre-dictadura","tag-natalia-figueroa-barroso","tag-natalia-figueroa-escritora","tag-novela-debut-2024","tag-nuevas-voces-literarias","tag-raices-afroindigenas-uruguay","tag-uruguay-australia-conexion-cultural"],"aioseo_notices":[],"jetpack_featured_media_url":"https:\/\/i0.wp.com\/semanariolaprensa.com\/avantpremiere\/wp-content\/uploads\/2026\/04\/natalia-figueroa-barroso-photo-credit-briella-duarte-figueroa-2.jpg?fit=625%2C371&ssl=1","jetpack_sharing_enabled":true,"_links":{"self":[{"href":"https:\/\/semanariolaprensa.com\/avantpremiere\/wp-json\/wp\/v2\/posts\/1409","targetHints":{"allow":["GET"]}}],"collection":[{"href":"https:\/\/semanariolaprensa.com\/avantpremiere\/wp-json\/wp\/v2\/posts"}],"about":[{"href":"https:\/\/semanariolaprensa.com\/avantpremiere\/wp-json\/wp\/v2\/types\/post"}],"author":[{"embeddable":true,"href":"https:\/\/semanariolaprensa.com\/avantpremiere\/wp-json\/wp\/v2\/users\/1"}],"replies":[{"embeddable":true,"href":"https:\/\/semanariolaprensa.com\/avantpremiere\/wp-json\/wp\/v2\/comments?post=1409"}],"version-history":[{"count":7,"href":"https:\/\/semanariolaprensa.com\/avantpremiere\/wp-json\/wp\/v2\/posts\/1409\/revisions"}],"predecessor-version":[{"id":1422,"href":"https:\/\/semanariolaprensa.com\/avantpremiere\/wp-json\/wp\/v2\/posts\/1409\/revisions\/1422"}],"wp:featuredmedia":[{"embeddable":true,"href":"https:\/\/semanariolaprensa.com\/avantpremiere\/wp-json\/wp\/v2\/media\/1412"}],"wp:attachment":[{"href":"https:\/\/semanariolaprensa.com\/avantpremiere\/wp-json\/wp\/v2\/media?parent=1409"}],"wp:term":[{"taxonomy":"category","embeddable":true,"href":"https:\/\/semanariolaprensa.com\/avantpremiere\/wp-json\/wp\/v2\/categories?post=1409"},{"taxonomy":"post_tag","embeddable":true,"href":"https:\/\/semanariolaprensa.com\/avantpremiere\/wp-json\/wp\/v2\/tags?post=1409"}],"curies":[{"name":"wp","href":"https:\/\/api.w.org\/{rel}","templated":true}]}}